{"id":9233,"date":"2015-05-13T17:05:09","date_gmt":"2015-05-13T15:05:09","guid":{"rendered":"https:\/\/www.canons.es\/?p=7966"},"modified":"2015-10-27T08:43:59","modified_gmt":"2015-10-27T08:43:59","slug":"rejoveneix-la-teva-mira-elevacio-de-celles","status":"publish","type":"post","link":"https:\/\/www.canons.es\/ca\/rejoveneix-la-teva-mira-elevacio-de-celles\/","title":{"rendered":"REJOVENEIX LA TEVA MIRA: ELEVACI\u00d3 DE CELLES"},"content":{"rendered":"\n\n<div class=\"kk-star-ratings kksr-auto kksr-align-left kksr-valign-top\"\n    data-payload='{&quot;align&quot;:&quot;left&quot;,&quot;id&quot;:&quot;9233&quot;,&quot;slug&quot;:&quot;default&quot;,&quot;valign&quot;:&quot;top&quot;,&quot;ignore&quot;:&quot;&quot;,&quot;reference&quot;:&quot;auto&quot;,&quot;class&quot;:&quot;&quot;,&quot;count&quot;:&quot;0&quot;,&quot;legendonly&quot;:&quot;&quot;,&quot;readonly&quot;:&quot;&quot;,&quot;score&quot;:&quot;0&quot;,&quot;starsonly&quot;:&quot;&quot;,&quot;best&quot;:&quot;5&quot;,&quot;gap&quot;:&quot;5&quot;,&quot;greet&quot;:&quot;Eval\u00faa este art\u00edculo&quot;,&quot;legend&quot;:&quot;0\\\/5 - (0 votes)&quot;,&quot;size&quot;:&quot;24&quot;,&quot;title&quot;:&quot;REJOVENEIX LA TEVA MIRA: ELEVACI\u00d3 DE CELLES&quot;,&quot;width&quot;:&quot;0&quot;,&quot;_legend&quot;:&quot;{score}\\\/{best} - ({count} {votes})&quot;,&quot;font_factor&quot;:&quot;1.25&quot;}'>\n            \n<div class=\"kksr-stars\">\n    \n<div class=\"kksr-stars-inactive\">\n            <div class=\"kksr-star\" data-star=\"1\" style=\"padding-right: 5px\">\n            \n\n<div class=\"kksr-icon\" style=\"width: 24px; height: 24px;\"><\/div>\n        <\/div>\n            <div class=\"kksr-star\" data-star=\"2\" style=\"padding-right: 5px\">\n            \n\n<div class=\"kksr-icon\" style=\"width: 24px; height: 24px;\"><\/div>\n        <\/div>\n            <div class=\"kksr-star\" data-star=\"3\" style=\"padding-right: 5px\">\n            \n\n<div class=\"kksr-icon\" style=\"width: 24px; height: 24px;\"><\/div>\n        <\/div>\n            <div class=\"kksr-star\" data-star=\"4\" style=\"padding-right: 5px\">\n            \n\n<div class=\"kksr-icon\" style=\"width: 24px; height: 24px;\"><\/div>\n        <\/div>\n            <div class=\"kksr-star\" data-star=\"5\" style=\"padding-right: 5px\">\n            \n\n<div class=\"kksr-icon\" style=\"width: 24px; height: 24px;\"><\/div>\n        <\/div>\n    <\/div>\n    \n<div class=\"kksr-stars-active\" style=\"width: 0px;\">\n            <div class=\"kksr-star\" style=\"padding-right: 5px\">\n            \n\n<div class=\"kksr-icon\" style=\"width: 24px; height: 24px;\"><\/div>\n        <\/div>\n            <div class=\"kksr-star\" style=\"padding-right: 5px\">\n            \n\n<div class=\"kksr-icon\" style=\"width: 24px; height: 24px;\"><\/div>\n        <\/div>\n            <div class=\"kksr-star\" style=\"padding-right: 5px\">\n            \n\n<div class=\"kksr-icon\" style=\"width: 24px; height: 24px;\"><\/div>\n        <\/div>\n            <div class=\"kksr-star\" style=\"padding-right: 5px\">\n            \n\n<div class=\"kksr-icon\" style=\"width: 24px; height: 24px;\"><\/div>\n        <\/div>\n            <div class=\"kksr-star\" style=\"padding-right: 5px\">\n            \n\n<div class=\"kksr-icon\" style=\"width: 24px; height: 24px;\"><\/div>\n        <\/div>\n    <\/div>\n<\/div>\n                \n\n<div class=\"kksr-legend\" style=\"font-size: 19.2px;\">\n            <span class=\"kksr-muted\">Eval\u00faa este art\u00edculo<\/span>\n    <\/div>\n    <\/div>\n<p style=\"text-align: justify;\">La mirada diu molt sobre una persona, per\u00f2 a vegades deixa veure el que no es correspon amb la realitat. Si <strong>l&#8217;aspecte de la teva mirada<\/strong> no t&#8217;agrada, o si creus que dones imatge de cansanci o tristesa quan aquesta no \u00e9s la realitat, estem segurs que aquest post t&#8217;interessar\u00e0.<\/p>\n<p style=\"text-align: justify;\"><img loading=\"lazy\" decoding=\"async\" class=\" wp-image-7955 aligncenter\" src=\"http:\/\/www.C\u00e0nons Clinics.es\/wp-content\/uploads\/frontoplastia-de-cejas.jpg\" alt=\"frontoplastia de cejas\" width=\"462\" height=\"230\" \/><\/p>\n<p style=\"text-align: justify;\">Degut al proc\u00e9s natural de l&#8217;envelliment facial, o b\u00e9 a alteracions de les estructures facials, el nostre rostre pot fer visible un <strong>despenjament progressiu de les celles<\/strong>; i \u00e9s que la zona de la mirada \u00e9s una de les primeres en mostrar l&#8217;envelliment.<\/p>\n<p style=\"text-align: justify;\"><strong>Per qu\u00e8 passa?<\/strong>\u00a0B\u00e9, la zona dels ulls t\u00e9 una pell fins a 5 vegades m\u00e9s fina que la resta, cont\u00e9 menys col\u00e0gen i elastina -fibres estructurals-, i presenta una menor quantitat de gl\u00e0ndules seb\u00e0cies. Si a aquest factor biol\u00f2gic li sumem situacions de la nostra vida di\u00e0ria com estr\u00e8s, falta de son, fatiga o una excessiva exposici\u00f3 al sol, la p\u00e8rdua de fermesa de les celles i el seu voltant es fa inevitable. A l&#8217;actualitat tenim al nostre abast multitud de productes i tractaments est\u00e8tics per millorar l&#8217;aspecte de la nostra mirada, per\u00f2 hi ha casos en que <strong>la millor opci\u00f3 \u00e9s una senzilla cirugia d&#8217;elevaci\u00f3 de les celles<\/strong>, combinada amb una bona rutina de <strong>protecci\u00f3 solar<\/strong>\u00a0de la pell de tot el cos, indispensable per mantenir-la jove el m\u00e0xim de temps possible com b\u00e9 ja saps.<\/p>\n<p style=\"text-align: justify;\"><span style=\"color: #ffffff;\">.<\/span><br \/>\nA\u00a0<strong>C\u00e0nons Clinics Cl\u00ednics<\/strong> t&#8217;oferim la soluci\u00f3 definitiva per retornar un aspecte jovenil al teu rostre.<\/p>\n<p style=\"text-align: justify;\"><strong>&#8211; De qu\u00e8 es tracta? <\/strong>\u00c9s una cirugia\u00a0r\u00e0pida, segura i\u00a0simple que ofereix resultats immediats. Nom\u00e9s actua sobre les celles, aconseguint un fixament directe i recuperant la posici\u00f3 natural de les celles. Parlem de la t\u00e8cnica de rejoveniment facial anomenada\u00a0<a title=\"Cirugia elevacion de cejas\" href=\"http:\/\/www.C\u00e0nons Clinics.es\/cirugia-de-elevacion-de-cejas\/\" target=\"_blank\"><strong>ENDOTINE Transbleph\u2122<\/strong><\/a>.<\/p>\n<p style=\"text-align: justify;\"><strong>&#8211; Qu\u00e8 \u00e9s el millor d&#8217;aquesta cirugia? <\/strong>Permet rejovenir el teu rostre i recuperar l&#8217;aspecte de la teva mirada, el real, sense haver de patir un lifting frontal complet que podria no ser necessari o adeq\u00fcat en alguns casos. Volem evitar que el teu rostre es vegi congelat per l&#8217;efecte de t\u00e8cniques que ha jan quedat endarrerides!<\/p>\n<p style=\"text-align: justify;\">Gr\u00e0cies a aquesta intervenci\u00f3, podr\u00e0s recuperar la forma de les teves celles i retornar l&#8217;atractiu a la teva mirada. Si vols obtenir m\u00e9s informaci\u00f3, no dubtis en visitar-nos. Estarem encantats d&#8217;ajudar-te!<\/p>\n<!-- AddThis Advanced Settings generic via filter on the_content --><!-- AddThis Share Buttons generic via filter on the_content -->","protected":false},"excerpt":{"rendered":"<p>La mirada diu molt sobre una persona, per\u00f2 a vegades deixa veure el que no es correspon amb la realitat. Si l&#8217;aspecte de la teva mirada no t&#8217;agrada, o si creus que dones imatge de cansanci o tristesa quan aquesta no \u00e9s la realitat, estem&#8230;<!-- AddThis Advanced Settings generic via filter on get_the_excerpt --><!-- AddThis Share Buttons generic via filter on get_the_excerpt --><\/p>\n","protected":false},"author":25,"featured_media":0,"comment_status":"closed","ping_status":"closed","sticky":false,"template":"","format":"standard","meta":{"footnotes":""},"categories":[79,553,750,1],"tags":[292,401,630,585,580,604,606,607,522,656,631,384,625,378],"class_list":["post-9233","post","type-post","status-publish","format-standard","hentry","category-blog-del-dr-victor-hernandez-da-costa-ca","category-cirugia-plastica-y-estetica-facial","category-cirugia-plastica-y-estetica-facial-ca-2","category-general","tag-canons-clinics","tag-canons-clinics-ca","tag-celles-ca","tag-cirugia-plastica-ca","tag-cirurgia-estetica-ca","tag-cirurgia-estetica-barcelona-ca","tag-cirurgia-plastica-ca","tag-clinica-cirurgia-estetica-ca","tag-medicina-estetica-ca","tag-medicina-estetica-es-ca","tag-rejoveniment-facial-ca","tag-rejuvenecimiento-facial-ca","tag-tractament-reafirmant-ca","tag-tratamientos-de-medicina-estetica-ca"],"yoast_head":"<!-- This site is optimized with the Yoast SEO Premium plugin v26.9 (Yoast SEO v27.4) - https:\/\/yoast.com\/product\/yoast-seo-premium-wordpress\/ -->\n<title>Rejoveneix la teva mirada amb l&#039;elevaci\u00f3 de celles<\/title>\n<meta name=\"robots\" content=\"index, follow, max-snippet:-1, max-image-preview:large, max-video-preview:-1\" \/>\n<link rel=\"canonical\" href=\"https:\/\/www.canons.es\/ca\/rejoveneix-la-teva-mira-elevacio-de-celles\/\" \/>\n<meta property=\"og:locale\" content=\"ca_ES\" \/>\n<meta property=\"og:type\" content=\"article\" \/>\n<meta property=\"og:title\" content=\"REJOVENEIX LA TEVA MIRA: ELEVACI\u00d3 DE CELLES\" \/>\n<meta property=\"og:description\" content=\"La mirada diu molt sobre una persona, per\u00f2 a vegades deixa veure el que no es correspon amb la realitat. Si l&#8217;aspecte de la teva mirada no t&#8217;agrada, o si creus que dones imatge de cansanci o tristesa quan aquesta no \u00e9s la realitat, estem...\" \/>\n<meta property=\"og:url\" content=\"https:\/\/www.canons.es\/ca\/rejoveneix-la-teva-mira-elevacio-de-celles\/\" \/>\n<meta property=\"og:site_name\" content=\"Cl\u00ednica C\u00e0nons | Cirurgia i Medicina Estetica a Barcelona, \u200b\u200bGranollers\" \/>\n<meta property=\"article:publisher\" content=\"https:\/\/www.facebook.com\/canonsclinics\/\" \/>\n<meta property=\"article:published_time\" content=\"2015-05-13T15:05:09+00:00\" \/>\n<meta property=\"article:modified_time\" content=\"2015-10-27T08:43:59+00:00\" \/>\n<meta name=\"author\" content=\"administrador\" \/>\n<meta name=\"twitter:card\" content=\"summary_large_image\" \/>\n<meta name=\"twitter:creator\" content=\"@canonsclinics\" \/>\n<meta name=\"twitter:site\" content=\"@canonsclinics\" \/>\n<meta name=\"twitter:label1\" content=\"Escrit per\" \/>\n\t<meta name=\"twitter:data1\" content=\"administrador\" \/>\n\t<meta name=\"twitter:label2\" content=\"Temps estimat de lectura\" \/>\n\t<meta name=\"twitter:data2\" content=\"2 minuts\" \/>\n<script type=\"application\/ld+json\" class=\"yoast-schema-graph\">{\"@context\":\"https:\\\/\\\/schema.org\",\"@graph\":[{\"@type\":\"Article\",\"@id\":\"https:\\\/\\\/www.canons.es\\\/ca\\\/rejoveneix-la-teva-mira-elevacio-de-celles\\\/#article\",\"isPartOf\":{\"@id\":\"https:\\\/\\\/www.canons.es\\\/ca\\\/rejoveneix-la-teva-mira-elevacio-de-celles\\\/\"},\"author\":{\"name\":\"administrador\",\"@id\":\"https:\\\/\\\/www.canons.es\\\/#\\\/schema\\\/person\\\/947d7b84e9c15475d0452e32f9d72fb7\"},\"headline\":\"REJOVENEIX LA TEVA MIRA: ELEVACI\u00d3 DE CELLES\",\"datePublished\":\"2015-05-13T15:05:09+00:00\",\"dateModified\":\"2015-10-27T08:43:59+00:00\",\"mainEntityOfPage\":{\"@id\":\"https:\\\/\\\/www.canons.es\\\/ca\\\/rejoveneix-la-teva-mira-elevacio-de-celles\\\/\"},\"wordCount\":405,\"publisher\":{\"@id\":\"https:\\\/\\\/www.canons.es\\\/#organization\"},\"keywords\":[\"canons clinics\",\"canons clinics\",\"celles\",\"Cirug\u00eda pl\u00e1stica\",\"cirurg\u00eda est\u00e9tica\",\"cirurgia est\u00e8tica Barcelona\",\"cirurgia pl\u00e0stica\",\"cl\u00ednica cirurgia est\u00e8tica\",\"medicina est\u00e9tica\",\"medicina est\u00e9tica @es\",\"Rejoveniment Facial\",\"rejuvenecimiento facial\",\"tractament reafirmant\",\"tratamientos de medicina est\u00e9tica\"],\"articleSection\":[\"Blog del Dr. V\u00edctor Hern\u00e0ndez Da Costa\",\"Cirug\u00eda pl\u00e1stica y est\u00e9tica facial\",\"Cirurg\u00eda pl\u00e0stica i est\u00e8tica facial\",\"General\"],\"inLanguage\":\"ca\"},{\"@type\":\"WebPage\",\"@id\":\"https:\\\/\\\/www.canons.es\\\/ca\\\/rejoveneix-la-teva-mira-elevacio-de-celles\\\/\",\"url\":\"https:\\\/\\\/www.canons.es\\\/ca\\\/rejoveneix-la-teva-mira-elevacio-de-celles\\\/\",\"name\":\"Rejoveneix la teva mirada amb l'elevaci\u00f3 de celles\",\"isPartOf\":{\"@id\":\"https:\\\/\\\/www.canons.es\\\/#website\"},\"datePublished\":\"2015-05-13T15:05:09+00:00\",\"dateModified\":\"2015-10-27T08:43:59+00:00\",\"breadcrumb\":{\"@id\":\"https:\\\/\\\/www.canons.es\\\/ca\\\/rejoveneix-la-teva-mira-elevacio-de-celles\\\/#breadcrumb\"},\"inLanguage\":\"ca\",\"potentialAction\":[{\"@type\":\"ReadAction\",\"target\":[\"https:\\\/\\\/www.canons.es\\\/ca\\\/rejoveneix-la-teva-mira-elevacio-de-celles\\\/\"]}]},{\"@type\":\"BreadcrumbList\",\"@id\":\"https:\\\/\\\/www.canons.es\\\/ca\\\/rejoveneix-la-teva-mira-elevacio-de-celles\\\/#breadcrumb\",\"itemListElement\":[{\"@type\":\"ListItem\",\"position\":1,\"name\":\"Portada\",\"item\":\"https:\\\/\\\/www.canons.es\\\/ca\\\/\"},{\"@type\":\"ListItem\",\"position\":2,\"name\":\"REJOVENEIX LA TEVA MIRA: ELEVACI\u00d3 DE CELLES\"}]},{\"@type\":\"WebSite\",\"@id\":\"https:\\\/\\\/www.canons.es\\\/#website\",\"url\":\"https:\\\/\\\/www.canons.es\\\/\",\"name\":\"Cirug\u00eda Pl\u00e1stica y Est\u00e9tica Barcelona y Granollers | C\u00e0nons Clinics\",\"description\":\"\",\"publisher\":{\"@id\":\"https:\\\/\\\/www.canons.es\\\/#organization\"},\"potentialAction\":[{\"@type\":\"SearchAction\",\"target\":{\"@type\":\"EntryPoint\",\"urlTemplate\":\"https:\\\/\\\/www.canons.es\\\/?s={search_term_string}\"},\"query-input\":{\"@type\":\"PropertyValueSpecification\",\"valueRequired\":true,\"valueName\":\"search_term_string\"}}],\"inLanguage\":\"ca\"},{\"@type\":\"Organization\",\"@id\":\"https:\\\/\\\/www.canons.es\\\/#organization\",\"name\":\"Cirug\u00eda Pl\u00e1stica y Est\u00e9tica Barcelona y Granollers | C\u00e0nons Clinics\",\"url\":\"https:\\\/\\\/www.canons.es\\\/\",\"logo\":{\"@type\":\"ImageObject\",\"inLanguage\":\"ca\",\"@id\":\"https:\\\/\\\/www.canons.es\\\/#\\\/schema\\\/logo\\\/image\\\/\",\"url\":\"https:\\\/\\\/www.canons.es\\\/wp-content\\\/uploads\\\/2025\\\/04\\\/logo-canons-clinics.jpg\",\"contentUrl\":\"https:\\\/\\\/www.canons.es\\\/wp-content\\\/uploads\\\/2025\\\/04\\\/logo-canons-clinics.jpg\",\"width\":600,\"height\":139,\"caption\":\"Cirug\u00eda Pl\u00e1stica y Est\u00e9tica Barcelona y Granollers | C\u00e0nons Clinics\"},\"image\":{\"@id\":\"https:\\\/\\\/www.canons.es\\\/#\\\/schema\\\/logo\\\/image\\\/\"},\"sameAs\":[\"https:\\\/\\\/www.facebook.com\\\/canonsclinics\\\/\",\"https:\\\/\\\/x.com\\\/canonsclinics\",\"https:\\\/\\\/www.instagram.com\\\/canonsclinics\\\/\",\"https:\\\/\\\/www.youtube.com\\\/channel\\\/UCI1Ia6LjALyo1CuQ0_HwtfQ\",\"https:\\\/\\\/www.linkedin.com\\\/company\\\/canons-clinics\\\/\"]},{\"@type\":\"Person\",\"@id\":\"https:\\\/\\\/www.canons.es\\\/#\\\/schema\\\/person\\\/947d7b84e9c15475d0452e32f9d72fb7\",\"name\":\"administrador\"}]}<\/script>\n<!-- \/ Yoast SEO Premium plugin. -->","yoast_head_json":{"title":"Rejoveneix la teva mirada amb l'elevaci\u00f3 de celles","robots":{"index":"index","follow":"follow","max-snippet":"max-snippet:-1","max-image-preview":"max-image-preview:large","max-video-preview":"max-video-preview:-1"},"canonical":"https:\/\/www.canons.es\/ca\/rejoveneix-la-teva-mira-elevacio-de-celles\/","og_locale":"ca_ES","og_type":"article","og_title":"REJOVENEIX LA TEVA MIRA: ELEVACI\u00d3 DE CELLES","og_description":"La mirada diu molt sobre una persona, per\u00f2 a vegades deixa veure el que no es correspon amb la realitat. Si l&#8217;aspecte de la teva mirada no t&#8217;agrada, o si creus que dones imatge de cansanci o tristesa quan aquesta no \u00e9s la realitat, estem...","og_url":"https:\/\/www.canons.es\/ca\/rejoveneix-la-teva-mira-elevacio-de-celles\/","og_site_name":"Cl\u00ednica C\u00e0nons | Cirurgia i Medicina Estetica a Barcelona, \u200b\u200bGranollers","article_publisher":"https:\/\/www.facebook.com\/canonsclinics\/","article_published_time":"2015-05-13T15:05:09+00:00","article_modified_time":"2015-10-27T08:43:59+00:00","author":"administrador","twitter_card":"summary_large_image","twitter_creator":"@canonsclinics","twitter_site":"@canonsclinics","twitter_misc":{"Escrit per":"administrador","Temps estimat de lectura":"2 minuts"},"schema":{"@context":"https:\/\/schema.org","@graph":[{"@type":"Article","@id":"https:\/\/www.canons.es\/ca\/rejoveneix-la-teva-mira-elevacio-de-celles\/#article","isPartOf":{"@id":"https:\/\/www.canons.es\/ca\/rejoveneix-la-teva-mira-elevacio-de-celles\/"},"author":{"name":"administrador","@id":"https:\/\/www.canons.es\/#\/schema\/person\/947d7b84e9c15475d0452e32f9d72fb7"},"headline":"REJOVENEIX LA TEVA MIRA: ELEVACI\u00d3 DE CELLES","datePublished":"2015-05-13T15:05:09+00:00","dateModified":"2015-10-27T08:43:59+00:00","mainEntityOfPage":{"@id":"https:\/\/www.canons.es\/ca\/rejoveneix-la-teva-mira-elevacio-de-celles\/"},"wordCount":405,"publisher":{"@id":"https:\/\/www.canons.es\/#organization"},"keywords":["canons clinics","canons clinics","celles","Cirug\u00eda pl\u00e1stica","cirurg\u00eda est\u00e9tica","cirurgia est\u00e8tica Barcelona","cirurgia pl\u00e0stica","cl\u00ednica cirurgia est\u00e8tica","medicina est\u00e9tica","medicina est\u00e9tica @es","Rejoveniment Facial","rejuvenecimiento facial","tractament reafirmant","tratamientos de medicina est\u00e9tica"],"articleSection":["Blog del Dr. V\u00edctor Hern\u00e0ndez Da Costa","Cirug\u00eda pl\u00e1stica y est\u00e9tica facial","Cirurg\u00eda pl\u00e0stica i est\u00e8tica facial","General"],"inLanguage":"ca"},{"@type":"WebPage","@id":"https:\/\/www.canons.es\/ca\/rejoveneix-la-teva-mira-elevacio-de-celles\/","url":"https:\/\/www.canons.es\/ca\/rejoveneix-la-teva-mira-elevacio-de-celles\/","name":"Rejoveneix la teva mirada amb l'elevaci\u00f3 de celles","isPartOf":{"@id":"https:\/\/www.canons.es\/#website"},"datePublished":"2015-05-13T15:05:09+00:00","dateModified":"2015-10-27T08:43:59+00:00","breadcrumb":{"@id":"https:\/\/www.canons.es\/ca\/rejoveneix-la-teva-mira-elevacio-de-celles\/#breadcrumb"},"inLanguage":"ca","potentialAction":[{"@type":"ReadAction","target":["https:\/\/www.canons.es\/ca\/rejoveneix-la-teva-mira-elevacio-de-celles\/"]}]},{"@type":"BreadcrumbList","@id":"https:\/\/www.canons.es\/ca\/rejoveneix-la-teva-mira-elevacio-de-celles\/#breadcrumb","itemListElement":[{"@type":"ListItem","position":1,"name":"Portada","item":"https:\/\/www.canons.es\/ca\/"},{"@type":"ListItem","position":2,"name":"REJOVENEIX LA TEVA MIRA: ELEVACI\u00d3 DE CELLES"}]},{"@type":"WebSite","@id":"https:\/\/www.canons.es\/#website","url":"https:\/\/www.canons.es\/","name":"Cirug\u00eda Pl\u00e1stica y Est\u00e9tica Barcelona y Granollers | C\u00e0nons Clinics","description":"","publisher":{"@id":"https:\/\/www.canons.es\/#organization"},"potentialAction":[{"@type":"SearchAction","target":{"@type":"EntryPoint","urlTemplate":"https:\/\/www.canons.es\/?s={search_term_string}"},"query-input":{"@type":"PropertyValueSpecification","valueRequired":true,"valueName":"search_term_string"}}],"inLanguage":"ca"},{"@type":"Organization","@id":"https:\/\/www.canons.es\/#organization","name":"Cirug\u00eda Pl\u00e1stica y Est\u00e9tica Barcelona y Granollers | C\u00e0nons Clinics","url":"https:\/\/www.canons.es\/","logo":{"@type":"ImageObject","inLanguage":"ca","@id":"https:\/\/www.canons.es\/#\/schema\/logo\/image\/","url":"https:\/\/www.canons.es\/wp-content\/uploads\/2025\/04\/logo-canons-clinics.jpg","contentUrl":"https:\/\/www.canons.es\/wp-content\/uploads\/2025\/04\/logo-canons-clinics.jpg","width":600,"height":139,"caption":"Cirug\u00eda Pl\u00e1stica y Est\u00e9tica Barcelona y Granollers | C\u00e0nons Clinics"},"image":{"@id":"https:\/\/www.canons.es\/#\/schema\/logo\/image\/"},"sameAs":["https:\/\/www.facebook.com\/canonsclinics\/","https:\/\/x.com\/canonsclinics","https:\/\/www.instagram.com\/canonsclinics\/","https:\/\/www.youtube.com\/channel\/UCI1Ia6LjALyo1CuQ0_HwtfQ","https:\/\/www.linkedin.com\/company\/canons-clinics\/"]},{"@type":"Person","@id":"https:\/\/www.canons.es\/#\/schema\/person\/947d7b84e9c15475d0452e32f9d72fb7","name":"administrador"}]}},"_links":{"self":[{"href":"https:\/\/www.canons.es\/ca\/wp-json\/wp\/v2\/posts\/9233","targetHints":{"allow":["GET"]}}],"collection":[{"href":"https:\/\/www.canons.es\/ca\/wp-json\/wp\/v2\/posts"}],"about":[{"href":"https:\/\/www.canons.es\/ca\/wp-json\/wp\/v2\/types\/post"}],"author":[{"embeddable":true,"href":"https:\/\/www.canons.es\/ca\/wp-json\/wp\/v2\/users\/25"}],"replies":[{"embeddable":true,"href":"https:\/\/www.canons.es\/ca\/wp-json\/wp\/v2\/comments?post=9233"}],"version-history":[{"count":0,"href":"https:\/\/www.canons.es\/ca\/wp-json\/wp\/v2\/posts\/9233\/revisions"}],"wp:attachment":[{"href":"https:\/\/www.canons.es\/ca\/wp-json\/wp\/v2\/media?parent=9233"}],"wp:term":[{"taxonomy":"category","embeddable":true,"href":"https:\/\/www.canons.es\/ca\/wp-json\/wp\/v2\/categories?post=9233"},{"taxonomy":"post_tag","embeddable":true,"href":"https:\/\/www.canons.es\/ca\/wp-json\/wp\/v2\/tags?post=9233"}],"curies":[{"name":"wp","href":"https:\/\/api.w.org\/{rel}","templated":true}]}}