{"id":9164,"date":"2013-02-23T16:15:10","date_gmt":"2013-02-23T16:15:10","guid":{"rendered":"https:\/\/www.canons.es\/?p=4054"},"modified":"2023-09-24T18:39:37","modified_gmt":"2023-09-24T18:39:37","slug":"terapies-corporals","status":"publish","type":"post","link":"https:\/\/www.canons.es\/ca\/terapies-corporals\/","title":{"rendered":"Ter\u00e0pies Corporals"},"content":{"rendered":"\n\n<div class=\"kk-star-ratings kksr-auto kksr-align-left kksr-valign-top\"\n    data-payload='{&quot;align&quot;:&quot;left&quot;,&quot;id&quot;:&quot;9164&quot;,&quot;slug&quot;:&quot;default&quot;,&quot;valign&quot;:&quot;top&quot;,&quot;ignore&quot;:&quot;&quot;,&quot;reference&quot;:&quot;auto&quot;,&quot;class&quot;:&quot;&quot;,&quot;count&quot;:&quot;0&quot;,&quot;legendonly&quot;:&quot;&quot;,&quot;readonly&quot;:&quot;&quot;,&quot;score&quot;:&quot;0&quot;,&quot;starsonly&quot;:&quot;&quot;,&quot;best&quot;:&quot;5&quot;,&quot;gap&quot;:&quot;5&quot;,&quot;greet&quot;:&quot;Eval\u00faa este art\u00edculo&quot;,&quot;legend&quot;:&quot;0\\\/5 - (0 votes)&quot;,&quot;size&quot;:&quot;24&quot;,&quot;title&quot;:&quot;Ter\u00e0pies Corporals&quot;,&quot;width&quot;:&quot;0&quot;,&quot;_legend&quot;:&quot;{score}\\\/{best} - ({count} {votes})&quot;,&quot;font_factor&quot;:&quot;1.25&quot;}'>\n            \n<div class=\"kksr-stars\">\n    \n<div class=\"kksr-stars-inactive\">\n            <div class=\"kksr-star\" data-star=\"1\" style=\"padding-right: 5px\">\n            \n\n<div class=\"kksr-icon\" style=\"width: 24px; height: 24px;\"><\/div>\n        <\/div>\n            <div class=\"kksr-star\" data-star=\"2\" style=\"padding-right: 5px\">\n            \n\n<div class=\"kksr-icon\" style=\"width: 24px; height: 24px;\"><\/div>\n        <\/div>\n            <div class=\"kksr-star\" data-star=\"3\" style=\"padding-right: 5px\">\n            \n\n<div class=\"kksr-icon\" style=\"width: 24px; height: 24px;\"><\/div>\n        <\/div>\n            <div class=\"kksr-star\" data-star=\"4\" style=\"padding-right: 5px\">\n            \n\n<div class=\"kksr-icon\" style=\"width: 24px; height: 24px;\"><\/div>\n        <\/div>\n            <div class=\"kksr-star\" data-star=\"5\" style=\"padding-right: 5px\">\n            \n\n<div class=\"kksr-icon\" style=\"width: 24px; height: 24px;\"><\/div>\n        <\/div>\n    <\/div>\n    \n<div class=\"kksr-stars-active\" style=\"width: 0px;\">\n            <div class=\"kksr-star\" style=\"padding-right: 5px\">\n            \n\n<div class=\"kksr-icon\" style=\"width: 24px; height: 24px;\"><\/div>\n        <\/div>\n            <div class=\"kksr-star\" style=\"padding-right: 5px\">\n            \n\n<div class=\"kksr-icon\" style=\"width: 24px; height: 24px;\"><\/div>\n        <\/div>\n            <div class=\"kksr-star\" style=\"padding-right: 5px\">\n            \n\n<div class=\"kksr-icon\" style=\"width: 24px; height: 24px;\"><\/div>\n        <\/div>\n            <div class=\"kksr-star\" style=\"padding-right: 5px\">\n            \n\n<div class=\"kksr-icon\" style=\"width: 24px; height: 24px;\"><\/div>\n        <\/div>\n            <div class=\"kksr-star\" style=\"padding-right: 5px\">\n            \n\n<div class=\"kksr-icon\" style=\"width: 24px; height: 24px;\"><\/div>\n        <\/div>\n    <\/div>\n<\/div>\n                \n\n<div class=\"kksr-legend\" style=\"font-size: 19.2px;\">\n            <span class=\"kksr-muted\">Eval\u00faa este art\u00edculo<\/span>\n    <\/div>\n    <\/div>\n<p>Els nostres centres <b>C\u00e0nons Clinics, especialitzats en Cirurgia i Medicina Est\u00e8tica<\/b> t&#8217;oferim les ter\u00e0pies corporals m\u00e9s noves del mercat. Sempre t&#8217;assessorarem i, realitzarem un seguiment m\u00e8dic personalitzat per a qu\u00e8 mantinguis un cos sa i ferm.<\/p>\n<p>Estem especialitzats en tractaments medicoest\u00e8tics, postquir\u00fargics i, postpart, aix\u00ed com tamb\u00e9 en ter\u00e0pies espec\u00edfiques per combatre la cel\u00b7lulitis, la flacciditat, el sobrep\u00e8s, les tensions musculars, la mala circulaci\u00f3, entre altres alteracions&#8230;<\/p>\n<p>Podr\u00e0s realitzar diverses sessions tenint la possibilitat de beneficiar d&#8217;un ampli ventall de possibilitats en bons personalizats en Ter\u00e0pies Corporals. Totes les nostres Ter\u00e0pies Corporals tenen una durada de 60 o, b\u00e9 de 30 minuts.<\/p>\n<h3>Per dona<\/h3>\n<table style=\"width: 100%;\" border=\"0\">\n<tbody>\n<tr>\n<td style=\"background-color: #f1f1f1;\"><strong>Peeling corporal:<\/strong>Exfoliaci\u00f3 corporal amb sals de Him\u00e0laia amb ess\u00e8ncies personalitzades.<\/td>\n<\/tr>\n<tr>\n<td style=\"background-color: #f1f1f1;\"><b>Peeling Corporal combinat amb Hidrataci\u00f3 Profunda:<\/b>Exfoliaci\u00f3 corporal amb sals de Him\u00e0laia amb ess\u00e8ncies personalitzades amb efecte purificador i oxigenant, aportant una hidrataci\u00f3 profunda i duradora corporal. Una pell m\u00e9s tersa aportant suavitat i frescor.<\/td>\n<\/tr>\n<tr>\n<td style=\"background-color: #f1f1f1;\"><b>Peeling i Higiene de l&#8217;Esquena:<\/b>Exfoliaci\u00f3 qu\u00edmica amb altes concentracions de AHA i, neteja profunda de l&#8217;esquena combinada amb actius seboreguladors que equilibren l&#8217;exc\u00e9s de grasa i, milloren la qualitat de la pell. Especialment indicat per a pells amb acn\u00e9.<\/td>\n<\/tr>\n<tr>\n<td style=\"background-color: #f1f1f1;\"><b>Massatge Anticel\u00b7lul\u00edtic i Remodelador:<\/b>Aconsegueix arribar a la remodelaci\u00f3 cut\u00e0nia amb maniobres manuals espec\u00edfiques que ajuden a estovar i, reduir el teixit adip\u00f3s donant consist\u00e8ncia i uniformitat a la pell i, al contorn corporal millorant notablement la cel\u00b7lulitis. Es basa en constants manipulacions i rotacions amb una pressi\u00f3 determinada.<\/td>\n<\/tr>\n<tr>\n<td style=\"background-color: #f1f1f1;\"><b>Massatge Terap\u00e8utic Reafirmant Abdominal:<\/b>Reafirma i combat la flacciditat cut\u00e0nia mitjan\u00e7ant maniobres manuals espec\u00edfiques que estimulen la producci\u00f3 de fibres d&#8217;elastina i col\u00b7l\u00e0gen, amb efecte allisat i tensor de la pell amb l&#8217;aplicaci\u00f3 final de benes fredes.<\/td>\n<\/tr>\n<tr>\n<td style=\"background-color: #f1f1f1;\"><b>Massatge Terap\u00e8utic Circulatori:<\/b>Estimula el sistema circulatori mitjan\u00e7ant una t\u00e8cnica de massatge a base de maniobres de car\u00e0cter ascendent combinada amb benes fredes a cames encaminada a restablir i, millorar el retorn ven\u00f3s millorant notablement la pesadesa, el dolor i inflor de cames. Evita la formaci\u00f3 de micro varices.<\/td>\n<\/tr>\n<tr>\n<td style=\"background-color: #f1f1f1;\"><b>Massatge Terap\u00e8utic Descontracturant:<\/b>\u00c9s una t\u00e8cnica que va dirigida a eliminar o disminuir les tensions i dolors musculars ja siguin, de tipus tensional, de bloqueig energ\u00e8tic o falta de to.<\/td>\n<\/tr>\n<tr>\n<td style=\"background-color: #f1f1f1;\"><b>Massatge Terap\u00e8utic Relaxant:<\/b>Massatge amb manipulacions lentes que eliminen el cansament aliviant les tensions acumulades amb efecte relaxant.<\/td>\n<\/tr>\n<tr>\n<td style=\"background-color: #f1f1f1;\"><strong>Postpart:<\/strong>Protocol medicoest\u00e8tic personalizat que permet recuperar la figura despr\u00e9s de l&#8217;embar\u00e0s recuperant la fermesa de la zona abdominal i, remodelant el contorn corporal alhora que contribueix a recuperar el pes adequat amb l&#8217;adequat suport i combinant diferents t\u00e8cniques.<\/td>\n<\/tr>\n<tr>\n<td style=\"background-color: #f1f1f1;\"><b>Drenatge Limf\u00e0tic Manual:<\/b>Massatge manual, basat amb la metodologia Vodder, agradable i relaxant que actua directament sobre el sistema limf\u00e0tic responsable de mantenir equilibrat el sistema immunitari i eliminar toxines. Aporta molts beneficis millora el sistema immunitari, la retenci\u00f3 de l\u00edquids, les inflamacions, la\u00a0 cel\u00b7lulitis, la circulaci\u00f3 i, accelera la recuperaci\u00f3 post cirurgia.<\/td>\n<\/tr>\n<\/tbody>\n<\/table>\n<h3>Per home<\/h3>\n<table style=\"width: 100%;\" border=\"0\">\n<tbody>\n<tr>\n<td style=\"background-color: #f1f1f1;\"><strong>Peeling corporal:<\/strong>Exfoliaci\u00f3 corporal amb sals de Him\u00e0laia combinada amb ess\u00e8ncies personalitzades.<\/td>\n<\/tr>\n<tr>\n<td style=\"background-color: #f1f1f1;\"><b>Peeling Corporal combinat amb Hidrataci\u00f3 Profunda:<\/b>Exfoliaci\u00f3 corporal amb sals de Him\u00e0laia combinada amb ess\u00e8ncies personalitzades amb efecte purificador i oxigenant, aportant una hidrataci\u00f3 profunda i duradora corporal. Una pell m\u00e9s llisa i suau aportant frescor i benestar.<\/td>\n<\/tr>\n<tr>\n<td style=\"background-color: #f1f1f1;\"><b>Peeling i Higiene de l&#8217;Esquena:<\/b>Exfoliaci\u00f3 qu\u00edmica amb altes concentracions de AHA i, neteja profunda de l&#8217;esquena combinada amb actius seboreguladors equilibrant l&#8217;exc\u00e9s de grasa i, millorant la qualitat de la pell. Especialment indicat per a pells amb acn\u00e9.<\/td>\n<\/tr>\n<tr>\n<td style=\"background-color: #f1f1f1;\"><b>Massatge Reductor:<\/b>Aconsegueix reduir el volum abdominal amb maniobres drenants i circulat\u00f2ries que activen l&#8217;eliminaci\u00f3 de toxines i, ajuden a remodelant el contorn abdominal.<\/td>\n<\/tr>\n<tr>\n<td style=\"background-color: #f1f1f1;\"><b>Massatge Tonificant:<\/b>Aconsegueix tonificar el teixits corporal donant consist\u00e8ncia al nostre cos i, ajudant a la millora de la flacciditat cut\u00e0nia amb l&#8217;embolcall final de benes fredes. Es basa en constants manipulacions i rotacions.<\/td>\n<\/tr>\n<tr>\n<td style=\"background-color: #f1f1f1;\"><b>Massatge Terap\u00e8utic Descontracturant:<\/b>\u00c9s una t\u00e8cnica que va dirigida a eliminar o disminuir les tensions i dolors musculars ja siguin, de tipus tensional, de bloqueig energ\u00e8tic o de falta de to.<\/td>\n<\/tr>\n<tr>\n<td style=\"background-color: #f1f1f1;\"><b>Massatge Terap\u00e8utic Relaxant:<\/b>Massatge amb manipulacions lentes que eliminen el cansament i alleugen les tensions acumulades amb efecte relaxant.<\/td>\n<\/tr>\n<tr>\n<td style=\"background-color: #f1f1f1;\"><b>Drenatge Limf\u00e0tic Manual:<\/b>Massatge manual, basat amb la metodologia Vodder, agradable i relaxant que actua directament sobre el sistema limf\u00e0tic responsable de mantenir equilibrat el sistema immunitari i eliminar toxines. Aporta molts beneficis millora el sistema immunitari, la retenci\u00f3 de l\u00edquids, les inflamacions, la cel\u00b7lulitis, la circulaci\u00f3 i, accelera la recuperaci\u00f3 postcirurgia.<\/td>\n<\/tr>\n<\/tbody>\n<\/table>\n<p><\/p>\n<!-- AddThis Advanced Settings generic via filter on the_content --><!-- AddThis Share Buttons generic via filter on the_content -->","protected":false},"excerpt":{"rendered":"<p>Els nostres centres C\u00e0nons Clinics, especialitzats en Cirurgia i Medicina Est\u00e8tica t&#8217;oferim les ter\u00e0pies corporals m\u00e9s noves del mercat. Sempre t&#8217;assessorarem i, realitzarem un seguiment m\u00e8dic personalitzat per a qu\u00e8 mantinguis un cos sa i ferm. Estem especialitzats en tractaments medicoest\u00e8tics, postquir\u00fargics i, postpart, aix\u00ed&#8230;<!-- AddThis Advanced Settings generic via filter on get_the_excerpt --><!-- AddThis Share Buttons generic via filter on get_the_excerpt --><\/p>\n","protected":false},"author":25,"featured_media":7142,"comment_status":"closed","ping_status":"closed","sticky":false,"template":"","format":"standard","meta":{"footnotes":""},"categories":[71,105],"tags":[394,704,372,705,648],"class_list":["post-9164","post","type-post","status-publish","format-standard","has-post-thumbnail","hentry","category-general-2","category-serveis-destetica","tag-cuidado-piel-ca","tag-cuidados-corporales","tag-terapies-corporals","tag-tractaments-corporals","tag-tratamientos-corporales-ca"],"yoast_head":"<!-- This site is optimized with the Yoast SEO Premium plugin v26.9 (Yoast SEO v27.4) - https:\/\/yoast.com\/product\/yoast-seo-premium-wordpress\/ -->\n<title>Ter\u00e0pies Corporals - Cl\u00ednica C\u00e0nons | Cirurgia i Medicina Estetica a Barcelona, \u200b\u200bGranollers<\/title>\n<meta name=\"robots\" content=\"index, follow, max-snippet:-1, max-image-preview:large, max-video-preview:-1\" \/>\n<link rel=\"canonical\" href=\"https:\/\/www.canons.es\/ca\/terapies-corporals\/\" \/>\n<meta property=\"og:locale\" content=\"ca_ES\" \/>\n<meta property=\"og:type\" content=\"article\" \/>\n<meta property=\"og:title\" content=\"Ter\u00e0pies Corporals\" \/>\n<meta property=\"og:description\" content=\"Els nostres centres C\u00e0nons Clinics, especialitzats en Cirurgia i Medicina Est\u00e8tica t&#8217;oferim les ter\u00e0pies corporals m\u00e9s noves del mercat. Sempre t&#8217;assessorarem i, realitzarem un seguiment m\u00e8dic personalitzat per a qu\u00e8 mantinguis un cos sa i ferm. Estem especialitzats en tractaments medicoest\u00e8tics, postquir\u00fargics i, postpart, aix\u00ed...\" \/>\n<meta property=\"og:url\" content=\"https:\/\/www.canons.es\/ca\/terapies-corporals\/\" \/>\n<meta property=\"og:site_name\" content=\"Cl\u00ednica C\u00e0nons | Cirurgia i Medicina Estetica a Barcelona, \u200b\u200bGranollers\" \/>\n<meta property=\"article:publisher\" content=\"https:\/\/www.facebook.com\/canonsclinics\/\" \/>\n<meta property=\"article:published_time\" content=\"2013-02-23T16:15:10+00:00\" \/>\n<meta property=\"article:modified_time\" content=\"2023-09-24T18:39:37+00:00\" \/>\n<meta name=\"author\" content=\"administrador\" \/>\n<meta name=\"twitter:card\" content=\"summary_large_image\" \/>\n<meta name=\"twitter:creator\" content=\"@canonsclinics\" \/>\n<meta name=\"twitter:site\" content=\"@canonsclinics\" \/>\n<meta name=\"twitter:label1\" content=\"Escrit per\" \/>\n\t<meta name=\"twitter:data1\" content=\"administrador\" \/>\n\t<meta name=\"twitter:label2\" content=\"Temps estimat de lectura\" \/>\n\t<meta name=\"twitter:data2\" content=\"4 minuts\" \/>\n<script type=\"application\/ld+json\" class=\"yoast-schema-graph\">{\"@context\":\"https:\\\/\\\/schema.org\",\"@graph\":[{\"@type\":\"Article\",\"@id\":\"https:\\\/\\\/www.canons.es\\\/ca\\\/terapies-corporals\\\/#article\",\"isPartOf\":{\"@id\":\"https:\\\/\\\/www.canons.es\\\/ca\\\/terapies-corporals\\\/\"},\"author\":{\"name\":\"administrador\",\"@id\":\"https:\\\/\\\/www.canons.es\\\/#\\\/schema\\\/person\\\/947d7b84e9c15475d0452e32f9d72fb7\"},\"headline\":\"Ter\u00e0pies Corporals\",\"datePublished\":\"2013-02-23T16:15:10+00:00\",\"dateModified\":\"2023-09-24T18:39:37+00:00\",\"mainEntityOfPage\":{\"@id\":\"https:\\\/\\\/www.canons.es\\\/ca\\\/terapies-corporals\\\/\"},\"wordCount\":786,\"publisher\":{\"@id\":\"https:\\\/\\\/www.canons.es\\\/#organization\"},\"image\":{\"@id\":\"https:\\\/\\\/www.canons.es\\\/ca\\\/terapies-corporals\\\/#primaryimage\"},\"thumbnailUrl\":\"\",\"keywords\":[\"cuidado piel\",\"cuidados corporales\",\"ter\u00e0pies corporals\",\"tractaments corporals\",\"Tratamientos corporales\"],\"articleSection\":[\"General\",\"Serveis d'est\u00e8tica\"],\"inLanguage\":\"ca\"},{\"@type\":\"WebPage\",\"@id\":\"https:\\\/\\\/www.canons.es\\\/ca\\\/terapies-corporals\\\/\",\"url\":\"https:\\\/\\\/www.canons.es\\\/ca\\\/terapies-corporals\\\/\",\"name\":\"Ter\u00e0pies Corporals - Cl\u00ednica C\u00e0nons | Cirurgia i Medicina Estetica a Barcelona, \u200b\u200bGranollers\",\"isPartOf\":{\"@id\":\"https:\\\/\\\/www.canons.es\\\/#website\"},\"primaryImageOfPage\":{\"@id\":\"https:\\\/\\\/www.canons.es\\\/ca\\\/terapies-corporals\\\/#primaryimage\"},\"image\":{\"@id\":\"https:\\\/\\\/www.canons.es\\\/ca\\\/terapies-corporals\\\/#primaryimage\"},\"thumbnailUrl\":\"\",\"datePublished\":\"2013-02-23T16:15:10+00:00\",\"dateModified\":\"2023-09-24T18:39:37+00:00\",\"breadcrumb\":{\"@id\":\"https:\\\/\\\/www.canons.es\\\/ca\\\/terapies-corporals\\\/#breadcrumb\"},\"inLanguage\":\"ca\",\"potentialAction\":[{\"@type\":\"ReadAction\",\"target\":[\"https:\\\/\\\/www.canons.es\\\/ca\\\/terapies-corporals\\\/\"]}]},{\"@type\":\"ImageObject\",\"inLanguage\":\"ca\",\"@id\":\"https:\\\/\\\/www.canons.es\\\/ca\\\/terapies-corporals\\\/#primaryimage\",\"url\":\"\",\"contentUrl\":\"\"},{\"@type\":\"BreadcrumbList\",\"@id\":\"https:\\\/\\\/www.canons.es\\\/ca\\\/terapies-corporals\\\/#breadcrumb\",\"itemListElement\":[{\"@type\":\"ListItem\",\"position\":1,\"name\":\"Portada\",\"item\":\"https:\\\/\\\/www.canons.es\\\/ca\\\/\"},{\"@type\":\"ListItem\",\"position\":2,\"name\":\"Ter\u00e0pies Corporals\"}]},{\"@type\":\"WebSite\",\"@id\":\"https:\\\/\\\/www.canons.es\\\/#website\",\"url\":\"https:\\\/\\\/www.canons.es\\\/\",\"name\":\"Cirug\u00eda Pl\u00e1stica y Est\u00e9tica Barcelona y Granollers | C\u00e0nons Clinics\",\"description\":\"\",\"publisher\":{\"@id\":\"https:\\\/\\\/www.canons.es\\\/#organization\"},\"potentialAction\":[{\"@type\":\"SearchAction\",\"target\":{\"@type\":\"EntryPoint\",\"urlTemplate\":\"https:\\\/\\\/www.canons.es\\\/?s={search_term_string}\"},\"query-input\":{\"@type\":\"PropertyValueSpecification\",\"valueRequired\":true,\"valueName\":\"search_term_string\"}}],\"inLanguage\":\"ca\"},{\"@type\":\"Organization\",\"@id\":\"https:\\\/\\\/www.canons.es\\\/#organization\",\"name\":\"Cirug\u00eda Pl\u00e1stica y Est\u00e9tica Barcelona y Granollers | C\u00e0nons Clinics\",\"url\":\"https:\\\/\\\/www.canons.es\\\/\",\"logo\":{\"@type\":\"ImageObject\",\"inLanguage\":\"ca\",\"@id\":\"https:\\\/\\\/www.canons.es\\\/#\\\/schema\\\/logo\\\/image\\\/\",\"url\":\"https:\\\/\\\/www.canons.es\\\/wp-content\\\/uploads\\\/2025\\\/04\\\/logo-canons-clinics.jpg\",\"contentUrl\":\"https:\\\/\\\/www.canons.es\\\/wp-content\\\/uploads\\\/2025\\\/04\\\/logo-canons-clinics.jpg\",\"width\":600,\"height\":139,\"caption\":\"Cirug\u00eda Pl\u00e1stica y Est\u00e9tica Barcelona y Granollers | C\u00e0nons Clinics\"},\"image\":{\"@id\":\"https:\\\/\\\/www.canons.es\\\/#\\\/schema\\\/logo\\\/image\\\/\"},\"sameAs\":[\"https:\\\/\\\/www.facebook.com\\\/canonsclinics\\\/\",\"https:\\\/\\\/x.com\\\/canonsclinics\",\"https:\\\/\\\/www.instagram.com\\\/canonsclinics\\\/\",\"https:\\\/\\\/www.youtube.com\\\/channel\\\/UCI1Ia6LjALyo1CuQ0_HwtfQ\",\"https:\\\/\\\/www.linkedin.com\\\/company\\\/canons-clinics\\\/\"]},{\"@type\":\"Person\",\"@id\":\"https:\\\/\\\/www.canons.es\\\/#\\\/schema\\\/person\\\/947d7b84e9c15475d0452e32f9d72fb7\",\"name\":\"administrador\"}]}<\/script>\n<!-- \/ Yoast SEO Premium plugin. -->","yoast_head_json":{"title":"Ter\u00e0pies Corporals - Cl\u00ednica C\u00e0nons | Cirurgia i Medicina Estetica a Barcelona, \u200b\u200bGranollers","robots":{"index":"index","follow":"follow","max-snippet":"max-snippet:-1","max-image-preview":"max-image-preview:large","max-video-preview":"max-video-preview:-1"},"canonical":"https:\/\/www.canons.es\/ca\/terapies-corporals\/","og_locale":"ca_ES","og_type":"article","og_title":"Ter\u00e0pies Corporals","og_description":"Els nostres centres C\u00e0nons Clinics, especialitzats en Cirurgia i Medicina Est\u00e8tica t&#8217;oferim les ter\u00e0pies corporals m\u00e9s noves del mercat. Sempre t&#8217;assessorarem i, realitzarem un seguiment m\u00e8dic personalitzat per a qu\u00e8 mantinguis un cos sa i ferm. Estem especialitzats en tractaments medicoest\u00e8tics, postquir\u00fargics i, postpart, aix\u00ed...","og_url":"https:\/\/www.canons.es\/ca\/terapies-corporals\/","og_site_name":"Cl\u00ednica C\u00e0nons | Cirurgia i Medicina Estetica a Barcelona, \u200b\u200bGranollers","article_publisher":"https:\/\/www.facebook.com\/canonsclinics\/","article_published_time":"2013-02-23T16:15:10+00:00","article_modified_time":"2023-09-24T18:39:37+00:00","author":"administrador","twitter_card":"summary_large_image","twitter_creator":"@canonsclinics","twitter_site":"@canonsclinics","twitter_misc":{"Escrit per":"administrador","Temps estimat de lectura":"4 minuts"},"schema":{"@context":"https:\/\/schema.org","@graph":[{"@type":"Article","@id":"https:\/\/www.canons.es\/ca\/terapies-corporals\/#article","isPartOf":{"@id":"https:\/\/www.canons.es\/ca\/terapies-corporals\/"},"author":{"name":"administrador","@id":"https:\/\/www.canons.es\/#\/schema\/person\/947d7b84e9c15475d0452e32f9d72fb7"},"headline":"Ter\u00e0pies Corporals","datePublished":"2013-02-23T16:15:10+00:00","dateModified":"2023-09-24T18:39:37+00:00","mainEntityOfPage":{"@id":"https:\/\/www.canons.es\/ca\/terapies-corporals\/"},"wordCount":786,"publisher":{"@id":"https:\/\/www.canons.es\/#organization"},"image":{"@id":"https:\/\/www.canons.es\/ca\/terapies-corporals\/#primaryimage"},"thumbnailUrl":"","keywords":["cuidado piel","cuidados corporales","ter\u00e0pies corporals","tractaments corporals","Tratamientos corporales"],"articleSection":["General","Serveis d'est\u00e8tica"],"inLanguage":"ca"},{"@type":"WebPage","@id":"https:\/\/www.canons.es\/ca\/terapies-corporals\/","url":"https:\/\/www.canons.es\/ca\/terapies-corporals\/","name":"Ter\u00e0pies Corporals - Cl\u00ednica C\u00e0nons | Cirurgia i Medicina Estetica a Barcelona, \u200b\u200bGranollers","isPartOf":{"@id":"https:\/\/www.canons.es\/#website"},"primaryImageOfPage":{"@id":"https:\/\/www.canons.es\/ca\/terapies-corporals\/#primaryimage"},"image":{"@id":"https:\/\/www.canons.es\/ca\/terapies-corporals\/#primaryimage"},"thumbnailUrl":"","datePublished":"2013-02-23T16:15:10+00:00","dateModified":"2023-09-24T18:39:37+00:00","breadcrumb":{"@id":"https:\/\/www.canons.es\/ca\/terapies-corporals\/#breadcrumb"},"inLanguage":"ca","potentialAction":[{"@type":"ReadAction","target":["https:\/\/www.canons.es\/ca\/terapies-corporals\/"]}]},{"@type":"ImageObject","inLanguage":"ca","@id":"https:\/\/www.canons.es\/ca\/terapies-corporals\/#primaryimage","url":"","contentUrl":""},{"@type":"BreadcrumbList","@id":"https:\/\/www.canons.es\/ca\/terapies-corporals\/#breadcrumb","itemListElement":[{"@type":"ListItem","position":1,"name":"Portada","item":"https:\/\/www.canons.es\/ca\/"},{"@type":"ListItem","position":2,"name":"Ter\u00e0pies Corporals"}]},{"@type":"WebSite","@id":"https:\/\/www.canons.es\/#website","url":"https:\/\/www.canons.es\/","name":"Cirug\u00eda Pl\u00e1stica y Est\u00e9tica Barcelona y Granollers | C\u00e0nons Clinics","description":"","publisher":{"@id":"https:\/\/www.canons.es\/#organization"},"potentialAction":[{"@type":"SearchAction","target":{"@type":"EntryPoint","urlTemplate":"https:\/\/www.canons.es\/?s={search_term_string}"},"query-input":{"@type":"PropertyValueSpecification","valueRequired":true,"valueName":"search_term_string"}}],"inLanguage":"ca"},{"@type":"Organization","@id":"https:\/\/www.canons.es\/#organization","name":"Cirug\u00eda Pl\u00e1stica y Est\u00e9tica Barcelona y Granollers | C\u00e0nons Clinics","url":"https:\/\/www.canons.es\/","logo":{"@type":"ImageObject","inLanguage":"ca","@id":"https:\/\/www.canons.es\/#\/schema\/logo\/image\/","url":"https:\/\/www.canons.es\/wp-content\/uploads\/2025\/04\/logo-canons-clinics.jpg","contentUrl":"https:\/\/www.canons.es\/wp-content\/uploads\/2025\/04\/logo-canons-clinics.jpg","width":600,"height":139,"caption":"Cirug\u00eda Pl\u00e1stica y Est\u00e9tica Barcelona y Granollers | C\u00e0nons Clinics"},"image":{"@id":"https:\/\/www.canons.es\/#\/schema\/logo\/image\/"},"sameAs":["https:\/\/www.facebook.com\/canonsclinics\/","https:\/\/x.com\/canonsclinics","https:\/\/www.instagram.com\/canonsclinics\/","https:\/\/www.youtube.com\/channel\/UCI1Ia6LjALyo1CuQ0_HwtfQ","https:\/\/www.linkedin.com\/company\/canons-clinics\/"]},{"@type":"Person","@id":"https:\/\/www.canons.es\/#\/schema\/person\/947d7b84e9c15475d0452e32f9d72fb7","name":"administrador"}]}},"_links":{"self":[{"href":"https:\/\/www.canons.es\/ca\/wp-json\/wp\/v2\/posts\/9164","targetHints":{"allow":["GET"]}}],"collection":[{"href":"https:\/\/www.canons.es\/ca\/wp-json\/wp\/v2\/posts"}],"about":[{"href":"https:\/\/www.canons.es\/ca\/wp-json\/wp\/v2\/types\/post"}],"author":[{"embeddable":true,"href":"https:\/\/www.canons.es\/ca\/wp-json\/wp\/v2\/users\/25"}],"replies":[{"embeddable":true,"href":"https:\/\/www.canons.es\/ca\/wp-json\/wp\/v2\/comments?post=9164"}],"version-history":[{"count":0,"href":"https:\/\/www.canons.es\/ca\/wp-json\/wp\/v2\/posts\/9164\/revisions"}],"wp:featuredmedia":[{"embeddable":true,"href":"https:\/\/www.canons.es\/ca\/wp-json\/wp\/v2\/pages\/7142"}],"wp:attachment":[{"href":"https:\/\/www.canons.es\/ca\/wp-json\/wp\/v2\/media?parent=9164"}],"wp:term":[{"taxonomy":"category","embeddable":true,"href":"https:\/\/www.canons.es\/ca\/wp-json\/wp\/v2\/categories?post=9164"},{"taxonomy":"post_tag","embeddable":true,"href":"https:\/\/www.canons.es\/ca\/wp-json\/wp\/v2\/tags?post=9164"}],"curies":[{"name":"wp","href":"https:\/\/api.w.org\/{rel}","templated":true}]}}