{"id":6093,"date":"2014-02-21T10:31:49","date_gmt":"2014-02-21T10:31:49","guid":{"rendered":"https:\/\/www.canons.es\/?p=6093"},"modified":"2023-09-24T19:15:52","modified_gmt":"2023-09-24T19:15:52","slug":"micropigmentacio","status":"publish","type":"post","link":"https:\/\/www.canons.es\/ca\/micropigmentacio\/","title":{"rendered":"Dermopigmentaci\u00f3 m\u00e8dica i maquillatge permanent facial"},"content":{"rendered":"\n\n<div class=\"kk-star-ratings kksr-auto kksr-align-left kksr-valign-top\"\n    data-payload='{&quot;align&quot;:&quot;left&quot;,&quot;id&quot;:&quot;6093&quot;,&quot;slug&quot;:&quot;default&quot;,&quot;valign&quot;:&quot;top&quot;,&quot;ignore&quot;:&quot;&quot;,&quot;reference&quot;:&quot;auto&quot;,&quot;class&quot;:&quot;&quot;,&quot;count&quot;:&quot;1&quot;,&quot;legendonly&quot;:&quot;&quot;,&quot;readonly&quot;:&quot;&quot;,&quot;score&quot;:&quot;5&quot;,&quot;starsonly&quot;:&quot;&quot;,&quot;best&quot;:&quot;5&quot;,&quot;gap&quot;:&quot;5&quot;,&quot;greet&quot;:&quot;Eval\u00faa este art\u00edculo&quot;,&quot;legend&quot;:&quot;5\\\/5 - (1 vote)&quot;,&quot;size&quot;:&quot;24&quot;,&quot;title&quot;:&quot;Dermopigmentaci\u00f3 m\u00e8dica i maquillatge permanent facial&quot;,&quot;width&quot;:&quot;142.5&quot;,&quot;_legend&quot;:&quot;{score}\\\/{best} - ({count} {votes})&quot;,&quot;font_factor&quot;:&quot;1.25&quot;}'>\n            \n<div class=\"kksr-stars\">\n    \n<div class=\"kksr-stars-inactive\">\n            <div class=\"kksr-star\" data-star=\"1\" style=\"padding-right: 5px\">\n            \n\n<div class=\"kksr-icon\" style=\"width: 24px; height: 24px;\"><\/div>\n        <\/div>\n            <div class=\"kksr-star\" data-star=\"2\" style=\"padding-right: 5px\">\n            \n\n<div class=\"kksr-icon\" style=\"width: 24px; height: 24px;\"><\/div>\n        <\/div>\n            <div class=\"kksr-star\" data-star=\"3\" style=\"padding-right: 5px\">\n            \n\n<div class=\"kksr-icon\" style=\"width: 24px; height: 24px;\"><\/div>\n        <\/div>\n            <div class=\"kksr-star\" data-star=\"4\" style=\"padding-right: 5px\">\n            \n\n<div class=\"kksr-icon\" style=\"width: 24px; height: 24px;\"><\/div>\n        <\/div>\n            <div class=\"kksr-star\" data-star=\"5\" style=\"padding-right: 5px\">\n            \n\n<div class=\"kksr-icon\" style=\"width: 24px; height: 24px;\"><\/div>\n        <\/div>\n    <\/div>\n    \n<div class=\"kksr-stars-active\" style=\"width: 142.5px;\">\n            <div class=\"kksr-star\" style=\"padding-right: 5px\">\n            \n\n<div class=\"kksr-icon\" style=\"width: 24px; height: 24px;\"><\/div>\n        <\/div>\n            <div class=\"kksr-star\" style=\"padding-right: 5px\">\n            \n\n<div class=\"kksr-icon\" style=\"width: 24px; height: 24px;\"><\/div>\n        <\/div>\n            <div class=\"kksr-star\" style=\"padding-right: 5px\">\n            \n\n<div class=\"kksr-icon\" style=\"width: 24px; height: 24px;\"><\/div>\n        <\/div>\n            <div class=\"kksr-star\" style=\"padding-right: 5px\">\n            \n\n<div class=\"kksr-icon\" style=\"width: 24px; height: 24px;\"><\/div>\n        <\/div>\n            <div class=\"kksr-star\" style=\"padding-right: 5px\">\n            \n\n<div class=\"kksr-icon\" style=\"width: 24px; height: 24px;\"><\/div>\n        <\/div>\n    <\/div>\n<\/div>\n                \n\n<div class=\"kksr-legend\" style=\"font-size: 19.2px;\">\n            5\/5 - (1 vote)    <\/div>\n    <\/div>\n<h2>Qu\u00e8 \u00e9s i en qu\u00e8 consisteix la micropigmentaci\u00f3?<\/h2>\n<p>La micropigmentaci\u00f3, tamb\u00e9 coneguda com dermopigmentaci\u00f3 o maquillatge permanent, \u00e9s un tractament que consisteix en la introducci\u00f3 de pigments inorg\u00e0nics en la pell mitjan\u00e7ant agulles est\u00e8rils. Est\u00e0 indicada com a ter\u00e0pia cosm\u00e8tica o com a ter\u00e0pia complement\u00e0ria en cirurgia reparadora.<\/p>\n<p>L&#8217;elecci\u00f3 del color del pigment i la forma (disseny de aureoles, forma de celles, llavis o l\u00ednia d&#8217;ulls) es realitza previ estudi del color de la pell i l&#8217;anatomia de la pacient. Ser\u00e0 ella qui decidir\u00e0 el color i la forma que m\u00e9s li agrada.<\/p>\n<p>Aquesta t\u00e8cnica es realitza amb anest\u00e8sia local t\u00f2pica o tamb\u00e9 amb anest\u00e8sia local infiltrada. La micropigmentaci\u00f3 m\u00e8dica no requereix hospitalitzaci\u00f3. \u00c9s un tractament ambulatori d&#8217;una durada aproximada de dues hores, despr\u00e9s del qual la pacient pot marxar a casa.<\/p>\n<p>La t\u00e8cnica consisteix en la introducci\u00f3 de pigments a la dermis, a 1-2 mm de profunditat, mitjan\u00e7ant agulles de petit calibre. El grossor de les diferents capes de la pell (epidermis i dermis) \u00e9s irregular i, encara introduint el pigment a la mateixa profunditat, pot ser necessari un retoc, en algunes ocasions, al cap d&#8217;un mes, per a la seva total fixaci\u00f3.<\/p>\n<p>La realitzaci\u00f3 de la micropigmentaci\u00f3 t\u00e9 tres fases:<\/p>\n<ul>\n<li>Disseny en la qual es decideix color i forma.<\/li>\n<li>Aplicaci\u00f3 del pigment amb un per\u00edode de cicatritzaci\u00f3 d&#8217;una setmana.<\/li>\n<li>Rep\u00e0s del pigment que es pot realitzar a partir del mes de la primera aplicaci\u00f3.<\/li>\n<\/ul>\n<h2><\/h2>\n<h2>Produeix al\u00b7l\u00e8rgies?<\/h2>\n<p>Els pigments que s\u2019utilitzen s\u00f3n naturals, d&#8217;origen mineral, estan constitu\u00efts per ingredients inerts (\u00f2xid de ferro i titani), s\u00f3n est\u00e8rils i biocompatibles; especials per poder ser introdu\u00efts a l&#8217;organisme sense rebuig.\u00a0En utilitzar pigments inorg\u00e0nics, la possibilitat d&#8217;al\u00b7l\u00e8rgies \u00e9s pr\u00e0cticament nul\u00b7la. No obstant aix\u00f2, sempre practiquem una prova d&#8217;al\u00b7l\u00e8rgia darrere l&#8217;orella a la primera visita.<\/p>\n<h2><\/h2>\n<h2>El tractament \u00e9s dolor\u00f3s?<\/h2>\n<p>El tractament no \u00e9s molt dolor\u00f3s, no obstant aix\u00f2, si la pacient fos molt sensible es pot aplicar anest\u00e8sia t\u00f2pica o fred directe a la zona. En el nostre cas, en ser un metge qui realitza el tractament, pot aplicar anest\u00e8sia local injectada a la zona per eliminar tot el dolor.<\/p>\n<h2>Riscos i complicacions<\/h2>\n<p>La micropigmentaci\u00f3 pot comportar riscos i complicacions comunes a qualsevol tractament com a hematomes, edemes o inflamaci\u00f3 que remetran generalment en poc temps sense necessitat de ser tractats.<\/p>\n<p>Tot i aix\u00ed, els riscos i complicacions espec\u00edfiques d&#8217;aquest tractament s\u00f3n:<\/p>\n<p style=\"padding-left: 30px;\">o Eritema (vermellor) o inflamaci\u00f3 que desapareix en 24 a 48 hores.<\/p>\n<p style=\"padding-left: 30px;\">o Possible aparici\u00f3 de crostes en el per\u00edode de cicatritzaci\u00f3.<\/p>\n<p style=\"padding-left: 30px;\">o \u00c9s rara l&#8217;aparici\u00f3 d&#8217;hematomes, que es resoldran en un curt per\u00edode de temps.<\/p>\n<p style=\"padding-left: 30px;\">o Reaparici\u00f3 de l&#8217;herpes en casos extranys.<\/p>\n<p style=\"padding-left: 30px;\">o \u00c9s altament improbable la lesi\u00f3 de la pr\u00f2tesi en el cas de aureoles mam\u00e0ries at\u00e8s que el pigment es col\u00b7loca superficial.<\/p>\n<p>Les subst\u00e0ncies i aparells que emprem han estat autoritzats per al seu \u00fas en medicina est\u00e8tica i ostenten la marca CE i nombre de registre sanitari corresponent.<\/p>\n<h2>Contraindicacions<\/h2>\n<ol>\n<li>Dermatosis actives<\/li>\n<li>Hist\u00f2ria o evid\u00e8ncia de queloides<\/li>\n<li>Embar\u00e0s<\/li>\n<li>Desordenis psiqui\u00e0trics<\/li>\n<li>Discr\u00e0cies sangu\u00ednies<\/li>\n<\/ol>\n<h2><\/h2>\n<h2>Quan dura la micropigmentaci\u00f3?<\/h2>\n<p>Cal tenir en compte que el pigment \u00e9s m\u00e9s intens al principi i va esvaint-se gradualment, en una mitjana de 3 a 5 anys. La durada del pigment varia segons el color del pigment utilitzat, l&#8217;edat de de la pacient, el tipus de pell i altres factors externs. Passat aquest temps es pot repassar, si es desitja, perqu\u00e8 el color conservi la mateixa intensitat inicial.<\/p>\n<h2>Informaci\u00f3 post-dermopigmentaci\u00f3<\/h2>\n<p>Despr\u00e9s de la realitzaci\u00f3 del tractament es produeix una inflamaci\u00f3 secund\u00e0ria al traumatisme provocat per la penetraci\u00f3 repetida de les agulles per dipositar el pigment. Por sortir una vermellor al voltant de la zona tractada i el color de la zona pigmentada \u00e9s molt intens, per\u00f2 no sol produir dolor. En cas de sentir mol\u00e8sties pot prendre analg\u00e8sia habitual amb ibuprofeno o paracetamol.<br \/>\nAls dos o tres dies s&#8217;inicia el proc\u00e9s de cicatritzaci\u00f3 amb la formaci\u00f3 d&#8217;una crosta que dura al voltant de 4-5 dies. Fa l&#8217;efecte que el color s&#8217;ha enfosquit, per\u00f2 aquesta apreciaci\u00f3 desapareix al caure la crosta. Al voltant de 7-10 dies despr\u00e9s del tractament s&#8217;eliminen les capes superficials de la pell. \u00c9s ara quan s&#8217;aprecia una disminuci\u00f3 de la intensitat del color per dos motius: per la p\u00e8rdua de la crosta i per l&#8217;eliminaci\u00f3 del pigment de les capes m\u00e9s superficials de l&#8217;epidermis per renovaci\u00f3 cel\u00b7lular. Aquest \u00e9s el motiu pel qual no es recomana retocar abans que passi un mes del tractament.<br \/>\nA la 1\u00aa setmana es produeix un augment del to escollit.<\/p>\n<p>A la 2\u00aa setmana es produeix una disminuci\u00f3 del color.<\/p>\n<p>En la 3\u00aa, s&#8217;estabilitza el color.<br \/>\nRecomanacions per a la pacient despr\u00e9s del tractament:<\/p>\n<ul>\n<li>Despr\u00e9s del tractament pot presentar-se alguna inflamaci\u00f3 o vermellor que durar\u00e0 unes hores. \u00c9s important tenir en compte que es produeix una petita lesi\u00f3 en la pell que haur\u00e0 de cuidar-se de forma correcta, per aix\u00f2 s&#8217;aplicar\u00e0 la pomada recomanada pel metge di\u00e0riament durant una setmana perqu\u00e8 la zona micropigmentada sempre estigui hidratada tenint la precauci\u00f3 de no gratar ni fregar bruscament. En aquest temps la tonalitat del color ser\u00e0 m\u00e9s fosca (exc\u00e9s de pigment que cau aproximadament en cinc o sis dies). Durant aquest temps, no ha d&#8217;exposar al sol la zona tractada ni prendre rajos UVA ja que aquesta podria patir lesions importants o hiperpigmentar de manera irregular.<\/li>\n<li>Perqu\u00e8 el color no s&#8217;alteri durant el proc\u00e9s de cicatritzaci\u00f3 es seguiran les seg\u00fcents recomanacions durant una setmana:<\/li>\n<\/ul>\n<p>o No far\u00e0 sauna ni es banyar\u00e0 a la platja o a la piscina.<br \/>\no Per a <em>ulls, llavis i celles<\/em>: no maquillar la zona pigmentada, no prendre el sol, no banyar-se al mar o a la piscina, no utilitzar netejador facial ni tovalloletes netejadores (es rentar\u00e0 amb aigua i sab\u00f3 neutre) no utilitzar crema a la zona excepte la indicada. Tampoc podr\u00e0 depilar-se els llavis ni realitzar tractaments molt agressius. En el cas de les parpelles, no podr\u00e0 fer arrissat ni aplicar tint a pestanyes o celles.<br \/>\no Per a <em>llavis<\/em>: s&#8217;evitar\u00e0 menjar \u00e0cids (amanides amb vinagre o llimona) i prendr\u00e0 sucs (taronja, aranja) amb palla per evitar que l&#8217;\u00e0cid prengui contacte amb el pigment. No prendre el sol.<br \/>\no Per <em>aur\u00e8oles<\/em>: no prendre el sol, no banyar-se al mar o a la piscina. No fer\u00a0saunes.<\/p>\n<h2>El nostre equip<\/h2>\n<p>Fabiola Duarte \u00e9s la persona encarregada d&#8217;aquest servei, per la seva professionalitat i atenci\u00f3 personalitzada.<\/p>\n<h2>Zones que es poden micropigmentar<\/h2>\n<p><strong>.\u00a0CELLES<\/strong><\/p>\n<p>Qualsevol dona, per mitj\u00e0 del maquillatge permanent, pot donar forma a les seves celles, camuflant les poc poblades, fer-les m\u00e9s allargades i tamb\u00e9 canviar la forma. Tamb\u00e9 \u00e9s possible corregir l&#8217;alop\u00e8cia de celles i pestanyes.<\/p>\n<p>Abans d&#8217;un tractament de micropigmentaci\u00f3 es fa un estudi del rostre de la pacient per establir la forma m\u00e9s afavoridora i es realitza una prova amb diferents models de celles perqu\u00e8 la pacient tri\u00ef el que li resulti m\u00e9s afavoridor.<\/p>\n<p>Utilitzant el sistema de p\u00e8l a p\u00e8l evitem l&#8217;efecte de &#8220;celles pintades&#8221;. Buscarem sempre la naturalitat: tonalitats delicades, amb formes no massa exagerades.<\/p>\n<p>El color s&#8217;escull entre la gamma que harmonitzi amb el rostre de la pacient tenint en compte el to de la pell i el color del cabell, la densitat de les celles i el color d&#8217;ulls.<\/p>\n<p><img loading=\"lazy\" decoding=\"async\" class=\"aligncenter wp-image-7212\" src=\"http:\/\/www.C\u00e0nons Clinics.es\/wp-content\/uploads\/micropigmentacion-cejas.jpg\" alt=\"Micropigmentaci\u00f3n de cejas\" width=\"600\" height=\"186\" \/><\/p>\n<p><strong>. EYE-LINER<\/strong><\/p>\n<p>L&#8217;objectiu d&#8217;aquest tractament \u00e9s aconseguir una mirada m\u00e9s expressiva, amb m\u00e9s vida i simular un major volum de pestanyes, el que li dona una forma m\u00e9s ovalada.<\/p>\n<p>Aplicant simplement una mica de m\u00e0scara de pestanyes s&#8217;obtindr\u00e0 un resultat \u00f2ptim en el maquillatge diari, per\u00f2 si no desitges maquillar-te (per exemple a la platja, la piscina o la sauna) els teus ulls tindran un aspecte natural i estaran plens de vida i d&#8217;expressivitat.<\/p>\n<p>Per aquest tractament es trien sempre tonalitats naturals: negre, marr\u00f3 o verd oliva.<\/p>\n<p>Aquest \u00e9s un tractament molt adequat per a persones amb pestanyes escasses, amb llagrimal excessiu o amb presb\u00edcia (vista cansada) que tenen pitjor visi\u00f3 d&#8217;aprop per fer-se la ratlla cada mat\u00ed.<\/p>\n<p><strong>. LLAVIS<\/strong><\/p>\n<p>El maquillatge permanent de llavis t\u00e9 diversos objectius:<\/p>\n<p>-Embelliment de llavis: \u00e9s un dels procediments m\u00e9s sol\u00b7licitats, tant per a joves com para grans. Es pret\u00e9n no haver de retocar el seu aspecte constantment, donant la sensaci\u00f3 d&#8217;estar arreglada les 24 hores.<\/p>\n<p>&#8211; Augment de contorn labial: per aconseguir els llavis m\u00e9s gruixuts i sensuals.<\/p>\n<p>&#8211; Correcci\u00f3 de llavis : la micropigmentaci\u00f3 pot corregir petites imperfeccions o asimetries dels llavis. Pot reconstruir el dibuix dels llavis per gaudir d&#8217;una simetria perfecta. Es poden aconseguir multitud d&#8217;efectes, des de corregir petites imperfeccions com la falta de simetria fins a millorar llavis leporins, llavis amb cremades o amb cicatrius i defectes despr\u00e9s de ex\u00e9resis de lesions. A m\u00e9s podem ajustar par\u00e0metres com la curvatura o proporci\u00f3 entre llavi superior i inferior. Tamb\u00e9 podem recuperar la p\u00e8rdua de color i definici\u00f3 del llavi a causa de l&#8217;edat.<\/p>\n<p><img loading=\"lazy\" decoding=\"async\" class=\"aligncenter wp-image-7213\" src=\"http:\/\/www.C\u00e0nons Clinics.es\/wp-content\/uploads\/micropigmentacion-labios.jpg\" alt=\"Micropigmentaci\u00f3n de labios\" width=\"600\" height=\"186\" \/><\/p>\n<p><strong>. AUR\u00c8OLA MAM\u00c0RIA<\/strong><\/p>\n<p>Es realitzen dos tipus de tractaments:<\/p>\n<ol>\n<li>Reconstruccions del complex aur\u00e8ola-mugr\u00f3. Mitjan\u00e7ant aquest sistema es pot tornar a dibuixar la aur\u00e8ola i tamb\u00e9 el mugr\u00f3 (en el cas que no s&#8217;hagi reconstru\u00eft pr\u00e8viament) en dones intervingudes de reconstrucci\u00f3 mam\u00e0ria despr\u00e9s d\u2019una mastectomia per c\u00e0ncer de mama.<\/li>\n<li>Camuflage de cicatrius periareolares: per dissimular les cicatrius produ\u00efdes despr\u00e9s de cirurgies d&#8217;augment, reducci\u00f3 o elevaci\u00f3 de mames.<\/li>\n<\/ol>\n<p>La reconstrucci\u00f3 del complex aur\u00e8ola-mugr\u00f3 \u00e9s el complement final de la reconstrucci\u00f3 mam\u00e0ria. L&#8217;objectiu \u00e9s retornar, a la nova mama reconstru\u00efda, el seu aspecte natural i aconseguir simetria amb l&#8217;altra mama, potenciant l&#8217;autoestima de la pacient.<\/p>\n<p>Per algunes pacients saber que la mama pot reconstruir-se amb un bon resultat est\u00e8tic \u00e9s vital per portar amb m\u00e9s optimisme tot el tractament que comporta el c\u00e0ncer de mama. La micropigmentaci\u00f3 ajuda a recuperar l&#8217;aspecte de la areola despr\u00e9s de la reconstrucci\u00f3 d&#8217;una o ambdues mames. Uns mesos despr\u00e9s de la reconstrucci\u00f3 mam\u00e0ria es realitza la reconstrucci\u00f3 del mugr\u00f3. Als 3 mesos, ens trobarem amb un ja\u00e7 estable i un mugr\u00f3 que ja haur\u00e0 aconseguit la grand\u00e0ria i la forma definitive. \u00c9s ara quan realitzem el tatuatge, donant la forma aur\u00e8olar, aconseguint una pigmentaci\u00f3 o coloraci\u00f3 el m\u00e9s estable possible i intentant aconseguir un resultat \u00f2ptim el m\u00e9s semblat possible a la aur\u00e8ola de l&#8217;altra mama. Depenent del tipus de mastectomia i reconstrucci\u00f3 mam\u00e0ria, la pell conservar\u00e0 major o menor sensibilitat. Si la pell est\u00e0 sensible, la doctora pot injectar-li anest\u00e8sia local que far\u00e0 que no senti cap dolor durant el tractament. La micropigmentaci\u00f3 m\u00e8dica sol realitzarse en dos temps. \u00c9s probable que en un futur sigui necessari un rep\u00e0s, ja que hi ha tend\u00e8ncia a perdre una mica de pigmentaci\u00f3.<br \/>\nDespr\u00e9s del tractament pot apar\u00e8ixer una lleugera inflamaci\u00f3 local que durar\u00e0 algunes hores. No cal oblidar que es produeix una lesi\u00f3 a la pell que s\u2019haur\u00e0 de cuidar, aplicant una pomada antibi\u00f2tica, durant una setmana. La pell triga a regenerar-se entre 30 i 40 dies. Els primers dies el color \u00e9s molt viu i intens per\u00f2 a mesura que passen els dies va perdent intensitat i roman el color definitiu.\u00a0<span style=\"line-height: 1.5;\">Durant aquest temps no haur\u00e0 d&#8217;exposar al sol la zona tractada ni prendre rajos UVA ja que la pell podria patir importants lesions o pigmentar-se de forma irregular i alterar el resultat del treball realitzat. En la setmana posterior, haur\u00e0 d&#8217;aplicar-se la pomada recomanada pel metge perqu\u00e8 la zona intervinguda estigui perfectament hidratada, tenint la precauci\u00f3 de no gratar-la ni fregar-la en\u00e8rgicament. Durant aquesta setmana, la tonalitat del color ser\u00e0 m\u00e9s fosca a causa de les petites crostes que cauran, aproximadament, als 5 o 6 dies. Durant les dues setmanes posteriors a la micropigmentaci\u00f3 m\u00e8dica haur\u00e0 d&#8217;evitar la sauna o banyar-se a la platja o piscina.<\/span><\/p>\n<p><img loading=\"lazy\" decoding=\"async\" class=\"aligncenter size-full wp-image-7915\" src=\"http:\/\/www.C\u00e0nons Clinics.es\/wp-content\/uploads\/micropigmentacion-aureola-mamaria.jpg\" alt=\"Micropigmentaci\u00f3n aureola mamaria\" width=\"652\" height=\"156\" \/><\/p>\n<p><strong>. CICATRIUS I CREMADES<\/strong><\/p>\n<p>Es recomana aquest tractament quan la difer\u00e8ncia de color entre la cicatriu o la zona cremada i la pell del voltant \u00e9s molt gran.<\/p>\n<p><strong>. VIT\u00cdLIGOS<\/strong><\/p>\n<p>Es tracta de camuflar la zona igualant el color de la part despigmentada amb el de la pell sana.<br \/>\n<strong>. REPOBLACI\u00d3 CAPIL\u00b7LAR \u00d2PTICA<\/strong><\/p>\n<p>Permet dissimular aquelles zones del coll cabellut on existeix alguna cicatriu o calv\u00edcie incipient. No serveix per a zones on la calv\u00edcie \u00e9s molt manifesta.<\/p>\n<h2>Existeix alg\u00fan perill o contraindicaci\u00f3?<\/h2>\n<p>En principi \u00e9s un tractament ambulatori bastant senzill, per\u00f2 cal tenir en compte diversos factors perqu\u00e8 la micropigmentaci\u00f3 es dugui a terme de forma segura:<\/p>\n<p>&#8211; La higiene del material i del lloc on es treballa.<\/p>\n<p>&#8211; El color que s&#8217;escull, que sigui el\u00a0m\u00e9s natural possible.<\/p>\n<p>&#8211; Que la pacient no tingui herpes ni febre el dia del tractament.<\/p>\n<p>&#8211; Deixar el temps convenient entre sessi\u00f3 i sessi\u00f3.<\/p>\n<p>&#8211; Seguir les cures recomanades despr\u00e9s del tractament.<\/p>\n<h2>Es pot fer vida normal despr\u00e9s del tractament?<\/h2>\n<p>Si el seu treball o obligacions li requereixen una imatge impecable, ha de tenir en compte que durant unes hores la zona tractada pot estar una mica inflada i enrogida, i durant una setmana el color pot veure&#8217;s m\u00e9s fosc i intens.<\/p>\n<h2>Una vegada feta la micropigmentaci\u00f3, pot modificar-se el color?<\/h2>\n<p>\u00c9s m\u00e9s f\u00e0cil pujar el color si ha quedat clar. En canvi, si \u00e9s fosc, costa m\u00e9s aclarir-ho, encara que es pot aconseguir. En cas de dubtes, \u00e9s millor comen\u00e7ar per un to m\u00e9s suau, per si de cas.<\/p>\n<p>Per aquelles persones que a l&#8217;hora de maquillar-se els agrada canviar de colors segons l&#8217;\u00e8poca de l&#8217;any, \u00e9s convenient tenir en compte que la micropigmentaci\u00f3 no \u00e9s tan senzilla, no es pot fer cada sis mesos i canviar de to. Per aquest motiu, \u00e9s convenient utilitzar\u00a0colors naturals, i, en una ocasi\u00f3 especial com unes noces, es podria maquillar a sobre\u00a0per un dia.<\/p>\n<h2>Es necessita un rep\u00e0s?<\/h2>\n<p>En el 75% dels casos, a causa de la irregularitat de la pell, fa falta un petit retoc al cap d&#8217;un mes.<\/p>\n<h2>Quan ha de realitzar-se en el cas que fos necessari?<\/h2>\n<p>El rep\u00e0s es realitzar\u00e0 entre 1-2 mesos posteriors al tractament, temps necessari perqu\u00e8 la pell s&#8217;hagi regenerat. Si repass\u00e9ssim abans, podr\u00edem lesionar la pell i deixar seq\u00fceles irreversibles.<\/p>\n<h2>Qu\u00e8 succeeix quan no torna a repassar-se una micropigmentaci\u00f3?<\/h2>\n<p>Amb els anys aniria esvaint-se de manera uniforme, de manera que es veuria igual que al principi per\u00f2 cada vegada m\u00e9s t\u00e8nue.<\/p>\n<!-- AddThis Advanced Settings generic via filter on the_content --><!-- AddThis Share Buttons generic via filter on the_content -->","protected":false},"excerpt":{"rendered":"<p>Qu\u00e8 \u00e9s i en qu\u00e8 consisteix la micropigmentaci\u00f3? La micropigmentaci\u00f3, tamb\u00e9 coneguda com dermopigmentaci\u00f3 o maquillatge permanent, \u00e9s un tractament que consisteix en la introducci\u00f3 de pigments inorg\u00e0nics en la pell mitjan\u00e7ant agulles est\u00e8rils. Est\u00e0 indicada com a ter\u00e0pia cosm\u00e8tica o com a ter\u00e0pia complement\u00e0ria&#8230;<!-- AddThis Advanced Settings generic via filter on get_the_excerpt --><!-- AddThis Share Buttons generic via filter on get_the_excerpt --><\/p>\n","protected":false},"author":25,"featured_media":6088,"comment_status":"closed","ping_status":"closed","sticky":false,"template":"","format":"standard","meta":{"footnotes":""},"categories":[1,895,105],"tags":[717,711],"class_list":["post-6093","post","type-post","status-publish","format-standard","has-post-thumbnail","hentry","category-general","category-medicina-estetica-facial-ca-2","category-serveis-destetica","tag-micropigmentacio","tag-micropigmentacion"],"yoast_head":"<!-- This site is optimized with the Yoast SEO Premium plugin v26.9 (Yoast SEO v27.4) - https:\/\/yoast.com\/product\/yoast-seo-premium-wordpress\/ -->\n<title>Dermopigmentaci\u00f3 m\u00e8dica i maquillatge permanent facial - Cl\u00ednica C\u00e0nons | Cirurgia i Medicina Estetica a Barcelona, \u200b\u200bGranollers<\/title>\n<meta name=\"description\" content=\"Serveis de micropigmentaci\u00f3 de celles, llavis, ulls o eye liner a les nostres cl\u00edniques de Barcelona, Granollers, Reus, Berga i Terrassa\" \/>\n<meta name=\"robots\" content=\"index, follow, max-snippet:-1, max-image-preview:large, max-video-preview:-1\" \/>\n<link rel=\"canonical\" href=\"https:\/\/www.canons.es\/micropigmentacion\/\" \/>\n<meta property=\"og:locale\" content=\"ca_ES\" \/>\n<meta property=\"og:type\" content=\"article\" \/>\n<meta property=\"og:title\" content=\"Dermopigmentaci\u00f3 m\u00e8dica i maquillatge permanent facial\" \/>\n<meta property=\"og:description\" content=\"Serveis de micropigmentaci\u00f3 de celles, llavis, ulls o eye liner a les nostres cl\u00edniques de Barcelona, Granollers, Reus, Berga i Terrassa\" \/>\n<meta property=\"og:url\" content=\"https:\/\/www.canons.es\/micropigmentacion\/\" \/>\n<meta property=\"og:site_name\" content=\"Cl\u00ednica C\u00e0nons | Cirurgia i Medicina Estetica a Barcelona, \u200b\u200bGranollers\" \/>\n<meta property=\"article:publisher\" content=\"https:\/\/www.facebook.com\/canonsclinics\/\" \/>\n<meta property=\"article:published_time\" content=\"2014-02-21T10:31:49+00:00\" \/>\n<meta property=\"article:modified_time\" content=\"2023-09-24T19:15:52+00:00\" \/>\n<meta name=\"author\" content=\"administrador\" \/>\n<meta name=\"twitter:card\" content=\"summary_large_image\" \/>\n<meta name=\"twitter:creator\" content=\"@canonsclinics\" \/>\n<meta name=\"twitter:site\" content=\"@canonsclinics\" \/>\n<meta name=\"twitter:label1\" content=\"Escrit per\" \/>\n\t<meta name=\"twitter:data1\" content=\"administrador\" \/>\n\t<meta name=\"twitter:label2\" content=\"Temps estimat de lectura\" \/>\n\t<meta name=\"twitter:data2\" content=\"12 minuts\" \/>\n<script type=\"application\/ld+json\" class=\"yoast-schema-graph\">{\"@context\":\"https:\\\/\\\/schema.org\",\"@graph\":[{\"@type\":\"Article\",\"@id\":\"https:\\\/\\\/www.canons.es\\\/micropigmentacion\\\/#article\",\"isPartOf\":{\"@id\":\"https:\\\/\\\/www.canons.es\\\/micropigmentacion\\\/\"},\"author\":{\"name\":\"administrador\",\"@id\":\"https:\\\/\\\/www.canons.es\\\/#\\\/schema\\\/person\\\/947d7b84e9c15475d0452e32f9d72fb7\"},\"headline\":\"Dermopigmentaci\u00f3 m\u00e8dica i maquillatge permanent facial\",\"datePublished\":\"2014-02-21T10:31:49+00:00\",\"dateModified\":\"2023-09-24T19:15:52+00:00\",\"mainEntityOfPage\":{\"@id\":\"https:\\\/\\\/www.canons.es\\\/micropigmentacion\\\/\"},\"wordCount\":2475,\"publisher\":{\"@id\":\"https:\\\/\\\/www.canons.es\\\/#organization\"},\"image\":{\"@id\":\"https:\\\/\\\/www.canons.es\\\/micropigmentacion\\\/#primaryimage\"},\"thumbnailUrl\":\"\",\"keywords\":[\"micropigmentaci\u00f3\",\"micropigmentacion\"],\"articleSection\":[\"General\",\"Medicina est\u00e9tica facial\",\"Serveis d'est\u00e8tica\"],\"inLanguage\":\"ca\"},{\"@type\":\"WebPage\",\"@id\":\"https:\\\/\\\/www.canons.es\\\/micropigmentacion\\\/\",\"url\":\"https:\\\/\\\/www.canons.es\\\/micropigmentacion\\\/\",\"name\":\"Dermopigmentaci\u00f3 m\u00e8dica i maquillatge permanent facial - Cl\u00ednica C\u00e0nons | Cirurgia i Medicina Estetica a Barcelona, \u200b\u200bGranollers\",\"isPartOf\":{\"@id\":\"https:\\\/\\\/www.canons.es\\\/#website\"},\"primaryImageOfPage\":{\"@id\":\"https:\\\/\\\/www.canons.es\\\/micropigmentacion\\\/#primaryimage\"},\"image\":{\"@id\":\"https:\\\/\\\/www.canons.es\\\/micropigmentacion\\\/#primaryimage\"},\"thumbnailUrl\":\"\",\"datePublished\":\"2014-02-21T10:31:49+00:00\",\"dateModified\":\"2023-09-24T19:15:52+00:00\",\"description\":\"Serveis de micropigmentaci\u00f3 de celles, llavis, ulls o eye liner a les nostres cl\u00edniques de Barcelona, Granollers, Reus, Berga i Terrassa\",\"breadcrumb\":{\"@id\":\"https:\\\/\\\/www.canons.es\\\/micropigmentacion\\\/#breadcrumb\"},\"inLanguage\":\"ca\",\"potentialAction\":[{\"@type\":\"ReadAction\",\"target\":[\"https:\\\/\\\/www.canons.es\\\/micropigmentacion\\\/\"]}]},{\"@type\":\"ImageObject\",\"inLanguage\":\"ca\",\"@id\":\"https:\\\/\\\/www.canons.es\\\/micropigmentacion\\\/#primaryimage\",\"url\":\"\",\"contentUrl\":\"\"},{\"@type\":\"BreadcrumbList\",\"@id\":\"https:\\\/\\\/www.canons.es\\\/micropigmentacion\\\/#breadcrumb\",\"itemListElement\":[{\"@type\":\"ListItem\",\"position\":1,\"name\":\"Portada\",\"item\":\"https:\\\/\\\/www.canons.es\\\/ca\\\/\"},{\"@type\":\"ListItem\",\"position\":2,\"name\":\"Dermopigmentaci\u00f3 m\u00e8dica i maquillatge permanent facial\"}]},{\"@type\":\"WebSite\",\"@id\":\"https:\\\/\\\/www.canons.es\\\/#website\",\"url\":\"https:\\\/\\\/www.canons.es\\\/\",\"name\":\"Cirug\u00eda Pl\u00e1stica y Est\u00e9tica Barcelona y Granollers | C\u00e0nons Clinics\",\"description\":\"\",\"publisher\":{\"@id\":\"https:\\\/\\\/www.canons.es\\\/#organization\"},\"potentialAction\":[{\"@type\":\"SearchAction\",\"target\":{\"@type\":\"EntryPoint\",\"urlTemplate\":\"https:\\\/\\\/www.canons.es\\\/?s={search_term_string}\"},\"query-input\":{\"@type\":\"PropertyValueSpecification\",\"valueRequired\":true,\"valueName\":\"search_term_string\"}}],\"inLanguage\":\"ca\"},{\"@type\":\"Organization\",\"@id\":\"https:\\\/\\\/www.canons.es\\\/#organization\",\"name\":\"Cirug\u00eda Pl\u00e1stica y Est\u00e9tica Barcelona y Granollers | C\u00e0nons Clinics\",\"url\":\"https:\\\/\\\/www.canons.es\\\/\",\"logo\":{\"@type\":\"ImageObject\",\"inLanguage\":\"ca\",\"@id\":\"https:\\\/\\\/www.canons.es\\\/#\\\/schema\\\/logo\\\/image\\\/\",\"url\":\"https:\\\/\\\/www.canons.es\\\/wp-content\\\/uploads\\\/2025\\\/04\\\/logo-canons-clinics.jpg\",\"contentUrl\":\"https:\\\/\\\/www.canons.es\\\/wp-content\\\/uploads\\\/2025\\\/04\\\/logo-canons-clinics.jpg\",\"width\":600,\"height\":139,\"caption\":\"Cirug\u00eda Pl\u00e1stica y Est\u00e9tica Barcelona y Granollers | C\u00e0nons Clinics\"},\"image\":{\"@id\":\"https:\\\/\\\/www.canons.es\\\/#\\\/schema\\\/logo\\\/image\\\/\"},\"sameAs\":[\"https:\\\/\\\/www.facebook.com\\\/canonsclinics\\\/\",\"https:\\\/\\\/x.com\\\/canonsclinics\",\"https:\\\/\\\/www.instagram.com\\\/canonsclinics\\\/\",\"https:\\\/\\\/www.youtube.com\\\/channel\\\/UCI1Ia6LjALyo1CuQ0_HwtfQ\",\"https:\\\/\\\/www.linkedin.com\\\/company\\\/canons-clinics\\\/\"]},{\"@type\":\"Person\",\"@id\":\"https:\\\/\\\/www.canons.es\\\/#\\\/schema\\\/person\\\/947d7b84e9c15475d0452e32f9d72fb7\",\"name\":\"administrador\"}]}<\/script>\n<!-- \/ Yoast SEO Premium plugin. -->","yoast_head_json":{"title":"Dermopigmentaci\u00f3 m\u00e8dica i maquillatge permanent facial - Cl\u00ednica C\u00e0nons | Cirurgia i Medicina Estetica a Barcelona, \u200b\u200bGranollers","description":"Serveis de micropigmentaci\u00f3 de celles, llavis, ulls o eye liner a les nostres cl\u00edniques de Barcelona, Granollers, Reus, Berga i Terrassa","robots":{"index":"index","follow":"follow","max-snippet":"max-snippet:-1","max-image-preview":"max-image-preview:large","max-video-preview":"max-video-preview:-1"},"canonical":"https:\/\/www.canons.es\/micropigmentacion\/","og_locale":"ca_ES","og_type":"article","og_title":"Dermopigmentaci\u00f3 m\u00e8dica i maquillatge permanent facial","og_description":"Serveis de micropigmentaci\u00f3 de celles, llavis, ulls o eye liner a les nostres cl\u00edniques de Barcelona, Granollers, Reus, Berga i Terrassa","og_url":"https:\/\/www.canons.es\/micropigmentacion\/","og_site_name":"Cl\u00ednica C\u00e0nons | Cirurgia i Medicina Estetica a Barcelona, \u200b\u200bGranollers","article_publisher":"https:\/\/www.facebook.com\/canonsclinics\/","article_published_time":"2014-02-21T10:31:49+00:00","article_modified_time":"2023-09-24T19:15:52+00:00","author":"administrador","twitter_card":"summary_large_image","twitter_creator":"@canonsclinics","twitter_site":"@canonsclinics","twitter_misc":{"Escrit per":"administrador","Temps estimat de lectura":"12 minuts"},"schema":{"@context":"https:\/\/schema.org","@graph":[{"@type":"Article","@id":"https:\/\/www.canons.es\/micropigmentacion\/#article","isPartOf":{"@id":"https:\/\/www.canons.es\/micropigmentacion\/"},"author":{"name":"administrador","@id":"https:\/\/www.canons.es\/#\/schema\/person\/947d7b84e9c15475d0452e32f9d72fb7"},"headline":"Dermopigmentaci\u00f3 m\u00e8dica i maquillatge permanent facial","datePublished":"2014-02-21T10:31:49+00:00","dateModified":"2023-09-24T19:15:52+00:00","mainEntityOfPage":{"@id":"https:\/\/www.canons.es\/micropigmentacion\/"},"wordCount":2475,"publisher":{"@id":"https:\/\/www.canons.es\/#organization"},"image":{"@id":"https:\/\/www.canons.es\/micropigmentacion\/#primaryimage"},"thumbnailUrl":"","keywords":["micropigmentaci\u00f3","micropigmentacion"],"articleSection":["General","Medicina est\u00e9tica facial","Serveis d'est\u00e8tica"],"inLanguage":"ca"},{"@type":"WebPage","@id":"https:\/\/www.canons.es\/micropigmentacion\/","url":"https:\/\/www.canons.es\/micropigmentacion\/","name":"Dermopigmentaci\u00f3 m\u00e8dica i maquillatge permanent facial - Cl\u00ednica C\u00e0nons | Cirurgia i Medicina Estetica a Barcelona, \u200b\u200bGranollers","isPartOf":{"@id":"https:\/\/www.canons.es\/#website"},"primaryImageOfPage":{"@id":"https:\/\/www.canons.es\/micropigmentacion\/#primaryimage"},"image":{"@id":"https:\/\/www.canons.es\/micropigmentacion\/#primaryimage"},"thumbnailUrl":"","datePublished":"2014-02-21T10:31:49+00:00","dateModified":"2023-09-24T19:15:52+00:00","description":"Serveis de micropigmentaci\u00f3 de celles, llavis, ulls o eye liner a les nostres cl\u00edniques de Barcelona, Granollers, Reus, Berga i Terrassa","breadcrumb":{"@id":"https:\/\/www.canons.es\/micropigmentacion\/#breadcrumb"},"inLanguage":"ca","potentialAction":[{"@type":"ReadAction","target":["https:\/\/www.canons.es\/micropigmentacion\/"]}]},{"@type":"ImageObject","inLanguage":"ca","@id":"https:\/\/www.canons.es\/micropigmentacion\/#primaryimage","url":"","contentUrl":""},{"@type":"BreadcrumbList","@id":"https:\/\/www.canons.es\/micropigmentacion\/#breadcrumb","itemListElement":[{"@type":"ListItem","position":1,"name":"Portada","item":"https:\/\/www.canons.es\/ca\/"},{"@type":"ListItem","position":2,"name":"Dermopigmentaci\u00f3 m\u00e8dica i maquillatge permanent facial"}]},{"@type":"WebSite","@id":"https:\/\/www.canons.es\/#website","url":"https:\/\/www.canons.es\/","name":"Cirug\u00eda Pl\u00e1stica y Est\u00e9tica Barcelona y Granollers | C\u00e0nons Clinics","description":"","publisher":{"@id":"https:\/\/www.canons.es\/#organization"},"potentialAction":[{"@type":"SearchAction","target":{"@type":"EntryPoint","urlTemplate":"https:\/\/www.canons.es\/?s={search_term_string}"},"query-input":{"@type":"PropertyValueSpecification","valueRequired":true,"valueName":"search_term_string"}}],"inLanguage":"ca"},{"@type":"Organization","@id":"https:\/\/www.canons.es\/#organization","name":"Cirug\u00eda Pl\u00e1stica y Est\u00e9tica Barcelona y Granollers | C\u00e0nons Clinics","url":"https:\/\/www.canons.es\/","logo":{"@type":"ImageObject","inLanguage":"ca","@id":"https:\/\/www.canons.es\/#\/schema\/logo\/image\/","url":"https:\/\/www.canons.es\/wp-content\/uploads\/2025\/04\/logo-canons-clinics.jpg","contentUrl":"https:\/\/www.canons.es\/wp-content\/uploads\/2025\/04\/logo-canons-clinics.jpg","width":600,"height":139,"caption":"Cirug\u00eda Pl\u00e1stica y Est\u00e9tica Barcelona y Granollers | C\u00e0nons Clinics"},"image":{"@id":"https:\/\/www.canons.es\/#\/schema\/logo\/image\/"},"sameAs":["https:\/\/www.facebook.com\/canonsclinics\/","https:\/\/x.com\/canonsclinics","https:\/\/www.instagram.com\/canonsclinics\/","https:\/\/www.youtube.com\/channel\/UCI1Ia6LjALyo1CuQ0_HwtfQ","https:\/\/www.linkedin.com\/company\/canons-clinics\/"]},{"@type":"Person","@id":"https:\/\/www.canons.es\/#\/schema\/person\/947d7b84e9c15475d0452e32f9d72fb7","name":"administrador"}]}},"_links":{"self":[{"href":"https:\/\/www.canons.es\/ca\/wp-json\/wp\/v2\/posts\/6093","targetHints":{"allow":["GET"]}}],"collection":[{"href":"https:\/\/www.canons.es\/ca\/wp-json\/wp\/v2\/posts"}],"about":[{"href":"https:\/\/www.canons.es\/ca\/wp-json\/wp\/v2\/types\/post"}],"author":[{"embeddable":true,"href":"https:\/\/www.canons.es\/ca\/wp-json\/wp\/v2\/users\/25"}],"replies":[{"embeddable":true,"href":"https:\/\/www.canons.es\/ca\/wp-json\/wp\/v2\/comments?post=6093"}],"version-history":[{"count":0,"href":"https:\/\/www.canons.es\/ca\/wp-json\/wp\/v2\/posts\/6093\/revisions"}],"wp:featuredmedia":[{"embeddable":true,"href":"https:\/\/www.canons.es\/ca\/wp-json\/"}],"wp:attachment":[{"href":"https:\/\/www.canons.es\/ca\/wp-json\/wp\/v2\/media?parent=6093"}],"wp:term":[{"taxonomy":"category","embeddable":true,"href":"https:\/\/www.canons.es\/ca\/wp-json\/wp\/v2\/categories?post=6093"},{"taxonomy":"post_tag","embeddable":true,"href":"https:\/\/www.canons.es\/ca\/wp-json\/wp\/v2\/tags?post=6093"}],"curies":[{"name":"wp","href":"https:\/\/api.w.org\/{rel}","templated":true}]}}