{"id":5193,"date":"2013-11-27T13:05:54","date_gmt":"2013-11-27T11:05:54","guid":{"rendered":"https:\/\/www.canons.es\/?p=5193"},"modified":"2015-10-27T09:00:19","modified_gmt":"2015-10-27T09:00:19","slug":"cuidar-la-pell-lhivern","status":"publish","type":"post","link":"https:\/\/www.canons.es\/ca\/cuidar-la-pell-lhivern\/","title":{"rendered":"COM CUIDAR LA PELL A L&#8217;HIVERN?"},"content":{"rendered":"\n\n<div class=\"kk-star-ratings kksr-auto kksr-align-left kksr-valign-top\"\n    data-payload='{&quot;align&quot;:&quot;left&quot;,&quot;id&quot;:&quot;5193&quot;,&quot;slug&quot;:&quot;default&quot;,&quot;valign&quot;:&quot;top&quot;,&quot;ignore&quot;:&quot;&quot;,&quot;reference&quot;:&quot;auto&quot;,&quot;class&quot;:&quot;&quot;,&quot;count&quot;:&quot;0&quot;,&quot;legendonly&quot;:&quot;&quot;,&quot;readonly&quot;:&quot;&quot;,&quot;score&quot;:&quot;0&quot;,&quot;starsonly&quot;:&quot;&quot;,&quot;best&quot;:&quot;5&quot;,&quot;gap&quot;:&quot;5&quot;,&quot;greet&quot;:&quot;Eval\u00faa este art\u00edculo&quot;,&quot;legend&quot;:&quot;0\\\/5 - (0 votes)&quot;,&quot;size&quot;:&quot;24&quot;,&quot;title&quot;:&quot;COM CUIDAR LA PELL A L\\u0026#039;HIVERN?&quot;,&quot;width&quot;:&quot;0&quot;,&quot;_legend&quot;:&quot;{score}\\\/{best} - ({count} {votes})&quot;,&quot;font_factor&quot;:&quot;1.25&quot;}'>\n            \n<div class=\"kksr-stars\">\n    \n<div class=\"kksr-stars-inactive\">\n            <div class=\"kksr-star\" data-star=\"1\" style=\"padding-right: 5px\">\n            \n\n<div class=\"kksr-icon\" style=\"width: 24px; height: 24px;\"><\/div>\n        <\/div>\n            <div class=\"kksr-star\" data-star=\"2\" style=\"padding-right: 5px\">\n            \n\n<div class=\"kksr-icon\" style=\"width: 24px; height: 24px;\"><\/div>\n        <\/div>\n            <div class=\"kksr-star\" data-star=\"3\" style=\"padding-right: 5px\">\n            \n\n<div class=\"kksr-icon\" style=\"width: 24px; height: 24px;\"><\/div>\n        <\/div>\n            <div class=\"kksr-star\" data-star=\"4\" style=\"padding-right: 5px\">\n            \n\n<div class=\"kksr-icon\" style=\"width: 24px; height: 24px;\"><\/div>\n        <\/div>\n            <div class=\"kksr-star\" data-star=\"5\" style=\"padding-right: 5px\">\n            \n\n<div class=\"kksr-icon\" style=\"width: 24px; height: 24px;\"><\/div>\n        <\/div>\n    <\/div>\n    \n<div class=\"kksr-stars-active\" style=\"width: 0px;\">\n            <div class=\"kksr-star\" style=\"padding-right: 5px\">\n            \n\n<div class=\"kksr-icon\" style=\"width: 24px; height: 24px;\"><\/div>\n        <\/div>\n            <div class=\"kksr-star\" style=\"padding-right: 5px\">\n            \n\n<div class=\"kksr-icon\" style=\"width: 24px; height: 24px;\"><\/div>\n        <\/div>\n            <div class=\"kksr-star\" style=\"padding-right: 5px\">\n            \n\n<div class=\"kksr-icon\" style=\"width: 24px; height: 24px;\"><\/div>\n        <\/div>\n            <div class=\"kksr-star\" style=\"padding-right: 5px\">\n            \n\n<div class=\"kksr-icon\" style=\"width: 24px; height: 24px;\"><\/div>\n        <\/div>\n            <div class=\"kksr-star\" style=\"padding-right: 5px\">\n            \n\n<div class=\"kksr-icon\" style=\"width: 24px; height: 24px;\"><\/div>\n        <\/div>\n    <\/div>\n<\/div>\n                \n\n<div class=\"kksr-legend\" style=\"font-size: 19.2px;\">\n            <span class=\"kksr-muted\">Eval\u00faa este art\u00edculo<\/span>\n    <\/div>\n    <\/div>\n<p>El fred ja est\u00e0. En un obrir i tancar d&#8217;ulls ens hem trobat amb un temporal de fred i vent que fa predir que l&#8217;hivern ja ha arribat per quedar-se. La baixada de temperatures, a part d&#8217;afectar al nostre armari i a les nostres rutines d&#8217;oci, tamb\u00e9 afecta, i molt, a la nostra pell. I \u00e9s que \u00e9s en aquests mesos quan el nostre cutis pateix m\u00e9s. A continuaci\u00f3, t&#8217;expliquem quins efectes t\u00e9 el fred sobre la nostra pell i com neutralitzar-los.<br \/>\n<strong><img loading=\"lazy\" decoding=\"async\" class=\"alignright wp-image-5186\" src=\"http:\/\/www.C\u00e0nons Clinics.es\/wp-content\/uploads\/pell-deshidratada-290x193.jpg\" alt=\"piel deshidratada\" width=\"232\" height=\"154\" \/>L&#8217;efecte del fred en la nostra pell<\/strong><\/p>\n<p>El fred causa una vasoconstricci\u00f3 en els capil\u00b7lars de la pell, la qual cosa fa que no arribi suficient oxigeno ni nutrients a les c\u00e8l\u00b7lules de l&#8217;epidermis, apagant el nostre cutis. Retarda el cicle de renovaci\u00f3 cel\u00b7lular i s&#8217;acumulen c\u00e8l\u00b7lules mortes, per la qual cosa causa una sensaci\u00f3 de tibantor i impedeix la secreci\u00f3 seb\u00e0cea natural de la pell, necess\u00e0ria per nodrir la pell, deixant-la seca i sensible.<br \/>\nEn aquesta \u00e8poca, la pell perd mobilitat i elasticitat, es produeix deshidrataci\u00f3 i sequedat, i fins i tot irritacions si la pell \u00e9s sensible, com granets o vermellors a les zones m\u00e9s sensibles, com per exemple, al voltant del nas.<\/p>\n<p>Tampoc podem oblidar-nos dels llavis i les mans, dues de les zones m\u00e9s sensibles del nostre cos. Hem de tenir una cura especial amb els llavis, ja que la seva pell \u00e9s m\u00e9s fina, manca de gl\u00e0ndules sudor\u00edpares i seb\u00e0cees, per la qual cosa regulen malament els canvis de temperatura, i amb les mans, sempre exposades a l&#8217;hivern.<br \/>\n<strong>Hidrataci\u00f3 total<\/strong><\/p>\n<p>\u00c9s important utilitzar cremes per al rostre amb elements hidratants, que protegeixin del fred i evitin la deshidrataci\u00f3 intensa. Per combatre la sequedat en els llavis, et recomanem utilitzar productes reparadors. A les mans, cremes espec\u00edfiques per evitar la seva irritaci\u00f3.<\/p>\n<p>Beure molta aigua, encara que no vingui de gust tant en aquests mesos, i una dieta rica en fruita i verdures, rics en vitamines i antioxidants, s\u00f3n funamentals per hidratar la nostra pell, tamb\u00e9 des de dins.<\/p>\n<p>A la<strong> cl\u00ednica de<\/strong> <strong>medicina est\u00e8tica<\/strong> C\u00e0nons Clinics evitem que el teu cutis s&#8217;apagui amb el nostre tractament de <strong>medicina est\u00e8tica<\/strong> <a href=\"http:\/\/www.C\u00e0nons Clinics.es\/hidratacion-y-mesoterapia-facial\/?lang=ca\">Hidrataci\u00f3 i Multivitamines amb Mesoterapia Facial<\/a>. Un protocol de bellesa amb el qual rehidratarem la teva pell amb \u00e0cid hialur\u00f3nico i multivitamines, especialment a les zones m\u00e9s delicades i sensibles, com a la cara, coll, mans i escot. Aquests actius afavoreixen la creaci\u00f3 de col\u00b7l\u00e0gen i elastina en la pell, que aconsegueixen retenir l&#8217;aigua dels teixits i, per tant, mantenir-los hidratats.<\/p>\n<p>Avan\u00e7a&#8217;t a l&#8217;hivern. Que aquest Nadal no t&#8217;enxampi desprevinguda. En aquestes festes llueix el teu millor aspecte amb el nostre tractament de <strong>medicina est\u00e8tica facial<\/strong> Hidrataci\u00f3 i Multivitamines amb Mesoterapia Facial.<\/p>\n<p>Truca&#8217;ns al 93 860 60 60 o contacta amb nosaltres via email en el correu electr\u00f2nic info@C\u00e0nons Clinics.es i reserva la teva cita!<br \/>\nAquest Nadal brilla com mai amb C\u00e0nons Clinics, <strong>cl\u00edniques de cirurgia i medicina est\u00e8tica a Barcelona, Granollers i Reus<\/strong>.<\/p>\n<!-- AddThis Advanced Settings generic via filter on the_content --><!-- AddThis Share Buttons generic via filter on the_content -->","protected":false},"excerpt":{"rendered":"<p>El fred ja est\u00e0. En un obrir i tancar d&#8217;ulls ens hem trobat amb un temporal de fred i vent que fa predir que l&#8217;hivern ja ha arribat per quedar-se. La baixada de temperatures, a part d&#8217;afectar al nostre armari i a les nostres rutines&#8230;<!-- AddThis Advanced Settings generic via filter on get_the_excerpt --><!-- AddThis Share Buttons generic via filter on get_the_excerpt --><\/p>\n","protected":false},"author":25,"featured_media":0,"comment_status":"closed","ping_status":"closed","sticky":false,"template":"","format":"standard","meta":{"footnotes":""},"categories":[79,71],"tags":[614,524,615,397,522,656,474,387,616],"class_list":["post-5193","post","type-post","status-publish","format-standard","hentry","category-blog-del-dr-victor-hernandez-da-costa-ca","category-general-2","tag-acid-hialuronic-ca","tag-acido-hialuronico-ca","tag-collagen-ca","tag-hidratacion-ca","tag-medicina-estetica-ca","tag-medicina-estetica-es-ca","tag-medicina-estetica-facial-2-ca","tag-mesoterapia-ca","tag-vitamines-ca"],"yoast_head":"<!-- This site is optimized with the Yoast SEO Premium plugin v26.9 (Yoast SEO v27.4) - https:\/\/yoast.com\/product\/yoast-seo-premium-wordpress\/ -->\n<title>COM CUIDAR LA PELL A L&#039;HIVERN? - Cl\u00ednica C\u00e0nons | Cirurgia i Medicina Estetica a Barcelona, \u200b\u200bGranollers<\/title>\n<meta name=\"description\" content=\"El fred resseca i apaga la nostra pell. Mitiga els efectes de l&#039;hivern amb el nostre tractament de medicina est\u00e8tica Hidrataci\u00f3 i Multivitamines amb Mesoterapia Facial. Truca&#039;ns al 93 860 60 60 i reserva cita!\" \/>\n<meta name=\"robots\" content=\"index, follow, max-snippet:-1, max-image-preview:large, max-video-preview:-1\" \/>\n<link rel=\"canonical\" href=\"https:\/\/www.canons.es\/cuidar-la-piel-en-invierno\/\" \/>\n<meta property=\"og:locale\" content=\"ca_ES\" \/>\n<meta property=\"og:type\" content=\"article\" \/>\n<meta property=\"og:title\" content=\"COM CUIDAR LA PELL A L&#039;HIVERN?\" \/>\n<meta property=\"og:description\" content=\"El fred resseca i apaga la nostra pell. Mitiga els efectes de l&#039;hivern amb el nostre tractament de medicina est\u00e8tica Hidrataci\u00f3 i Multivitamines amb Mesoterapia Facial. Truca&#039;ns al 93 860 60 60 i reserva cita!\" \/>\n<meta property=\"og:url\" content=\"https:\/\/www.canons.es\/cuidar-la-piel-en-invierno\/\" \/>\n<meta property=\"og:site_name\" content=\"Cl\u00ednica C\u00e0nons | Cirurgia i Medicina Estetica a Barcelona, \u200b\u200bGranollers\" \/>\n<meta property=\"article:publisher\" content=\"https:\/\/www.facebook.com\/canonsclinics\/\" \/>\n<meta property=\"article:published_time\" content=\"2013-11-27T11:05:54+00:00\" \/>\n<meta property=\"article:modified_time\" content=\"2015-10-27T09:00:19+00:00\" \/>\n<meta name=\"author\" content=\"administrador\" \/>\n<meta name=\"twitter:card\" content=\"summary_large_image\" \/>\n<meta name=\"twitter:creator\" content=\"@canonsclinics\" \/>\n<meta name=\"twitter:site\" content=\"@canonsclinics\" \/>\n<meta name=\"twitter:label1\" content=\"Escrit per\" \/>\n\t<meta name=\"twitter:data1\" content=\"administrador\" \/>\n\t<meta name=\"twitter:label2\" content=\"Temps estimat de lectura\" \/>\n\t<meta name=\"twitter:data2\" content=\"3 minuts\" \/>\n<script type=\"application\/ld+json\" class=\"yoast-schema-graph\">{\"@context\":\"https:\\\/\\\/schema.org\",\"@graph\":[{\"@type\":\"Article\",\"@id\":\"https:\\\/\\\/www.canons.es\\\/cuidar-la-piel-en-invierno\\\/#article\",\"isPartOf\":{\"@id\":\"https:\\\/\\\/www.canons.es\\\/cuidar-la-piel-en-invierno\\\/\"},\"author\":{\"name\":\"administrador\",\"@id\":\"https:\\\/\\\/www.canons.es\\\/#\\\/schema\\\/person\\\/947d7b84e9c15475d0452e32f9d72fb7\"},\"headline\":\"COM CUIDAR LA PELL A L&#8217;HIVERN?\",\"datePublished\":\"2013-11-27T11:05:54+00:00\",\"dateModified\":\"2015-10-27T09:00:19+00:00\",\"mainEntityOfPage\":{\"@id\":\"https:\\\/\\\/www.canons.es\\\/cuidar-la-piel-en-invierno\\\/\"},\"wordCount\":526,\"publisher\":{\"@id\":\"https:\\\/\\\/www.canons.es\\\/#organization\"},\"keywords\":[\"acid hialuronic\",\"\u00e1cido hialur\u00f3nico\",\"col\u00b7lagen\",\"hidrataci\u00f3n\",\"medicina est\u00e9tica\",\"medicina est\u00e9tica @es\",\"medicina estetica facial\",\"mesoterapia\",\"vitamines\"],\"articleSection\":[\"Blog del Dr. V\u00edctor Hern\u00e0ndez Da Costa\",\"General\"],\"inLanguage\":\"ca\"},{\"@type\":\"WebPage\",\"@id\":\"https:\\\/\\\/www.canons.es\\\/cuidar-la-piel-en-invierno\\\/\",\"url\":\"https:\\\/\\\/www.canons.es\\\/cuidar-la-piel-en-invierno\\\/\",\"name\":\"COM CUIDAR LA PELL A L'HIVERN? - Cl\u00ednica C\u00e0nons | Cirurgia i Medicina Estetica a Barcelona, \u200b\u200bGranollers\",\"isPartOf\":{\"@id\":\"https:\\\/\\\/www.canons.es\\\/#website\"},\"datePublished\":\"2013-11-27T11:05:54+00:00\",\"dateModified\":\"2015-10-27T09:00:19+00:00\",\"description\":\"El fred resseca i apaga la nostra pell. Mitiga els efectes de l'hivern amb el nostre tractament de medicina est\u00e8tica Hidrataci\u00f3 i Multivitamines amb Mesoterapia Facial. Truca'ns al 93 860 60 60 i reserva cita!\",\"breadcrumb\":{\"@id\":\"https:\\\/\\\/www.canons.es\\\/cuidar-la-piel-en-invierno\\\/#breadcrumb\"},\"inLanguage\":\"ca\",\"potentialAction\":[{\"@type\":\"ReadAction\",\"target\":[\"https:\\\/\\\/www.canons.es\\\/cuidar-la-piel-en-invierno\\\/\"]}]},{\"@type\":\"BreadcrumbList\",\"@id\":\"https:\\\/\\\/www.canons.es\\\/cuidar-la-piel-en-invierno\\\/#breadcrumb\",\"itemListElement\":[{\"@type\":\"ListItem\",\"position\":1,\"name\":\"Portada\",\"item\":\"https:\\\/\\\/www.canons.es\\\/ca\\\/\"},{\"@type\":\"ListItem\",\"position\":2,\"name\":\"COM CUIDAR LA PELL A L&#8217;HIVERN?\"}]},{\"@type\":\"WebSite\",\"@id\":\"https:\\\/\\\/www.canons.es\\\/#website\",\"url\":\"https:\\\/\\\/www.canons.es\\\/\",\"name\":\"Cirug\u00eda Pl\u00e1stica y Est\u00e9tica Barcelona y Granollers | C\u00e0nons Clinics\",\"description\":\"\",\"publisher\":{\"@id\":\"https:\\\/\\\/www.canons.es\\\/#organization\"},\"potentialAction\":[{\"@type\":\"SearchAction\",\"target\":{\"@type\":\"EntryPoint\",\"urlTemplate\":\"https:\\\/\\\/www.canons.es\\\/?s={search_term_string}\"},\"query-input\":{\"@type\":\"PropertyValueSpecification\",\"valueRequired\":true,\"valueName\":\"search_term_string\"}}],\"inLanguage\":\"ca\"},{\"@type\":\"Organization\",\"@id\":\"https:\\\/\\\/www.canons.es\\\/#organization\",\"name\":\"Cirug\u00eda Pl\u00e1stica y Est\u00e9tica Barcelona y Granollers | C\u00e0nons Clinics\",\"url\":\"https:\\\/\\\/www.canons.es\\\/\",\"logo\":{\"@type\":\"ImageObject\",\"inLanguage\":\"ca\",\"@id\":\"https:\\\/\\\/www.canons.es\\\/#\\\/schema\\\/logo\\\/image\\\/\",\"url\":\"https:\\\/\\\/www.canons.es\\\/wp-content\\\/uploads\\\/2025\\\/04\\\/logo-canons-clinics.jpg\",\"contentUrl\":\"https:\\\/\\\/www.canons.es\\\/wp-content\\\/uploads\\\/2025\\\/04\\\/logo-canons-clinics.jpg\",\"width\":600,\"height\":139,\"caption\":\"Cirug\u00eda Pl\u00e1stica y Est\u00e9tica Barcelona y Granollers | C\u00e0nons Clinics\"},\"image\":{\"@id\":\"https:\\\/\\\/www.canons.es\\\/#\\\/schema\\\/logo\\\/image\\\/\"},\"sameAs\":[\"https:\\\/\\\/www.facebook.com\\\/canonsclinics\\\/\",\"https:\\\/\\\/x.com\\\/canonsclinics\",\"https:\\\/\\\/www.instagram.com\\\/canonsclinics\\\/\",\"https:\\\/\\\/www.youtube.com\\\/channel\\\/UCI1Ia6LjALyo1CuQ0_HwtfQ\",\"https:\\\/\\\/www.linkedin.com\\\/company\\\/canons-clinics\\\/\"]},{\"@type\":\"Person\",\"@id\":\"https:\\\/\\\/www.canons.es\\\/#\\\/schema\\\/person\\\/947d7b84e9c15475d0452e32f9d72fb7\",\"name\":\"administrador\"}]}<\/script>\n<!-- \/ Yoast SEO Premium plugin. -->","yoast_head_json":{"title":"COM CUIDAR LA PELL A L'HIVERN? - Cl\u00ednica C\u00e0nons | Cirurgia i Medicina Estetica a Barcelona, \u200b\u200bGranollers","description":"El fred resseca i apaga la nostra pell. Mitiga els efectes de l'hivern amb el nostre tractament de medicina est\u00e8tica Hidrataci\u00f3 i Multivitamines amb Mesoterapia Facial. Truca'ns al 93 860 60 60 i reserva cita!","robots":{"index":"index","follow":"follow","max-snippet":"max-snippet:-1","max-image-preview":"max-image-preview:large","max-video-preview":"max-video-preview:-1"},"canonical":"https:\/\/www.canons.es\/cuidar-la-piel-en-invierno\/","og_locale":"ca_ES","og_type":"article","og_title":"COM CUIDAR LA PELL A L'HIVERN?","og_description":"El fred resseca i apaga la nostra pell. Mitiga els efectes de l'hivern amb el nostre tractament de medicina est\u00e8tica Hidrataci\u00f3 i Multivitamines amb Mesoterapia Facial. Truca'ns al 93 860 60 60 i reserva cita!","og_url":"https:\/\/www.canons.es\/cuidar-la-piel-en-invierno\/","og_site_name":"Cl\u00ednica C\u00e0nons | Cirurgia i Medicina Estetica a Barcelona, \u200b\u200bGranollers","article_publisher":"https:\/\/www.facebook.com\/canonsclinics\/","article_published_time":"2013-11-27T11:05:54+00:00","article_modified_time":"2015-10-27T09:00:19+00:00","author":"administrador","twitter_card":"summary_large_image","twitter_creator":"@canonsclinics","twitter_site":"@canonsclinics","twitter_misc":{"Escrit per":"administrador","Temps estimat de lectura":"3 minuts"},"schema":{"@context":"https:\/\/schema.org","@graph":[{"@type":"Article","@id":"https:\/\/www.canons.es\/cuidar-la-piel-en-invierno\/#article","isPartOf":{"@id":"https:\/\/www.canons.es\/cuidar-la-piel-en-invierno\/"},"author":{"name":"administrador","@id":"https:\/\/www.canons.es\/#\/schema\/person\/947d7b84e9c15475d0452e32f9d72fb7"},"headline":"COM CUIDAR LA PELL A L&#8217;HIVERN?","datePublished":"2013-11-27T11:05:54+00:00","dateModified":"2015-10-27T09:00:19+00:00","mainEntityOfPage":{"@id":"https:\/\/www.canons.es\/cuidar-la-piel-en-invierno\/"},"wordCount":526,"publisher":{"@id":"https:\/\/www.canons.es\/#organization"},"keywords":["acid hialuronic","\u00e1cido hialur\u00f3nico","col\u00b7lagen","hidrataci\u00f3n","medicina est\u00e9tica","medicina est\u00e9tica @es","medicina estetica facial","mesoterapia","vitamines"],"articleSection":["Blog del Dr. V\u00edctor Hern\u00e0ndez Da Costa","General"],"inLanguage":"ca"},{"@type":"WebPage","@id":"https:\/\/www.canons.es\/cuidar-la-piel-en-invierno\/","url":"https:\/\/www.canons.es\/cuidar-la-piel-en-invierno\/","name":"COM CUIDAR LA PELL A L'HIVERN? - Cl\u00ednica C\u00e0nons | Cirurgia i Medicina Estetica a Barcelona, \u200b\u200bGranollers","isPartOf":{"@id":"https:\/\/www.canons.es\/#website"},"datePublished":"2013-11-27T11:05:54+00:00","dateModified":"2015-10-27T09:00:19+00:00","description":"El fred resseca i apaga la nostra pell. Mitiga els efectes de l'hivern amb el nostre tractament de medicina est\u00e8tica Hidrataci\u00f3 i Multivitamines amb Mesoterapia Facial. Truca'ns al 93 860 60 60 i reserva cita!","breadcrumb":{"@id":"https:\/\/www.canons.es\/cuidar-la-piel-en-invierno\/#breadcrumb"},"inLanguage":"ca","potentialAction":[{"@type":"ReadAction","target":["https:\/\/www.canons.es\/cuidar-la-piel-en-invierno\/"]}]},{"@type":"BreadcrumbList","@id":"https:\/\/www.canons.es\/cuidar-la-piel-en-invierno\/#breadcrumb","itemListElement":[{"@type":"ListItem","position":1,"name":"Portada","item":"https:\/\/www.canons.es\/ca\/"},{"@type":"ListItem","position":2,"name":"COM CUIDAR LA PELL A L&#8217;HIVERN?"}]},{"@type":"WebSite","@id":"https:\/\/www.canons.es\/#website","url":"https:\/\/www.canons.es\/","name":"Cirug\u00eda Pl\u00e1stica y Est\u00e9tica Barcelona y Granollers | C\u00e0nons Clinics","description":"","publisher":{"@id":"https:\/\/www.canons.es\/#organization"},"potentialAction":[{"@type":"SearchAction","target":{"@type":"EntryPoint","urlTemplate":"https:\/\/www.canons.es\/?s={search_term_string}"},"query-input":{"@type":"PropertyValueSpecification","valueRequired":true,"valueName":"search_term_string"}}],"inLanguage":"ca"},{"@type":"Organization","@id":"https:\/\/www.canons.es\/#organization","name":"Cirug\u00eda Pl\u00e1stica y Est\u00e9tica Barcelona y Granollers | C\u00e0nons Clinics","url":"https:\/\/www.canons.es\/","logo":{"@type":"ImageObject","inLanguage":"ca","@id":"https:\/\/www.canons.es\/#\/schema\/logo\/image\/","url":"https:\/\/www.canons.es\/wp-content\/uploads\/2025\/04\/logo-canons-clinics.jpg","contentUrl":"https:\/\/www.canons.es\/wp-content\/uploads\/2025\/04\/logo-canons-clinics.jpg","width":600,"height":139,"caption":"Cirug\u00eda Pl\u00e1stica y Est\u00e9tica Barcelona y Granollers | C\u00e0nons Clinics"},"image":{"@id":"https:\/\/www.canons.es\/#\/schema\/logo\/image\/"},"sameAs":["https:\/\/www.facebook.com\/canonsclinics\/","https:\/\/x.com\/canonsclinics","https:\/\/www.instagram.com\/canonsclinics\/","https:\/\/www.youtube.com\/channel\/UCI1Ia6LjALyo1CuQ0_HwtfQ","https:\/\/www.linkedin.com\/company\/canons-clinics\/"]},{"@type":"Person","@id":"https:\/\/www.canons.es\/#\/schema\/person\/947d7b84e9c15475d0452e32f9d72fb7","name":"administrador"}]}},"_links":{"self":[{"href":"https:\/\/www.canons.es\/ca\/wp-json\/wp\/v2\/posts\/5193","targetHints":{"allow":["GET"]}}],"collection":[{"href":"https:\/\/www.canons.es\/ca\/wp-json\/wp\/v2\/posts"}],"about":[{"href":"https:\/\/www.canons.es\/ca\/wp-json\/wp\/v2\/types\/post"}],"author":[{"embeddable":true,"href":"https:\/\/www.canons.es\/ca\/wp-json\/wp\/v2\/users\/25"}],"replies":[{"embeddable":true,"href":"https:\/\/www.canons.es\/ca\/wp-json\/wp\/v2\/comments?post=5193"}],"version-history":[{"count":0,"href":"https:\/\/www.canons.es\/ca\/wp-json\/wp\/v2\/posts\/5193\/revisions"}],"wp:attachment":[{"href":"https:\/\/www.canons.es\/ca\/wp-json\/wp\/v2\/media?parent=5193"}],"wp:term":[{"taxonomy":"category","embeddable":true,"href":"https:\/\/www.canons.es\/ca\/wp-json\/wp\/v2\/categories?post=5193"},{"taxonomy":"post_tag","embeddable":true,"href":"https:\/\/www.canons.es\/ca\/wp-json\/wp\/v2\/tags?post=5193"}],"curies":[{"name":"wp","href":"https:\/\/api.w.org\/{rel}","templated":true}]}}