{"id":5090,"date":"2013-09-17T13:40:05","date_gmt":"2013-09-17T11:40:05","guid":{"rendered":"https:\/\/www.canons.es\/?p=5090"},"modified":"2015-10-27T09:00:40","modified_gmt":"2015-10-27T09:00:40","slug":"llueix-uns-bracos-ferms-contornejats-amb-el-lifting-de-bracos","status":"publish","type":"post","link":"https:\/\/www.canons.es\/ca\/llueix-uns-bracos-ferms-contornejats-amb-el-lifting-de-bracos\/","title":{"rendered":"LLUEIX UNS BRA\u00c7OS FERMS I CONTORNEJATS AMB EL LIFTING DE BRA\u00c7OS"},"content":{"rendered":"\n\n<div class=\"kk-star-ratings kksr-auto kksr-align-left kksr-valign-top\"\n    data-payload='{&quot;align&quot;:&quot;left&quot;,&quot;id&quot;:&quot;5090&quot;,&quot;slug&quot;:&quot;default&quot;,&quot;valign&quot;:&quot;top&quot;,&quot;ignore&quot;:&quot;&quot;,&quot;reference&quot;:&quot;auto&quot;,&quot;class&quot;:&quot;&quot;,&quot;count&quot;:&quot;0&quot;,&quot;legendonly&quot;:&quot;&quot;,&quot;readonly&quot;:&quot;&quot;,&quot;score&quot;:&quot;0&quot;,&quot;starsonly&quot;:&quot;&quot;,&quot;best&quot;:&quot;5&quot;,&quot;gap&quot;:&quot;5&quot;,&quot;greet&quot;:&quot;Eval\u00faa este art\u00edculo&quot;,&quot;legend&quot;:&quot;0\\\/5 - (0 votes)&quot;,&quot;size&quot;:&quot;24&quot;,&quot;title&quot;:&quot;LLUEIX UNS BRA\u00c7OS FERMS I CONTORNEJATS AMB EL LIFTING DE BRA\u00c7OS&quot;,&quot;width&quot;:&quot;0&quot;,&quot;_legend&quot;:&quot;{score}\\\/{best} - ({count} {votes})&quot;,&quot;font_factor&quot;:&quot;1.25&quot;}'>\n            \n<div class=\"kksr-stars\">\n    \n<div class=\"kksr-stars-inactive\">\n            <div class=\"kksr-star\" data-star=\"1\" style=\"padding-right: 5px\">\n            \n\n<div class=\"kksr-icon\" style=\"width: 24px; height: 24px;\"><\/div>\n        <\/div>\n            <div class=\"kksr-star\" data-star=\"2\" style=\"padding-right: 5px\">\n            \n\n<div class=\"kksr-icon\" style=\"width: 24px; height: 24px;\"><\/div>\n        <\/div>\n            <div class=\"kksr-star\" data-star=\"3\" style=\"padding-right: 5px\">\n            \n\n<div class=\"kksr-icon\" style=\"width: 24px; height: 24px;\"><\/div>\n        <\/div>\n            <div class=\"kksr-star\" data-star=\"4\" style=\"padding-right: 5px\">\n            \n\n<div class=\"kksr-icon\" style=\"width: 24px; height: 24px;\"><\/div>\n        <\/div>\n            <div class=\"kksr-star\" data-star=\"5\" style=\"padding-right: 5px\">\n            \n\n<div class=\"kksr-icon\" style=\"width: 24px; height: 24px;\"><\/div>\n        <\/div>\n    <\/div>\n    \n<div class=\"kksr-stars-active\" style=\"width: 0px;\">\n            <div class=\"kksr-star\" style=\"padding-right: 5px\">\n            \n\n<div class=\"kksr-icon\" style=\"width: 24px; height: 24px;\"><\/div>\n        <\/div>\n            <div class=\"kksr-star\" style=\"padding-right: 5px\">\n            \n\n<div class=\"kksr-icon\" style=\"width: 24px; height: 24px;\"><\/div>\n        <\/div>\n            <div class=\"kksr-star\" style=\"padding-right: 5px\">\n            \n\n<div class=\"kksr-icon\" style=\"width: 24px; height: 24px;\"><\/div>\n        <\/div>\n            <div class=\"kksr-star\" style=\"padding-right: 5px\">\n            \n\n<div class=\"kksr-icon\" style=\"width: 24px; height: 24px;\"><\/div>\n        <\/div>\n            <div class=\"kksr-star\" style=\"padding-right: 5px\">\n            \n\n<div class=\"kksr-icon\" style=\"width: 24px; height: 24px;\"><\/div>\n        <\/div>\n    <\/div>\n<\/div>\n                \n\n<div class=\"kksr-legend\" style=\"font-size: 19.2px;\">\n            <span class=\"kksr-muted\">Eval\u00faa este art\u00edculo<\/span>\n    <\/div>\n    <\/div>\n<p>A partir de certa edat, la flacidesa als bra\u00e7os \u00e9s un dels problemes que m\u00e9s preocupa a les dones. No obstant aix\u00f2, la s\u00edndrome de \u201cBra\u00e7os penjants\u201d t\u00e9 una soluci\u00f3 quir\u00fargica: el lifting de bra\u00e7os. Es tracta d&#8217;un procediment de<strong> cirurgia est\u00e8tica<\/strong> que consisteix a eliminar per mitj\u00e0 del bistur\u00ed l&#8217;exc\u00e9s cutani gras que provoca que la pell de la cara interna dels bra\u00e7os pengi, aix\u00ed com rejoveneix, disminueix la flacidesa i estilitza la zona.<\/p>\n<p>Aquest tractament de <strong>cirurgia pl\u00e0stica<\/strong> \u00e9s indicat per a persones que han perdut una gran quantitat de pes de forma sobtada o al tenir una certa edat.<\/p>\n<p>No obstant aix\u00f2, si el grau de la flasidesa no \u00e9s excessiu, \u00e9s possible treballar la zona mitjan\u00e7ant una <strong>Liposucci\u00f3 assistida per l\u00e0ser<\/strong> per remodelar el contorn dels bra\u00e7os. Aquesta soluci\u00f3 de cirurgia corporal es realitza amb una incisi\u00f3 mil\u00b7lim\u00e8trica a l&#8217;aixella o a la part interior del bra\u00e7, quedant una cicatriu gaireb\u00e9 imperceptible.<\/p>\n<p style=\"text-align: center;\"><img loading=\"lazy\" decoding=\"async\" class=\"aligncenter wp-image-5092\" src=\"http:\/\/www.C\u00e0nons Clinics.es\/wp-content\/uploads\/foto-031.jpg\" alt=\"Cirurgia est\u00e8tica bra\u00e7os\" width=\"361\" height=\"241\" \/><\/p>\n<p>El post operatori requereix unes cures espec\u00edfiques. El cirurgi\u00e0 et col\u00b7locar\u00e0 una pe\u00e7a de presoterapia a mida als bra\u00e7os que haur\u00e0s de portar durant unes setmanes perqu\u00e8 el per\u00edode postquir\u00fargic sigui el m\u00e9s curt possible.<\/p>\n<p>Haur\u00e0s d&#8217;evitar els moviments de bra\u00e7os i l&#8217;exposici\u00f3 solar durant unes setmanes i prendre els medicaments pautats.<\/p>\n<p>Si desitges millorar la teva figura i sentir-te millor amb tu mateixa, a <em>C\u00e0nons Clinics<\/em>, cl\u00edniques especialitzades en <strong>Medicina i Cirurgia Est\u00e8tica a Barcelona<\/strong>, Granollers i Reus, ho fem possible.<\/p>\n<p>Truca\u2019ns al 93 860 60 60 o contacta amb nosaltres per email, a info@C\u00e0nons Clinics.es i demana m\u00e9s informaci\u00f3.<\/p>\n<p>www.C\u00e0nons Clinics.es<\/p>\n<!-- AddThis Advanced Settings generic via filter on the_content --><!-- AddThis Share Buttons generic via filter on the_content -->","protected":false},"excerpt":{"rendered":"<p>A partir de certa edat, la flacidesa als bra\u00e7os \u00e9s un dels problemes que m\u00e9s preocupa a les dones. No obstant aix\u00f2, la s\u00edndrome de \u201cBra\u00e7os penjants\u201d t\u00e9 una soluci\u00f3 quir\u00fargica: el lifting de bra\u00e7os. Es tracta d&#8217;un procediment de cirurgia est\u00e8tica que consisteix a&#8230;<!-- AddThis Advanced Settings generic via filter on get_the_excerpt --><!-- AddThis Share Buttons generic via filter on get_the_excerpt --><\/p>\n","protected":false},"author":25,"featured_media":0,"comment_status":"closed","ping_status":"closed","sticky":false,"template":"","format":"standard","meta":{"footnotes":""},"categories":[79,892],"tags":[753,580,604,605,606,607,186,754,608,609,610],"class_list":["post-5090","post","type-post","status-publish","format-standard","hentry","category-blog-del-dr-victor-hernandez-da-costa-ca","category-cirugia-plastica-y-estetica-corporal-ca","tag-cirugia-plastica-barcelona-ca","tag-cirurgia-estetica-ca","tag-cirurgia-estetica-barcelona-ca","tag-cirurgia-estetica-bracos-ca","tag-cirurgia-plastica-ca","tag-clinica-cirurgia-estetica-ca","tag-clinica-de-cirugia-estetica-barcelona","tag-clinica-de-cirugia-estetica-barcelona-ca","tag-cliniques-cirurgia-estetica-a-barcelona-ca","tag-lifting-de-bracos-ca","tag-liposuccio-assistida-per-laser-de-bracos-ca"],"yoast_head":"<!-- This site is optimized with the Yoast SEO Premium plugin v26.9 (Yoast SEO v27.4) - https:\/\/yoast.com\/product\/yoast-seo-premium-wordpress\/ -->\n<title>LLUEIX UNS BRA\u00c7OS FERMS I CONTORNEJATS AMB EL LIFTING DE BRA\u00c7OS - Cl\u00ednica C\u00e0nons | Cirurgia i Medicina Estetica a Barcelona, \u200b\u200bGranollers<\/title>\n<meta name=\"description\" content=\"Aconsegueix uns bra\u00e7os ferms gr\u00e0cies la tractament de bellesa Lifting de bra\u00e7os, de C\u00e0nons, cl\u00edniques de Medicina i Cirurgia est\u00e8tica a Barcelona\" \/>\n<meta name=\"robots\" content=\"index, follow, max-snippet:-1, max-image-preview:large, max-video-preview:-1\" \/>\n<link rel=\"canonical\" href=\"https:\/\/www.canons.es\/luce-unos-brazos-firmes-y-contorneados-con-el-lifting-de-brazos\/\" \/>\n<meta property=\"og:locale\" content=\"ca_ES\" \/>\n<meta property=\"og:type\" content=\"article\" \/>\n<meta property=\"og:title\" content=\"LLUEIX UNS BRA\u00c7OS FERMS I CONTORNEJATS AMB EL LIFTING DE BRA\u00c7OS\" \/>\n<meta property=\"og:description\" content=\"Aconsegueix uns bra\u00e7os ferms gr\u00e0cies la tractament de bellesa Lifting de bra\u00e7os, de C\u00e0nons, cl\u00edniques de Medicina i Cirurgia est\u00e8tica a Barcelona\" \/>\n<meta property=\"og:url\" content=\"https:\/\/www.canons.es\/luce-unos-brazos-firmes-y-contorneados-con-el-lifting-de-brazos\/\" \/>\n<meta property=\"og:site_name\" content=\"Cl\u00ednica C\u00e0nons | Cirurgia i Medicina Estetica a Barcelona, \u200b\u200bGranollers\" \/>\n<meta property=\"article:publisher\" content=\"https:\/\/www.facebook.com\/canonsclinics\/\" \/>\n<meta property=\"article:published_time\" content=\"2013-09-17T11:40:05+00:00\" \/>\n<meta property=\"article:modified_time\" content=\"2015-10-27T09:00:40+00:00\" \/>\n<meta name=\"author\" content=\"administrador\" \/>\n<meta name=\"twitter:card\" content=\"summary_large_image\" \/>\n<meta name=\"twitter:creator\" content=\"@canonsclinics\" \/>\n<meta name=\"twitter:site\" content=\"@canonsclinics\" \/>\n<meta name=\"twitter:label1\" content=\"Escrit per\" \/>\n\t<meta name=\"twitter:data1\" content=\"administrador\" \/>\n\t<meta name=\"twitter:label2\" content=\"Temps estimat de lectura\" \/>\n\t<meta name=\"twitter:data2\" content=\"1 minut\" \/>\n<script type=\"application\/ld+json\" class=\"yoast-schema-graph\">{\"@context\":\"https:\\\/\\\/schema.org\",\"@graph\":[{\"@type\":\"Article\",\"@id\":\"https:\\\/\\\/www.canons.es\\\/luce-unos-brazos-firmes-y-contorneados-con-el-lifting-de-brazos\\\/#article\",\"isPartOf\":{\"@id\":\"https:\\\/\\\/www.canons.es\\\/luce-unos-brazos-firmes-y-contorneados-con-el-lifting-de-brazos\\\/\"},\"author\":{\"name\":\"administrador\",\"@id\":\"https:\\\/\\\/www.canons.es\\\/#\\\/schema\\\/person\\\/947d7b84e9c15475d0452e32f9d72fb7\"},\"headline\":\"LLUEIX UNS BRA\u00c7OS FERMS I CONTORNEJATS AMB EL LIFTING DE BRA\u00c7OS\",\"datePublished\":\"2013-09-17T11:40:05+00:00\",\"dateModified\":\"2015-10-27T09:00:40+00:00\",\"mainEntityOfPage\":{\"@id\":\"https:\\\/\\\/www.canons.es\\\/luce-unos-brazos-firmes-y-contorneados-con-el-lifting-de-brazos\\\/\"},\"wordCount\":304,\"publisher\":{\"@id\":\"https:\\\/\\\/www.canons.es\\\/#organization\"},\"keywords\":[\"cirug\u00eda pl\u00e1stica Barcelona\",\"cirurg\u00eda est\u00e9tica\",\"cirurgia est\u00e8tica Barcelona\",\"cirurgia est\u00e8tica bra\u00e7os\",\"cirurgia pl\u00e0stica\",\"cl\u00ednica cirurgia est\u00e8tica\",\"cl\u00ednica de cirug\u00eda est\u00e9tica Barcelona\",\"cl\u00ednica de cirug\u00eda est\u00e9tica Barcelona\",\"cl\u00edniques Cirurgia Est\u00e8tica a Barcelona\",\"lifting de bra\u00e7os\",\"Liposucci\u00f3 assistida per l\u00e0ser de bra\u00e7os\"],\"articleSection\":[\"Blog del Dr. V\u00edctor Hern\u00e0ndez Da Costa\",\"Cirug\u00eda pl\u00e1stica y est\u00e9tica corporal\"],\"inLanguage\":\"ca\"},{\"@type\":\"WebPage\",\"@id\":\"https:\\\/\\\/www.canons.es\\\/luce-unos-brazos-firmes-y-contorneados-con-el-lifting-de-brazos\\\/\",\"url\":\"https:\\\/\\\/www.canons.es\\\/luce-unos-brazos-firmes-y-contorneados-con-el-lifting-de-brazos\\\/\",\"name\":\"LLUEIX UNS BRA\u00c7OS FERMS I CONTORNEJATS AMB EL LIFTING DE BRA\u00c7OS - Cl\u00ednica C\u00e0nons | Cirurgia i Medicina Estetica a Barcelona, \u200b\u200bGranollers\",\"isPartOf\":{\"@id\":\"https:\\\/\\\/www.canons.es\\\/#website\"},\"datePublished\":\"2013-09-17T11:40:05+00:00\",\"dateModified\":\"2015-10-27T09:00:40+00:00\",\"description\":\"Aconsegueix uns bra\u00e7os ferms gr\u00e0cies la tractament de bellesa Lifting de bra\u00e7os, de C\u00e0nons, cl\u00edniques de Medicina i Cirurgia est\u00e8tica a Barcelona\",\"breadcrumb\":{\"@id\":\"https:\\\/\\\/www.canons.es\\\/luce-unos-brazos-firmes-y-contorneados-con-el-lifting-de-brazos\\\/#breadcrumb\"},\"inLanguage\":\"ca\",\"potentialAction\":[{\"@type\":\"ReadAction\",\"target\":[\"https:\\\/\\\/www.canons.es\\\/luce-unos-brazos-firmes-y-contorneados-con-el-lifting-de-brazos\\\/\"]}]},{\"@type\":\"BreadcrumbList\",\"@id\":\"https:\\\/\\\/www.canons.es\\\/luce-unos-brazos-firmes-y-contorneados-con-el-lifting-de-brazos\\\/#breadcrumb\",\"itemListElement\":[{\"@type\":\"ListItem\",\"position\":1,\"name\":\"Portada\",\"item\":\"https:\\\/\\\/www.canons.es\\\/ca\\\/\"},{\"@type\":\"ListItem\",\"position\":2,\"name\":\"LLUEIX UNS BRA\u00c7OS FERMS I CONTORNEJATS AMB EL LIFTING DE BRA\u00c7OS\"}]},{\"@type\":\"WebSite\",\"@id\":\"https:\\\/\\\/www.canons.es\\\/#website\",\"url\":\"https:\\\/\\\/www.canons.es\\\/\",\"name\":\"Cirug\u00eda Pl\u00e1stica y Est\u00e9tica Barcelona y Granollers | C\u00e0nons Clinics\",\"description\":\"\",\"publisher\":{\"@id\":\"https:\\\/\\\/www.canons.es\\\/#organization\"},\"potentialAction\":[{\"@type\":\"SearchAction\",\"target\":{\"@type\":\"EntryPoint\",\"urlTemplate\":\"https:\\\/\\\/www.canons.es\\\/?s={search_term_string}\"},\"query-input\":{\"@type\":\"PropertyValueSpecification\",\"valueRequired\":true,\"valueName\":\"search_term_string\"}}],\"inLanguage\":\"ca\"},{\"@type\":\"Organization\",\"@id\":\"https:\\\/\\\/www.canons.es\\\/#organization\",\"name\":\"Cirug\u00eda Pl\u00e1stica y Est\u00e9tica Barcelona y Granollers | C\u00e0nons Clinics\",\"url\":\"https:\\\/\\\/www.canons.es\\\/\",\"logo\":{\"@type\":\"ImageObject\",\"inLanguage\":\"ca\",\"@id\":\"https:\\\/\\\/www.canons.es\\\/#\\\/schema\\\/logo\\\/image\\\/\",\"url\":\"https:\\\/\\\/www.canons.es\\\/wp-content\\\/uploads\\\/2025\\\/04\\\/logo-canons-clinics.jpg\",\"contentUrl\":\"https:\\\/\\\/www.canons.es\\\/wp-content\\\/uploads\\\/2025\\\/04\\\/logo-canons-clinics.jpg\",\"width\":600,\"height\":139,\"caption\":\"Cirug\u00eda Pl\u00e1stica y Est\u00e9tica Barcelona y Granollers | C\u00e0nons Clinics\"},\"image\":{\"@id\":\"https:\\\/\\\/www.canons.es\\\/#\\\/schema\\\/logo\\\/image\\\/\"},\"sameAs\":[\"https:\\\/\\\/www.facebook.com\\\/canonsclinics\\\/\",\"https:\\\/\\\/x.com\\\/canonsclinics\",\"https:\\\/\\\/www.instagram.com\\\/canonsclinics\\\/\",\"https:\\\/\\\/www.youtube.com\\\/channel\\\/UCI1Ia6LjALyo1CuQ0_HwtfQ\",\"https:\\\/\\\/www.linkedin.com\\\/company\\\/canons-clinics\\\/\"]},{\"@type\":\"Person\",\"@id\":\"https:\\\/\\\/www.canons.es\\\/#\\\/schema\\\/person\\\/947d7b84e9c15475d0452e32f9d72fb7\",\"name\":\"administrador\"}]}<\/script>\n<!-- \/ Yoast SEO Premium plugin. -->","yoast_head_json":{"title":"LLUEIX UNS BRA\u00c7OS FERMS I CONTORNEJATS AMB EL LIFTING DE BRA\u00c7OS - Cl\u00ednica C\u00e0nons | Cirurgia i Medicina Estetica a Barcelona, \u200b\u200bGranollers","description":"Aconsegueix uns bra\u00e7os ferms gr\u00e0cies la tractament de bellesa Lifting de bra\u00e7os, de C\u00e0nons, cl\u00edniques de Medicina i Cirurgia est\u00e8tica a Barcelona","robots":{"index":"index","follow":"follow","max-snippet":"max-snippet:-1","max-image-preview":"max-image-preview:large","max-video-preview":"max-video-preview:-1"},"canonical":"https:\/\/www.canons.es\/luce-unos-brazos-firmes-y-contorneados-con-el-lifting-de-brazos\/","og_locale":"ca_ES","og_type":"article","og_title":"LLUEIX UNS BRA\u00c7OS FERMS I CONTORNEJATS AMB EL LIFTING DE BRA\u00c7OS","og_description":"Aconsegueix uns bra\u00e7os ferms gr\u00e0cies la tractament de bellesa Lifting de bra\u00e7os, de C\u00e0nons, cl\u00edniques de Medicina i Cirurgia est\u00e8tica a Barcelona","og_url":"https:\/\/www.canons.es\/luce-unos-brazos-firmes-y-contorneados-con-el-lifting-de-brazos\/","og_site_name":"Cl\u00ednica C\u00e0nons | Cirurgia i Medicina Estetica a Barcelona, \u200b\u200bGranollers","article_publisher":"https:\/\/www.facebook.com\/canonsclinics\/","article_published_time":"2013-09-17T11:40:05+00:00","article_modified_time":"2015-10-27T09:00:40+00:00","author":"administrador","twitter_card":"summary_large_image","twitter_creator":"@canonsclinics","twitter_site":"@canonsclinics","twitter_misc":{"Escrit per":"administrador","Temps estimat de lectura":"1 minut"},"schema":{"@context":"https:\/\/schema.org","@graph":[{"@type":"Article","@id":"https:\/\/www.canons.es\/luce-unos-brazos-firmes-y-contorneados-con-el-lifting-de-brazos\/#article","isPartOf":{"@id":"https:\/\/www.canons.es\/luce-unos-brazos-firmes-y-contorneados-con-el-lifting-de-brazos\/"},"author":{"name":"administrador","@id":"https:\/\/www.canons.es\/#\/schema\/person\/947d7b84e9c15475d0452e32f9d72fb7"},"headline":"LLUEIX UNS BRA\u00c7OS FERMS I CONTORNEJATS AMB EL LIFTING DE BRA\u00c7OS","datePublished":"2013-09-17T11:40:05+00:00","dateModified":"2015-10-27T09:00:40+00:00","mainEntityOfPage":{"@id":"https:\/\/www.canons.es\/luce-unos-brazos-firmes-y-contorneados-con-el-lifting-de-brazos\/"},"wordCount":304,"publisher":{"@id":"https:\/\/www.canons.es\/#organization"},"keywords":["cirug\u00eda pl\u00e1stica Barcelona","cirurg\u00eda est\u00e9tica","cirurgia est\u00e8tica Barcelona","cirurgia est\u00e8tica bra\u00e7os","cirurgia pl\u00e0stica","cl\u00ednica cirurgia est\u00e8tica","cl\u00ednica de cirug\u00eda est\u00e9tica Barcelona","cl\u00ednica de cirug\u00eda est\u00e9tica Barcelona","cl\u00edniques Cirurgia Est\u00e8tica a Barcelona","lifting de bra\u00e7os","Liposucci\u00f3 assistida per l\u00e0ser de bra\u00e7os"],"articleSection":["Blog del Dr. V\u00edctor Hern\u00e0ndez Da Costa","Cirug\u00eda pl\u00e1stica y est\u00e9tica corporal"],"inLanguage":"ca"},{"@type":"WebPage","@id":"https:\/\/www.canons.es\/luce-unos-brazos-firmes-y-contorneados-con-el-lifting-de-brazos\/","url":"https:\/\/www.canons.es\/luce-unos-brazos-firmes-y-contorneados-con-el-lifting-de-brazos\/","name":"LLUEIX UNS BRA\u00c7OS FERMS I CONTORNEJATS AMB EL LIFTING DE BRA\u00c7OS - Cl\u00ednica C\u00e0nons | Cirurgia i Medicina Estetica a Barcelona, \u200b\u200bGranollers","isPartOf":{"@id":"https:\/\/www.canons.es\/#website"},"datePublished":"2013-09-17T11:40:05+00:00","dateModified":"2015-10-27T09:00:40+00:00","description":"Aconsegueix uns bra\u00e7os ferms gr\u00e0cies la tractament de bellesa Lifting de bra\u00e7os, de C\u00e0nons, cl\u00edniques de Medicina i Cirurgia est\u00e8tica a Barcelona","breadcrumb":{"@id":"https:\/\/www.canons.es\/luce-unos-brazos-firmes-y-contorneados-con-el-lifting-de-brazos\/#breadcrumb"},"inLanguage":"ca","potentialAction":[{"@type":"ReadAction","target":["https:\/\/www.canons.es\/luce-unos-brazos-firmes-y-contorneados-con-el-lifting-de-brazos\/"]}]},{"@type":"BreadcrumbList","@id":"https:\/\/www.canons.es\/luce-unos-brazos-firmes-y-contorneados-con-el-lifting-de-brazos\/#breadcrumb","itemListElement":[{"@type":"ListItem","position":1,"name":"Portada","item":"https:\/\/www.canons.es\/ca\/"},{"@type":"ListItem","position":2,"name":"LLUEIX UNS BRA\u00c7OS FERMS I CONTORNEJATS AMB EL LIFTING DE BRA\u00c7OS"}]},{"@type":"WebSite","@id":"https:\/\/www.canons.es\/#website","url":"https:\/\/www.canons.es\/","name":"Cirug\u00eda Pl\u00e1stica y Est\u00e9tica Barcelona y Granollers | C\u00e0nons Clinics","description":"","publisher":{"@id":"https:\/\/www.canons.es\/#organization"},"potentialAction":[{"@type":"SearchAction","target":{"@type":"EntryPoint","urlTemplate":"https:\/\/www.canons.es\/?s={search_term_string}"},"query-input":{"@type":"PropertyValueSpecification","valueRequired":true,"valueName":"search_term_string"}}],"inLanguage":"ca"},{"@type":"Organization","@id":"https:\/\/www.canons.es\/#organization","name":"Cirug\u00eda Pl\u00e1stica y Est\u00e9tica Barcelona y Granollers | C\u00e0nons Clinics","url":"https:\/\/www.canons.es\/","logo":{"@type":"ImageObject","inLanguage":"ca","@id":"https:\/\/www.canons.es\/#\/schema\/logo\/image\/","url":"https:\/\/www.canons.es\/wp-content\/uploads\/2025\/04\/logo-canons-clinics.jpg","contentUrl":"https:\/\/www.canons.es\/wp-content\/uploads\/2025\/04\/logo-canons-clinics.jpg","width":600,"height":139,"caption":"Cirug\u00eda Pl\u00e1stica y Est\u00e9tica Barcelona y Granollers | C\u00e0nons Clinics"},"image":{"@id":"https:\/\/www.canons.es\/#\/schema\/logo\/image\/"},"sameAs":["https:\/\/www.facebook.com\/canonsclinics\/","https:\/\/x.com\/canonsclinics","https:\/\/www.instagram.com\/canonsclinics\/","https:\/\/www.youtube.com\/channel\/UCI1Ia6LjALyo1CuQ0_HwtfQ","https:\/\/www.linkedin.com\/company\/canons-clinics\/"]},{"@type":"Person","@id":"https:\/\/www.canons.es\/#\/schema\/person\/947d7b84e9c15475d0452e32f9d72fb7","name":"administrador"}]}},"_links":{"self":[{"href":"https:\/\/www.canons.es\/ca\/wp-json\/wp\/v2\/posts\/5090","targetHints":{"allow":["GET"]}}],"collection":[{"href":"https:\/\/www.canons.es\/ca\/wp-json\/wp\/v2\/posts"}],"about":[{"href":"https:\/\/www.canons.es\/ca\/wp-json\/wp\/v2\/types\/post"}],"author":[{"embeddable":true,"href":"https:\/\/www.canons.es\/ca\/wp-json\/wp\/v2\/users\/25"}],"replies":[{"embeddable":true,"href":"https:\/\/www.canons.es\/ca\/wp-json\/wp\/v2\/comments?post=5090"}],"version-history":[{"count":0,"href":"https:\/\/www.canons.es\/ca\/wp-json\/wp\/v2\/posts\/5090\/revisions"}],"wp:attachment":[{"href":"https:\/\/www.canons.es\/ca\/wp-json\/wp\/v2\/media?parent=5090"}],"wp:term":[{"taxonomy":"category","embeddable":true,"href":"https:\/\/www.canons.es\/ca\/wp-json\/wp\/v2\/categories?post=5090"},{"taxonomy":"post_tag","embeddable":true,"href":"https:\/\/www.canons.es\/ca\/wp-json\/wp\/v2\/tags?post=5090"}],"curies":[{"name":"wp","href":"https:\/\/api.w.org\/{rel}","templated":true}]}}