{"id":4273,"date":"2013-02-20T15:51:51","date_gmt":"2013-02-20T15:51:51","guid":{"rendered":"https:\/\/www.canons.es\/?p=4273"},"modified":"2023-10-01T18:42:44","modified_gmt":"2023-10-01T18:42:44","slug":"dr-eugenio-j-peluffo-2","status":"publish","type":"post","link":"https:\/\/www.canons.es\/ca\/dr-eugenio-j-peluffo-2\/","title":{"rendered":"Dr. Eugenio J. Peluffo"},"content":{"rendered":"\n\n<div class=\"kk-star-ratings kksr-auto kksr-align-left kksr-valign-top\"\n    data-payload='{&quot;align&quot;:&quot;left&quot;,&quot;id&quot;:&quot;4273&quot;,&quot;slug&quot;:&quot;default&quot;,&quot;valign&quot;:&quot;top&quot;,&quot;ignore&quot;:&quot;&quot;,&quot;reference&quot;:&quot;auto&quot;,&quot;class&quot;:&quot;&quot;,&quot;count&quot;:&quot;0&quot;,&quot;legendonly&quot;:&quot;&quot;,&quot;readonly&quot;:&quot;&quot;,&quot;score&quot;:&quot;0&quot;,&quot;starsonly&quot;:&quot;&quot;,&quot;best&quot;:&quot;5&quot;,&quot;gap&quot;:&quot;5&quot;,&quot;greet&quot;:&quot;Eval\u00faa este art\u00edculo&quot;,&quot;legend&quot;:&quot;0\\\/5 - (0 votes)&quot;,&quot;size&quot;:&quot;24&quot;,&quot;title&quot;:&quot;Dr. Eugenio J. Peluffo&quot;,&quot;width&quot;:&quot;0&quot;,&quot;_legend&quot;:&quot;{score}\\\/{best} - ({count} {votes})&quot;,&quot;font_factor&quot;:&quot;1.25&quot;}'>\n            \n<div class=\"kksr-stars\">\n    \n<div class=\"kksr-stars-inactive\">\n            <div class=\"kksr-star\" data-star=\"1\" style=\"padding-right: 5px\">\n            \n\n<div class=\"kksr-icon\" style=\"width: 24px; height: 24px;\"><\/div>\n        <\/div>\n            <div class=\"kksr-star\" data-star=\"2\" style=\"padding-right: 5px\">\n            \n\n<div class=\"kksr-icon\" style=\"width: 24px; height: 24px;\"><\/div>\n        <\/div>\n            <div class=\"kksr-star\" data-star=\"3\" style=\"padding-right: 5px\">\n            \n\n<div class=\"kksr-icon\" style=\"width: 24px; height: 24px;\"><\/div>\n        <\/div>\n            <div class=\"kksr-star\" data-star=\"4\" style=\"padding-right: 5px\">\n            \n\n<div class=\"kksr-icon\" style=\"width: 24px; height: 24px;\"><\/div>\n        <\/div>\n            <div class=\"kksr-star\" data-star=\"5\" style=\"padding-right: 5px\">\n            \n\n<div class=\"kksr-icon\" style=\"width: 24px; height: 24px;\"><\/div>\n        <\/div>\n    <\/div>\n    \n<div class=\"kksr-stars-active\" style=\"width: 0px;\">\n            <div class=\"kksr-star\" style=\"padding-right: 5px\">\n            \n\n<div class=\"kksr-icon\" style=\"width: 24px; height: 24px;\"><\/div>\n        <\/div>\n            <div class=\"kksr-star\" style=\"padding-right: 5px\">\n            \n\n<div class=\"kksr-icon\" style=\"width: 24px; height: 24px;\"><\/div>\n        <\/div>\n            <div class=\"kksr-star\" style=\"padding-right: 5px\">\n            \n\n<div class=\"kksr-icon\" style=\"width: 24px; height: 24px;\"><\/div>\n        <\/div>\n            <div class=\"kksr-star\" style=\"padding-right: 5px\">\n            \n\n<div class=\"kksr-icon\" style=\"width: 24px; height: 24px;\"><\/div>\n        <\/div>\n            <div class=\"kksr-star\" style=\"padding-right: 5px\">\n            \n\n<div class=\"kksr-icon\" style=\"width: 24px; height: 24px;\"><\/div>\n        <\/div>\n    <\/div>\n<\/div>\n                \n\n<div class=\"kksr-legend\" style=\"font-size: 19.2px;\">\n            <span class=\"kksr-muted\">Eval\u00faa este art\u00edculo<\/span>\n    <\/div>\n    <\/div>\n<p><strong>Inscrit en el Col.legi Oficial de Metges de Barcelona n\u00ba 43.491.\u2028 <\/strong><\/p>\n<p><strong>Metge Especialista en Cirurgia Pl\u00e0stica, Reparadora Est\u00e8tica.<\/strong><\/p>\n<h4>DADES ACAD\u00c8MIQUES<\/h4>\n<ul>\n<li>Obtenci\u00f3 del t\u00edtol de metge per la Universitat Nacional de Tucum\u00e1n (UNT), Argentina, 1996-2002, portant a terme la formaci\u00f3 te\u00f2rico-pr\u00e0ctica a la Facultat de Medicina de UNT.<\/li>\n<li>Homologaci\u00f3 del t\u00edtol de Metge obtingut a la Universitat Nacional de Tucum\u00e1n, Argentina, al t\u00edtol espa\u00f1ol de Llicenciat en Medicina a l&#8217;any 2003.<\/li>\n<li>Obtenci\u00f3 de pla\u00e7a via MIR al 2008 per cursar l&#8217;especialitat de medicina en Cirurgia Pl\u00e0stica, Reparadora i Est\u00e8tica a l&#8217;Hospital Germans Trias i Pujol de Badalona (Barcelona).<\/li>\n<\/ul>\n<p><strong>Rotacions:<\/strong><\/p>\n<ul>\n<li>Unitat de cremats, servei de cirurgia pl\u00e0stica de l\u00b4Hospital Universitari Vall d\u2019 Hebr\u00f3n (Barcelona).<\/li>\n<li>Institut Kaplan, Cirugia de la M\u00e0 i l\u00b4extremitat superior (Barcelona)<\/li>\n<li>Unitat de microcirurgia, servei de cirurgia pl\u00e0stica de l\u00b4Hospital Universitari de Bellvitge. (Hospitalet de Llobregat, Barcelona)<\/li>\n<li>Unitat Docent de Cirurgia Est\u00e8tica Dr. Tapia. Cl\u00ednica Quir\u00f3n (Barcelona).<\/li>\n<\/ul>\n<h4>EXPERI\u00c8NCIA PROFESSIONAL<\/h4>\n<ul>\n<li>Col\u00b7laboraci\u00f3 amb el Servei de Cirurgia Pl\u00e0stica i Est\u00e8tica del Grup Policl\u00ednic desde 2009.<\/li>\n<li>Col\u00b7laboraci\u00f3 amb els centres C\u00e0nons Clinics, cl\u00edniques especialitzades en CirurgiaPl\u00e0stica i Medicina Est\u00e8tica, ubicats a Barcelona i Granollers, desde 2012.<\/li>\n<\/ul>\n<h4>COMUNICACIONS I PUBLICACIONS<\/h4>\n<ul>\n<li>Certificat de congressista en el XLV Congr\u00e9s Nacional de la Sociedad Espa\u00f1ola de Cirug\u00eda Pl\u00e1stica, Reparadora y Est\u00e9tica (SECPRE). Girona (presentaci\u00f3 de p\u00f3ster), el maig de 2010.<\/li>\n<li>Certificat&nbsp; de congressista en el XLVII Congr\u00e9s Nacional de la Sociedad Espa\u00f1ola de Cirug\u00eda Pl\u00e1stica, Reparadora y Est\u00e9tica (SECPRE)\u201d. Palma de Mallorca (presentaci\u00f3 de p\u00f3ster), a l&#8217;abril de 2012.<\/li>\n<\/ul>\n<h4><\/h4>\n<p>&nbsp;<\/p>\n<p>&nbsp;<\/p>\n<!-- AddThis Advanced Settings generic via filter on the_content --><!-- AddThis Share Buttons generic via filter on the_content -->","protected":false},"excerpt":{"rendered":"<p>Inscrit en el Col.legi Oficial de Metges de Barcelona n\u00ba 43.491.\u2028 Metge Especialista en Cirurgia Pl\u00e0stica, Reparadora Est\u00e8tica. DADES ACAD\u00c8MIQUES Obtenci\u00f3 del t\u00edtol de metge per la Universitat Nacional de Tucum\u00e1n (UNT), Argentina, 1996-2002, portant a terme la formaci\u00f3 te\u00f2rico-pr\u00e0ctica a la Facultat de Medicina&#8230;<!-- AddThis Advanced Settings generic via filter on get_the_excerpt --><!-- AddThis Share Buttons generic via filter on get_the_excerpt --><\/p>\n","protected":false},"author":25,"featured_media":4346,"comment_status":"closed","ping_status":"closed","sticky":false,"template":"","format":"standard","meta":{"footnotes":""},"categories":[566,75],"tags":[],"class_list":["post-4273","post","type-post","status-publish","format-standard","has-post-thumbnail","hentry","category-blog-del-dr-victor-hernandez-da-costa-ca-3","category-equip-canons"],"yoast_head":"<!-- This site is optimized with the Yoast SEO Premium plugin v26.9 (Yoast SEO v27.4) - https:\/\/yoast.com\/product\/yoast-seo-premium-wordpress\/ -->\n<title>Dr. Eugenio J. Peluffo - Cl\u00ednica C\u00e0nons | Cirurgia i Medicina Estetica a Barcelona, \u200b\u200bGranollers<\/title>\n<meta name=\"robots\" content=\"index, follow, max-snippet:-1, max-image-preview:large, max-video-preview:-1\" \/>\n<link rel=\"canonical\" href=\"https:\/\/www.canons.es\/ca\/dr-eugenio-j-peluffo-2\/\" \/>\n<meta property=\"og:locale\" content=\"ca_ES\" \/>\n<meta property=\"og:type\" content=\"article\" \/>\n<meta property=\"og:title\" content=\"Dr. Eugenio J. Peluffo\" \/>\n<meta property=\"og:description\" content=\"Inscrit en el Col.legi Oficial de Metges de Barcelona n\u00ba 43.491.\u2028 Metge Especialista en Cirurgia Pl\u00e0stica, Reparadora Est\u00e8tica. DADES ACAD\u00c8MIQUES Obtenci\u00f3 del t\u00edtol de metge per la Universitat Nacional de Tucum\u00e1n (UNT), Argentina, 1996-2002, portant a terme la formaci\u00f3 te\u00f2rico-pr\u00e0ctica a la Facultat de Medicina...\" \/>\n<meta property=\"og:url\" content=\"https:\/\/www.canons.es\/ca\/dr-eugenio-j-peluffo-2\/\" \/>\n<meta property=\"og:site_name\" content=\"Cl\u00ednica C\u00e0nons | Cirurgia i Medicina Estetica a Barcelona, \u200b\u200bGranollers\" \/>\n<meta property=\"article:publisher\" content=\"https:\/\/www.facebook.com\/canonsclinics\/\" \/>\n<meta property=\"article:published_time\" content=\"2013-02-20T15:51:51+00:00\" \/>\n<meta property=\"article:modified_time\" content=\"2023-10-01T18:42:44+00:00\" \/>\n<meta name=\"author\" content=\"administrador\" \/>\n<meta name=\"twitter:card\" content=\"summary_large_image\" \/>\n<meta name=\"twitter:creator\" content=\"@canonsclinics\" \/>\n<meta name=\"twitter:site\" content=\"@canonsclinics\" \/>\n<meta name=\"twitter:label1\" content=\"Escrit per\" \/>\n\t<meta name=\"twitter:data1\" content=\"administrador\" \/>\n\t<meta name=\"twitter:label2\" content=\"Temps estimat de lectura\" \/>\n\t<meta name=\"twitter:data2\" content=\"1 minut\" \/>\n<script type=\"application\/ld+json\" class=\"yoast-schema-graph\">{\"@context\":\"https:\\\/\\\/schema.org\",\"@graph\":[{\"@type\":\"Article\",\"@id\":\"https:\\\/\\\/www.canons.es\\\/ca\\\/dr-eugenio-j-peluffo-2\\\/#article\",\"isPartOf\":{\"@id\":\"https:\\\/\\\/www.canons.es\\\/ca\\\/dr-eugenio-j-peluffo-2\\\/\"},\"author\":{\"name\":\"administrador\",\"@id\":\"https:\\\/\\\/www.canons.es\\\/#\\\/schema\\\/person\\\/947d7b84e9c15475d0452e32f9d72fb7\"},\"headline\":\"Dr. Eugenio J. Peluffo\",\"datePublished\":\"2013-02-20T15:51:51+00:00\",\"dateModified\":\"2023-10-01T18:42:44+00:00\",\"mainEntityOfPage\":{\"@id\":\"https:\\\/\\\/www.canons.es\\\/ca\\\/dr-eugenio-j-peluffo-2\\\/\"},\"wordCount\":289,\"publisher\":{\"@id\":\"https:\\\/\\\/www.canons.es\\\/#organization\"},\"image\":{\"@id\":\"https:\\\/\\\/www.canons.es\\\/ca\\\/dr-eugenio-j-peluffo-2\\\/#primaryimage\"},\"thumbnailUrl\":\"\",\"articleSection\":[\"Blog del Dr. V\u00edctor Hern\u00e1ndez Da Costa\",\"Equip C\u00e0nons\"],\"inLanguage\":\"ca\"},{\"@type\":\"WebPage\",\"@id\":\"https:\\\/\\\/www.canons.es\\\/ca\\\/dr-eugenio-j-peluffo-2\\\/\",\"url\":\"https:\\\/\\\/www.canons.es\\\/ca\\\/dr-eugenio-j-peluffo-2\\\/\",\"name\":\"Dr. Eugenio J. Peluffo - Cl\u00ednica C\u00e0nons | Cirurgia i Medicina Estetica a Barcelona, \u200b\u200bGranollers\",\"isPartOf\":{\"@id\":\"https:\\\/\\\/www.canons.es\\\/#website\"},\"primaryImageOfPage\":{\"@id\":\"https:\\\/\\\/www.canons.es\\\/ca\\\/dr-eugenio-j-peluffo-2\\\/#primaryimage\"},\"image\":{\"@id\":\"https:\\\/\\\/www.canons.es\\\/ca\\\/dr-eugenio-j-peluffo-2\\\/#primaryimage\"},\"thumbnailUrl\":\"\",\"datePublished\":\"2013-02-20T15:51:51+00:00\",\"dateModified\":\"2023-10-01T18:42:44+00:00\",\"breadcrumb\":{\"@id\":\"https:\\\/\\\/www.canons.es\\\/ca\\\/dr-eugenio-j-peluffo-2\\\/#breadcrumb\"},\"inLanguage\":\"ca\",\"potentialAction\":[{\"@type\":\"ReadAction\",\"target\":[\"https:\\\/\\\/www.canons.es\\\/ca\\\/dr-eugenio-j-peluffo-2\\\/\"]}]},{\"@type\":\"ImageObject\",\"inLanguage\":\"ca\",\"@id\":\"https:\\\/\\\/www.canons.es\\\/ca\\\/dr-eugenio-j-peluffo-2\\\/#primaryimage\",\"url\":\"\",\"contentUrl\":\"\"},{\"@type\":\"BreadcrumbList\",\"@id\":\"https:\\\/\\\/www.canons.es\\\/ca\\\/dr-eugenio-j-peluffo-2\\\/#breadcrumb\",\"itemListElement\":[{\"@type\":\"ListItem\",\"position\":1,\"name\":\"Portada\",\"item\":\"https:\\\/\\\/www.canons.es\\\/ca\\\/\"},{\"@type\":\"ListItem\",\"position\":2,\"name\":\"Dr. Eugenio J. Peluffo\"}]},{\"@type\":\"WebSite\",\"@id\":\"https:\\\/\\\/www.canons.es\\\/#website\",\"url\":\"https:\\\/\\\/www.canons.es\\\/\",\"name\":\"Cirug\u00eda Pl\u00e1stica y Est\u00e9tica Barcelona y Granollers | C\u00e0nons Clinics\",\"description\":\"\",\"publisher\":{\"@id\":\"https:\\\/\\\/www.canons.es\\\/#organization\"},\"potentialAction\":[{\"@type\":\"SearchAction\",\"target\":{\"@type\":\"EntryPoint\",\"urlTemplate\":\"https:\\\/\\\/www.canons.es\\\/?s={search_term_string}\"},\"query-input\":{\"@type\":\"PropertyValueSpecification\",\"valueRequired\":true,\"valueName\":\"search_term_string\"}}],\"inLanguage\":\"ca\"},{\"@type\":\"Organization\",\"@id\":\"https:\\\/\\\/www.canons.es\\\/#organization\",\"name\":\"Cirug\u00eda Pl\u00e1stica y Est\u00e9tica Barcelona y Granollers | C\u00e0nons Clinics\",\"url\":\"https:\\\/\\\/www.canons.es\\\/\",\"logo\":{\"@type\":\"ImageObject\",\"inLanguage\":\"ca\",\"@id\":\"https:\\\/\\\/www.canons.es\\\/#\\\/schema\\\/logo\\\/image\\\/\",\"url\":\"https:\\\/\\\/www.canons.es\\\/wp-content\\\/uploads\\\/2025\\\/04\\\/logo-canons-clinics.jpg\",\"contentUrl\":\"https:\\\/\\\/www.canons.es\\\/wp-content\\\/uploads\\\/2025\\\/04\\\/logo-canons-clinics.jpg\",\"width\":600,\"height\":139,\"caption\":\"Cirug\u00eda Pl\u00e1stica y Est\u00e9tica Barcelona y Granollers | C\u00e0nons Clinics\"},\"image\":{\"@id\":\"https:\\\/\\\/www.canons.es\\\/#\\\/schema\\\/logo\\\/image\\\/\"},\"sameAs\":[\"https:\\\/\\\/www.facebook.com\\\/canonsclinics\\\/\",\"https:\\\/\\\/x.com\\\/canonsclinics\",\"https:\\\/\\\/www.instagram.com\\\/canonsclinics\\\/\",\"https:\\\/\\\/www.youtube.com\\\/channel\\\/UCI1Ia6LjALyo1CuQ0_HwtfQ\",\"https:\\\/\\\/www.linkedin.com\\\/company\\\/canons-clinics\\\/\"]},{\"@type\":\"Person\",\"@id\":\"https:\\\/\\\/www.canons.es\\\/#\\\/schema\\\/person\\\/947d7b84e9c15475d0452e32f9d72fb7\",\"name\":\"administrador\"}]}<\/script>\n<!-- \/ Yoast SEO Premium plugin. -->","yoast_head_json":{"title":"Dr. Eugenio J. Peluffo - Cl\u00ednica C\u00e0nons | Cirurgia i Medicina Estetica a Barcelona, \u200b\u200bGranollers","robots":{"index":"index","follow":"follow","max-snippet":"max-snippet:-1","max-image-preview":"max-image-preview:large","max-video-preview":"max-video-preview:-1"},"canonical":"https:\/\/www.canons.es\/ca\/dr-eugenio-j-peluffo-2\/","og_locale":"ca_ES","og_type":"article","og_title":"Dr. Eugenio J. Peluffo","og_description":"Inscrit en el Col.legi Oficial de Metges de Barcelona n\u00ba 43.491.\u2028 Metge Especialista en Cirurgia Pl\u00e0stica, Reparadora Est\u00e8tica. DADES ACAD\u00c8MIQUES Obtenci\u00f3 del t\u00edtol de metge per la Universitat Nacional de Tucum\u00e1n (UNT), Argentina, 1996-2002, portant a terme la formaci\u00f3 te\u00f2rico-pr\u00e0ctica a la Facultat de Medicina...","og_url":"https:\/\/www.canons.es\/ca\/dr-eugenio-j-peluffo-2\/","og_site_name":"Cl\u00ednica C\u00e0nons | Cirurgia i Medicina Estetica a Barcelona, \u200b\u200bGranollers","article_publisher":"https:\/\/www.facebook.com\/canonsclinics\/","article_published_time":"2013-02-20T15:51:51+00:00","article_modified_time":"2023-10-01T18:42:44+00:00","author":"administrador","twitter_card":"summary_large_image","twitter_creator":"@canonsclinics","twitter_site":"@canonsclinics","twitter_misc":{"Escrit per":"administrador","Temps estimat de lectura":"1 minut"},"schema":{"@context":"https:\/\/schema.org","@graph":[{"@type":"Article","@id":"https:\/\/www.canons.es\/ca\/dr-eugenio-j-peluffo-2\/#article","isPartOf":{"@id":"https:\/\/www.canons.es\/ca\/dr-eugenio-j-peluffo-2\/"},"author":{"name":"administrador","@id":"https:\/\/www.canons.es\/#\/schema\/person\/947d7b84e9c15475d0452e32f9d72fb7"},"headline":"Dr. Eugenio J. Peluffo","datePublished":"2013-02-20T15:51:51+00:00","dateModified":"2023-10-01T18:42:44+00:00","mainEntityOfPage":{"@id":"https:\/\/www.canons.es\/ca\/dr-eugenio-j-peluffo-2\/"},"wordCount":289,"publisher":{"@id":"https:\/\/www.canons.es\/#organization"},"image":{"@id":"https:\/\/www.canons.es\/ca\/dr-eugenio-j-peluffo-2\/#primaryimage"},"thumbnailUrl":"","articleSection":["Blog del Dr. V\u00edctor Hern\u00e1ndez Da Costa","Equip C\u00e0nons"],"inLanguage":"ca"},{"@type":"WebPage","@id":"https:\/\/www.canons.es\/ca\/dr-eugenio-j-peluffo-2\/","url":"https:\/\/www.canons.es\/ca\/dr-eugenio-j-peluffo-2\/","name":"Dr. Eugenio J. Peluffo - Cl\u00ednica C\u00e0nons | Cirurgia i Medicina Estetica a Barcelona, \u200b\u200bGranollers","isPartOf":{"@id":"https:\/\/www.canons.es\/#website"},"primaryImageOfPage":{"@id":"https:\/\/www.canons.es\/ca\/dr-eugenio-j-peluffo-2\/#primaryimage"},"image":{"@id":"https:\/\/www.canons.es\/ca\/dr-eugenio-j-peluffo-2\/#primaryimage"},"thumbnailUrl":"","datePublished":"2013-02-20T15:51:51+00:00","dateModified":"2023-10-01T18:42:44+00:00","breadcrumb":{"@id":"https:\/\/www.canons.es\/ca\/dr-eugenio-j-peluffo-2\/#breadcrumb"},"inLanguage":"ca","potentialAction":[{"@type":"ReadAction","target":["https:\/\/www.canons.es\/ca\/dr-eugenio-j-peluffo-2\/"]}]},{"@type":"ImageObject","inLanguage":"ca","@id":"https:\/\/www.canons.es\/ca\/dr-eugenio-j-peluffo-2\/#primaryimage","url":"","contentUrl":""},{"@type":"BreadcrumbList","@id":"https:\/\/www.canons.es\/ca\/dr-eugenio-j-peluffo-2\/#breadcrumb","itemListElement":[{"@type":"ListItem","position":1,"name":"Portada","item":"https:\/\/www.canons.es\/ca\/"},{"@type":"ListItem","position":2,"name":"Dr. Eugenio J. Peluffo"}]},{"@type":"WebSite","@id":"https:\/\/www.canons.es\/#website","url":"https:\/\/www.canons.es\/","name":"Cirug\u00eda Pl\u00e1stica y Est\u00e9tica Barcelona y Granollers | C\u00e0nons Clinics","description":"","publisher":{"@id":"https:\/\/www.canons.es\/#organization"},"potentialAction":[{"@type":"SearchAction","target":{"@type":"EntryPoint","urlTemplate":"https:\/\/www.canons.es\/?s={search_term_string}"},"query-input":{"@type":"PropertyValueSpecification","valueRequired":true,"valueName":"search_term_string"}}],"inLanguage":"ca"},{"@type":"Organization","@id":"https:\/\/www.canons.es\/#organization","name":"Cirug\u00eda Pl\u00e1stica y Est\u00e9tica Barcelona y Granollers | C\u00e0nons Clinics","url":"https:\/\/www.canons.es\/","logo":{"@type":"ImageObject","inLanguage":"ca","@id":"https:\/\/www.canons.es\/#\/schema\/logo\/image\/","url":"https:\/\/www.canons.es\/wp-content\/uploads\/2025\/04\/logo-canons-clinics.jpg","contentUrl":"https:\/\/www.canons.es\/wp-content\/uploads\/2025\/04\/logo-canons-clinics.jpg","width":600,"height":139,"caption":"Cirug\u00eda Pl\u00e1stica y Est\u00e9tica Barcelona y Granollers | C\u00e0nons Clinics"},"image":{"@id":"https:\/\/www.canons.es\/#\/schema\/logo\/image\/"},"sameAs":["https:\/\/www.facebook.com\/canonsclinics\/","https:\/\/x.com\/canonsclinics","https:\/\/www.instagram.com\/canonsclinics\/","https:\/\/www.youtube.com\/channel\/UCI1Ia6LjALyo1CuQ0_HwtfQ","https:\/\/www.linkedin.com\/company\/canons-clinics\/"]},{"@type":"Person","@id":"https:\/\/www.canons.es\/#\/schema\/person\/947d7b84e9c15475d0452e32f9d72fb7","name":"administrador"}]}},"_links":{"self":[{"href":"https:\/\/www.canons.es\/ca\/wp-json\/wp\/v2\/posts\/4273","targetHints":{"allow":["GET"]}}],"collection":[{"href":"https:\/\/www.canons.es\/ca\/wp-json\/wp\/v2\/posts"}],"about":[{"href":"https:\/\/www.canons.es\/ca\/wp-json\/wp\/v2\/types\/post"}],"author":[{"embeddable":true,"href":"https:\/\/www.canons.es\/ca\/wp-json\/wp\/v2\/users\/25"}],"replies":[{"embeddable":true,"href":"https:\/\/www.canons.es\/ca\/wp-json\/wp\/v2\/comments?post=4273"}],"version-history":[{"count":0,"href":"https:\/\/www.canons.es\/ca\/wp-json\/wp\/v2\/posts\/4273\/revisions"}],"wp:featuredmedia":[{"embeddable":true,"href":"https:\/\/www.canons.es\/ca\/wp-json\/"}],"wp:attachment":[{"href":"https:\/\/www.canons.es\/ca\/wp-json\/wp\/v2\/media?parent=4273"}],"wp:term":[{"taxonomy":"category","embeddable":true,"href":"https:\/\/www.canons.es\/ca\/wp-json\/wp\/v2\/categories?post=4273"},{"taxonomy":"post_tag","embeddable":true,"href":"https:\/\/www.canons.es\/ca\/wp-json\/wp\/v2\/tags?post=4273"}],"curies":[{"name":"wp","href":"https:\/\/api.w.org\/{rel}","templated":true}]}}