{"id":4230,"date":"2013-02-22T12:58:45","date_gmt":"2013-02-22T12:58:45","guid":{"rendered":"https:\/\/www.canons.es\/?p=4230"},"modified":"2023-09-24T18:57:01","modified_gmt":"2023-09-24T18:57:01","slug":"envelliment-cutani-arrugues-taques-vermellors-i-flacciditat","status":"publish","type":"post","link":"https:\/\/www.canons.es\/ca\/envelliment-cutani-arrugues-taques-vermellors-i-flacciditat\/","title":{"rendered":"Envelliment Cutani: Arrugues, taques, vermellors i flacciditat"},"content":{"rendered":"\n\n<div class=\"kk-star-ratings kksr-auto kksr-align-left kksr-valign-top\"\n    data-payload='{&quot;align&quot;:&quot;left&quot;,&quot;id&quot;:&quot;4230&quot;,&quot;slug&quot;:&quot;default&quot;,&quot;valign&quot;:&quot;top&quot;,&quot;ignore&quot;:&quot;&quot;,&quot;reference&quot;:&quot;auto&quot;,&quot;class&quot;:&quot;&quot;,&quot;count&quot;:&quot;0&quot;,&quot;legendonly&quot;:&quot;&quot;,&quot;readonly&quot;:&quot;&quot;,&quot;score&quot;:&quot;0&quot;,&quot;starsonly&quot;:&quot;&quot;,&quot;best&quot;:&quot;5&quot;,&quot;gap&quot;:&quot;5&quot;,&quot;greet&quot;:&quot;Eval\u00faa este art\u00edculo&quot;,&quot;legend&quot;:&quot;0\\\/5 - (0 votes)&quot;,&quot;size&quot;:&quot;24&quot;,&quot;title&quot;:&quot;Envelliment Cutani: Arrugues, taques, vermellors i flacciditat&quot;,&quot;width&quot;:&quot;0&quot;,&quot;_legend&quot;:&quot;{score}\\\/{best} - ({count} {votes})&quot;,&quot;font_factor&quot;:&quot;1.25&quot;}'>\n            \n<div class=\"kksr-stars\">\n    \n<div class=\"kksr-stars-inactive\">\n            <div class=\"kksr-star\" data-star=\"1\" style=\"padding-right: 5px\">\n            \n\n<div class=\"kksr-icon\" style=\"width: 24px; height: 24px;\"><\/div>\n        <\/div>\n            <div class=\"kksr-star\" data-star=\"2\" style=\"padding-right: 5px\">\n            \n\n<div class=\"kksr-icon\" style=\"width: 24px; height: 24px;\"><\/div>\n        <\/div>\n            <div class=\"kksr-star\" data-star=\"3\" style=\"padding-right: 5px\">\n            \n\n<div class=\"kksr-icon\" style=\"width: 24px; height: 24px;\"><\/div>\n        <\/div>\n            <div class=\"kksr-star\" data-star=\"4\" style=\"padding-right: 5px\">\n            \n\n<div class=\"kksr-icon\" style=\"width: 24px; height: 24px;\"><\/div>\n        <\/div>\n            <div class=\"kksr-star\" data-star=\"5\" style=\"padding-right: 5px\">\n            \n\n<div class=\"kksr-icon\" style=\"width: 24px; height: 24px;\"><\/div>\n        <\/div>\n    <\/div>\n    \n<div class=\"kksr-stars-active\" style=\"width: 0px;\">\n            <div class=\"kksr-star\" style=\"padding-right: 5px\">\n            \n\n<div class=\"kksr-icon\" style=\"width: 24px; height: 24px;\"><\/div>\n        <\/div>\n            <div class=\"kksr-star\" style=\"padding-right: 5px\">\n            \n\n<div class=\"kksr-icon\" style=\"width: 24px; height: 24px;\"><\/div>\n        <\/div>\n            <div class=\"kksr-star\" style=\"padding-right: 5px\">\n            \n\n<div class=\"kksr-icon\" style=\"width: 24px; height: 24px;\"><\/div>\n        <\/div>\n            <div class=\"kksr-star\" style=\"padding-right: 5px\">\n            \n\n<div class=\"kksr-icon\" style=\"width: 24px; height: 24px;\"><\/div>\n        <\/div>\n            <div class=\"kksr-star\" style=\"padding-right: 5px\">\n            \n\n<div class=\"kksr-icon\" style=\"width: 24px; height: 24px;\"><\/div>\n        <\/div>\n    <\/div>\n<\/div>\n                \n\n<div class=\"kksr-legend\" style=\"font-size: 19.2px;\">\n            <span class=\"kksr-muted\">Eval\u00faa este art\u00edculo<\/span>\n    <\/div>\n    <\/div>\n<p>Amb el pas del temps i, els efectes dels elements externs es van alterant les propietats de la pell principalment de la cara, el coll, l&#8217;escot i les mans, ja que s\u00f3n zones que estan m\u00e9s exposades a les radiacions solars, el vent , el fred &#8230;, causant les antiest\u00e8tiques arrugues, taques, vermellors i signes de flacciditat cut\u00e0nia. En definitiva, accelerant el proc\u00e9s d&#8217;envelliment cutani danyant el seu aspecte.<\/p>\n<p>Actualment, la Medicina Est\u00e8tica ens ofereix diverses solucions per a aquestes alteracions, una de les quals est\u00e0 guanyant cada dia m\u00e9s adeptes pels seus m\u00faltiples avantatges. Parlem del rejuveniment cutani mitjan\u00e7ant aparatologia m\u00e8dica amb energies de Llum Premuda Intensa, dit d&#8217;una altra manera IPL, que exclusivament nom\u00e9s poden utilitzar metges especialistes.<\/p>\n<p>L&#8217;energia de la Llum Premuda Intensa penetra en profunditat en la pell fins al nivell on es troba el col\u00b7l\u00e0gen i el teixit conjuntiu, produint una regeneraci\u00f3 i remodelaci\u00f3 d\u00e8rmica. Aquest efecte regeneratiu \u00e9s igualment efica\u00e7 en qualsevol part de la superf\u00edcie cut\u00e0nia. El Fotorejuveniment cutani amb la t\u00e8cnica IPL \u00e9s un tractament m\u00e8dic que oferim en <strong>C\u00e0nons Clinics, centres especialitzats en Cirurgia i Medicina Est\u00e8tica<\/strong> per la seva efic\u00e0cia donant molt bons resultats en la reducci\u00f3 de la profunditat de les arrugues, en la eliminaci\u00f3n de taques i, a millorar notablement la textura cut\u00e0nia permetent recuperar l&#8217;elasticitat, aportant la lluminositat perduda.<\/p>\n<p>No obstant aix\u00f2, aquest tipus de tractament m\u00e8dic \u00e9s apte tant per a homes com per a dones i, per qualsevol edat, permet la seva aplicaci\u00f3 en qualsevol part de la superf\u00edcie cut\u00e0nia, es pot repetir les vegades que sigui necessari i, tamb\u00e9 es pot combinar amb altres t\u00e8cniques. A m\u00e9s, al no ser agressiu, permet al pacient reprendre immediatament la seva activitat normal despr\u00e9s de cada sessi\u00f3.<\/p>\n<p>La tardor i l&#8217;hivern s\u00f3n els millors moments per dur a terme aquesta t\u00e8cnica m\u00e8dica ja que permet recuperar la pell sense problemes despr\u00e9s de l&#8217;estr\u00e8s epid\u00e8rmic sotm\u00e8s per les gran quantitat de radiacions solars rebudes durant la primavera i l&#8217;estiu.<\/p>\n<p>Publicada a la Revista del Vall\u00e8s novembre 2011<\/p>\n<p><strong>Dr. V\u00edctor Hern\u00e0ndez Machado<\/strong><br \/>\nCirurgi\u00e0 Pl\u00e0stic, Est\u00e8tic i Reparador<br \/>\nDr. M\u00e8dic <strong>C\u00e0nons Clinics, centres especialitzats en Cirurgia y Medicina Est\u00e8tica<\/strong><\/p>\n<!-- AddThis Advanced Settings generic via filter on the_content --><!-- AddThis Share Buttons generic via filter on the_content -->","protected":false},"excerpt":{"rendered":"<p>Amb el pas del temps i, els efectes dels elements externs es van alterant les propietats de la pell principalment de la cara, el coll, l&#8217;escot i les mans, ja que s\u00f3n zones que estan m\u00e9s exposades a les radiacions solars, el vent , el&#8230;<!-- AddThis Advanced Settings generic via filter on get_the_excerpt --><!-- AddThis Share Buttons generic via filter on get_the_excerpt --><\/p>\n","protected":false},"author":25,"featured_media":0,"comment_status":"closed","ping_status":"closed","sticky":false,"template":"","format":"standard","meta":{"footnotes":""},"categories":[79,71,181],"tags":[631,384],"class_list":["post-4230","post","type-post","status-publish","format-standard","hentry","category-blog-del-dr-victor-hernandez-da-costa-ca","category-general-2","category-medicina-estetica-facial-ca","tag-rejoveniment-facial-ca","tag-rejuvenecimiento-facial-ca"],"yoast_head":"<!-- This site is optimized with the Yoast SEO Premium plugin v26.9 (Yoast SEO v27.4) - https:\/\/yoast.com\/product\/yoast-seo-premium-wordpress\/ -->\n<title>Envelliment Cutani: Arrugues, taques, vermellors i flacciditat - Cl\u00ednica C\u00e0nons | Cirurgia i Medicina Estetica a Barcelona, \u200b\u200bGranollers<\/title>\n<meta name=\"robots\" content=\"index, follow, max-snippet:-1, max-image-preview:large, max-video-preview:-1\" \/>\n<link rel=\"canonical\" href=\"https:\/\/www.canons.es\/envejecimiento-cutaneo-arrugas-manchas-rojeces-y-flacidez\/\" \/>\n<meta property=\"og:locale\" content=\"ca_ES\" \/>\n<meta property=\"og:type\" content=\"article\" \/>\n<meta property=\"og:title\" content=\"Envelliment Cutani: Arrugues, taques, vermellors i flacciditat\" \/>\n<meta property=\"og:description\" content=\"Amb el pas del temps i, els efectes dels elements externs es van alterant les propietats de la pell principalment de la cara, el coll, l&#8217;escot i les mans, ja que s\u00f3n zones que estan m\u00e9s exposades a les radiacions solars, el vent , el...\" \/>\n<meta property=\"og:url\" content=\"https:\/\/www.canons.es\/envejecimiento-cutaneo-arrugas-manchas-rojeces-y-flacidez\/\" \/>\n<meta property=\"og:site_name\" content=\"Cl\u00ednica C\u00e0nons | Cirurgia i Medicina Estetica a Barcelona, \u200b\u200bGranollers\" \/>\n<meta property=\"article:publisher\" content=\"https:\/\/www.facebook.com\/canonsclinics\/\" \/>\n<meta property=\"article:published_time\" content=\"2013-02-22T12:58:45+00:00\" \/>\n<meta property=\"article:modified_time\" content=\"2023-09-24T18:57:01+00:00\" \/>\n<meta name=\"author\" content=\"administrador\" \/>\n<meta name=\"twitter:card\" content=\"summary_large_image\" \/>\n<meta name=\"twitter:creator\" content=\"@canonsclinics\" \/>\n<meta name=\"twitter:site\" content=\"@canonsclinics\" \/>\n<meta name=\"twitter:label1\" content=\"Escrit per\" \/>\n\t<meta name=\"twitter:data1\" content=\"administrador\" \/>\n\t<meta name=\"twitter:label2\" content=\"Temps estimat de lectura\" \/>\n\t<meta name=\"twitter:data2\" content=\"2 minuts\" \/>\n<script type=\"application\/ld+json\" class=\"yoast-schema-graph\">{\"@context\":\"https:\\\/\\\/schema.org\",\"@graph\":[{\"@type\":\"Article\",\"@id\":\"https:\\\/\\\/www.canons.es\\\/envejecimiento-cutaneo-arrugas-manchas-rojeces-y-flacidez\\\/#article\",\"isPartOf\":{\"@id\":\"https:\\\/\\\/www.canons.es\\\/envejecimiento-cutaneo-arrugas-manchas-rojeces-y-flacidez\\\/\"},\"author\":{\"name\":\"administrador\",\"@id\":\"https:\\\/\\\/www.canons.es\\\/#\\\/schema\\\/person\\\/947d7b84e9c15475d0452e32f9d72fb7\"},\"headline\":\"Envelliment Cutani: Arrugues, taques, vermellors i flacciditat\",\"datePublished\":\"2013-02-22T12:58:45+00:00\",\"dateModified\":\"2023-09-24T18:57:01+00:00\",\"mainEntityOfPage\":{\"@id\":\"https:\\\/\\\/www.canons.es\\\/envejecimiento-cutaneo-arrugas-manchas-rojeces-y-flacidez\\\/\"},\"wordCount\":407,\"publisher\":{\"@id\":\"https:\\\/\\\/www.canons.es\\\/#organization\"},\"keywords\":[\"Rejoveniment Facial\",\"rejuvenecimiento facial\"],\"articleSection\":[\"Blog del Dr. V\u00edctor Hern\u00e0ndez Da Costa\",\"General\",\"Medicina est\u00e8tica facial\"],\"inLanguage\":\"ca\"},{\"@type\":\"WebPage\",\"@id\":\"https:\\\/\\\/www.canons.es\\\/envejecimiento-cutaneo-arrugas-manchas-rojeces-y-flacidez\\\/\",\"url\":\"https:\\\/\\\/www.canons.es\\\/envejecimiento-cutaneo-arrugas-manchas-rojeces-y-flacidez\\\/\",\"name\":\"Envelliment Cutani: Arrugues, taques, vermellors i flacciditat - Cl\u00ednica C\u00e0nons | Cirurgia i Medicina Estetica a Barcelona, \u200b\u200bGranollers\",\"isPartOf\":{\"@id\":\"https:\\\/\\\/www.canons.es\\\/#website\"},\"datePublished\":\"2013-02-22T12:58:45+00:00\",\"dateModified\":\"2023-09-24T18:57:01+00:00\",\"breadcrumb\":{\"@id\":\"https:\\\/\\\/www.canons.es\\\/envejecimiento-cutaneo-arrugas-manchas-rojeces-y-flacidez\\\/#breadcrumb\"},\"inLanguage\":\"ca\",\"potentialAction\":[{\"@type\":\"ReadAction\",\"target\":[\"https:\\\/\\\/www.canons.es\\\/envejecimiento-cutaneo-arrugas-manchas-rojeces-y-flacidez\\\/\"]}]},{\"@type\":\"BreadcrumbList\",\"@id\":\"https:\\\/\\\/www.canons.es\\\/envejecimiento-cutaneo-arrugas-manchas-rojeces-y-flacidez\\\/#breadcrumb\",\"itemListElement\":[{\"@type\":\"ListItem\",\"position\":1,\"name\":\"Portada\",\"item\":\"https:\\\/\\\/www.canons.es\\\/ca\\\/\"},{\"@type\":\"ListItem\",\"position\":2,\"name\":\"Envelliment Cutani: Arrugues, taques, vermellors i flacciditat\"}]},{\"@type\":\"WebSite\",\"@id\":\"https:\\\/\\\/www.canons.es\\\/#website\",\"url\":\"https:\\\/\\\/www.canons.es\\\/\",\"name\":\"Cirug\u00eda Pl\u00e1stica y Est\u00e9tica Barcelona y Granollers | C\u00e0nons Clinics\",\"description\":\"\",\"publisher\":{\"@id\":\"https:\\\/\\\/www.canons.es\\\/#organization\"},\"potentialAction\":[{\"@type\":\"SearchAction\",\"target\":{\"@type\":\"EntryPoint\",\"urlTemplate\":\"https:\\\/\\\/www.canons.es\\\/?s={search_term_string}\"},\"query-input\":{\"@type\":\"PropertyValueSpecification\",\"valueRequired\":true,\"valueName\":\"search_term_string\"}}],\"inLanguage\":\"ca\"},{\"@type\":\"Organization\",\"@id\":\"https:\\\/\\\/www.canons.es\\\/#organization\",\"name\":\"Cirug\u00eda Pl\u00e1stica y Est\u00e9tica Barcelona y Granollers | C\u00e0nons Clinics\",\"url\":\"https:\\\/\\\/www.canons.es\\\/\",\"logo\":{\"@type\":\"ImageObject\",\"inLanguage\":\"ca\",\"@id\":\"https:\\\/\\\/www.canons.es\\\/#\\\/schema\\\/logo\\\/image\\\/\",\"url\":\"https:\\\/\\\/www.canons.es\\\/wp-content\\\/uploads\\\/2025\\\/04\\\/logo-canons-clinics.jpg\",\"contentUrl\":\"https:\\\/\\\/www.canons.es\\\/wp-content\\\/uploads\\\/2025\\\/04\\\/logo-canons-clinics.jpg\",\"width\":600,\"height\":139,\"caption\":\"Cirug\u00eda Pl\u00e1stica y Est\u00e9tica Barcelona y Granollers | C\u00e0nons Clinics\"},\"image\":{\"@id\":\"https:\\\/\\\/www.canons.es\\\/#\\\/schema\\\/logo\\\/image\\\/\"},\"sameAs\":[\"https:\\\/\\\/www.facebook.com\\\/canonsclinics\\\/\",\"https:\\\/\\\/x.com\\\/canonsclinics\",\"https:\\\/\\\/www.instagram.com\\\/canonsclinics\\\/\",\"https:\\\/\\\/www.youtube.com\\\/channel\\\/UCI1Ia6LjALyo1CuQ0_HwtfQ\",\"https:\\\/\\\/www.linkedin.com\\\/company\\\/canons-clinics\\\/\"]},{\"@type\":\"Person\",\"@id\":\"https:\\\/\\\/www.canons.es\\\/#\\\/schema\\\/person\\\/947d7b84e9c15475d0452e32f9d72fb7\",\"name\":\"administrador\"}]}<\/script>\n<!-- \/ Yoast SEO Premium plugin. -->","yoast_head_json":{"title":"Envelliment Cutani: Arrugues, taques, vermellors i flacciditat - Cl\u00ednica C\u00e0nons | Cirurgia i Medicina Estetica a Barcelona, \u200b\u200bGranollers","robots":{"index":"index","follow":"follow","max-snippet":"max-snippet:-1","max-image-preview":"max-image-preview:large","max-video-preview":"max-video-preview:-1"},"canonical":"https:\/\/www.canons.es\/envejecimiento-cutaneo-arrugas-manchas-rojeces-y-flacidez\/","og_locale":"ca_ES","og_type":"article","og_title":"Envelliment Cutani: Arrugues, taques, vermellors i flacciditat","og_description":"Amb el pas del temps i, els efectes dels elements externs es van alterant les propietats de la pell principalment de la cara, el coll, l&#8217;escot i les mans, ja que s\u00f3n zones que estan m\u00e9s exposades a les radiacions solars, el vent , el...","og_url":"https:\/\/www.canons.es\/envejecimiento-cutaneo-arrugas-manchas-rojeces-y-flacidez\/","og_site_name":"Cl\u00ednica C\u00e0nons | Cirurgia i Medicina Estetica a Barcelona, \u200b\u200bGranollers","article_publisher":"https:\/\/www.facebook.com\/canonsclinics\/","article_published_time":"2013-02-22T12:58:45+00:00","article_modified_time":"2023-09-24T18:57:01+00:00","author":"administrador","twitter_card":"summary_large_image","twitter_creator":"@canonsclinics","twitter_site":"@canonsclinics","twitter_misc":{"Escrit per":"administrador","Temps estimat de lectura":"2 minuts"},"schema":{"@context":"https:\/\/schema.org","@graph":[{"@type":"Article","@id":"https:\/\/www.canons.es\/envejecimiento-cutaneo-arrugas-manchas-rojeces-y-flacidez\/#article","isPartOf":{"@id":"https:\/\/www.canons.es\/envejecimiento-cutaneo-arrugas-manchas-rojeces-y-flacidez\/"},"author":{"name":"administrador","@id":"https:\/\/www.canons.es\/#\/schema\/person\/947d7b84e9c15475d0452e32f9d72fb7"},"headline":"Envelliment Cutani: Arrugues, taques, vermellors i flacciditat","datePublished":"2013-02-22T12:58:45+00:00","dateModified":"2023-09-24T18:57:01+00:00","mainEntityOfPage":{"@id":"https:\/\/www.canons.es\/envejecimiento-cutaneo-arrugas-manchas-rojeces-y-flacidez\/"},"wordCount":407,"publisher":{"@id":"https:\/\/www.canons.es\/#organization"},"keywords":["Rejoveniment Facial","rejuvenecimiento facial"],"articleSection":["Blog del Dr. V\u00edctor Hern\u00e0ndez Da Costa","General","Medicina est\u00e8tica facial"],"inLanguage":"ca"},{"@type":"WebPage","@id":"https:\/\/www.canons.es\/envejecimiento-cutaneo-arrugas-manchas-rojeces-y-flacidez\/","url":"https:\/\/www.canons.es\/envejecimiento-cutaneo-arrugas-manchas-rojeces-y-flacidez\/","name":"Envelliment Cutani: Arrugues, taques, vermellors i flacciditat - Cl\u00ednica C\u00e0nons | Cirurgia i Medicina Estetica a Barcelona, \u200b\u200bGranollers","isPartOf":{"@id":"https:\/\/www.canons.es\/#website"},"datePublished":"2013-02-22T12:58:45+00:00","dateModified":"2023-09-24T18:57:01+00:00","breadcrumb":{"@id":"https:\/\/www.canons.es\/envejecimiento-cutaneo-arrugas-manchas-rojeces-y-flacidez\/#breadcrumb"},"inLanguage":"ca","potentialAction":[{"@type":"ReadAction","target":["https:\/\/www.canons.es\/envejecimiento-cutaneo-arrugas-manchas-rojeces-y-flacidez\/"]}]},{"@type":"BreadcrumbList","@id":"https:\/\/www.canons.es\/envejecimiento-cutaneo-arrugas-manchas-rojeces-y-flacidez\/#breadcrumb","itemListElement":[{"@type":"ListItem","position":1,"name":"Portada","item":"https:\/\/www.canons.es\/ca\/"},{"@type":"ListItem","position":2,"name":"Envelliment Cutani: Arrugues, taques, vermellors i flacciditat"}]},{"@type":"WebSite","@id":"https:\/\/www.canons.es\/#website","url":"https:\/\/www.canons.es\/","name":"Cirug\u00eda Pl\u00e1stica y Est\u00e9tica Barcelona y Granollers | C\u00e0nons Clinics","description":"","publisher":{"@id":"https:\/\/www.canons.es\/#organization"},"potentialAction":[{"@type":"SearchAction","target":{"@type":"EntryPoint","urlTemplate":"https:\/\/www.canons.es\/?s={search_term_string}"},"query-input":{"@type":"PropertyValueSpecification","valueRequired":true,"valueName":"search_term_string"}}],"inLanguage":"ca"},{"@type":"Organization","@id":"https:\/\/www.canons.es\/#organization","name":"Cirug\u00eda Pl\u00e1stica y Est\u00e9tica Barcelona y Granollers | C\u00e0nons Clinics","url":"https:\/\/www.canons.es\/","logo":{"@type":"ImageObject","inLanguage":"ca","@id":"https:\/\/www.canons.es\/#\/schema\/logo\/image\/","url":"https:\/\/www.canons.es\/wp-content\/uploads\/2025\/04\/logo-canons-clinics.jpg","contentUrl":"https:\/\/www.canons.es\/wp-content\/uploads\/2025\/04\/logo-canons-clinics.jpg","width":600,"height":139,"caption":"Cirug\u00eda Pl\u00e1stica y Est\u00e9tica Barcelona y Granollers | C\u00e0nons Clinics"},"image":{"@id":"https:\/\/www.canons.es\/#\/schema\/logo\/image\/"},"sameAs":["https:\/\/www.facebook.com\/canonsclinics\/","https:\/\/x.com\/canonsclinics","https:\/\/www.instagram.com\/canonsclinics\/","https:\/\/www.youtube.com\/channel\/UCI1Ia6LjALyo1CuQ0_HwtfQ","https:\/\/www.linkedin.com\/company\/canons-clinics\/"]},{"@type":"Person","@id":"https:\/\/www.canons.es\/#\/schema\/person\/947d7b84e9c15475d0452e32f9d72fb7","name":"administrador"}]}},"_links":{"self":[{"href":"https:\/\/www.canons.es\/ca\/wp-json\/wp\/v2\/posts\/4230","targetHints":{"allow":["GET"]}}],"collection":[{"href":"https:\/\/www.canons.es\/ca\/wp-json\/wp\/v2\/posts"}],"about":[{"href":"https:\/\/www.canons.es\/ca\/wp-json\/wp\/v2\/types\/post"}],"author":[{"embeddable":true,"href":"https:\/\/www.canons.es\/ca\/wp-json\/wp\/v2\/users\/25"}],"replies":[{"embeddable":true,"href":"https:\/\/www.canons.es\/ca\/wp-json\/wp\/v2\/comments?post=4230"}],"version-history":[{"count":0,"href":"https:\/\/www.canons.es\/ca\/wp-json\/wp\/v2\/posts\/4230\/revisions"}],"wp:attachment":[{"href":"https:\/\/www.canons.es\/ca\/wp-json\/wp\/v2\/media?parent=4230"}],"wp:term":[{"taxonomy":"category","embeddable":true,"href":"https:\/\/www.canons.es\/ca\/wp-json\/wp\/v2\/categories?post=4230"},{"taxonomy":"post_tag","embeddable":true,"href":"https:\/\/www.canons.es\/ca\/wp-json\/wp\/v2\/tags?post=4230"}],"curies":[{"name":"wp","href":"https:\/\/api.w.org\/{rel}","templated":true}]}}