{"id":3965,"date":"2013-02-03T16:12:02","date_gmt":"2013-02-03T14:12:02","guid":{"rendered":"https:\/\/www.canons.es\/?p=3965"},"modified":"2023-11-01T15:47:59","modified_gmt":"2023-11-01T15:47:59","slug":"implants-bessons","status":"publish","type":"post","link":"https:\/\/www.canons.es\/ca\/implants-bessons\/","title":{"rendered":"Implants de Bessons"},"content":{"rendered":"\n\n<div class=\"kk-star-ratings kksr-auto kksr-align-left kksr-valign-top\"\n    data-payload='{&quot;align&quot;:&quot;left&quot;,&quot;id&quot;:&quot;3965&quot;,&quot;slug&quot;:&quot;default&quot;,&quot;valign&quot;:&quot;top&quot;,&quot;ignore&quot;:&quot;&quot;,&quot;reference&quot;:&quot;auto&quot;,&quot;class&quot;:&quot;&quot;,&quot;count&quot;:&quot;0&quot;,&quot;legendonly&quot;:&quot;&quot;,&quot;readonly&quot;:&quot;&quot;,&quot;score&quot;:&quot;0&quot;,&quot;starsonly&quot;:&quot;&quot;,&quot;best&quot;:&quot;5&quot;,&quot;gap&quot;:&quot;5&quot;,&quot;greet&quot;:&quot;Eval\u00faa este art\u00edculo&quot;,&quot;legend&quot;:&quot;0\\\/5 - (0 votes)&quot;,&quot;size&quot;:&quot;24&quot;,&quot;title&quot;:&quot;Implants de Bessons&quot;,&quot;width&quot;:&quot;0&quot;,&quot;_legend&quot;:&quot;{score}\\\/{best} - ({count} {votes})&quot;,&quot;font_factor&quot;:&quot;1.25&quot;}'>\n            \n<div class=\"kksr-stars\">\n    \n<div class=\"kksr-stars-inactive\">\n            <div class=\"kksr-star\" data-star=\"1\" style=\"padding-right: 5px\">\n            \n\n<div class=\"kksr-icon\" style=\"width: 24px; height: 24px;\"><\/div>\n        <\/div>\n            <div class=\"kksr-star\" data-star=\"2\" style=\"padding-right: 5px\">\n            \n\n<div class=\"kksr-icon\" style=\"width: 24px; height: 24px;\"><\/div>\n        <\/div>\n            <div class=\"kksr-star\" data-star=\"3\" style=\"padding-right: 5px\">\n            \n\n<div class=\"kksr-icon\" style=\"width: 24px; height: 24px;\"><\/div>\n        <\/div>\n            <div class=\"kksr-star\" data-star=\"4\" style=\"padding-right: 5px\">\n            \n\n<div class=\"kksr-icon\" style=\"width: 24px; height: 24px;\"><\/div>\n        <\/div>\n            <div class=\"kksr-star\" data-star=\"5\" style=\"padding-right: 5px\">\n            \n\n<div class=\"kksr-icon\" style=\"width: 24px; height: 24px;\"><\/div>\n        <\/div>\n    <\/div>\n    \n<div class=\"kksr-stars-active\" style=\"width: 0px;\">\n            <div class=\"kksr-star\" style=\"padding-right: 5px\">\n            \n\n<div class=\"kksr-icon\" style=\"width: 24px; height: 24px;\"><\/div>\n        <\/div>\n            <div class=\"kksr-star\" style=\"padding-right: 5px\">\n            \n\n<div class=\"kksr-icon\" style=\"width: 24px; height: 24px;\"><\/div>\n        <\/div>\n            <div class=\"kksr-star\" style=\"padding-right: 5px\">\n            \n\n<div class=\"kksr-icon\" style=\"width: 24px; height: 24px;\"><\/div>\n        <\/div>\n            <div class=\"kksr-star\" style=\"padding-right: 5px\">\n            \n\n<div class=\"kksr-icon\" style=\"width: 24px; height: 24px;\"><\/div>\n        <\/div>\n            <div class=\"kksr-star\" style=\"padding-right: 5px\">\n            \n\n<div class=\"kksr-icon\" style=\"width: 24px; height: 24px;\"><\/div>\n        <\/div>\n    <\/div>\n<\/div>\n                \n\n<div class=\"kksr-legend\" style=\"font-size: 19.2px;\">\n            <span class=\"kksr-muted\">Eval\u00faa este art\u00edculo<\/span>\n    <\/div>\n    <\/div>\n<h2><b>Qui \u00e9s el candidat ideal per a la Cirurgia d\u00b4Implants de Bessons?<\/b><\/h2>\n<h2><\/h2>\n<p>Generalment, s\u00f3n persones que desitgen lluir uns m\u00fasculs m\u00e9s desenvolupats a les cames, que moltes vegades malgrat el exercici no han aconseguit augmentar el volum muscular d&#8217;aquesta zona.<\/p>\n<p>Tamb\u00e9, per\u00f2 no tan sovint aquelles persones que presenten alteracions de forma o volum en els seus m\u00fasculs bessons com a resultat de factors cong\u00e8nits, traum\u00e0tics o, patol\u00f2gics.<\/p>\n<h2><b>En qu\u00e8 consisteix la Cirurgia d&#8217;Implants de Bessons?<\/b><\/h2>\n<p>La cirurgia d\u00b4Implants de Bessons \u00e9s la t\u00e8cnica quir\u00fargica que permet millorar la forma dels m\u00fasculs bessons de les cames, mitjan\u00e7ant la inserci\u00f3 d&#8217;un implant que es col\u00b7loca a trav\u00e9s del plec posterior del genoll.<\/p>\n<h2><b>Quin tipus d&#8217;implant s&#8217;utilitza en la Cirurgia d\u00b4Implants de Bessons?<\/b><\/h2>\n<p>L&#8217;implant utilitzat en la cirurgia de bessons \u00e9s una esp\u00e8cie de bossa de forma anat\u00f2mica, de superf\u00edcie externa i farcit de silicona d&#8217;alta densitat, de superf\u00edcie llisa, espec\u00edficament dissenyat per aquesta zona del cos. La coberta d&#8217;aquests implants \u00e9s altament resistent i de bona permeabilitat.<\/p>\n<h2><b>Com ser\u00e0 la tornada a la normalitat?<\/b><\/h2>\n<p>Et sentir\u00e0s cansat \/ da i molest \/ a alguns dies despr\u00e9s de la intervenci\u00f3, haur\u00e0s d&#8217;estar en rep\u00f2s al llit un o dos dies, sense sotmetre a tensi\u00f3 les sutures. La major part de les mol\u00e8sties seran tractades sense problemes amb la pauta d&#8217;analg\u00e8sics i antiinflamatoris.<\/p>\n<p>En uns dos o tres dies, aproximadament et retirarem els embenats i, t&#8217;indicarem la pe\u00e7a de pressoter\u00e0pia que haur\u00e0s de portar. Les sensacions estranyes a la pell i la inflamaci\u00f3 m\u00e9s important disminuiran en m\u00e9s o menys tres setmanes.<\/p>\n<p>Les sutures seran retirades aproximadament, en dues setmanes. Et notar\u00e0s les cames probablement, m\u00e9s sensibles al tacte en unes dues o tres setmanes. Despr\u00e9s progressivament, recuper\u00e0s la sensibilitat.<\/p>\n<p>Les cicatrius inicialment, estaran endurides i rosades almenys durant unes sis setmanes. Encara que aquest enduriment pot durar alguns mesos. Despr\u00e9s progressivament amb els mesos s&#8217;aniran atenuant fins a fer-se poc evidents.<\/p>\n<p>Normalment, podr\u00e0s normalitzar les tev\u00e9s activitats di\u00e0ries en uns quinze dies, iniciant les activitats de manera gradual i moderada.<\/p>\n<h2><b>Com he de planificar la Cirurgia de Implants de Bessons?<\/b><\/h2>\n<p>A la consulta podr\u00e0s explicar al teu cirurgi\u00e0 les teves expectatives i, necessitats respecte a la cirurgia d&#8217;implants de Bessons.<\/p>\n<p>El teu cirurgi\u00e0 pl\u00e0stic i est\u00e8tic et realitzar\u00e0 un examen f\u00edsic per aconseguir l&#8217;objectiu final segons les teves expectatives. Es prendran fotografies de registre i an\u00e0lisi per a la intervenci\u00f3.<\/p>\n<p>Precisar\u00e0s unes proves anal\u00edtiques i, electrocardiogr\u00e0fiques per a la valoraci\u00f3 d&#8217;aptitud preanest\u00e8sica abans de la cirurgia. Tamb\u00e9, et donar\u00e0 instruccions sobre com preparar-te per la cirurgia, incloent les pautes a seguir sobre la presa o supressi\u00f3 de medicaments, vitamines, suplements de ferro, aliments, l\u00edquids i, tabac.<\/p>\n<p>Assegura&#8217;t, tamb\u00e9 que algun familiar o acompanyant pugui acompanyar-te quan se&#8217;t doni l&#8217;alta i que, en cas necessari, puguin ajudar-te uns dies.<\/p>\n<h2><b>Quines precaucions haur\u00e9 prendre?<\/b><\/h2>\n<p>Amb l&#8217;objectiu de limitar el risc de sagnat i hematomes haur\u00e0s d&#8217;evitar prendre en els 7 dies previs al procediment antiagregants plaquetaris com Aspirina, Dipiridamol, Ticlopidina&#8230; com tamb\u00e9, en els 3 dies previs prendre antiinflamatoris no estero\u00efdals amb efecte antiagregant com Ibuprof\u00e8, Diclofenac, Indometacina, Piroxicam, Naprox\u00e8&#8230;<\/p>\n<div><\/div>\n<!-- AddThis Advanced Settings generic via filter on the_content --><!-- AddThis Share Buttons generic via filter on the_content -->","protected":false},"excerpt":{"rendered":"<p>Qui \u00e9s el candidat ideal per a la Cirurgia d\u00b4Implants de Bessons? Generalment, s\u00f3n persones que desitgen lluir uns m\u00fasculs m\u00e9s desenvolupats a les cames, que moltes vegades malgrat el exercici no han aconseguit augmentar el volum muscular d&#8217;aquesta zona. Tamb\u00e9, per\u00f2 no tan sovint&#8230;<!-- AddThis Advanced Settings generic via filter on get_the_excerpt --><!-- AddThis Share Buttons generic via filter on get_the_excerpt --><\/p>\n","protected":false},"author":25,"featured_media":6905,"comment_status":"closed","ping_status":"closed","sticky":false,"template":"","format":"standard","meta":{"footnotes":""},"categories":[566],"tags":[],"class_list":["post-3965","post","type-post","status-publish","format-standard","has-post-thumbnail","hentry","category-blog-del-dr-victor-hernandez-da-costa-ca-3"],"yoast_head":"<!-- This site is optimized with the Yoast SEO Premium plugin v26.9 (Yoast SEO v27.4) - https:\/\/yoast.com\/product\/yoast-seo-premium-wordpress\/ -->\n<title>Implants de Bessons - Cl\u00ednica C\u00e0nons | Cirurgia i Medicina Estetica a Barcelona, \u200b\u200bGranollers<\/title>\n<meta name=\"robots\" content=\"index, follow, max-snippet:-1, max-image-preview:large, max-video-preview:-1\" \/>\n<link rel=\"canonical\" href=\"https:\/\/www.canons.es\/ca\/implants-bessons\/\" \/>\n<meta property=\"og:locale\" content=\"ca_ES\" \/>\n<meta property=\"og:type\" content=\"article\" \/>\n<meta property=\"og:title\" content=\"Implants de Bessons\" \/>\n<meta property=\"og:description\" content=\"Qui \u00e9s el candidat ideal per a la Cirurgia d\u00b4Implants de Bessons? Generalment, s\u00f3n persones que desitgen lluir uns m\u00fasculs m\u00e9s desenvolupats a les cames, que moltes vegades malgrat el exercici no han aconseguit augmentar el volum muscular d&#8217;aquesta zona. Tamb\u00e9, per\u00f2 no tan sovint...\" \/>\n<meta property=\"og:url\" content=\"https:\/\/www.canons.es\/ca\/implants-bessons\/\" \/>\n<meta property=\"og:site_name\" content=\"Cl\u00ednica C\u00e0nons | Cirurgia i Medicina Estetica a Barcelona, \u200b\u200bGranollers\" \/>\n<meta property=\"article:publisher\" content=\"https:\/\/www.facebook.com\/canonsclinics\/\" \/>\n<meta property=\"article:published_time\" content=\"2013-02-03T14:12:02+00:00\" \/>\n<meta property=\"article:modified_time\" content=\"2023-11-01T15:47:59+00:00\" \/>\n<meta name=\"author\" content=\"administrador\" \/>\n<meta name=\"twitter:card\" content=\"summary_large_image\" \/>\n<meta name=\"twitter:creator\" content=\"@canonsclinics\" \/>\n<meta name=\"twitter:site\" content=\"@canonsclinics\" \/>\n<meta name=\"twitter:label1\" content=\"Escrit per\" \/>\n\t<meta name=\"twitter:data1\" content=\"administrador\" \/>\n\t<meta name=\"twitter:label2\" content=\"Temps estimat de lectura\" \/>\n\t<meta name=\"twitter:data2\" content=\"3 minuts\" \/>\n<script type=\"application\/ld+json\" class=\"yoast-schema-graph\">{\"@context\":\"https:\\\/\\\/schema.org\",\"@graph\":[{\"@type\":\"Article\",\"@id\":\"https:\\\/\\\/www.canons.es\\\/ca\\\/implants-bessons\\\/#article\",\"isPartOf\":{\"@id\":\"https:\\\/\\\/www.canons.es\\\/ca\\\/implants-bessons\\\/\"},\"author\":{\"name\":\"administrador\",\"@id\":\"https:\\\/\\\/www.canons.es\\\/#\\\/schema\\\/person\\\/947d7b84e9c15475d0452e32f9d72fb7\"},\"headline\":\"Implants de Bessons\",\"datePublished\":\"2013-02-03T14:12:02+00:00\",\"dateModified\":\"2023-11-01T15:47:59+00:00\",\"mainEntityOfPage\":{\"@id\":\"https:\\\/\\\/www.canons.es\\\/ca\\\/implants-bessons\\\/\"},\"wordCount\":567,\"publisher\":{\"@id\":\"https:\\\/\\\/www.canons.es\\\/#organization\"},\"image\":{\"@id\":\"https:\\\/\\\/www.canons.es\\\/ca\\\/implants-bessons\\\/#primaryimage\"},\"thumbnailUrl\":\"\",\"articleSection\":[\"Blog del Dr. V\u00edctor Hern\u00e1ndez Da Costa\"],\"inLanguage\":\"ca\"},{\"@type\":\"WebPage\",\"@id\":\"https:\\\/\\\/www.canons.es\\\/ca\\\/implants-bessons\\\/\",\"url\":\"https:\\\/\\\/www.canons.es\\\/ca\\\/implants-bessons\\\/\",\"name\":\"Implants de Bessons - Cl\u00ednica C\u00e0nons | Cirurgia i Medicina Estetica a Barcelona, \u200b\u200bGranollers\",\"isPartOf\":{\"@id\":\"https:\\\/\\\/www.canons.es\\\/#website\"},\"primaryImageOfPage\":{\"@id\":\"https:\\\/\\\/www.canons.es\\\/ca\\\/implants-bessons\\\/#primaryimage\"},\"image\":{\"@id\":\"https:\\\/\\\/www.canons.es\\\/ca\\\/implants-bessons\\\/#primaryimage\"},\"thumbnailUrl\":\"\",\"datePublished\":\"2013-02-03T14:12:02+00:00\",\"dateModified\":\"2023-11-01T15:47:59+00:00\",\"breadcrumb\":{\"@id\":\"https:\\\/\\\/www.canons.es\\\/ca\\\/implants-bessons\\\/#breadcrumb\"},\"inLanguage\":\"ca\",\"potentialAction\":[{\"@type\":\"ReadAction\",\"target\":[\"https:\\\/\\\/www.canons.es\\\/ca\\\/implants-bessons\\\/\"]}]},{\"@type\":\"ImageObject\",\"inLanguage\":\"ca\",\"@id\":\"https:\\\/\\\/www.canons.es\\\/ca\\\/implants-bessons\\\/#primaryimage\",\"url\":\"\",\"contentUrl\":\"\"},{\"@type\":\"BreadcrumbList\",\"@id\":\"https:\\\/\\\/www.canons.es\\\/ca\\\/implants-bessons\\\/#breadcrumb\",\"itemListElement\":[{\"@type\":\"ListItem\",\"position\":1,\"name\":\"Portada\",\"item\":\"https:\\\/\\\/www.canons.es\\\/ca\\\/\"},{\"@type\":\"ListItem\",\"position\":2,\"name\":\"Implants de Bessons\"}]},{\"@type\":\"WebSite\",\"@id\":\"https:\\\/\\\/www.canons.es\\\/#website\",\"url\":\"https:\\\/\\\/www.canons.es\\\/\",\"name\":\"Cirug\u00eda Pl\u00e1stica y Est\u00e9tica Barcelona y Granollers | C\u00e0nons Clinics\",\"description\":\"\",\"publisher\":{\"@id\":\"https:\\\/\\\/www.canons.es\\\/#organization\"},\"potentialAction\":[{\"@type\":\"SearchAction\",\"target\":{\"@type\":\"EntryPoint\",\"urlTemplate\":\"https:\\\/\\\/www.canons.es\\\/?s={search_term_string}\"},\"query-input\":{\"@type\":\"PropertyValueSpecification\",\"valueRequired\":true,\"valueName\":\"search_term_string\"}}],\"inLanguage\":\"ca\"},{\"@type\":\"Organization\",\"@id\":\"https:\\\/\\\/www.canons.es\\\/#organization\",\"name\":\"Cirug\u00eda Pl\u00e1stica y Est\u00e9tica Barcelona y Granollers | C\u00e0nons Clinics\",\"url\":\"https:\\\/\\\/www.canons.es\\\/\",\"logo\":{\"@type\":\"ImageObject\",\"inLanguage\":\"ca\",\"@id\":\"https:\\\/\\\/www.canons.es\\\/#\\\/schema\\\/logo\\\/image\\\/\",\"url\":\"https:\\\/\\\/www.canons.es\\\/wp-content\\\/uploads\\\/2025\\\/04\\\/logo-canons-clinics.jpg\",\"contentUrl\":\"https:\\\/\\\/www.canons.es\\\/wp-content\\\/uploads\\\/2025\\\/04\\\/logo-canons-clinics.jpg\",\"width\":600,\"height\":139,\"caption\":\"Cirug\u00eda Pl\u00e1stica y Est\u00e9tica Barcelona y Granollers | C\u00e0nons Clinics\"},\"image\":{\"@id\":\"https:\\\/\\\/www.canons.es\\\/#\\\/schema\\\/logo\\\/image\\\/\"},\"sameAs\":[\"https:\\\/\\\/www.facebook.com\\\/canonsclinics\\\/\",\"https:\\\/\\\/x.com\\\/canonsclinics\",\"https:\\\/\\\/www.instagram.com\\\/canonsclinics\\\/\",\"https:\\\/\\\/www.youtube.com\\\/channel\\\/UCI1Ia6LjALyo1CuQ0_HwtfQ\",\"https:\\\/\\\/www.linkedin.com\\\/company\\\/canons-clinics\\\/\"]},{\"@type\":\"Person\",\"@id\":\"https:\\\/\\\/www.canons.es\\\/#\\\/schema\\\/person\\\/947d7b84e9c15475d0452e32f9d72fb7\",\"name\":\"administrador\"}]}<\/script>\n<!-- \/ Yoast SEO Premium plugin. -->","yoast_head_json":{"title":"Implants de Bessons - Cl\u00ednica C\u00e0nons | Cirurgia i Medicina Estetica a Barcelona, \u200b\u200bGranollers","robots":{"index":"index","follow":"follow","max-snippet":"max-snippet:-1","max-image-preview":"max-image-preview:large","max-video-preview":"max-video-preview:-1"},"canonical":"https:\/\/www.canons.es\/ca\/implants-bessons\/","og_locale":"ca_ES","og_type":"article","og_title":"Implants de Bessons","og_description":"Qui \u00e9s el candidat ideal per a la Cirurgia d\u00b4Implants de Bessons? Generalment, s\u00f3n persones que desitgen lluir uns m\u00fasculs m\u00e9s desenvolupats a les cames, que moltes vegades malgrat el exercici no han aconseguit augmentar el volum muscular d&#8217;aquesta zona. Tamb\u00e9, per\u00f2 no tan sovint...","og_url":"https:\/\/www.canons.es\/ca\/implants-bessons\/","og_site_name":"Cl\u00ednica C\u00e0nons | Cirurgia i Medicina Estetica a Barcelona, \u200b\u200bGranollers","article_publisher":"https:\/\/www.facebook.com\/canonsclinics\/","article_published_time":"2013-02-03T14:12:02+00:00","article_modified_time":"2023-11-01T15:47:59+00:00","author":"administrador","twitter_card":"summary_large_image","twitter_creator":"@canonsclinics","twitter_site":"@canonsclinics","twitter_misc":{"Escrit per":"administrador","Temps estimat de lectura":"3 minuts"},"schema":{"@context":"https:\/\/schema.org","@graph":[{"@type":"Article","@id":"https:\/\/www.canons.es\/ca\/implants-bessons\/#article","isPartOf":{"@id":"https:\/\/www.canons.es\/ca\/implants-bessons\/"},"author":{"name":"administrador","@id":"https:\/\/www.canons.es\/#\/schema\/person\/947d7b84e9c15475d0452e32f9d72fb7"},"headline":"Implants de Bessons","datePublished":"2013-02-03T14:12:02+00:00","dateModified":"2023-11-01T15:47:59+00:00","mainEntityOfPage":{"@id":"https:\/\/www.canons.es\/ca\/implants-bessons\/"},"wordCount":567,"publisher":{"@id":"https:\/\/www.canons.es\/#organization"},"image":{"@id":"https:\/\/www.canons.es\/ca\/implants-bessons\/#primaryimage"},"thumbnailUrl":"","articleSection":["Blog del Dr. V\u00edctor Hern\u00e1ndez Da Costa"],"inLanguage":"ca"},{"@type":"WebPage","@id":"https:\/\/www.canons.es\/ca\/implants-bessons\/","url":"https:\/\/www.canons.es\/ca\/implants-bessons\/","name":"Implants de Bessons - Cl\u00ednica C\u00e0nons | Cirurgia i Medicina Estetica a Barcelona, \u200b\u200bGranollers","isPartOf":{"@id":"https:\/\/www.canons.es\/#website"},"primaryImageOfPage":{"@id":"https:\/\/www.canons.es\/ca\/implants-bessons\/#primaryimage"},"image":{"@id":"https:\/\/www.canons.es\/ca\/implants-bessons\/#primaryimage"},"thumbnailUrl":"","datePublished":"2013-02-03T14:12:02+00:00","dateModified":"2023-11-01T15:47:59+00:00","breadcrumb":{"@id":"https:\/\/www.canons.es\/ca\/implants-bessons\/#breadcrumb"},"inLanguage":"ca","potentialAction":[{"@type":"ReadAction","target":["https:\/\/www.canons.es\/ca\/implants-bessons\/"]}]},{"@type":"ImageObject","inLanguage":"ca","@id":"https:\/\/www.canons.es\/ca\/implants-bessons\/#primaryimage","url":"","contentUrl":""},{"@type":"BreadcrumbList","@id":"https:\/\/www.canons.es\/ca\/implants-bessons\/#breadcrumb","itemListElement":[{"@type":"ListItem","position":1,"name":"Portada","item":"https:\/\/www.canons.es\/ca\/"},{"@type":"ListItem","position":2,"name":"Implants de Bessons"}]},{"@type":"WebSite","@id":"https:\/\/www.canons.es\/#website","url":"https:\/\/www.canons.es\/","name":"Cirug\u00eda Pl\u00e1stica y Est\u00e9tica Barcelona y Granollers | C\u00e0nons Clinics","description":"","publisher":{"@id":"https:\/\/www.canons.es\/#organization"},"potentialAction":[{"@type":"SearchAction","target":{"@type":"EntryPoint","urlTemplate":"https:\/\/www.canons.es\/?s={search_term_string}"},"query-input":{"@type":"PropertyValueSpecification","valueRequired":true,"valueName":"search_term_string"}}],"inLanguage":"ca"},{"@type":"Organization","@id":"https:\/\/www.canons.es\/#organization","name":"Cirug\u00eda Pl\u00e1stica y Est\u00e9tica Barcelona y Granollers | C\u00e0nons Clinics","url":"https:\/\/www.canons.es\/","logo":{"@type":"ImageObject","inLanguage":"ca","@id":"https:\/\/www.canons.es\/#\/schema\/logo\/image\/","url":"https:\/\/www.canons.es\/wp-content\/uploads\/2025\/04\/logo-canons-clinics.jpg","contentUrl":"https:\/\/www.canons.es\/wp-content\/uploads\/2025\/04\/logo-canons-clinics.jpg","width":600,"height":139,"caption":"Cirug\u00eda Pl\u00e1stica y Est\u00e9tica Barcelona y Granollers | C\u00e0nons Clinics"},"image":{"@id":"https:\/\/www.canons.es\/#\/schema\/logo\/image\/"},"sameAs":["https:\/\/www.facebook.com\/canonsclinics\/","https:\/\/x.com\/canonsclinics","https:\/\/www.instagram.com\/canonsclinics\/","https:\/\/www.youtube.com\/channel\/UCI1Ia6LjALyo1CuQ0_HwtfQ","https:\/\/www.linkedin.com\/company\/canons-clinics\/"]},{"@type":"Person","@id":"https:\/\/www.canons.es\/#\/schema\/person\/947d7b84e9c15475d0452e32f9d72fb7","name":"administrador"}]}},"_links":{"self":[{"href":"https:\/\/www.canons.es\/ca\/wp-json\/wp\/v2\/posts\/3965","targetHints":{"allow":["GET"]}}],"collection":[{"href":"https:\/\/www.canons.es\/ca\/wp-json\/wp\/v2\/posts"}],"about":[{"href":"https:\/\/www.canons.es\/ca\/wp-json\/wp\/v2\/types\/post"}],"author":[{"embeddable":true,"href":"https:\/\/www.canons.es\/ca\/wp-json\/wp\/v2\/users\/25"}],"replies":[{"embeddable":true,"href":"https:\/\/www.canons.es\/ca\/wp-json\/wp\/v2\/comments?post=3965"}],"version-history":[{"count":0,"href":"https:\/\/www.canons.es\/ca\/wp-json\/wp\/v2\/posts\/3965\/revisions"}],"wp:featuredmedia":[{"embeddable":true,"href":"https:\/\/www.canons.es\/ca\/wp-json\/"}],"wp:attachment":[{"href":"https:\/\/www.canons.es\/ca\/wp-json\/wp\/v2\/media?parent=3965"}],"wp:term":[{"taxonomy":"category","embeddable":true,"href":"https:\/\/www.canons.es\/ca\/wp-json\/wp\/v2\/categories?post=3965"},{"taxonomy":"post_tag","embeddable":true,"href":"https:\/\/www.canons.es\/ca\/wp-json\/wp\/v2\/tags?post=3965"}],"curies":[{"name":"wp","href":"https:\/\/api.w.org\/{rel}","templated":true}]}}