{"id":3947,"date":"2013-02-09T15:39:23","date_gmt":"2013-02-09T13:39:23","guid":{"rendered":"https:\/\/www.canons.es\/?p=3947"},"modified":"2023-11-01T10:10:24","modified_gmt":"2023-11-01T10:10:24","slug":"ginecomastia-2-2","status":"publish","type":"post","link":"https:\/\/www.canons.es\/ca\/ginecomastia-2-2\/","title":{"rendered":"Ginecom\u00e0stia"},"content":{"rendered":"\n\n<div class=\"kk-star-ratings kksr-auto kksr-align-left kksr-valign-top\"\n    data-payload='{&quot;align&quot;:&quot;left&quot;,&quot;id&quot;:&quot;3947&quot;,&quot;slug&quot;:&quot;default&quot;,&quot;valign&quot;:&quot;top&quot;,&quot;ignore&quot;:&quot;&quot;,&quot;reference&quot;:&quot;auto&quot;,&quot;class&quot;:&quot;&quot;,&quot;count&quot;:&quot;0&quot;,&quot;legendonly&quot;:&quot;&quot;,&quot;readonly&quot;:&quot;&quot;,&quot;score&quot;:&quot;0&quot;,&quot;starsonly&quot;:&quot;&quot;,&quot;best&quot;:&quot;5&quot;,&quot;gap&quot;:&quot;5&quot;,&quot;greet&quot;:&quot;Eval\u00faa este art\u00edculo&quot;,&quot;legend&quot;:&quot;0\\\/5 - (0 votes)&quot;,&quot;size&quot;:&quot;24&quot;,&quot;title&quot;:&quot;Ginecom\u00e0stia&quot;,&quot;width&quot;:&quot;0&quot;,&quot;_legend&quot;:&quot;{score}\\\/{best} - ({count} {votes})&quot;,&quot;font_factor&quot;:&quot;1.25&quot;}'>\n            \n<div class=\"kksr-stars\">\n    \n<div class=\"kksr-stars-inactive\">\n            <div class=\"kksr-star\" data-star=\"1\" style=\"padding-right: 5px\">\n            \n\n<div class=\"kksr-icon\" style=\"width: 24px; height: 24px;\"><\/div>\n        <\/div>\n            <div class=\"kksr-star\" data-star=\"2\" style=\"padding-right: 5px\">\n            \n\n<div class=\"kksr-icon\" style=\"width: 24px; height: 24px;\"><\/div>\n        <\/div>\n            <div class=\"kksr-star\" data-star=\"3\" style=\"padding-right: 5px\">\n            \n\n<div class=\"kksr-icon\" style=\"width: 24px; height: 24px;\"><\/div>\n        <\/div>\n            <div class=\"kksr-star\" data-star=\"4\" style=\"padding-right: 5px\">\n            \n\n<div class=\"kksr-icon\" style=\"width: 24px; height: 24px;\"><\/div>\n        <\/div>\n            <div class=\"kksr-star\" data-star=\"5\" style=\"padding-right: 5px\">\n            \n\n<div class=\"kksr-icon\" style=\"width: 24px; height: 24px;\"><\/div>\n        <\/div>\n    <\/div>\n    \n<div class=\"kksr-stars-active\" style=\"width: 0px;\">\n            <div class=\"kksr-star\" style=\"padding-right: 5px\">\n            \n\n<div class=\"kksr-icon\" style=\"width: 24px; height: 24px;\"><\/div>\n        <\/div>\n            <div class=\"kksr-star\" style=\"padding-right: 5px\">\n            \n\n<div class=\"kksr-icon\" style=\"width: 24px; height: 24px;\"><\/div>\n        <\/div>\n            <div class=\"kksr-star\" style=\"padding-right: 5px\">\n            \n\n<div class=\"kksr-icon\" style=\"width: 24px; height: 24px;\"><\/div>\n        <\/div>\n            <div class=\"kksr-star\" style=\"padding-right: 5px\">\n            \n\n<div class=\"kksr-icon\" style=\"width: 24px; height: 24px;\"><\/div>\n        <\/div>\n            <div class=\"kksr-star\" style=\"padding-right: 5px\">\n            \n\n<div class=\"kksr-icon\" style=\"width: 24px; height: 24px;\"><\/div>\n        <\/div>\n    <\/div>\n<\/div>\n                \n\n<div class=\"kksr-legend\" style=\"font-size: 19.2px;\">\n            <span class=\"kksr-muted\">Eval\u00faa este art\u00edculo<\/span>\n    <\/div>\n    <\/div>\n<p>La ginecom\u00e0stia \u00e9s la condici\u00f3 d&#8217;origen patol\u00f2gic o, fisiol\u00f2gic en qu\u00e8 presenta volum excessiu a les mames masculines.<\/p>\n<p>La mida pot variar des d&#8217;un volum gaireb\u00e9 palpable fins a una mama d&#8217;adolescent i, pot ser tant bilateral com unilateral. Predomina l&#8217;aparici\u00f3 de ginecom\u00e0stia unilateral.<\/p>\n<p>Es determina mitjan\u00e7ant l&#8217;exist\u00e8ncia d&#8217;una capa de greix subcutani que s&#8217;acumula a les mames d&#8217;adolescents, homes o gent gran i, produeix un volum a les mames que contribueix a desdibuixar el t\u00f2rax i, el contorn corporal mascul\u00ed.<\/p>\n<p>Aquest tipus d&#8217;alteraci\u00f3 del contorn corporal \u00e9s f\u00e0cilment solucionable gr\u00e0cies a la nova t\u00e8cnica amb liposucci\u00f3 assistida per l\u00e0ser, la qual reafirmar\u00e0 i eliminar\u00e0 els c\u00famuls de greix i gl\u00e0ndula mam\u00e0ria que no s&#8217;eliminen ni amb aparells corporal, ni amb massatges, ni amb dieta, ni exercici f\u00edsic&#8230;<\/p>\n<h2><b>Qui \u00e9s el candidat ideal per sotmetre a una Ginecom\u00e0stia?<\/b><\/h2>\n<p>Els tres casos on es determinen els candidats ideals per sotmetre a una ginecom\u00e0stia, serien en primer lloc la diagnosticada com a Ginecom\u00e0stia Fisiol\u00f2gica la qual s&#8217;ent\u00e9n per la condici\u00f3 que es presenta en l&#8217;home, generalment durant l&#8217;adolesc\u00e8ncia i, que es caracteritza per la pres\u00e8ncia de teixit glandular mamari engrandit, unilateral o bilateral, hipersensible i, que creix gradualment. Tamb\u00e9, es pot donar en gent gran i adults, sense causa determinada.<\/p>\n<p>Tamb\u00e9, es pot dur a terme per l&#8217;exist\u00e8ncia d&#8217;una Ginecom\u00e0stia Patol\u00f2gica la qual es caracteritza per la pres\u00e8ncia de teixit glandular mamari major de 4 cm. de di\u00e0metre, hipersensible i, gradualment aumentat sense causes fisiol\u00f2giques.<\/p>\n<p>Finalment, els candidats que tamb\u00e9 serien ideals per sotmetre a una ginecom\u00e0stia serien els diagnosticats de Pseudoginecom\u00e0stia en la qual es produeix un augment del greix mam\u00e0ria sense hipertr\u00f2fia glandular.<\/p>\n<h2><b>En qu\u00e8 consisteix la Ginecom\u00e0stia?<\/b><\/h2>\n<p>Es tracta d&#8217;una cirurgia molt senzilla, que et permetr\u00e0 reincorporar al teu ritme de vida habitual en 24 &#8211; 48 h., aproximadament. La pr\u00e0ctica d&#8217;una mamografia ens aclarir\u00e0 del predomini de la ginecom\u00e0stia i, conseq\u00fcentment de la t\u00e8cnica a emprar.<\/p>\n<p>Es realitza mitjan\u00e7ant Lipoaspiraci\u00f3 assistida per L\u00e0ser l&#8217;exc\u00e9s de greix i \/ o gl\u00e0ndula mam\u00e0ria de manera que s&#8217;extreu el greix i \/ o la gl\u00e0ndula permetent una remodelaci\u00f3 de les mames masculines i, retracci\u00f3 del teixit gr\u00e0cies a l&#8217;augment de temperatura subcut\u00e0nia que produeix el l\u00e0ser quir\u00fargic.<\/p>\n<p>El principal avantatge d&#8217;aquesta nova t\u00e8cnica \u00e9s que s&#8217;aconsegueix una remodelaci\u00f3 corporal m\u00e9s precisa i m\u00e9s que l&#8217;aconseguida amb la liposucci\u00f3 tradicional.<\/p>\n<p>Consisteix a realitzar una petita incisi\u00f3 just sota el mugr\u00f3 a tractar per on s&#8217;introdueix simult\u00e0niament una llum l\u00e0ser i, una c\u00e0nula fin\u00edssima de liposucci\u00f3 per aspirar l&#8217;exc\u00e9s de greix i \/ o gl\u00e0ndula mam\u00e0ria.<\/p>\n<p>At\u00e8s que la c\u00e0nula que s&#8217;introdueix \u00e9s molt fina, les incisions s\u00f3n m\u00ednimes les quals desapareixeran tan aviat baixi la inflamaci\u00f3 de la zona de manera que les cicatrius seran pr\u00e0cticament imperceptibles al pas del temps.<\/p>\n<p>La principal <b>novetat <\/b>d&#8217;aquesta t\u00e8cnica rau en la caracter\u00edstica que en el moment que es realitza la liposucci\u00f3 del greix corporal simult\u00e0niament s&#8217;est\u00e0 tractant la zona lipoaspirada amb l\u00e0ser. El l\u00e0ser t\u00e9 la caracter\u00edstica de retreure l&#8217;epidermis, estimular el col\u00b7l\u00e0gen subcutani i, coagular els vasos sanguinis que sagnen durant la liposucci\u00f3.<\/p>\n<p>La Liposucci\u00f3 assistida per L\u00e0ser de la Ginecom\u00e0stia es fa de manera ambulat\u00f2ria i, sol realitzar amb anest\u00e8sia local o, sedaci\u00f3. Per tant, si no hi ha inconvenients el mateix dia es d\u00f3na l&#8217;alta.<\/p>\n<p>La durada sol oscil\u00b7lar entre 1 i 2 hores, el temps \u00e9s variable depenent de l&#8217;\u00e0rea a tractar.<\/p>\n<p>En finalitzar la intervenci\u00f3 es col\u00b7locar\u00e0 una pe\u00e7a de pressoter\u00e0pia sobre la zona lipoaspirada que haur\u00e0s de dur fins que el teu cirurgi\u00e0 t&#8217;indiqui.<\/p>\n<h2><b>En qu\u00e8 es diferencia la lipoaspiraci\u00f3 de Ginecom\u00e0stia assistida per l\u00e0ser amb la Liposucci\u00f3 Tradicional?<\/b><\/h2>\n<p>La Lipoescultura assistida amb L\u00e0ser extraiem el greix superficial deixant un penjoll fi i lleuger que es retreu, al mateix temps gr\u00e0cies a la calor que despr\u00e8n el L\u00e0ser estimula la s\u00edntesi de col\u00b7l\u00e0gen i elastina de les capes subcut\u00e0nies, creant aix\u00ed noves corbes i volums emfatitzant al m\u00e0xim la propietat de retracci\u00f3 de la pell, a la vegada que coagula els vasos sanguinis de les zones tractades.<\/p>\n<p>En canvi, la liposucci\u00f3 tradicional deixa un penjoll cutani adip\u00f3s massa gruixut i pesat que pot despenjar la pell de la zona tractada.<\/p>\n<h2><b>Com ser\u00e0 la tornada a la normalitat?<\/b><\/h2>\n<p>\u00c9s freq\u00fcent que apareguin petits hematomes i inflamaci\u00f3 a la zona lipoaspirada. Aquests efectes postquir\u00fargics no s\u00f3n molestos. El dolor \u00e9s molt superficial i, es podran tractar perfectament amb analg\u00e8sics i antiinflamatoris.<\/p>\n<p>\u00c9s important que durant les primeres 24 hores facis rep\u00f2s relatiu, et posis fred local i, que segueixis tota la pauta analg\u00e8sica i antiinflamat\u00f2ria que t&#8217;indicar\u00e0 el teu cirurgi\u00e0 pl\u00e0stic.<\/p>\n<p>En finalitzar la intervenci\u00f3 es col\u00b7locar\u00e0 una ermilla de pressoter\u00e0pia a mida&nbsp;sobre la zona lipoaspirada que haur\u00e0s de portar durant un mes, aproximadament.<\/p>\n<p>Tamb\u00e9, haur\u00e0s de portar una pe\u00e7a de pressoter\u00e0pia personalitzades a almenys tres setmanes per obtenir una bona readaptaci\u00f3 cut\u00e0nia i disminuir els signes inflamatoris. Bona part de l&#8217;\u00e8xit de tota cirurgia dep\u00e8n de la cura postoperatori.<\/p>\n<p>A m\u00e9s, a C\u00e0nons Clinics, centres especialitzats en Cirurgia i Medicina Est\u00e8tica complementem la Ginecom\u00e0stia mitjan\u00e7ant liposucci\u00f3 assistida per l\u00e0ser amb drenatges limf\u00e0tics manuals i, massatges espec\u00edfics reafirmants, anticel \u00b7 lul\u00edtics&#8230; amb l&#8217;objectiu d&#8217;escur\u00e7ar el per\u00edode postquir\u00fargic i, tornar ben aviat a la normalitat del dia a dia.<\/p>\n<h2><b>Com he de planificar la Ginecom\u00e0stia?<\/b><\/h2>\n<p>El teu cirurgi\u00e0 et donar\u00e0 instruccions sobre com preparar-te per la cirurgia, incloent les pautes a seguir sobre la presa o supressi\u00f3 de medicaments, vitamines, suplements de ferro, aliments, l\u00edquids i, tabac.<\/p>\n<p>Assegura&#8217;t, tamb\u00e9 que algun familiar o acompanyant pugui acompanyar-te quan se&#8217;t doni l&#8217;alta i que, en cas necessari, puguin ajudar-te un parell de dies.<\/p>\n<h2><b>Quines precaucions haur\u00e9 prendre?<\/b><\/h2>\n<p>Amb l&#8217;objectiu de limitar el risc de sagnat i hematomes haur\u00e0s d&#8217;evitar prendre en els 7 dies previs al procediment antiagregants plaquetaris com Aspirina, Dipiridamol, Ticlopidina&#8230; com tamb\u00e9, en els 3 dies previs prendre antiinflamatoris no estero\u00efdals amb efecte antiagregant com ibuprof\u00e8, Diclofenac , Indometacina, Piroxicam, Naprox\u00e8&#8230;<\/p>\n<!-- AddThis Advanced Settings generic via filter on the_content --><!-- AddThis Share Buttons generic via filter on the_content -->","protected":false},"excerpt":{"rendered":"<p>La ginecom\u00e0stia \u00e9s la condici\u00f3 d&#8217;origen patol\u00f2gic o, fisiol\u00f2gic en qu\u00e8 presenta volum excessiu a les mames masculines. La mida pot variar des d&#8217;un volum gaireb\u00e9 palpable fins a una mama d&#8217;adolescent i, pot ser tant bilateral com unilateral. Predomina l&#8217;aparici\u00f3 de ginecom\u00e0stia unilateral. Es&#8230;<!-- AddThis Advanced Settings generic via filter on get_the_excerpt --><!-- AddThis Share Buttons generic via filter on get_the_excerpt --><\/p>\n","protected":false},"author":25,"featured_media":6941,"comment_status":"closed","ping_status":"closed","sticky":false,"template":"","format":"standard","meta":{"footnotes":""},"categories":[79,566],"tags":[],"class_list":["post-3947","post","type-post","status-publish","format-standard","has-post-thumbnail","hentry","category-blog-del-dr-victor-hernandez-da-costa-ca","category-blog-del-dr-victor-hernandez-da-costa-ca-3"],"yoast_head":"<!-- This site is optimized with the Yoast SEO Premium plugin v26.9 (Yoast SEO v27.4) - https:\/\/yoast.com\/product\/yoast-seo-premium-wordpress\/ -->\n<title>Ginecom\u00e0stia - Cl\u00ednica C\u00e0nons | Cirurgia i Medicina Estetica a Barcelona, \u200b\u200bGranollers<\/title>\n<meta name=\"robots\" content=\"index, follow, max-snippet:-1, max-image-preview:large, max-video-preview:-1\" \/>\n<link rel=\"canonical\" href=\"https:\/\/www.canons.es\/ca\/ginecomastia-2-2\/\" \/>\n<meta property=\"og:locale\" content=\"ca_ES\" \/>\n<meta property=\"og:type\" content=\"article\" \/>\n<meta property=\"og:title\" content=\"Ginecom\u00e0stia\" \/>\n<meta property=\"og:description\" content=\"La ginecom\u00e0stia \u00e9s la condici\u00f3 d&#8217;origen patol\u00f2gic o, fisiol\u00f2gic en qu\u00e8 presenta volum excessiu a les mames masculines. La mida pot variar des d&#8217;un volum gaireb\u00e9 palpable fins a una mama d&#8217;adolescent i, pot ser tant bilateral com unilateral. Predomina l&#8217;aparici\u00f3 de ginecom\u00e0stia unilateral. Es...\" \/>\n<meta property=\"og:url\" content=\"https:\/\/www.canons.es\/ca\/ginecomastia-2-2\/\" \/>\n<meta property=\"og:site_name\" content=\"Cl\u00ednica C\u00e0nons | Cirurgia i Medicina Estetica a Barcelona, \u200b\u200bGranollers\" \/>\n<meta property=\"article:publisher\" content=\"https:\/\/www.facebook.com\/canonsclinics\/\" \/>\n<meta property=\"article:published_time\" content=\"2013-02-09T13:39:23+00:00\" \/>\n<meta property=\"article:modified_time\" content=\"2023-11-01T10:10:24+00:00\" \/>\n<meta name=\"author\" content=\"administrador\" \/>\n<meta name=\"twitter:card\" content=\"summary_large_image\" \/>\n<meta name=\"twitter:creator\" content=\"@canonsclinics\" \/>\n<meta name=\"twitter:site\" content=\"@canonsclinics\" \/>\n<meta name=\"twitter:label1\" content=\"Escrit per\" \/>\n\t<meta name=\"twitter:data1\" content=\"administrador\" \/>\n\t<meta name=\"twitter:label2\" content=\"Temps estimat de lectura\" \/>\n\t<meta name=\"twitter:data2\" content=\"5 minuts\" \/>\n<script type=\"application\/ld+json\" class=\"yoast-schema-graph\">{\"@context\":\"https:\\\/\\\/schema.org\",\"@graph\":[{\"@type\":\"Article\",\"@id\":\"https:\\\/\\\/www.canons.es\\\/ca\\\/ginecomastia-2-2\\\/#article\",\"isPartOf\":{\"@id\":\"https:\\\/\\\/www.canons.es\\\/ca\\\/ginecomastia-2-2\\\/\"},\"author\":{\"name\":\"administrador\",\"@id\":\"https:\\\/\\\/www.canons.es\\\/#\\\/schema\\\/person\\\/947d7b84e9c15475d0452e32f9d72fb7\"},\"headline\":\"Ginecom\u00e0stia\",\"datePublished\":\"2013-02-09T13:39:23+00:00\",\"dateModified\":\"2023-11-01T10:10:24+00:00\",\"mainEntityOfPage\":{\"@id\":\"https:\\\/\\\/www.canons.es\\\/ca\\\/ginecomastia-2-2\\\/\"},\"wordCount\":1098,\"publisher\":{\"@id\":\"https:\\\/\\\/www.canons.es\\\/#organization\"},\"image\":{\"@id\":\"https:\\\/\\\/www.canons.es\\\/ca\\\/ginecomastia-2-2\\\/#primaryimage\"},\"thumbnailUrl\":\"\",\"articleSection\":[\"Blog del Dr. V\u00edctor Hern\u00e0ndez Da Costa\",\"Blog del Dr. V\u00edctor Hern\u00e1ndez Da Costa\"],\"inLanguage\":\"ca\"},{\"@type\":\"WebPage\",\"@id\":\"https:\\\/\\\/www.canons.es\\\/ca\\\/ginecomastia-2-2\\\/\",\"url\":\"https:\\\/\\\/www.canons.es\\\/ca\\\/ginecomastia-2-2\\\/\",\"name\":\"Ginecom\u00e0stia - Cl\u00ednica C\u00e0nons | Cirurgia i Medicina Estetica a Barcelona, \u200b\u200bGranollers\",\"isPartOf\":{\"@id\":\"https:\\\/\\\/www.canons.es\\\/#website\"},\"primaryImageOfPage\":{\"@id\":\"https:\\\/\\\/www.canons.es\\\/ca\\\/ginecomastia-2-2\\\/#primaryimage\"},\"image\":{\"@id\":\"https:\\\/\\\/www.canons.es\\\/ca\\\/ginecomastia-2-2\\\/#primaryimage\"},\"thumbnailUrl\":\"\",\"datePublished\":\"2013-02-09T13:39:23+00:00\",\"dateModified\":\"2023-11-01T10:10:24+00:00\",\"breadcrumb\":{\"@id\":\"https:\\\/\\\/www.canons.es\\\/ca\\\/ginecomastia-2-2\\\/#breadcrumb\"},\"inLanguage\":\"ca\",\"potentialAction\":[{\"@type\":\"ReadAction\",\"target\":[\"https:\\\/\\\/www.canons.es\\\/ca\\\/ginecomastia-2-2\\\/\"]}]},{\"@type\":\"ImageObject\",\"inLanguage\":\"ca\",\"@id\":\"https:\\\/\\\/www.canons.es\\\/ca\\\/ginecomastia-2-2\\\/#primaryimage\",\"url\":\"\",\"contentUrl\":\"\"},{\"@type\":\"BreadcrumbList\",\"@id\":\"https:\\\/\\\/www.canons.es\\\/ca\\\/ginecomastia-2-2\\\/#breadcrumb\",\"itemListElement\":[{\"@type\":\"ListItem\",\"position\":1,\"name\":\"Portada\",\"item\":\"https:\\\/\\\/www.canons.es\\\/ca\\\/\"},{\"@type\":\"ListItem\",\"position\":2,\"name\":\"Ginecom\u00e0stia\"}]},{\"@type\":\"WebSite\",\"@id\":\"https:\\\/\\\/www.canons.es\\\/#website\",\"url\":\"https:\\\/\\\/www.canons.es\\\/\",\"name\":\"Cirug\u00eda Pl\u00e1stica y Est\u00e9tica Barcelona y Granollers | C\u00e0nons Clinics\",\"description\":\"\",\"publisher\":{\"@id\":\"https:\\\/\\\/www.canons.es\\\/#organization\"},\"potentialAction\":[{\"@type\":\"SearchAction\",\"target\":{\"@type\":\"EntryPoint\",\"urlTemplate\":\"https:\\\/\\\/www.canons.es\\\/?s={search_term_string}\"},\"query-input\":{\"@type\":\"PropertyValueSpecification\",\"valueRequired\":true,\"valueName\":\"search_term_string\"}}],\"inLanguage\":\"ca\"},{\"@type\":\"Organization\",\"@id\":\"https:\\\/\\\/www.canons.es\\\/#organization\",\"name\":\"Cirug\u00eda Pl\u00e1stica y Est\u00e9tica Barcelona y Granollers | C\u00e0nons Clinics\",\"url\":\"https:\\\/\\\/www.canons.es\\\/\",\"logo\":{\"@type\":\"ImageObject\",\"inLanguage\":\"ca\",\"@id\":\"https:\\\/\\\/www.canons.es\\\/#\\\/schema\\\/logo\\\/image\\\/\",\"url\":\"https:\\\/\\\/www.canons.es\\\/wp-content\\\/uploads\\\/2025\\\/04\\\/logo-canons-clinics.jpg\",\"contentUrl\":\"https:\\\/\\\/www.canons.es\\\/wp-content\\\/uploads\\\/2025\\\/04\\\/logo-canons-clinics.jpg\",\"width\":600,\"height\":139,\"caption\":\"Cirug\u00eda Pl\u00e1stica y Est\u00e9tica Barcelona y Granollers | C\u00e0nons Clinics\"},\"image\":{\"@id\":\"https:\\\/\\\/www.canons.es\\\/#\\\/schema\\\/logo\\\/image\\\/\"},\"sameAs\":[\"https:\\\/\\\/www.facebook.com\\\/canonsclinics\\\/\",\"https:\\\/\\\/x.com\\\/canonsclinics\",\"https:\\\/\\\/www.instagram.com\\\/canonsclinics\\\/\",\"https:\\\/\\\/www.youtube.com\\\/channel\\\/UCI1Ia6LjALyo1CuQ0_HwtfQ\",\"https:\\\/\\\/www.linkedin.com\\\/company\\\/canons-clinics\\\/\"]},{\"@type\":\"Person\",\"@id\":\"https:\\\/\\\/www.canons.es\\\/#\\\/schema\\\/person\\\/947d7b84e9c15475d0452e32f9d72fb7\",\"name\":\"administrador\"}]}<\/script>\n<!-- \/ Yoast SEO Premium plugin. -->","yoast_head_json":{"title":"Ginecom\u00e0stia - Cl\u00ednica C\u00e0nons | Cirurgia i Medicina Estetica a Barcelona, \u200b\u200bGranollers","robots":{"index":"index","follow":"follow","max-snippet":"max-snippet:-1","max-image-preview":"max-image-preview:large","max-video-preview":"max-video-preview:-1"},"canonical":"https:\/\/www.canons.es\/ca\/ginecomastia-2-2\/","og_locale":"ca_ES","og_type":"article","og_title":"Ginecom\u00e0stia","og_description":"La ginecom\u00e0stia \u00e9s la condici\u00f3 d&#8217;origen patol\u00f2gic o, fisiol\u00f2gic en qu\u00e8 presenta volum excessiu a les mames masculines. La mida pot variar des d&#8217;un volum gaireb\u00e9 palpable fins a una mama d&#8217;adolescent i, pot ser tant bilateral com unilateral. Predomina l&#8217;aparici\u00f3 de ginecom\u00e0stia unilateral. Es...","og_url":"https:\/\/www.canons.es\/ca\/ginecomastia-2-2\/","og_site_name":"Cl\u00ednica C\u00e0nons | Cirurgia i Medicina Estetica a Barcelona, \u200b\u200bGranollers","article_publisher":"https:\/\/www.facebook.com\/canonsclinics\/","article_published_time":"2013-02-09T13:39:23+00:00","article_modified_time":"2023-11-01T10:10:24+00:00","author":"administrador","twitter_card":"summary_large_image","twitter_creator":"@canonsclinics","twitter_site":"@canonsclinics","twitter_misc":{"Escrit per":"administrador","Temps estimat de lectura":"5 minuts"},"schema":{"@context":"https:\/\/schema.org","@graph":[{"@type":"Article","@id":"https:\/\/www.canons.es\/ca\/ginecomastia-2-2\/#article","isPartOf":{"@id":"https:\/\/www.canons.es\/ca\/ginecomastia-2-2\/"},"author":{"name":"administrador","@id":"https:\/\/www.canons.es\/#\/schema\/person\/947d7b84e9c15475d0452e32f9d72fb7"},"headline":"Ginecom\u00e0stia","datePublished":"2013-02-09T13:39:23+00:00","dateModified":"2023-11-01T10:10:24+00:00","mainEntityOfPage":{"@id":"https:\/\/www.canons.es\/ca\/ginecomastia-2-2\/"},"wordCount":1098,"publisher":{"@id":"https:\/\/www.canons.es\/#organization"},"image":{"@id":"https:\/\/www.canons.es\/ca\/ginecomastia-2-2\/#primaryimage"},"thumbnailUrl":"","articleSection":["Blog del Dr. V\u00edctor Hern\u00e0ndez Da Costa","Blog del Dr. V\u00edctor Hern\u00e1ndez Da Costa"],"inLanguage":"ca"},{"@type":"WebPage","@id":"https:\/\/www.canons.es\/ca\/ginecomastia-2-2\/","url":"https:\/\/www.canons.es\/ca\/ginecomastia-2-2\/","name":"Ginecom\u00e0stia - Cl\u00ednica C\u00e0nons | Cirurgia i Medicina Estetica a Barcelona, \u200b\u200bGranollers","isPartOf":{"@id":"https:\/\/www.canons.es\/#website"},"primaryImageOfPage":{"@id":"https:\/\/www.canons.es\/ca\/ginecomastia-2-2\/#primaryimage"},"image":{"@id":"https:\/\/www.canons.es\/ca\/ginecomastia-2-2\/#primaryimage"},"thumbnailUrl":"","datePublished":"2013-02-09T13:39:23+00:00","dateModified":"2023-11-01T10:10:24+00:00","breadcrumb":{"@id":"https:\/\/www.canons.es\/ca\/ginecomastia-2-2\/#breadcrumb"},"inLanguage":"ca","potentialAction":[{"@type":"ReadAction","target":["https:\/\/www.canons.es\/ca\/ginecomastia-2-2\/"]}]},{"@type":"ImageObject","inLanguage":"ca","@id":"https:\/\/www.canons.es\/ca\/ginecomastia-2-2\/#primaryimage","url":"","contentUrl":""},{"@type":"BreadcrumbList","@id":"https:\/\/www.canons.es\/ca\/ginecomastia-2-2\/#breadcrumb","itemListElement":[{"@type":"ListItem","position":1,"name":"Portada","item":"https:\/\/www.canons.es\/ca\/"},{"@type":"ListItem","position":2,"name":"Ginecom\u00e0stia"}]},{"@type":"WebSite","@id":"https:\/\/www.canons.es\/#website","url":"https:\/\/www.canons.es\/","name":"Cirug\u00eda Pl\u00e1stica y Est\u00e9tica Barcelona y Granollers | C\u00e0nons Clinics","description":"","publisher":{"@id":"https:\/\/www.canons.es\/#organization"},"potentialAction":[{"@type":"SearchAction","target":{"@type":"EntryPoint","urlTemplate":"https:\/\/www.canons.es\/?s={search_term_string}"},"query-input":{"@type":"PropertyValueSpecification","valueRequired":true,"valueName":"search_term_string"}}],"inLanguage":"ca"},{"@type":"Organization","@id":"https:\/\/www.canons.es\/#organization","name":"Cirug\u00eda Pl\u00e1stica y Est\u00e9tica Barcelona y Granollers | C\u00e0nons Clinics","url":"https:\/\/www.canons.es\/","logo":{"@type":"ImageObject","inLanguage":"ca","@id":"https:\/\/www.canons.es\/#\/schema\/logo\/image\/","url":"https:\/\/www.canons.es\/wp-content\/uploads\/2025\/04\/logo-canons-clinics.jpg","contentUrl":"https:\/\/www.canons.es\/wp-content\/uploads\/2025\/04\/logo-canons-clinics.jpg","width":600,"height":139,"caption":"Cirug\u00eda Pl\u00e1stica y Est\u00e9tica Barcelona y Granollers | C\u00e0nons Clinics"},"image":{"@id":"https:\/\/www.canons.es\/#\/schema\/logo\/image\/"},"sameAs":["https:\/\/www.facebook.com\/canonsclinics\/","https:\/\/x.com\/canonsclinics","https:\/\/www.instagram.com\/canonsclinics\/","https:\/\/www.youtube.com\/channel\/UCI1Ia6LjALyo1CuQ0_HwtfQ","https:\/\/www.linkedin.com\/company\/canons-clinics\/"]},{"@type":"Person","@id":"https:\/\/www.canons.es\/#\/schema\/person\/947d7b84e9c15475d0452e32f9d72fb7","name":"administrador"}]}},"_links":{"self":[{"href":"https:\/\/www.canons.es\/ca\/wp-json\/wp\/v2\/posts\/3947","targetHints":{"allow":["GET"]}}],"collection":[{"href":"https:\/\/www.canons.es\/ca\/wp-json\/wp\/v2\/posts"}],"about":[{"href":"https:\/\/www.canons.es\/ca\/wp-json\/wp\/v2\/types\/post"}],"author":[{"embeddable":true,"href":"https:\/\/www.canons.es\/ca\/wp-json\/wp\/v2\/users\/25"}],"replies":[{"embeddable":true,"href":"https:\/\/www.canons.es\/ca\/wp-json\/wp\/v2\/comments?post=3947"}],"version-history":[{"count":0,"href":"https:\/\/www.canons.es\/ca\/wp-json\/wp\/v2\/posts\/3947\/revisions"}],"wp:featuredmedia":[{"embeddable":true,"href":"https:\/\/www.canons.es\/ca\/wp-json\/"}],"wp:attachment":[{"href":"https:\/\/www.canons.es\/ca\/wp-json\/wp\/v2\/media?parent=3947"}],"wp:term":[{"taxonomy":"category","embeddable":true,"href":"https:\/\/www.canons.es\/ca\/wp-json\/wp\/v2\/categories?post=3947"},{"taxonomy":"post_tag","embeddable":true,"href":"https:\/\/www.canons.es\/ca\/wp-json\/wp\/v2\/tags?post=3947"}],"curies":[{"name":"wp","href":"https:\/\/api.w.org\/{rel}","templated":true}]}}