{"id":3937,"date":"2013-02-12T15:16:43","date_gmt":"2013-02-12T15:16:43","guid":{"rendered":"https:\/\/www.canons.es\/?p=3937"},"modified":"2024-01-13T12:28:36","modified_gmt":"2024-01-13T12:28:36","slug":"elevacio-de-mames","status":"publish","type":"post","link":"https:\/\/www.canons.es\/ca\/elevacio-de-mames\/","title":{"rendered":"Elevaci\u00f3 de Mames"},"content":{"rendered":"\n\n<div class=\"kk-star-ratings kksr-auto kksr-align-left kksr-valign-top\"\n    data-payload='{&quot;align&quot;:&quot;left&quot;,&quot;id&quot;:&quot;3937&quot;,&quot;slug&quot;:&quot;default&quot;,&quot;valign&quot;:&quot;top&quot;,&quot;ignore&quot;:&quot;&quot;,&quot;reference&quot;:&quot;auto&quot;,&quot;class&quot;:&quot;&quot;,&quot;count&quot;:&quot;0&quot;,&quot;legendonly&quot;:&quot;&quot;,&quot;readonly&quot;:&quot;&quot;,&quot;score&quot;:&quot;0&quot;,&quot;starsonly&quot;:&quot;&quot;,&quot;best&quot;:&quot;5&quot;,&quot;gap&quot;:&quot;5&quot;,&quot;greet&quot;:&quot;Eval\u00faa este art\u00edculo&quot;,&quot;legend&quot;:&quot;0\\\/5 - (0 votes)&quot;,&quot;size&quot;:&quot;24&quot;,&quot;title&quot;:&quot;Elevaci\u00f3 de Mames&quot;,&quot;width&quot;:&quot;0&quot;,&quot;_legend&quot;:&quot;{score}\\\/{best} - ({count} {votes})&quot;,&quot;font_factor&quot;:&quot;1.25&quot;}'>\n            \n<div class=\"kksr-stars\">\n    \n<div class=\"kksr-stars-inactive\">\n            <div class=\"kksr-star\" data-star=\"1\" style=\"padding-right: 5px\">\n            \n\n<div class=\"kksr-icon\" style=\"width: 24px; height: 24px;\"><\/div>\n        <\/div>\n            <div class=\"kksr-star\" data-star=\"2\" style=\"padding-right: 5px\">\n            \n\n<div class=\"kksr-icon\" style=\"width: 24px; height: 24px;\"><\/div>\n        <\/div>\n            <div class=\"kksr-star\" data-star=\"3\" style=\"padding-right: 5px\">\n            \n\n<div class=\"kksr-icon\" style=\"width: 24px; height: 24px;\"><\/div>\n        <\/div>\n            <div class=\"kksr-star\" data-star=\"4\" style=\"padding-right: 5px\">\n            \n\n<div class=\"kksr-icon\" style=\"width: 24px; height: 24px;\"><\/div>\n        <\/div>\n            <div class=\"kksr-star\" data-star=\"5\" style=\"padding-right: 5px\">\n            \n\n<div class=\"kksr-icon\" style=\"width: 24px; height: 24px;\"><\/div>\n        <\/div>\n    <\/div>\n    \n<div class=\"kksr-stars-active\" style=\"width: 0px;\">\n            <div class=\"kksr-star\" style=\"padding-right: 5px\">\n            \n\n<div class=\"kksr-icon\" style=\"width: 24px; height: 24px;\"><\/div>\n        <\/div>\n            <div class=\"kksr-star\" style=\"padding-right: 5px\">\n            \n\n<div class=\"kksr-icon\" style=\"width: 24px; height: 24px;\"><\/div>\n        <\/div>\n            <div class=\"kksr-star\" style=\"padding-right: 5px\">\n            \n\n<div class=\"kksr-icon\" style=\"width: 24px; height: 24px;\"><\/div>\n        <\/div>\n            <div class=\"kksr-star\" style=\"padding-right: 5px\">\n            \n\n<div class=\"kksr-icon\" style=\"width: 24px; height: 24px;\"><\/div>\n        <\/div>\n            <div class=\"kksr-star\" style=\"padding-right: 5px\">\n            \n\n<div class=\"kksr-icon\" style=\"width: 24px; height: 24px;\"><\/div>\n        <\/div>\n    <\/div>\n<\/div>\n                \n\n<div class=\"kksr-legend\" style=\"font-size: 19.2px;\">\n            <span class=\"kksr-muted\">Eval\u00faa este art\u00edculo<\/span>\n    <\/div>\n    <\/div>\n<h2><b>Qui \u00e9s la candidata ideal per sotmetres a una Mastopexia?<\/b><\/h2>\n<p>Les candidates ideals per sotmetre a una Cirurgia d\u00b4Elevaci\u00f3 de Mames s\u00f3n aquelles persones sanes, emocionalment estables que comprenen els resultats que es poden obtenir despr\u00e9s de la cirurgia.<\/p>\n<p>Moltes dones volen una mastop\u00e8xia despr\u00e9s d&#8217;un embar\u00e0s o, una lact\u00e0ncia que ha deixat buit i, caigut el pit. Les p\u00e8rdues importants de pes despr\u00e9s determinades dietes o cirurgies per obesitat s\u00f3n tamb\u00e9 una causa freq\u00fcent per a la pr\u00e0ctica d&#8217;una elevaci\u00f3 mam\u00e0ria.<\/p>\n<h2><b>En qu\u00e8 consisteix la Mastop\u00e8xia o Elevaci\u00f3 de Mames?<\/b><\/h2>\n<p>La Mastop\u00e8xia \u00e9s una t\u00e8cnica segura, sempre que sigui realitzada per un cirurgi\u00e0 pl\u00e0stic qualificat.<\/p>\n<p>Consisteix en dur a terme un procediment quir\u00fargic per elevar i, millorar la forma de les mames caigudes. Amb els anys, i despr\u00e9s circumst\u00e0ncies com l&#8217;embar\u00e0s, donar de mamar i la for\u00e7a de la gravetat fan que la mama tendeixi a caure. A m\u00e9s, a mesura que la pell perd elasticitat la mama perd la seva forma i cau, fen\u00f2men conegut com ptosis mam\u00e0ria.<\/p>\n<p>Quan la mama, a m\u00e9s de caure ha perdut o, posseeix poc volum, es pot tamb\u00e9 col\u00b7locar una pr\u00f2tesi mam\u00e0ria.<\/p>\n<p>Alhora, a la Mastop\u00e8xia tamb\u00e9 \u00e9s possible reduir tamb\u00e9 la mida de l&#8217;aureola quan aquesta sigui molt gran que tingui un di\u00e0metre superior a 4,2 cm.<\/p>\n<p>La Mastop\u00e8xia es realitza en un quir\u00f2fan, dins d&#8217;una cl\u00ednica o hospital. Sol ser necessari l&#8217;ingr\u00e9s, donant-se l&#8217;alta al dia seg\u00fcent. Es realitza sota anest\u00e8sia general i, t\u00e9 una durada aproximada depenent del cada cas en particular entre 2 i 4 hores.<\/p>\n<p>Tamb\u00e9 es pot dur a terme de manera ambulat\u00f2ria, sense la necessitat d&#8217;ingr\u00e8s\u00a0<a href=\"https:\/\/youtu.be\/NwRJ0CfFM1o?si=7qFOceqd3Nk9bslU\">https:\/\/youtu.be\/NwRJ0CfFM1o?si=7qFOceqd3Nk9bslU<\/a><\/p>\n<p>Segons cada cas en particular, les incisions normalment es realitzen al voltant de l&#8217;aureola, en una l\u00ednia vertical cap avall des de la aureola i, al llarg del solc de sota de la mama, comprenen una \u00e0rea m\u00ednima de la mama consistent en la part de pell que es treu i , que ajudar\u00e0 a col \u00b7 locar l&#8217;aureola en una nova posici\u00f3 m\u00e9s elevada.<\/p>\n<p>En determinats casos, quan la mama \u00e9s petita i, est\u00e0 poc caiguda la incisi\u00f3 es realitzar\u00e0 \u00fanicament periaureolar, al voltant de l&#8217;aureola.<\/p>\n<p><a href=\"https:\/\/www.canons.es\/wp-content\/uploads\/2023\/10\/mastopxia.jpg\"><img loading=\"lazy\" decoding=\"async\" class=\"alignnone size-full wp-image-21307\" src=\"https:\/\/www.canons.es\/wp-content\/uploads\/2023\/10\/mastopxia.jpg\" alt=\"\" width=\"150\" height=\"150\" \/><\/a><br \/>\n<img decoding=\"async\" class=\"wp-image-1388 alignleft\" title=\"masto6\" src=\"http:\/\/www.C\u00e0nons Clinics.es\/wp-content\/uploads\/2011\/07\/masto6.jpg\" alt=\"\" height=\"135\" \/><\/p>\n<p>Tamb\u00e9, en determinats casos pot ser necessari combinar la Mastop\u00e8xia amb l&#8217;Augment de Mames on es col \u00b7 locar\u00e0 una pr\u00f2tesi mam\u00e0ria sota del teixit mamari o, del m\u00fascul pectoral per aportar una projecci\u00f3 natural adequada a la mama.<\/p>\n<div style=\"clear: both;\"><\/div>\n<p>Despr\u00e9s de la cirurgia es col \u00b7 loca un embenat o, un sostenidor especial a mida.<\/p>\n<h2><b>Com ser\u00e0 la tornada a la normalitat?<\/b><\/h2>\n<p>Despr\u00e9s de la cirurgia de mames \u00e9s normal estar cansada i adolorida uns dies, per\u00f2 podr\u00e0s fer vida gaireb\u00e9 normal a les 24-48 hores sense esfor\u00e7 f\u00edsic. La majoria de les mol\u00e8sties es controlen b\u00e9 amb la medicaci\u00f3 prescrita pel teu cirurgi\u00e0 pl\u00e0stic, encara que les mames poden estar adolorides durant unes setmanes. L&#8217;embenat o, els ap\u00f2sits seran retirats en uns dies, sent substitu\u00efts per un sostenidor de pressoter\u00e0pia a mida, que haur\u00e0s de portar de la manera que t&#8217;indiqui el teu cirurgi\u00e0. \u00c9s normal tenir una sensaci\u00f3 d&#8217;inflamaci\u00f3 als mugrons durant les dues primeres setmanes. Els punts es retiraran entre els 7 i 14 dies. L&#8217;edema no cedeix completament fins a les 4 o 6 setmanes.<\/p>\n<p>Podr\u00e0s tornar a la feina en pocs dies, depenent de l&#8217;activitat que realitzis. Seguint les instruccions del teu cirurgi\u00e0 sobre quins exercicis pots fer, haur\u00e0s d&#8217;evitar aixecar objectes per sobre del cap durant 2 a 3 setmanes. Les teves mames estaran m\u00e9s sensibles del normal durant aproximadament unes 3 setmanes. Al principi les cicatrius estaran rosades, aspecte que millorar\u00e0 cont\u00ednuament des de les 6 setmanes fins a l&#8217;any, aproximadament.<\/p>\n<p>Els controls mamogr\u00e0fics apropiats per a cada dona segons l&#8217;edat cal continuar realitzant-los, encara que s&#8217;ha d&#8217;advertir l&#8217;exist\u00e8ncia de pr\u00f2tesis mam\u00e0ries.<\/p>\n<h2><b>Com he de planificar la cirurgia de Elevaci\u00f3 Mam\u00e0ria?<\/b><\/h2>\n<p>Durant la primera consulta, el cirurgi\u00e0 pl\u00e0stic avaluar\u00e0 la mida i la forma de les mames, la firmesa de la pell i, el teu estat general de salut. Es realitzar\u00e0 a m\u00e9s una exploraci\u00f3 de mames i, en alguns casos es sol\u00b7licitar\u00e0 una mamografia. S&#8217;explicaran les diferents t\u00e8cniques quir\u00fargiques, es discutir\u00e0 la mida i, la forma que tindran els teus pits i les opcions o, la combinaci\u00f3 de procediments que sigui millor per al teu cas en particular.<\/p>\n<p>Haur\u00e0s d\u00b4exposar les teves expectatives de manera sincera i franca, perqu\u00e8 el teu cirurgi\u00e0 pl\u00e0stic et mostri les alternatives disponibles segons les teves necessitats.<\/p>\n<p>Tamb\u00e9 s\u00b4explicar\u00e0 quin \u00e9s el tipus d&#8217;anest\u00e8sia que s&#8217;emprar\u00e0, la necessitat d&#8217;ingressar a la cl\u00ednica on es realitzar\u00e0 la cirurgia i els costos de la intervenci\u00f3.<\/p>\n<p>No dubtis en preguntar qualsevol q\u00fcesti\u00f3 que tinguis dubtes, especialment aquelles relacionades amb les teves expectatives sobre els resultats.<\/p>\n<p>El teu cirurgi\u00e0 pl\u00e0stic et donar\u00e0 instruccions sobre com preparar-te per la cirurgia, incloent les pautes a seguir sobre la presa o supressi\u00f3 de medicaments, vitamines, suplements de ferro, aliments, l\u00edquids i, tabac.<\/p>\n<p>Assegura&#8217;t tamb\u00e9 que algun familiar o acompanyant et pugui acompanyar quan se&#8217;t doni l&#8217;alta i, que en cas necessari, puguin ajudar-te uns dies.<\/p>\n<h2><b>Quines precaucions haur\u00e9 de prendre?<\/b><\/h2>\n<p>Amb l&#8217;objectiu de limitar el risc de sagnat i hematomes haur\u00e0s d&#8217;evitar prendre en els 7 dies previs al procediment antiagregants plaquetaris com Aspirina, Dipiridamol, Ticlopidina&#8230; com tamb\u00e9, en els 3 dies previs prendre antiinflamatoris no estero\u00efdals amb efecte antiagregant com Ibuprof\u00e8, Diclofenac , Indometacina, Piroxicam, Naprox\u00e8&#8230;<\/p>\n<!-- AddThis Advanced Settings generic via filter on the_content --><!-- AddThis Share Buttons generic via filter on the_content -->","protected":false},"excerpt":{"rendered":"<p>Qui \u00e9s la candidata ideal per sotmetres a una Mastopexia? Les candidates ideals per sotmetre a una Cirurgia d\u00b4Elevaci\u00f3 de Mames s\u00f3n aquelles persones sanes, emocionalment estables que comprenen els resultats que es poden obtenir despr\u00e9s de la cirurgia. Moltes dones volen una mastop\u00e8xia despr\u00e9s&#8230;<!-- AddThis Advanced Settings generic via filter on get_the_excerpt --><!-- AddThis Share Buttons generic via filter on get_the_excerpt --><\/p>\n","protected":false},"author":25,"featured_media":6998,"comment_status":"closed","ping_status":"closed","sticky":false,"template":"","format":"standard","meta":{"footnotes":""},"categories":[102],"tags":[],"class_list":["post-3937","post","type-post","status-publish","format-standard","has-post-thumbnail","hentry","category-cirurgia-plastica-i-estetica-corporal"],"yoast_head":"<!-- This site is optimized with the Yoast SEO Premium plugin v26.9 (Yoast SEO v27.4) - https:\/\/yoast.com\/product\/yoast-seo-premium-wordpress\/ -->\n<title>Elevaci\u00f3 de Mames - Cl\u00ednica C\u00e0nons | Cirurgia i Medicina Estetica a Barcelona, \u200b\u200bGranollers<\/title>\n<meta name=\"robots\" content=\"index, follow, max-snippet:-1, max-image-preview:large, max-video-preview:-1\" \/>\n<link rel=\"canonical\" href=\"https:\/\/www.canons.es\/ca\/elevacio-de-mames\/\" \/>\n<meta property=\"og:locale\" content=\"ca_ES\" \/>\n<meta property=\"og:type\" content=\"article\" \/>\n<meta property=\"og:title\" content=\"Elevaci\u00f3 de Mames\" \/>\n<meta property=\"og:description\" content=\"Qui \u00e9s la candidata ideal per sotmetres a una Mastopexia? Les candidates ideals per sotmetre a una Cirurgia d\u00b4Elevaci\u00f3 de Mames s\u00f3n aquelles persones sanes, emocionalment estables que comprenen els resultats que es poden obtenir despr\u00e9s de la cirurgia. Moltes dones volen una mastop\u00e8xia despr\u00e9s...\" \/>\n<meta property=\"og:url\" content=\"https:\/\/www.canons.es\/ca\/elevacio-de-mames\/\" \/>\n<meta property=\"og:site_name\" content=\"Cl\u00ednica C\u00e0nons | Cirurgia i Medicina Estetica a Barcelona, \u200b\u200bGranollers\" \/>\n<meta property=\"article:publisher\" content=\"https:\/\/www.facebook.com\/canonsclinics\/\" \/>\n<meta property=\"article:published_time\" content=\"2013-02-12T15:16:43+00:00\" \/>\n<meta property=\"article:modified_time\" content=\"2024-01-13T12:28:36+00:00\" \/>\n<meta name=\"author\" content=\"administrador\" \/>\n<meta name=\"twitter:card\" content=\"summary_large_image\" \/>\n<meta name=\"twitter:creator\" content=\"@canonsclinics\" \/>\n<meta name=\"twitter:site\" content=\"@canonsclinics\" \/>\n<meta name=\"twitter:label1\" content=\"Escrit per\" \/>\n\t<meta name=\"twitter:data1\" content=\"administrador\" \/>\n\t<meta name=\"twitter:label2\" content=\"Temps estimat de lectura\" \/>\n\t<meta name=\"twitter:data2\" content=\"5 minuts\" \/>\n<script type=\"application\/ld+json\" class=\"yoast-schema-graph\">{\"@context\":\"https:\\\/\\\/schema.org\",\"@graph\":[{\"@type\":\"Article\",\"@id\":\"https:\\\/\\\/www.canons.es\\\/ca\\\/elevacio-de-mames\\\/#article\",\"isPartOf\":{\"@id\":\"https:\\\/\\\/www.canons.es\\\/ca\\\/elevacio-de-mames\\\/\"},\"author\":{\"name\":\"administrador\",\"@id\":\"https:\\\/\\\/www.canons.es\\\/#\\\/schema\\\/person\\\/947d7b84e9c15475d0452e32f9d72fb7\"},\"headline\":\"Elevaci\u00f3 de Mames\",\"datePublished\":\"2013-02-12T15:16:43+00:00\",\"dateModified\":\"2024-01-13T12:28:36+00:00\",\"mainEntityOfPage\":{\"@id\":\"https:\\\/\\\/www.canons.es\\\/ca\\\/elevacio-de-mames\\\/\"},\"wordCount\":967,\"publisher\":{\"@id\":\"https:\\\/\\\/www.canons.es\\\/#organization\"},\"image\":{\"@id\":\"https:\\\/\\\/www.canons.es\\\/ca\\\/elevacio-de-mames\\\/#primaryimage\"},\"thumbnailUrl\":\"\",\"articleSection\":[\"Cirurgia pl\u00e0stica i est\u00e8tica corporal\"],\"inLanguage\":\"ca\"},{\"@type\":\"WebPage\",\"@id\":\"https:\\\/\\\/www.canons.es\\\/ca\\\/elevacio-de-mames\\\/\",\"url\":\"https:\\\/\\\/www.canons.es\\\/ca\\\/elevacio-de-mames\\\/\",\"name\":\"Elevaci\u00f3 de Mames - Cl\u00ednica C\u00e0nons | Cirurgia i Medicina Estetica a Barcelona, \u200b\u200bGranollers\",\"isPartOf\":{\"@id\":\"https:\\\/\\\/www.canons.es\\\/#website\"},\"primaryImageOfPage\":{\"@id\":\"https:\\\/\\\/www.canons.es\\\/ca\\\/elevacio-de-mames\\\/#primaryimage\"},\"image\":{\"@id\":\"https:\\\/\\\/www.canons.es\\\/ca\\\/elevacio-de-mames\\\/#primaryimage\"},\"thumbnailUrl\":\"\",\"datePublished\":\"2013-02-12T15:16:43+00:00\",\"dateModified\":\"2024-01-13T12:28:36+00:00\",\"breadcrumb\":{\"@id\":\"https:\\\/\\\/www.canons.es\\\/ca\\\/elevacio-de-mames\\\/#breadcrumb\"},\"inLanguage\":\"ca\",\"potentialAction\":[{\"@type\":\"ReadAction\",\"target\":[\"https:\\\/\\\/www.canons.es\\\/ca\\\/elevacio-de-mames\\\/\"]}]},{\"@type\":\"ImageObject\",\"inLanguage\":\"ca\",\"@id\":\"https:\\\/\\\/www.canons.es\\\/ca\\\/elevacio-de-mames\\\/#primaryimage\",\"url\":\"\",\"contentUrl\":\"\"},{\"@type\":\"BreadcrumbList\",\"@id\":\"https:\\\/\\\/www.canons.es\\\/ca\\\/elevacio-de-mames\\\/#breadcrumb\",\"itemListElement\":[{\"@type\":\"ListItem\",\"position\":1,\"name\":\"Portada\",\"item\":\"https:\\\/\\\/www.canons.es\\\/ca\\\/\"},{\"@type\":\"ListItem\",\"position\":2,\"name\":\"Elevaci\u00f3 de Mames\"}]},{\"@type\":\"WebSite\",\"@id\":\"https:\\\/\\\/www.canons.es\\\/#website\",\"url\":\"https:\\\/\\\/www.canons.es\\\/\",\"name\":\"Cirug\u00eda Pl\u00e1stica y Est\u00e9tica Barcelona y Granollers | C\u00e0nons Clinics\",\"description\":\"\",\"publisher\":{\"@id\":\"https:\\\/\\\/www.canons.es\\\/#organization\"},\"potentialAction\":[{\"@type\":\"SearchAction\",\"target\":{\"@type\":\"EntryPoint\",\"urlTemplate\":\"https:\\\/\\\/www.canons.es\\\/?s={search_term_string}\"},\"query-input\":{\"@type\":\"PropertyValueSpecification\",\"valueRequired\":true,\"valueName\":\"search_term_string\"}}],\"inLanguage\":\"ca\"},{\"@type\":\"Organization\",\"@id\":\"https:\\\/\\\/www.canons.es\\\/#organization\",\"name\":\"Cirug\u00eda Pl\u00e1stica y Est\u00e9tica Barcelona y Granollers | C\u00e0nons Clinics\",\"url\":\"https:\\\/\\\/www.canons.es\\\/\",\"logo\":{\"@type\":\"ImageObject\",\"inLanguage\":\"ca\",\"@id\":\"https:\\\/\\\/www.canons.es\\\/#\\\/schema\\\/logo\\\/image\\\/\",\"url\":\"https:\\\/\\\/www.canons.es\\\/wp-content\\\/uploads\\\/2025\\\/04\\\/logo-canons-clinics.jpg\",\"contentUrl\":\"https:\\\/\\\/www.canons.es\\\/wp-content\\\/uploads\\\/2025\\\/04\\\/logo-canons-clinics.jpg\",\"width\":600,\"height\":139,\"caption\":\"Cirug\u00eda Pl\u00e1stica y Est\u00e9tica Barcelona y Granollers | C\u00e0nons Clinics\"},\"image\":{\"@id\":\"https:\\\/\\\/www.canons.es\\\/#\\\/schema\\\/logo\\\/image\\\/\"},\"sameAs\":[\"https:\\\/\\\/www.facebook.com\\\/canonsclinics\\\/\",\"https:\\\/\\\/x.com\\\/canonsclinics\",\"https:\\\/\\\/www.instagram.com\\\/canonsclinics\\\/\",\"https:\\\/\\\/www.youtube.com\\\/channel\\\/UCI1Ia6LjALyo1CuQ0_HwtfQ\",\"https:\\\/\\\/www.linkedin.com\\\/company\\\/canons-clinics\\\/\"]},{\"@type\":\"Person\",\"@id\":\"https:\\\/\\\/www.canons.es\\\/#\\\/schema\\\/person\\\/947d7b84e9c15475d0452e32f9d72fb7\",\"name\":\"administrador\"}]}<\/script>\n<!-- \/ Yoast SEO Premium plugin. -->","yoast_head_json":{"title":"Elevaci\u00f3 de Mames - Cl\u00ednica C\u00e0nons | Cirurgia i Medicina Estetica a Barcelona, \u200b\u200bGranollers","robots":{"index":"index","follow":"follow","max-snippet":"max-snippet:-1","max-image-preview":"max-image-preview:large","max-video-preview":"max-video-preview:-1"},"canonical":"https:\/\/www.canons.es\/ca\/elevacio-de-mames\/","og_locale":"ca_ES","og_type":"article","og_title":"Elevaci\u00f3 de Mames","og_description":"Qui \u00e9s la candidata ideal per sotmetres a una Mastopexia? Les candidates ideals per sotmetre a una Cirurgia d\u00b4Elevaci\u00f3 de Mames s\u00f3n aquelles persones sanes, emocionalment estables que comprenen els resultats que es poden obtenir despr\u00e9s de la cirurgia. Moltes dones volen una mastop\u00e8xia despr\u00e9s...","og_url":"https:\/\/www.canons.es\/ca\/elevacio-de-mames\/","og_site_name":"Cl\u00ednica C\u00e0nons | Cirurgia i Medicina Estetica a Barcelona, \u200b\u200bGranollers","article_publisher":"https:\/\/www.facebook.com\/canonsclinics\/","article_published_time":"2013-02-12T15:16:43+00:00","article_modified_time":"2024-01-13T12:28:36+00:00","author":"administrador","twitter_card":"summary_large_image","twitter_creator":"@canonsclinics","twitter_site":"@canonsclinics","twitter_misc":{"Escrit per":"administrador","Temps estimat de lectura":"5 minuts"},"schema":{"@context":"https:\/\/schema.org","@graph":[{"@type":"Article","@id":"https:\/\/www.canons.es\/ca\/elevacio-de-mames\/#article","isPartOf":{"@id":"https:\/\/www.canons.es\/ca\/elevacio-de-mames\/"},"author":{"name":"administrador","@id":"https:\/\/www.canons.es\/#\/schema\/person\/947d7b84e9c15475d0452e32f9d72fb7"},"headline":"Elevaci\u00f3 de Mames","datePublished":"2013-02-12T15:16:43+00:00","dateModified":"2024-01-13T12:28:36+00:00","mainEntityOfPage":{"@id":"https:\/\/www.canons.es\/ca\/elevacio-de-mames\/"},"wordCount":967,"publisher":{"@id":"https:\/\/www.canons.es\/#organization"},"image":{"@id":"https:\/\/www.canons.es\/ca\/elevacio-de-mames\/#primaryimage"},"thumbnailUrl":"","articleSection":["Cirurgia pl\u00e0stica i est\u00e8tica corporal"],"inLanguage":"ca"},{"@type":"WebPage","@id":"https:\/\/www.canons.es\/ca\/elevacio-de-mames\/","url":"https:\/\/www.canons.es\/ca\/elevacio-de-mames\/","name":"Elevaci\u00f3 de Mames - Cl\u00ednica C\u00e0nons | Cirurgia i Medicina Estetica a Barcelona, \u200b\u200bGranollers","isPartOf":{"@id":"https:\/\/www.canons.es\/#website"},"primaryImageOfPage":{"@id":"https:\/\/www.canons.es\/ca\/elevacio-de-mames\/#primaryimage"},"image":{"@id":"https:\/\/www.canons.es\/ca\/elevacio-de-mames\/#primaryimage"},"thumbnailUrl":"","datePublished":"2013-02-12T15:16:43+00:00","dateModified":"2024-01-13T12:28:36+00:00","breadcrumb":{"@id":"https:\/\/www.canons.es\/ca\/elevacio-de-mames\/#breadcrumb"},"inLanguage":"ca","potentialAction":[{"@type":"ReadAction","target":["https:\/\/www.canons.es\/ca\/elevacio-de-mames\/"]}]},{"@type":"ImageObject","inLanguage":"ca","@id":"https:\/\/www.canons.es\/ca\/elevacio-de-mames\/#primaryimage","url":"","contentUrl":""},{"@type":"BreadcrumbList","@id":"https:\/\/www.canons.es\/ca\/elevacio-de-mames\/#breadcrumb","itemListElement":[{"@type":"ListItem","position":1,"name":"Portada","item":"https:\/\/www.canons.es\/ca\/"},{"@type":"ListItem","position":2,"name":"Elevaci\u00f3 de Mames"}]},{"@type":"WebSite","@id":"https:\/\/www.canons.es\/#website","url":"https:\/\/www.canons.es\/","name":"Cirug\u00eda Pl\u00e1stica y Est\u00e9tica Barcelona y Granollers | C\u00e0nons Clinics","description":"","publisher":{"@id":"https:\/\/www.canons.es\/#organization"},"potentialAction":[{"@type":"SearchAction","target":{"@type":"EntryPoint","urlTemplate":"https:\/\/www.canons.es\/?s={search_term_string}"},"query-input":{"@type":"PropertyValueSpecification","valueRequired":true,"valueName":"search_term_string"}}],"inLanguage":"ca"},{"@type":"Organization","@id":"https:\/\/www.canons.es\/#organization","name":"Cirug\u00eda Pl\u00e1stica y Est\u00e9tica Barcelona y Granollers | C\u00e0nons Clinics","url":"https:\/\/www.canons.es\/","logo":{"@type":"ImageObject","inLanguage":"ca","@id":"https:\/\/www.canons.es\/#\/schema\/logo\/image\/","url":"https:\/\/www.canons.es\/wp-content\/uploads\/2025\/04\/logo-canons-clinics.jpg","contentUrl":"https:\/\/www.canons.es\/wp-content\/uploads\/2025\/04\/logo-canons-clinics.jpg","width":600,"height":139,"caption":"Cirug\u00eda Pl\u00e1stica y Est\u00e9tica Barcelona y Granollers | C\u00e0nons Clinics"},"image":{"@id":"https:\/\/www.canons.es\/#\/schema\/logo\/image\/"},"sameAs":["https:\/\/www.facebook.com\/canonsclinics\/","https:\/\/x.com\/canonsclinics","https:\/\/www.instagram.com\/canonsclinics\/","https:\/\/www.youtube.com\/channel\/UCI1Ia6LjALyo1CuQ0_HwtfQ","https:\/\/www.linkedin.com\/company\/canons-clinics\/"]},{"@type":"Person","@id":"https:\/\/www.canons.es\/#\/schema\/person\/947d7b84e9c15475d0452e32f9d72fb7","name":"administrador"}]}},"_links":{"self":[{"href":"https:\/\/www.canons.es\/ca\/wp-json\/wp\/v2\/posts\/3937","targetHints":{"allow":["GET"]}}],"collection":[{"href":"https:\/\/www.canons.es\/ca\/wp-json\/wp\/v2\/posts"}],"about":[{"href":"https:\/\/www.canons.es\/ca\/wp-json\/wp\/v2\/types\/post"}],"author":[{"embeddable":true,"href":"https:\/\/www.canons.es\/ca\/wp-json\/wp\/v2\/users\/25"}],"replies":[{"embeddable":true,"href":"https:\/\/www.canons.es\/ca\/wp-json\/wp\/v2\/comments?post=3937"}],"version-history":[{"count":0,"href":"https:\/\/www.canons.es\/ca\/wp-json\/wp\/v2\/posts\/3937\/revisions"}],"wp:featuredmedia":[{"embeddable":true,"href":"https:\/\/www.canons.es\/ca\/wp-json\/"}],"wp:attachment":[{"href":"https:\/\/www.canons.es\/ca\/wp-json\/wp\/v2\/media?parent=3937"}],"wp:term":[{"taxonomy":"category","embeddable":true,"href":"https:\/\/www.canons.es\/ca\/wp-json\/wp\/v2\/categories?post=3937"},{"taxonomy":"post_tag","embeddable":true,"href":"https:\/\/www.canons.es\/ca\/wp-json\/wp\/v2\/tags?post=3937"}],"curies":[{"name":"wp","href":"https:\/\/api.w.org\/{rel}","templated":true}]}}