{"id":3893,"date":"2013-02-09T15:56:56","date_gmt":"2013-02-09T15:56:56","guid":{"rendered":"https:\/\/www.canons.es\/?p=3893"},"modified":"2023-11-01T16:25:36","modified_gmt":"2023-11-01T16:25:36","slug":"rinoplastia-o-rinoseptoplastia","status":"publish","type":"post","link":"https:\/\/www.canons.es\/ca\/rinoplastia-o-rinoseptoplastia\/","title":{"rendered":"Rinopl\u00e0stia o Rinoseptopl\u00e0stia"},"content":{"rendered":"\n\n<div class=\"kk-star-ratings kksr-auto kksr-align-left kksr-valign-top\"\n    data-payload='{&quot;align&quot;:&quot;left&quot;,&quot;id&quot;:&quot;3893&quot;,&quot;slug&quot;:&quot;default&quot;,&quot;valign&quot;:&quot;top&quot;,&quot;ignore&quot;:&quot;&quot;,&quot;reference&quot;:&quot;auto&quot;,&quot;class&quot;:&quot;&quot;,&quot;count&quot;:&quot;0&quot;,&quot;legendonly&quot;:&quot;&quot;,&quot;readonly&quot;:&quot;&quot;,&quot;score&quot;:&quot;0&quot;,&quot;starsonly&quot;:&quot;&quot;,&quot;best&quot;:&quot;5&quot;,&quot;gap&quot;:&quot;5&quot;,&quot;greet&quot;:&quot;Eval\u00faa este art\u00edculo&quot;,&quot;legend&quot;:&quot;0\\\/5 - (0 votes)&quot;,&quot;size&quot;:&quot;24&quot;,&quot;title&quot;:&quot;Rinopl\u00e0stia o Rinoseptopl\u00e0stia&quot;,&quot;width&quot;:&quot;0&quot;,&quot;_legend&quot;:&quot;{score}\\\/{best} - ({count} {votes})&quot;,&quot;font_factor&quot;:&quot;1.25&quot;}'>\n            \n<div class=\"kksr-stars\">\n    \n<div class=\"kksr-stars-inactive\">\n            <div class=\"kksr-star\" data-star=\"1\" style=\"padding-right: 5px\">\n            \n\n<div class=\"kksr-icon\" style=\"width: 24px; height: 24px;\"><\/div>\n        <\/div>\n            <div class=\"kksr-star\" data-star=\"2\" style=\"padding-right: 5px\">\n            \n\n<div class=\"kksr-icon\" style=\"width: 24px; height: 24px;\"><\/div>\n        <\/div>\n            <div class=\"kksr-star\" data-star=\"3\" style=\"padding-right: 5px\">\n            \n\n<div class=\"kksr-icon\" style=\"width: 24px; height: 24px;\"><\/div>\n        <\/div>\n            <div class=\"kksr-star\" data-star=\"4\" style=\"padding-right: 5px\">\n            \n\n<div class=\"kksr-icon\" style=\"width: 24px; height: 24px;\"><\/div>\n        <\/div>\n            <div class=\"kksr-star\" data-star=\"5\" style=\"padding-right: 5px\">\n            \n\n<div class=\"kksr-icon\" style=\"width: 24px; height: 24px;\"><\/div>\n        <\/div>\n    <\/div>\n    \n<div class=\"kksr-stars-active\" style=\"width: 0px;\">\n            <div class=\"kksr-star\" style=\"padding-right: 5px\">\n            \n\n<div class=\"kksr-icon\" style=\"width: 24px; height: 24px;\"><\/div>\n        <\/div>\n            <div class=\"kksr-star\" style=\"padding-right: 5px\">\n            \n\n<div class=\"kksr-icon\" style=\"width: 24px; height: 24px;\"><\/div>\n        <\/div>\n            <div class=\"kksr-star\" style=\"padding-right: 5px\">\n            \n\n<div class=\"kksr-icon\" style=\"width: 24px; height: 24px;\"><\/div>\n        <\/div>\n            <div class=\"kksr-star\" style=\"padding-right: 5px\">\n            \n\n<div class=\"kksr-icon\" style=\"width: 24px; height: 24px;\"><\/div>\n        <\/div>\n            <div class=\"kksr-star\" style=\"padding-right: 5px\">\n            \n\n<div class=\"kksr-icon\" style=\"width: 24px; height: 24px;\"><\/div>\n        <\/div>\n    <\/div>\n<\/div>\n                \n\n<div class=\"kksr-legend\" style=\"font-size: 19.2px;\">\n            <span class=\"kksr-muted\">Eval\u00faa este art\u00edculo<\/span>\n    <\/div>\n    <\/div>\n<p><iframe loading=\"lazy\" src=\"http:\/\/www.youtube.com\/embed\/Zx0CLZ3VE8g\" height=\"380\" width=\"506\" frameborder=\"0\"><\/iframe><\/p>\n<h2><b>Qui \u00e9s el candidat ideal per sotmetre a una Rinopl\u00e0stia o Rinoseptopl\u00e0stia?<\/b><\/h2>\n<p>El candidat ideal per sotmetre a una rinopl\u00e0stia \u00e9s aquella persona que busca una harmonitzaci\u00f3 de la seva estructura facial.<\/p>\n<p>Si tens un estat general de salut bo, tens una estabilitat psicol\u00f2gica, i ets realista en les teves expectatives, ser\u00e0s un bon candidat \/ a.<\/p>\n<p>La rinopl\u00e0stia millorar\u00e0 la teva aparen\u00e7a i autoconfian\u00e7a, per\u00f2 no aconseguir\u00e0 que ens assemblem a una altra persona o, que ens tractin de manera diferent\u2026<\/p>\n<p>Abans de decidir si vols sotmetre&#8217;t a una rinopl\u00e0stia valora juntament amb el teu cirurgi\u00e0 totes les possibilitats i expectatives.<\/p>\n<table border=\"0\">\n<tbody>\n<tr>\n<td style=\"width: 116px;\"><img loading=\"lazy\" decoding=\"async\" title=\"rino1\" alt=\"\" src=\"http:\/\/www.C\u00e0nons Clinics.es\/wp-content\/uploads\/2011\/07\/rino1.jpg\" width=\"116\" height=\"180\"><\/td>\n<td style=\"width: 115px;\"><img loading=\"lazy\" decoding=\"async\" title=\"rino2\" alt=\"\" src=\"http:\/\/www.C\u00e0nons Clinics.es\/wp-content\/uploads\/2011\/07\/rino2.jpg\" width=\"115\" height=\"180\"><\/td>\n<\/tr>\n<tr>\n<td style=\"width: 116px;\">Abans d&#8217;una rinopl\u00e0stia.<\/td>\n<td style=\"width: 115px;\">Aspecte rere una rinoplastia: el pacient presenta un nas m\u00e9s equilibrat.<\/td>\n<\/tr>\n<\/tbody>\n<\/table>\n<p>&nbsp;<\/p>\n<h2><b>Podr\u00e9 veure alguna simulaci\u00f3 en 3D abans d&#8217;operar-me de<\/b><b>Rinopl\u00e0stia o rinoseptopl\u00e0stia?<\/b><\/h2>\n<p>En els nostres centres <b>C\u00e0nons Clinics, especialitzats en Cirurgia i<\/b> <b>Medicina Est\u00e8tica<\/b> oferim la possibilitat de mostrar mitjan\u00e7ant un nou programa 3D E-Stetix una simulaci\u00f3 en tres dimensions de la Rinopl\u00e0stia o Rinoseptoplastia per poder analitzar de forma personalitzada tots els aspectes que desitgis millorar del teu nas nom\u00e9s fent unes fotografies pr\u00e8vies.<\/p>\n<p>Podr\u00e0s veure amb claredat diverses simulacions segons criteri m\u00e8dic del teu cirurgi\u00e0 i, les teves necessitats personals. Et veur\u00e0s amb diferents simulacions on et podr\u00e0s fer una idea, sempre aproximada, de com quedar\u00e0s despr\u00e9s de la cirurgia ja que&nbsp; intervenen molts factors.<\/p>\n<h2><b>En qu\u00e8 consisteix la Rinopl\u00e0stia o Rinoseptopl\u00e0stia?<\/b><\/h2>\n<p>Tant la Rinopl\u00e0stia com la Rinoseptopl\u00e0stia s\u00f3n intervencions que modifiquen la forma del nas, i s\u00f3n procediments quir\u00fargics que amb&nbsp; m\u00e9s freq\u00fc\u00e8ncia es realitzen en cirurgia pl\u00e0stica.<\/p>\n<p>Consisteix, fonamentalment, a modificar les estructures \u00f2ssies i cartilaginoses nasals per aconseguir una nova forma que millori l&#8217;harmonia facial.<\/p>\n<p>Quan, a m\u00e9s es corregeix la desviaci\u00f3 de l&#8217;env\u00e0 nasal per millorar la funci\u00f3 respirat\u00f2ria s&#8217;anomena rinoseptopl\u00e0stia.<\/p>\n<p>La rinopl\u00e0stia o rinoseptopl\u00e0stia pot disminuir o, augmentar la mida del nas, canviar la forma de la punta o del dors, estr\u00e8nyer els orificis nasals o canviar l&#8217;angle entre el nas i el llavi superior.<\/p>\n<p>Tamb\u00e9 corregeix els problemes cong\u00e8nits, els traumatismes i alguns problemes respiratoris.<\/p>\n<p>La rinopl\u00e0stia o rinoseptopl\u00e0stia es realitza sempre a quir\u00f2fan, dins d&#8217;una cl\u00ednica o hospital. Normalment, es roman a la cl\u00ednica la nit despr\u00e9s de la cirurgia, donant-se l&#8217;alta al dia seg\u00fcent.<\/p>\n<p>Durant la cirurgia, el teu cirurgi\u00e0 separa la pell del nas del seu suport, compost per os i cart\u00edlag, dissecciona&nbsp; i remodela els ossos i cart\u00edlags nasals per aconseguir la forma desitjada del nas.<\/p>\n<p>Aquest procediment es pot realitzar des de l&#8217;interior del nas, fent unes petites incisions a l&#8217;interior dels orificis nasals, rinopl\u00e0stia tancada, tamb\u00e9 depenent del cas a tractar es pot realitzar una rinopl\u00e0stia oberta, sobretot per als casos m\u00e9s complexos, en la que es realitza una petita incisi\u00f3 a la columela.<\/p>\n<p><img loading=\"lazy\" decoding=\"async\" class=\"alignleft size-full wp-image-1042\" title=\"rino3\" alt=\"\" src=\"http:\/\/www.C\u00e0nons Clinics.es\/wp-content\/uploads\/2011\/07\/rino3.jpg\" width=\"180\" height=\"179\"><img loading=\"lazy\" decoding=\"async\" class=\"alignleft size-full wp-image-1043\" title=\"rino4\" alt=\"\" src=\"http:\/\/www.C\u00e0nons Clinics.es\/wp-content\/uploads\/2011\/07\/rino4.jpg\" width=\"180\" height=\"179\"><\/p>\n<div style=\"clear: both;\"><\/div>\n<p>De vegades, per ajudar a donar forma o sosteniment a la pir\u00e0mide nasal \u00e9s freq\u00fcent que s&#8217;utilitzin com empelts de diferents teixits de la pr\u00f2pia persona com cart\u00edlag o os com tamb\u00e9 m\u00e9s rarament, materials sint\u00e8tics.<\/p>\n<p>Es realitza habitualment amb anest\u00e8sia general o, en casos seleccionats, amb anest\u00e8sia local i sedaci\u00f3 i, sol durar entre una i dues hores aproximadament, encara que en casos complexos pot portar m\u00e9s temps.<\/p>\n<p>Finalment, es col\u00b7locar\u00e0 un taponament nasal, per evitar el sagnat i estabilitzar el tabic nasal, que se sol retirar l&#8217;endem\u00e0, excepte si s&#8217;ha realitzat una rinoseptopl\u00e0stia en qu\u00e8 es deixa dos o tres dies m\u00e9s. Aix\u00ed mateix, s&#8217;aplica sobre el nas una f\u00e8rula de material termosensible, que es mant\u00e9 durant una setmana i que es pot modelar a mesura que es resol el proc\u00e9s inflamatori.<\/p>\n<p>L&#8217;objectiu final tant de la Rinopl\u00e0stia com de la Rinoseptopl\u00e0stia \u00e9s que la nova aparen\u00e7a nasal no cridi l&#8217;atenci\u00f3, i s&#8217;integri plenament en el context general de la cara produint un conjunt harm\u00f2nic i agradable, sense que es detecti que hagi estat intervinguda.<\/p>\n<h2><b>Com ser\u00e0 la tornada a la normalitat?<\/b><\/h2>\n<h2><\/h2>\n<p>Despr\u00e9s de la cirurgia, i sobretot, durant les primeres 24 hores, tindr\u00e0s la cara inflada, amb hematomes, mol\u00e8sties sobre el nas i, segurament mal de cap, que cediran amb l&#8217;analg\u00e8sia i antiinflamatoris pautats.<\/p>\n<p>Haur\u00e0s de romandre amb el cap elevat durant el primer dia, excepte per anar al bany. Notar\u00e0s que l&#8217;inflamaci\u00f3 i els hematomes al voltant dels ulls augmenten fins arribar a un m\u00e0xim als 2 o 3 dies.<\/p>\n<p>Aplicant fred local disminuir\u00e0 la inflamaci\u00f3 i et trobar\u00e0s millor. \u00c9s normal que durant els primers dies es produeixi un lleuger sagnat pel nas. No haur\u00e0s de sonar-te amb for\u00e7a durant una setmana, m\u00e9s o menys, fins que els teixits cicatritzin.<\/p>\n<p>Si portes taponament nasal, aquest ser\u00e0 retirat en 1 o 2 dies, despr\u00e9s d&#8217;aix\u00f2 et trobar\u00e0s molt millor. Despr\u00e9s d&#8217;una setmana, o com a molt dos, es retirar\u00e0 la f\u00e8rula, i els punts de pell, si \u00e9s que en portes.<\/p>\n<p>Els hematomes i la inflamaci\u00f3 desapareixeran en unes 2 setmanes, un m\u00ednim d&#8217;inflamaci\u00f3, pr\u00e0cticament nom\u00e9s perceptible per la teva cirurgi\u00e0, podr\u00e0 durar uns mesos.<\/p>\n<p>La majoria de les persones que es sotmeten a una rinopl\u00e0stia es troben b\u00e9 en uns 2 dies, sent capa\u00e7os de reincorporar a les seves activitats quotidianes en una setmana m\u00e9s o menys. No obstant aix\u00f2, el teu cirurgi\u00e0 pl\u00e0stic et proporcionar\u00e0 instruccions concretes, algunes recomanacions seran evitar activitats extenuants com footing, nataci\u00f3, aerobic&#8230; durant 2 o 3 setmanes, evitar cops al nas i, prendre el sol durant 8 setmanes, rentar-te la cara i, aplicar maquillatge amb cura. Podr\u00e0s portar lentilles tan aviat com vulguis, per\u00f2 si portes ulleres haur\u00e0s de prendre certes precaucions.<\/p>\n<p>Ser\u00e0 important tenir present que el nostre aspecte millorar\u00e0 dia a dia. En una o dues setmanes, no semblar\u00e0 que t&#8217;hagis sotm\u00e8s a una Rinopl\u00e0stia. La millora ser\u00e0 progressiva i gradual, encara que un m\u00ednim d&#8217;inflamaci\u00f3 pot mantenir-se, sobretot a la punta, durant uns mesos. El teu cirurgi\u00e0 pl\u00e0stic t&#8217;anir\u00e0 veient durant els mesos posteriors a la cirurgia per veure l&#8217;evoluci\u00f3.<\/p>\n<p>No es pot emetre un judici sobre el resultat d&#8217;una rinopl\u00e0stia fins que no hagin transcorregut diversos mesos, fins i tot un any aproximadament. Aquest \u00e9s el temps que necessiten els teixits per estabilitzar i les cicatrius per realitzar el seu proc\u00e9s de maduraci\u00f3.<\/p>\n<h2><b>Com em preparo la Rinopl\u00e0stia o Rinoseptopl\u00e0stia?<\/b><\/h2>\n<h2><\/h2>\n<p>Si est\u00e0s considerant la possibilitat de sotmetre&#8217;t a una rinopl\u00e0stia o rinoseptopl\u00e0stia, obtindr\u00e0s la informaci\u00f3 necess\u00e0ria en la visita amb el teu cirurgi\u00e0. Quan est\u00e0 indicada, com es realitza i quins resultats es poden esperar. No obstant aix\u00f2, \u00e9s impossible que totes les seves preguntes quedin contestades, ja que en gran part depenen de factors personals i de les prefer\u00e8ncies del teu cirurgi\u00e0 pl\u00e0stic. Si no entens alguna cosa, no dubtis en consultar al teu cirurgi\u00e0 pl\u00e0stic.<\/p>\n<p>Quan et decideixis operar el teu cirurgi\u00e0 pl\u00e0stic i est\u00e8tic et donar\u00e0 instruccions sobre com preparar la cirurgia, incloent les pautes a seguir sobre la presa o supressi\u00f3 de medicaments, vitamines, suplements de ferro, aliments, l\u00edquids i, tabac.<\/p>\n<h2><\/h2>\n<p>Assegura&#8217;t tamb\u00e9 que algun familiar o acompanyant t\u00b4acompanyi en el moment que te\u00b4n vas d\u00b4alta i que, en cas necessari, et pugui ajudar uns dies.<\/p>\n<h2><b>Quines precaucions haur\u00e9 prendre?<\/b><\/h2>\n<p>Amb l&#8217;objectiu de limitar el risc de sagnat i hematomes haur\u00e0s d&#8217;evitar prendre en els 7 dies previs al procediment antiagregants plaquetaris com Aspirina, Dipiridamol, Ticlopidina &#8230; com tamb\u00e9, en els 3 dies previs prendre antiinflamatoris no estero\u00efdals amb efecte antiagregant com ibuprof\u00e8, Diclofenac , Indometacina, Piroxicam, Naprox\u00e8&#8230;<\/p>\n<!-- AddThis Advanced Settings generic via filter on the_content --><!-- AddThis Share Buttons generic via filter on the_content -->","protected":false},"excerpt":{"rendered":"<p>Qui \u00e9s el candidat ideal per sotmetre a una Rinopl\u00e0stia o Rinoseptopl\u00e0stia? El candidat ideal per sotmetre a una rinopl\u00e0stia \u00e9s aquella persona que busca una harmonitzaci\u00f3 de la seva estructura facial. Si tens un estat general de salut bo, tens una estabilitat psicol\u00f2gica, i&#8230;<!-- AddThis Advanced Settings generic via filter on get_the_excerpt --><!-- AddThis Share Buttons generic via filter on get_the_excerpt --><\/p>\n","protected":false},"author":25,"featured_media":7131,"comment_status":"closed","ping_status":"closed","sticky":false,"template":"","format":"standard","meta":{"footnotes":""},"categories":[566,750],"tags":[],"class_list":["post-3893","post","type-post","status-publish","format-standard","has-post-thumbnail","hentry","category-blog-del-dr-victor-hernandez-da-costa-ca-3","category-cirugia-plastica-y-estetica-facial-ca-2"],"yoast_head":"<!-- This site is optimized with the Yoast SEO Premium plugin v26.9 (Yoast SEO v27.4) - https:\/\/yoast.com\/product\/yoast-seo-premium-wordpress\/ -->\n<title>Rinopl\u00e0stia o Rinoseptopl\u00e0stia - Cl\u00ednica C\u00e0nons | Cirurgia i Medicina Estetica a Barcelona, \u200b\u200bGranollers<\/title>\n<meta name=\"robots\" content=\"index, follow, max-snippet:-1, max-image-preview:large, max-video-preview:-1\" \/>\n<link rel=\"canonical\" href=\"https:\/\/www.canons.es\/ca\/rinoplastia-o-rinoseptoplastia\/\" \/>\n<meta property=\"og:locale\" content=\"ca_ES\" \/>\n<meta property=\"og:type\" content=\"article\" \/>\n<meta property=\"og:title\" content=\"Rinopl\u00e0stia o Rinoseptopl\u00e0stia\" \/>\n<meta property=\"og:description\" content=\"Qui \u00e9s el candidat ideal per sotmetre a una Rinopl\u00e0stia o Rinoseptopl\u00e0stia? El candidat ideal per sotmetre a una rinopl\u00e0stia \u00e9s aquella persona que busca una harmonitzaci\u00f3 de la seva estructura facial. Si tens un estat general de salut bo, tens una estabilitat psicol\u00f2gica, i...\" \/>\n<meta property=\"og:url\" content=\"https:\/\/www.canons.es\/ca\/rinoplastia-o-rinoseptoplastia\/\" \/>\n<meta property=\"og:site_name\" content=\"Cl\u00ednica C\u00e0nons | Cirurgia i Medicina Estetica a Barcelona, \u200b\u200bGranollers\" \/>\n<meta property=\"article:publisher\" content=\"https:\/\/www.facebook.com\/canonsclinics\/\" \/>\n<meta property=\"article:published_time\" content=\"2013-02-09T15:56:56+00:00\" \/>\n<meta property=\"article:modified_time\" content=\"2023-11-01T16:25:36+00:00\" \/>\n<meta name=\"author\" content=\"administrador\" \/>\n<meta name=\"twitter:card\" content=\"summary_large_image\" \/>\n<meta name=\"twitter:creator\" content=\"@canonsclinics\" \/>\n<meta name=\"twitter:site\" content=\"@canonsclinics\" \/>\n<meta name=\"twitter:label1\" content=\"Escrit per\" \/>\n\t<meta name=\"twitter:data1\" content=\"administrador\" \/>\n\t<meta name=\"twitter:label2\" content=\"Temps estimat de lectura\" \/>\n\t<meta name=\"twitter:data2\" content=\"7 minuts\" \/>\n<script type=\"application\/ld+json\" class=\"yoast-schema-graph\">{\"@context\":\"https:\\\/\\\/schema.org\",\"@graph\":[{\"@type\":\"Article\",\"@id\":\"https:\\\/\\\/www.canons.es\\\/ca\\\/rinoplastia-o-rinoseptoplastia\\\/#article\",\"isPartOf\":{\"@id\":\"https:\\\/\\\/www.canons.es\\\/ca\\\/rinoplastia-o-rinoseptoplastia\\\/\"},\"author\":{\"name\":\"administrador\",\"@id\":\"https:\\\/\\\/www.canons.es\\\/#\\\/schema\\\/person\\\/947d7b84e9c15475d0452e32f9d72fb7\"},\"headline\":\"Rinopl\u00e0stia o Rinoseptopl\u00e0stia\",\"datePublished\":\"2013-02-09T15:56:56+00:00\",\"dateModified\":\"2023-11-01T16:25:36+00:00\",\"mainEntityOfPage\":{\"@id\":\"https:\\\/\\\/www.canons.es\\\/ca\\\/rinoplastia-o-rinoseptoplastia\\\/\"},\"wordCount\":1325,\"publisher\":{\"@id\":\"https:\\\/\\\/www.canons.es\\\/#organization\"},\"image\":{\"@id\":\"https:\\\/\\\/www.canons.es\\\/ca\\\/rinoplastia-o-rinoseptoplastia\\\/#primaryimage\"},\"thumbnailUrl\":\"\",\"articleSection\":[\"Blog del Dr. V\u00edctor Hern\u00e1ndez Da Costa\",\"Cirurg\u00eda pl\u00e0stica i est\u00e8tica facial\"],\"inLanguage\":\"ca\"},{\"@type\":\"WebPage\",\"@id\":\"https:\\\/\\\/www.canons.es\\\/ca\\\/rinoplastia-o-rinoseptoplastia\\\/\",\"url\":\"https:\\\/\\\/www.canons.es\\\/ca\\\/rinoplastia-o-rinoseptoplastia\\\/\",\"name\":\"Rinopl\u00e0stia o Rinoseptopl\u00e0stia - Cl\u00ednica C\u00e0nons | Cirurgia i Medicina Estetica a Barcelona, \u200b\u200bGranollers\",\"isPartOf\":{\"@id\":\"https:\\\/\\\/www.canons.es\\\/#website\"},\"primaryImageOfPage\":{\"@id\":\"https:\\\/\\\/www.canons.es\\\/ca\\\/rinoplastia-o-rinoseptoplastia\\\/#primaryimage\"},\"image\":{\"@id\":\"https:\\\/\\\/www.canons.es\\\/ca\\\/rinoplastia-o-rinoseptoplastia\\\/#primaryimage\"},\"thumbnailUrl\":\"\",\"datePublished\":\"2013-02-09T15:56:56+00:00\",\"dateModified\":\"2023-11-01T16:25:36+00:00\",\"breadcrumb\":{\"@id\":\"https:\\\/\\\/www.canons.es\\\/ca\\\/rinoplastia-o-rinoseptoplastia\\\/#breadcrumb\"},\"inLanguage\":\"ca\",\"potentialAction\":[{\"@type\":\"ReadAction\",\"target\":[\"https:\\\/\\\/www.canons.es\\\/ca\\\/rinoplastia-o-rinoseptoplastia\\\/\"]}]},{\"@type\":\"ImageObject\",\"inLanguage\":\"ca\",\"@id\":\"https:\\\/\\\/www.canons.es\\\/ca\\\/rinoplastia-o-rinoseptoplastia\\\/#primaryimage\",\"url\":\"\",\"contentUrl\":\"\"},{\"@type\":\"BreadcrumbList\",\"@id\":\"https:\\\/\\\/www.canons.es\\\/ca\\\/rinoplastia-o-rinoseptoplastia\\\/#breadcrumb\",\"itemListElement\":[{\"@type\":\"ListItem\",\"position\":1,\"name\":\"Portada\",\"item\":\"https:\\\/\\\/www.canons.es\\\/ca\\\/\"},{\"@type\":\"ListItem\",\"position\":2,\"name\":\"Rinopl\u00e0stia o Rinoseptopl\u00e0stia\"}]},{\"@type\":\"WebSite\",\"@id\":\"https:\\\/\\\/www.canons.es\\\/#website\",\"url\":\"https:\\\/\\\/www.canons.es\\\/\",\"name\":\"Cirug\u00eda Pl\u00e1stica y Est\u00e9tica Barcelona y Granollers | C\u00e0nons Clinics\",\"description\":\"\",\"publisher\":{\"@id\":\"https:\\\/\\\/www.canons.es\\\/#organization\"},\"potentialAction\":[{\"@type\":\"SearchAction\",\"target\":{\"@type\":\"EntryPoint\",\"urlTemplate\":\"https:\\\/\\\/www.canons.es\\\/?s={search_term_string}\"},\"query-input\":{\"@type\":\"PropertyValueSpecification\",\"valueRequired\":true,\"valueName\":\"search_term_string\"}}],\"inLanguage\":\"ca\"},{\"@type\":\"Organization\",\"@id\":\"https:\\\/\\\/www.canons.es\\\/#organization\",\"name\":\"Cirug\u00eda Pl\u00e1stica y Est\u00e9tica Barcelona y Granollers | C\u00e0nons Clinics\",\"url\":\"https:\\\/\\\/www.canons.es\\\/\",\"logo\":{\"@type\":\"ImageObject\",\"inLanguage\":\"ca\",\"@id\":\"https:\\\/\\\/www.canons.es\\\/#\\\/schema\\\/logo\\\/image\\\/\",\"url\":\"https:\\\/\\\/www.canons.es\\\/wp-content\\\/uploads\\\/2025\\\/04\\\/logo-canons-clinics.jpg\",\"contentUrl\":\"https:\\\/\\\/www.canons.es\\\/wp-content\\\/uploads\\\/2025\\\/04\\\/logo-canons-clinics.jpg\",\"width\":600,\"height\":139,\"caption\":\"Cirug\u00eda Pl\u00e1stica y Est\u00e9tica Barcelona y Granollers | C\u00e0nons Clinics\"},\"image\":{\"@id\":\"https:\\\/\\\/www.canons.es\\\/#\\\/schema\\\/logo\\\/image\\\/\"},\"sameAs\":[\"https:\\\/\\\/www.facebook.com\\\/canonsclinics\\\/\",\"https:\\\/\\\/x.com\\\/canonsclinics\",\"https:\\\/\\\/www.instagram.com\\\/canonsclinics\\\/\",\"https:\\\/\\\/www.youtube.com\\\/channel\\\/UCI1Ia6LjALyo1CuQ0_HwtfQ\",\"https:\\\/\\\/www.linkedin.com\\\/company\\\/canons-clinics\\\/\"]},{\"@type\":\"Person\",\"@id\":\"https:\\\/\\\/www.canons.es\\\/#\\\/schema\\\/person\\\/947d7b84e9c15475d0452e32f9d72fb7\",\"name\":\"administrador\"}]}<\/script>\n<!-- \/ Yoast SEO Premium plugin. -->","yoast_head_json":{"title":"Rinopl\u00e0stia o Rinoseptopl\u00e0stia - Cl\u00ednica C\u00e0nons | Cirurgia i Medicina Estetica a Barcelona, \u200b\u200bGranollers","robots":{"index":"index","follow":"follow","max-snippet":"max-snippet:-1","max-image-preview":"max-image-preview:large","max-video-preview":"max-video-preview:-1"},"canonical":"https:\/\/www.canons.es\/ca\/rinoplastia-o-rinoseptoplastia\/","og_locale":"ca_ES","og_type":"article","og_title":"Rinopl\u00e0stia o Rinoseptopl\u00e0stia","og_description":"Qui \u00e9s el candidat ideal per sotmetre a una Rinopl\u00e0stia o Rinoseptopl\u00e0stia? El candidat ideal per sotmetre a una rinopl\u00e0stia \u00e9s aquella persona que busca una harmonitzaci\u00f3 de la seva estructura facial. Si tens un estat general de salut bo, tens una estabilitat psicol\u00f2gica, i...","og_url":"https:\/\/www.canons.es\/ca\/rinoplastia-o-rinoseptoplastia\/","og_site_name":"Cl\u00ednica C\u00e0nons | Cirurgia i Medicina Estetica a Barcelona, \u200b\u200bGranollers","article_publisher":"https:\/\/www.facebook.com\/canonsclinics\/","article_published_time":"2013-02-09T15:56:56+00:00","article_modified_time":"2023-11-01T16:25:36+00:00","author":"administrador","twitter_card":"summary_large_image","twitter_creator":"@canonsclinics","twitter_site":"@canonsclinics","twitter_misc":{"Escrit per":"administrador","Temps estimat de lectura":"7 minuts"},"schema":{"@context":"https:\/\/schema.org","@graph":[{"@type":"Article","@id":"https:\/\/www.canons.es\/ca\/rinoplastia-o-rinoseptoplastia\/#article","isPartOf":{"@id":"https:\/\/www.canons.es\/ca\/rinoplastia-o-rinoseptoplastia\/"},"author":{"name":"administrador","@id":"https:\/\/www.canons.es\/#\/schema\/person\/947d7b84e9c15475d0452e32f9d72fb7"},"headline":"Rinopl\u00e0stia o Rinoseptopl\u00e0stia","datePublished":"2013-02-09T15:56:56+00:00","dateModified":"2023-11-01T16:25:36+00:00","mainEntityOfPage":{"@id":"https:\/\/www.canons.es\/ca\/rinoplastia-o-rinoseptoplastia\/"},"wordCount":1325,"publisher":{"@id":"https:\/\/www.canons.es\/#organization"},"image":{"@id":"https:\/\/www.canons.es\/ca\/rinoplastia-o-rinoseptoplastia\/#primaryimage"},"thumbnailUrl":"","articleSection":["Blog del Dr. V\u00edctor Hern\u00e1ndez Da Costa","Cirurg\u00eda pl\u00e0stica i est\u00e8tica facial"],"inLanguage":"ca"},{"@type":"WebPage","@id":"https:\/\/www.canons.es\/ca\/rinoplastia-o-rinoseptoplastia\/","url":"https:\/\/www.canons.es\/ca\/rinoplastia-o-rinoseptoplastia\/","name":"Rinopl\u00e0stia o Rinoseptopl\u00e0stia - Cl\u00ednica C\u00e0nons | Cirurgia i Medicina Estetica a Barcelona, \u200b\u200bGranollers","isPartOf":{"@id":"https:\/\/www.canons.es\/#website"},"primaryImageOfPage":{"@id":"https:\/\/www.canons.es\/ca\/rinoplastia-o-rinoseptoplastia\/#primaryimage"},"image":{"@id":"https:\/\/www.canons.es\/ca\/rinoplastia-o-rinoseptoplastia\/#primaryimage"},"thumbnailUrl":"","datePublished":"2013-02-09T15:56:56+00:00","dateModified":"2023-11-01T16:25:36+00:00","breadcrumb":{"@id":"https:\/\/www.canons.es\/ca\/rinoplastia-o-rinoseptoplastia\/#breadcrumb"},"inLanguage":"ca","potentialAction":[{"@type":"ReadAction","target":["https:\/\/www.canons.es\/ca\/rinoplastia-o-rinoseptoplastia\/"]}]},{"@type":"ImageObject","inLanguage":"ca","@id":"https:\/\/www.canons.es\/ca\/rinoplastia-o-rinoseptoplastia\/#primaryimage","url":"","contentUrl":""},{"@type":"BreadcrumbList","@id":"https:\/\/www.canons.es\/ca\/rinoplastia-o-rinoseptoplastia\/#breadcrumb","itemListElement":[{"@type":"ListItem","position":1,"name":"Portada","item":"https:\/\/www.canons.es\/ca\/"},{"@type":"ListItem","position":2,"name":"Rinopl\u00e0stia o Rinoseptopl\u00e0stia"}]},{"@type":"WebSite","@id":"https:\/\/www.canons.es\/#website","url":"https:\/\/www.canons.es\/","name":"Cirug\u00eda Pl\u00e1stica y Est\u00e9tica Barcelona y Granollers | C\u00e0nons Clinics","description":"","publisher":{"@id":"https:\/\/www.canons.es\/#organization"},"potentialAction":[{"@type":"SearchAction","target":{"@type":"EntryPoint","urlTemplate":"https:\/\/www.canons.es\/?s={search_term_string}"},"query-input":{"@type":"PropertyValueSpecification","valueRequired":true,"valueName":"search_term_string"}}],"inLanguage":"ca"},{"@type":"Organization","@id":"https:\/\/www.canons.es\/#organization","name":"Cirug\u00eda Pl\u00e1stica y Est\u00e9tica Barcelona y Granollers | C\u00e0nons Clinics","url":"https:\/\/www.canons.es\/","logo":{"@type":"ImageObject","inLanguage":"ca","@id":"https:\/\/www.canons.es\/#\/schema\/logo\/image\/","url":"https:\/\/www.canons.es\/wp-content\/uploads\/2025\/04\/logo-canons-clinics.jpg","contentUrl":"https:\/\/www.canons.es\/wp-content\/uploads\/2025\/04\/logo-canons-clinics.jpg","width":600,"height":139,"caption":"Cirug\u00eda Pl\u00e1stica y Est\u00e9tica Barcelona y Granollers | C\u00e0nons Clinics"},"image":{"@id":"https:\/\/www.canons.es\/#\/schema\/logo\/image\/"},"sameAs":["https:\/\/www.facebook.com\/canonsclinics\/","https:\/\/x.com\/canonsclinics","https:\/\/www.instagram.com\/canonsclinics\/","https:\/\/www.youtube.com\/channel\/UCI1Ia6LjALyo1CuQ0_HwtfQ","https:\/\/www.linkedin.com\/company\/canons-clinics\/"]},{"@type":"Person","@id":"https:\/\/www.canons.es\/#\/schema\/person\/947d7b84e9c15475d0452e32f9d72fb7","name":"administrador"}]}},"_links":{"self":[{"href":"https:\/\/www.canons.es\/ca\/wp-json\/wp\/v2\/posts\/3893","targetHints":{"allow":["GET"]}}],"collection":[{"href":"https:\/\/www.canons.es\/ca\/wp-json\/wp\/v2\/posts"}],"about":[{"href":"https:\/\/www.canons.es\/ca\/wp-json\/wp\/v2\/types\/post"}],"author":[{"embeddable":true,"href":"https:\/\/www.canons.es\/ca\/wp-json\/wp\/v2\/users\/25"}],"replies":[{"embeddable":true,"href":"https:\/\/www.canons.es\/ca\/wp-json\/wp\/v2\/comments?post=3893"}],"version-history":[{"count":0,"href":"https:\/\/www.canons.es\/ca\/wp-json\/wp\/v2\/posts\/3893\/revisions"}],"wp:featuredmedia":[{"embeddable":true,"href":"https:\/\/www.canons.es\/ca\/wp-json\/"}],"wp:attachment":[{"href":"https:\/\/www.canons.es\/ca\/wp-json\/wp\/v2\/media?parent=3893"}],"wp:term":[{"taxonomy":"category","embeddable":true,"href":"https:\/\/www.canons.es\/ca\/wp-json\/wp\/v2\/categories?post=3893"},{"taxonomy":"post_tag","embeddable":true,"href":"https:\/\/www.canons.es\/ca\/wp-json\/wp\/v2\/tags?post=3893"}],"curies":[{"name":"wp","href":"https:\/\/api.w.org\/{rel}","templated":true}]}}