{"id":3890,"date":"2013-02-10T15:43:14","date_gmt":"2013-02-10T13:43:14","guid":{"rendered":"https:\/\/www.canons.es\/?p=3890"},"modified":"2023-11-01T16:20:24","modified_gmt":"2023-11-01T16:20:24","slug":"augment-de-pomuls","status":"publish","type":"post","link":"https:\/\/www.canons.es\/ca\/augment-de-pomuls\/","title":{"rendered":"Augment de P\u00f2muls"},"content":{"rendered":"\n\n<div class=\"kk-star-ratings kksr-auto kksr-align-left kksr-valign-top\"\n    data-payload='{&quot;align&quot;:&quot;left&quot;,&quot;id&quot;:&quot;3890&quot;,&quot;slug&quot;:&quot;default&quot;,&quot;valign&quot;:&quot;top&quot;,&quot;ignore&quot;:&quot;&quot;,&quot;reference&quot;:&quot;auto&quot;,&quot;class&quot;:&quot;&quot;,&quot;count&quot;:&quot;0&quot;,&quot;legendonly&quot;:&quot;&quot;,&quot;readonly&quot;:&quot;&quot;,&quot;score&quot;:&quot;0&quot;,&quot;starsonly&quot;:&quot;&quot;,&quot;best&quot;:&quot;5&quot;,&quot;gap&quot;:&quot;5&quot;,&quot;greet&quot;:&quot;Eval\u00faa este art\u00edculo&quot;,&quot;legend&quot;:&quot;0\\\/5 - (0 votes)&quot;,&quot;size&quot;:&quot;24&quot;,&quot;title&quot;:&quot;Augment de P\u00f2muls&quot;,&quot;width&quot;:&quot;0&quot;,&quot;_legend&quot;:&quot;{score}\\\/{best} - ({count} {votes})&quot;,&quot;font_factor&quot;:&quot;1.25&quot;}'>\n            \n<div class=\"kksr-stars\">\n    \n<div class=\"kksr-stars-inactive\">\n            <div class=\"kksr-star\" data-star=\"1\" style=\"padding-right: 5px\">\n            \n\n<div class=\"kksr-icon\" style=\"width: 24px; height: 24px;\"><\/div>\n        <\/div>\n            <div class=\"kksr-star\" data-star=\"2\" style=\"padding-right: 5px\">\n            \n\n<div class=\"kksr-icon\" style=\"width: 24px; height: 24px;\"><\/div>\n        <\/div>\n            <div class=\"kksr-star\" data-star=\"3\" style=\"padding-right: 5px\">\n            \n\n<div class=\"kksr-icon\" style=\"width: 24px; height: 24px;\"><\/div>\n        <\/div>\n            <div class=\"kksr-star\" data-star=\"4\" style=\"padding-right: 5px\">\n            \n\n<div class=\"kksr-icon\" style=\"width: 24px; height: 24px;\"><\/div>\n        <\/div>\n            <div class=\"kksr-star\" data-star=\"5\" style=\"padding-right: 5px\">\n            \n\n<div class=\"kksr-icon\" style=\"width: 24px; height: 24px;\"><\/div>\n        <\/div>\n    <\/div>\n    \n<div class=\"kksr-stars-active\" style=\"width: 0px;\">\n            <div class=\"kksr-star\" style=\"padding-right: 5px\">\n            \n\n<div class=\"kksr-icon\" style=\"width: 24px; height: 24px;\"><\/div>\n        <\/div>\n            <div class=\"kksr-star\" style=\"padding-right: 5px\">\n            \n\n<div class=\"kksr-icon\" style=\"width: 24px; height: 24px;\"><\/div>\n        <\/div>\n            <div class=\"kksr-star\" style=\"padding-right: 5px\">\n            \n\n<div class=\"kksr-icon\" style=\"width: 24px; height: 24px;\"><\/div>\n        <\/div>\n            <div class=\"kksr-star\" style=\"padding-right: 5px\">\n            \n\n<div class=\"kksr-icon\" style=\"width: 24px; height: 24px;\"><\/div>\n        <\/div>\n            <div class=\"kksr-star\" style=\"padding-right: 5px\">\n            \n\n<div class=\"kksr-icon\" style=\"width: 24px; height: 24px;\"><\/div>\n        <\/div>\n    <\/div>\n<\/div>\n                \n\n<div class=\"kksr-legend\" style=\"font-size: 19.2px;\">\n            <span class=\"kksr-muted\">Eval\u00faa este art\u00edculo<\/span>\n    <\/div>\n    <\/div>\n<h2><b>Qui \u00e9s el candidat ideal per sotmetre a un Augment de p\u00f2muls?<\/b><\/h2>\n<p>Si veus que el teu rostre li falta estructura, que els teus p\u00f2muls s\u00f3n molt plans o, que per trets propis hereditaris els teus p\u00f2muls no tenen les proporcions adequades a la teva estructura facial, \u00e9s possible que necessitis una Cirurgia d\u00b4Augment de P\u00f2muls per harmonitzar el teu rostre.<\/p>\n<p>En qualsevol cas, no oblidis que ser\u00e0 amb l&#8217;ajuda del teu cirurgi\u00e0 que podr\u00e0s determinar la necessitat de sotmetre&#8217;t a una Malarpl\u00e0stia d&#8217;Augment.<\/p>\n<p>Mitjan\u00e7ant un acurat estudi del teu cas en particular i, la valoraci\u00f3 pels nostres metges especialistes en Cirurgia Pl\u00e0stica i Est\u00e8tica, el teu cirurgi\u00e0 analitzar\u00e0 acuradament els canvis de volum en els p\u00f2muls i, t&#8217;aconsellar\u00e0 les modificacions m\u00e9s convenients segons el teu cas en particular.<\/p>\n<h2><b>Podr\u00e9 veure alguna simulaci\u00f3 en 3D abans d&#8217;operar-me d&#8217;Augment de P\u00f2muls?<\/b><\/h2>\n<p>En els nostres centres <b>C\u00e0nons Clinics, especialitzats en Cirurgia i<\/b> <b>Medicina Est\u00e8tica<\/b> oferim la possibilitat de mostrar mitjan\u00e7ant un nou programa 3D E-Stetix diverses simulacions en tres dimensions de l\u00b4Augment de P\u00f2muls per poder analitzar de forma personalitzada i, segons criteri m\u00e8dic tots els aspectes que desitgis millorar dels teus p\u00f2muls nom\u00e9s fent unes fotografies pr\u00e8vies, on et podr\u00e0s fer una idea, sempre aproximada, de com quedar\u00e0s despr\u00e9s de la cirurgia ja que intervenen molts factors.<\/p>\n<h2><b>En qu\u00e8 consisteix l&#8217;Augment de P\u00f2muls o, Malarpl\u00e0stia d&#8217;Augment?<\/b><\/h2>\n<p>Els p\u00f2muls o, malars s\u00f3n els ossos que donen suport a les dues promin\u00e8ncies de la cara conegudes com galtes. Aquestes estructures malars brinden eleg\u00e0ncia i bellesa a la cara.<\/p>\n<p>Quan els p\u00f2muls no s&#8217;han desenvolupat prou, s\u00f3n aplanats o, es troben disminu\u00efts aporten al rostre un aspecte de cansament permanent i, poc saludable.<\/p>\n<p>Aquesta intervenci\u00f3 corregeix la manca de projecci\u00f3 o, asimetria dels p\u00f2muls. Es practica col\u00b7locant petits implants de la configuraci\u00f3, forma i mida adequats, a trav\u00e9s d&#8217;una m\u00ednima incisi\u00f3 a l&#8217;interior de la boca.<\/p>\n<p>Aquests implants estan certificats per la Comunitat Europea. Garanteixen la m\u00e0xima qualitat de l&#8217;implant i, m\u00e0xima seguretat.<\/p>\n<p>Normalment es realitza una m\u00ednima incisi\u00f3 a la boca, just a l&#8217;\u00e0rea on es troba la geniva i el llavi superior, de manera que no queden cicatrius exposades.<\/p>\n<p>Es pot fer com un procediment ambulatori a\u00efllat o, b\u00e9 combinar durant el mateix temps quir\u00fargic amb altres procediments com elevaci\u00f3 de celles, rinopl\u00e0stia, blefaropl\u00e0stia, lifting&#8230; per aconseguir un tractament facial global.<\/p>\n<h2><b>Es pot utilitzar un farciment en lloc de l&#8217;implant?<\/b><\/h2>\n<p>Actualment, \u00e9s possible utilitzar teixit gras propi. Ajudant-se d&#8217;unes c\u00e0nules especials i mitjan\u00e7ant microaspiraci\u00f3, el cirurgi\u00e0 pren el teixit gras i el processa.<\/p>\n<p>Posteriorment, s&#8217;injecta aquest teixit emprant una t\u00e8cnica molt precisa, que permet que el greix s&#8217;adapti als espais que requereixen augmentar volum.<\/p>\n<p>D&#8217;altra banda, tamb\u00e9 es pot realitzar un augment del malar amb subst\u00e0ncies injectables sint\u00e8tiques testades sense efectes secundaris, que eviten processos m\u00e9s llargs com pot resultar l&#8217;extracci\u00f3 del greix mitjan\u00e7ant liposucci\u00f3.<\/p>\n<h2><b>Com ser\u00e0 la tornada a la normalitat?<\/b><\/h2>\n<p>La malarplastia \u00e9s una cirurgia generalment ambulat\u00f2ria, \u00e9s a dir, que no requereix hospitalitzaci\u00f3. \u00c9s possible que amb el pas de les hores tinguis algunes mol\u00e8sties, les quals es controlen amb fred local i la pauta d&#8217;analg\u00e8sics i antiinflamatoris recomanada pel teu cirurgi\u00e0.<\/p>\n<p>Pot apar\u00e8ixer inflamaci\u00f3 a la zona de la intervenci\u00f3, la qual cosa \u00e9s completament normal. Quan arribis a casa \u00e9s important que et posis fred local per evitar al m\u00e0xim possibles hematomes i inflamacions.<\/p>\n<p>\u00c9s important que planifiqueu amb anticipaci\u00f3 el dia de la cirurgia i, tinguis al teu costat una persona de la teva confian\u00e7a, que et porti a casa i, et cuidi almenys les primeres 24 hores.<\/p>\n<p>Si tens qualsevol consulta no dubtis en contactar amb el nostre equip de <b>C\u00e0nons Clinics, especialistes en Cirurgia i Medicina Est\u00e8tica<\/b> el qual estar\u00e0 atent a tot el seu proc\u00e9s de recuperaci\u00f3.<\/p>\n<h2><b>Quant es demora la recuperaci\u00f3?<\/b><\/h2>\n<h2><\/h2>\n<p>La recuperaci\u00f3 d&#8217;una cirurgia del malar \u00e9s r\u00e0pida i, generalment es podr\u00e0 tornar a les tasques habituals r\u00e0pidament. En alguns casos es pot allargar uns dies. Recordeu que la recuperaci\u00f3 dep\u00e8n en gran part del propi organisme.<\/p>\n<h2><b>Com em preparo la cirurgia?<\/b><\/h2>\n<p>El teu cirurgi\u00e0 et donar\u00e0 instruccions sobre com preparar-te per la cirurgia, incloent les pautes a seguir sobre la presa o supressi\u00f3 de medicaments, vitamines, suplements de ferro, aliments, l\u00edquids i, tabac.<\/p>\n<p>Assegura&#8217;t que algun familiar o acompanyant et pugui acompanyar quan se&#8217;t doni l&#8217;alta i que, en cas necessari, puguin ajudar-te uns dies.<\/p>\n<h2><b>Quines precaucions haur\u00e9 de prendre?<\/b><\/h2>\n<p>Amb l&#8217;objectiu de limitar el risc de sagnat i hematomes haur\u00e0s d&#8217;evitar prendre en els 7 dies previs al procediment antiagregants plaquetaris com Aspirina, Dipiridamol, Ticlopidina&#8230; com tamb\u00e9, en els 3 dies previs prendre antiinflamatoris no estero\u00efdals amb efecte antiagregant com ibuprof\u00e8, Diclofenac , Indometacina, Piroxicam, Naprox\u00e8&#8230;<\/p>\n<!-- AddThis Advanced Settings generic via filter on the_content --><!-- AddThis Share Buttons generic via filter on the_content -->","protected":false},"excerpt":{"rendered":"<p>Qui \u00e9s el candidat ideal per sotmetre a un Augment de p\u00f2muls? Si veus que el teu rostre li falta estructura, que els teus p\u00f2muls s\u00f3n molt plans o, que per trets propis hereditaris els teus p\u00f2muls no tenen les proporcions adequades a la teva&#8230;<!-- AddThis Advanced Settings generic via filter on get_the_excerpt --><!-- AddThis Share Buttons generic via filter on get_the_excerpt --><\/p>\n","protected":false},"author":25,"featured_media":7122,"comment_status":"closed","ping_status":"closed","sticky":false,"template":"","format":"standard","meta":{"footnotes":""},"categories":[79,750,181],"tags":[],"class_list":["post-3890","post","type-post","status-publish","format-standard","has-post-thumbnail","hentry","category-blog-del-dr-victor-hernandez-da-costa-ca","category-cirugia-plastica-y-estetica-facial-ca-2","category-medicina-estetica-facial-ca"],"yoast_head":"<!-- This site is optimized with the Yoast SEO Premium plugin v26.9 (Yoast SEO v27.4) - https:\/\/yoast.com\/product\/yoast-seo-premium-wordpress\/ -->\n<title>Augment de P\u00f2muls - Cl\u00ednica C\u00e0nons | Cirurgia i Medicina Estetica a Barcelona, \u200b\u200bGranollers<\/title>\n<meta name=\"robots\" content=\"index, follow, max-snippet:-1, max-image-preview:large, max-video-preview:-1\" \/>\n<link rel=\"canonical\" href=\"https:\/\/www.canons.es\/ca\/augment-de-pomuls\/\" \/>\n<meta property=\"og:locale\" content=\"ca_ES\" \/>\n<meta property=\"og:type\" content=\"article\" \/>\n<meta property=\"og:title\" content=\"Augment de P\u00f2muls\" \/>\n<meta property=\"og:description\" content=\"Qui \u00e9s el candidat ideal per sotmetre a un Augment de p\u00f2muls? Si veus que el teu rostre li falta estructura, que els teus p\u00f2muls s\u00f3n molt plans o, que per trets propis hereditaris els teus p\u00f2muls no tenen les proporcions adequades a la teva...\" \/>\n<meta property=\"og:url\" content=\"https:\/\/www.canons.es\/ca\/augment-de-pomuls\/\" \/>\n<meta property=\"og:site_name\" content=\"Cl\u00ednica C\u00e0nons | Cirurgia i Medicina Estetica a Barcelona, \u200b\u200bGranollers\" \/>\n<meta property=\"article:publisher\" content=\"https:\/\/www.facebook.com\/canonsclinics\/\" \/>\n<meta property=\"article:published_time\" content=\"2013-02-10T13:43:14+00:00\" \/>\n<meta property=\"article:modified_time\" content=\"2023-11-01T16:20:24+00:00\" \/>\n<meta name=\"author\" content=\"administrador\" \/>\n<meta name=\"twitter:card\" content=\"summary_large_image\" \/>\n<meta name=\"twitter:creator\" content=\"@canonsclinics\" \/>\n<meta name=\"twitter:site\" content=\"@canonsclinics\" \/>\n<meta name=\"twitter:label1\" content=\"Escrit per\" \/>\n\t<meta name=\"twitter:data1\" content=\"administrador\" \/>\n\t<meta name=\"twitter:label2\" content=\"Temps estimat de lectura\" \/>\n\t<meta name=\"twitter:data2\" content=\"4 minuts\" \/>\n<script type=\"application\/ld+json\" class=\"yoast-schema-graph\">{\"@context\":\"https:\\\/\\\/schema.org\",\"@graph\":[{\"@type\":\"Article\",\"@id\":\"https:\\\/\\\/www.canons.es\\\/ca\\\/augment-de-pomuls\\\/#article\",\"isPartOf\":{\"@id\":\"https:\\\/\\\/www.canons.es\\\/ca\\\/augment-de-pomuls\\\/\"},\"author\":{\"name\":\"administrador\",\"@id\":\"https:\\\/\\\/www.canons.es\\\/#\\\/schema\\\/person\\\/947d7b84e9c15475d0452e32f9d72fb7\"},\"headline\":\"Augment de P\u00f2muls\",\"datePublished\":\"2013-02-10T13:43:14+00:00\",\"dateModified\":\"2023-11-01T16:20:24+00:00\",\"mainEntityOfPage\":{\"@id\":\"https:\\\/\\\/www.canons.es\\\/ca\\\/augment-de-pomuls\\\/\"},\"wordCount\":846,\"publisher\":{\"@id\":\"https:\\\/\\\/www.canons.es\\\/#organization\"},\"image\":{\"@id\":\"https:\\\/\\\/www.canons.es\\\/ca\\\/augment-de-pomuls\\\/#primaryimage\"},\"thumbnailUrl\":\"\",\"articleSection\":[\"Blog del Dr. V\u00edctor Hern\u00e0ndez Da Costa\",\"Cirurg\u00eda pl\u00e0stica i est\u00e8tica facial\",\"Medicina est\u00e8tica facial\"],\"inLanguage\":\"ca\"},{\"@type\":\"WebPage\",\"@id\":\"https:\\\/\\\/www.canons.es\\\/ca\\\/augment-de-pomuls\\\/\",\"url\":\"https:\\\/\\\/www.canons.es\\\/ca\\\/augment-de-pomuls\\\/\",\"name\":\"Augment de P\u00f2muls - Cl\u00ednica C\u00e0nons | Cirurgia i Medicina Estetica a Barcelona, \u200b\u200bGranollers\",\"isPartOf\":{\"@id\":\"https:\\\/\\\/www.canons.es\\\/#website\"},\"primaryImageOfPage\":{\"@id\":\"https:\\\/\\\/www.canons.es\\\/ca\\\/augment-de-pomuls\\\/#primaryimage\"},\"image\":{\"@id\":\"https:\\\/\\\/www.canons.es\\\/ca\\\/augment-de-pomuls\\\/#primaryimage\"},\"thumbnailUrl\":\"\",\"datePublished\":\"2013-02-10T13:43:14+00:00\",\"dateModified\":\"2023-11-01T16:20:24+00:00\",\"breadcrumb\":{\"@id\":\"https:\\\/\\\/www.canons.es\\\/ca\\\/augment-de-pomuls\\\/#breadcrumb\"},\"inLanguage\":\"ca\",\"potentialAction\":[{\"@type\":\"ReadAction\",\"target\":[\"https:\\\/\\\/www.canons.es\\\/ca\\\/augment-de-pomuls\\\/\"]}]},{\"@type\":\"ImageObject\",\"inLanguage\":\"ca\",\"@id\":\"https:\\\/\\\/www.canons.es\\\/ca\\\/augment-de-pomuls\\\/#primaryimage\",\"url\":\"\",\"contentUrl\":\"\"},{\"@type\":\"BreadcrumbList\",\"@id\":\"https:\\\/\\\/www.canons.es\\\/ca\\\/augment-de-pomuls\\\/#breadcrumb\",\"itemListElement\":[{\"@type\":\"ListItem\",\"position\":1,\"name\":\"Portada\",\"item\":\"https:\\\/\\\/www.canons.es\\\/ca\\\/\"},{\"@type\":\"ListItem\",\"position\":2,\"name\":\"Augment de P\u00f2muls\"}]},{\"@type\":\"WebSite\",\"@id\":\"https:\\\/\\\/www.canons.es\\\/#website\",\"url\":\"https:\\\/\\\/www.canons.es\\\/\",\"name\":\"Cirug\u00eda Pl\u00e1stica y Est\u00e9tica Barcelona y Granollers | C\u00e0nons Clinics\",\"description\":\"\",\"publisher\":{\"@id\":\"https:\\\/\\\/www.canons.es\\\/#organization\"},\"potentialAction\":[{\"@type\":\"SearchAction\",\"target\":{\"@type\":\"EntryPoint\",\"urlTemplate\":\"https:\\\/\\\/www.canons.es\\\/?s={search_term_string}\"},\"query-input\":{\"@type\":\"PropertyValueSpecification\",\"valueRequired\":true,\"valueName\":\"search_term_string\"}}],\"inLanguage\":\"ca\"},{\"@type\":\"Organization\",\"@id\":\"https:\\\/\\\/www.canons.es\\\/#organization\",\"name\":\"Cirug\u00eda Pl\u00e1stica y Est\u00e9tica Barcelona y Granollers | C\u00e0nons Clinics\",\"url\":\"https:\\\/\\\/www.canons.es\\\/\",\"logo\":{\"@type\":\"ImageObject\",\"inLanguage\":\"ca\",\"@id\":\"https:\\\/\\\/www.canons.es\\\/#\\\/schema\\\/logo\\\/image\\\/\",\"url\":\"https:\\\/\\\/www.canons.es\\\/wp-content\\\/uploads\\\/2025\\\/04\\\/logo-canons-clinics.jpg\",\"contentUrl\":\"https:\\\/\\\/www.canons.es\\\/wp-content\\\/uploads\\\/2025\\\/04\\\/logo-canons-clinics.jpg\",\"width\":600,\"height\":139,\"caption\":\"Cirug\u00eda Pl\u00e1stica y Est\u00e9tica Barcelona y Granollers | C\u00e0nons Clinics\"},\"image\":{\"@id\":\"https:\\\/\\\/www.canons.es\\\/#\\\/schema\\\/logo\\\/image\\\/\"},\"sameAs\":[\"https:\\\/\\\/www.facebook.com\\\/canonsclinics\\\/\",\"https:\\\/\\\/x.com\\\/canonsclinics\",\"https:\\\/\\\/www.instagram.com\\\/canonsclinics\\\/\",\"https:\\\/\\\/www.youtube.com\\\/channel\\\/UCI1Ia6LjALyo1CuQ0_HwtfQ\",\"https:\\\/\\\/www.linkedin.com\\\/company\\\/canons-clinics\\\/\"]},{\"@type\":\"Person\",\"@id\":\"https:\\\/\\\/www.canons.es\\\/#\\\/schema\\\/person\\\/947d7b84e9c15475d0452e32f9d72fb7\",\"name\":\"administrador\"}]}<\/script>\n<!-- \/ Yoast SEO Premium plugin. -->","yoast_head_json":{"title":"Augment de P\u00f2muls - Cl\u00ednica C\u00e0nons | Cirurgia i Medicina Estetica a Barcelona, \u200b\u200bGranollers","robots":{"index":"index","follow":"follow","max-snippet":"max-snippet:-1","max-image-preview":"max-image-preview:large","max-video-preview":"max-video-preview:-1"},"canonical":"https:\/\/www.canons.es\/ca\/augment-de-pomuls\/","og_locale":"ca_ES","og_type":"article","og_title":"Augment de P\u00f2muls","og_description":"Qui \u00e9s el candidat ideal per sotmetre a un Augment de p\u00f2muls? Si veus que el teu rostre li falta estructura, que els teus p\u00f2muls s\u00f3n molt plans o, que per trets propis hereditaris els teus p\u00f2muls no tenen les proporcions adequades a la teva...","og_url":"https:\/\/www.canons.es\/ca\/augment-de-pomuls\/","og_site_name":"Cl\u00ednica C\u00e0nons | Cirurgia i Medicina Estetica a Barcelona, \u200b\u200bGranollers","article_publisher":"https:\/\/www.facebook.com\/canonsclinics\/","article_published_time":"2013-02-10T13:43:14+00:00","article_modified_time":"2023-11-01T16:20:24+00:00","author":"administrador","twitter_card":"summary_large_image","twitter_creator":"@canonsclinics","twitter_site":"@canonsclinics","twitter_misc":{"Escrit per":"administrador","Temps estimat de lectura":"4 minuts"},"schema":{"@context":"https:\/\/schema.org","@graph":[{"@type":"Article","@id":"https:\/\/www.canons.es\/ca\/augment-de-pomuls\/#article","isPartOf":{"@id":"https:\/\/www.canons.es\/ca\/augment-de-pomuls\/"},"author":{"name":"administrador","@id":"https:\/\/www.canons.es\/#\/schema\/person\/947d7b84e9c15475d0452e32f9d72fb7"},"headline":"Augment de P\u00f2muls","datePublished":"2013-02-10T13:43:14+00:00","dateModified":"2023-11-01T16:20:24+00:00","mainEntityOfPage":{"@id":"https:\/\/www.canons.es\/ca\/augment-de-pomuls\/"},"wordCount":846,"publisher":{"@id":"https:\/\/www.canons.es\/#organization"},"image":{"@id":"https:\/\/www.canons.es\/ca\/augment-de-pomuls\/#primaryimage"},"thumbnailUrl":"","articleSection":["Blog del Dr. V\u00edctor Hern\u00e0ndez Da Costa","Cirurg\u00eda pl\u00e0stica i est\u00e8tica facial","Medicina est\u00e8tica facial"],"inLanguage":"ca"},{"@type":"WebPage","@id":"https:\/\/www.canons.es\/ca\/augment-de-pomuls\/","url":"https:\/\/www.canons.es\/ca\/augment-de-pomuls\/","name":"Augment de P\u00f2muls - Cl\u00ednica C\u00e0nons | Cirurgia i Medicina Estetica a Barcelona, \u200b\u200bGranollers","isPartOf":{"@id":"https:\/\/www.canons.es\/#website"},"primaryImageOfPage":{"@id":"https:\/\/www.canons.es\/ca\/augment-de-pomuls\/#primaryimage"},"image":{"@id":"https:\/\/www.canons.es\/ca\/augment-de-pomuls\/#primaryimage"},"thumbnailUrl":"","datePublished":"2013-02-10T13:43:14+00:00","dateModified":"2023-11-01T16:20:24+00:00","breadcrumb":{"@id":"https:\/\/www.canons.es\/ca\/augment-de-pomuls\/#breadcrumb"},"inLanguage":"ca","potentialAction":[{"@type":"ReadAction","target":["https:\/\/www.canons.es\/ca\/augment-de-pomuls\/"]}]},{"@type":"ImageObject","inLanguage":"ca","@id":"https:\/\/www.canons.es\/ca\/augment-de-pomuls\/#primaryimage","url":"","contentUrl":""},{"@type":"BreadcrumbList","@id":"https:\/\/www.canons.es\/ca\/augment-de-pomuls\/#breadcrumb","itemListElement":[{"@type":"ListItem","position":1,"name":"Portada","item":"https:\/\/www.canons.es\/ca\/"},{"@type":"ListItem","position":2,"name":"Augment de P\u00f2muls"}]},{"@type":"WebSite","@id":"https:\/\/www.canons.es\/#website","url":"https:\/\/www.canons.es\/","name":"Cirug\u00eda Pl\u00e1stica y Est\u00e9tica Barcelona y Granollers | C\u00e0nons Clinics","description":"","publisher":{"@id":"https:\/\/www.canons.es\/#organization"},"potentialAction":[{"@type":"SearchAction","target":{"@type":"EntryPoint","urlTemplate":"https:\/\/www.canons.es\/?s={search_term_string}"},"query-input":{"@type":"PropertyValueSpecification","valueRequired":true,"valueName":"search_term_string"}}],"inLanguage":"ca"},{"@type":"Organization","@id":"https:\/\/www.canons.es\/#organization","name":"Cirug\u00eda Pl\u00e1stica y Est\u00e9tica Barcelona y Granollers | C\u00e0nons Clinics","url":"https:\/\/www.canons.es\/","logo":{"@type":"ImageObject","inLanguage":"ca","@id":"https:\/\/www.canons.es\/#\/schema\/logo\/image\/","url":"https:\/\/www.canons.es\/wp-content\/uploads\/2025\/04\/logo-canons-clinics.jpg","contentUrl":"https:\/\/www.canons.es\/wp-content\/uploads\/2025\/04\/logo-canons-clinics.jpg","width":600,"height":139,"caption":"Cirug\u00eda Pl\u00e1stica y Est\u00e9tica Barcelona y Granollers | C\u00e0nons Clinics"},"image":{"@id":"https:\/\/www.canons.es\/#\/schema\/logo\/image\/"},"sameAs":["https:\/\/www.facebook.com\/canonsclinics\/","https:\/\/x.com\/canonsclinics","https:\/\/www.instagram.com\/canonsclinics\/","https:\/\/www.youtube.com\/channel\/UCI1Ia6LjALyo1CuQ0_HwtfQ","https:\/\/www.linkedin.com\/company\/canons-clinics\/"]},{"@type":"Person","@id":"https:\/\/www.canons.es\/#\/schema\/person\/947d7b84e9c15475d0452e32f9d72fb7","name":"administrador"}]}},"_links":{"self":[{"href":"https:\/\/www.canons.es\/ca\/wp-json\/wp\/v2\/posts\/3890","targetHints":{"allow":["GET"]}}],"collection":[{"href":"https:\/\/www.canons.es\/ca\/wp-json\/wp\/v2\/posts"}],"about":[{"href":"https:\/\/www.canons.es\/ca\/wp-json\/wp\/v2\/types\/post"}],"author":[{"embeddable":true,"href":"https:\/\/www.canons.es\/ca\/wp-json\/wp\/v2\/users\/25"}],"replies":[{"embeddable":true,"href":"https:\/\/www.canons.es\/ca\/wp-json\/wp\/v2\/comments?post=3890"}],"version-history":[{"count":0,"href":"https:\/\/www.canons.es\/ca\/wp-json\/wp\/v2\/posts\/3890\/revisions"}],"wp:featuredmedia":[{"embeddable":true,"href":"https:\/\/www.canons.es\/ca\/wp-json\/"}],"wp:attachment":[{"href":"https:\/\/www.canons.es\/ca\/wp-json\/wp\/v2\/media?parent=3890"}],"wp:term":[{"taxonomy":"category","embeddable":true,"href":"https:\/\/www.canons.es\/ca\/wp-json\/wp\/v2\/categories?post=3890"},{"taxonomy":"post_tag","embeddable":true,"href":"https:\/\/www.canons.es\/ca\/wp-json\/wp\/v2\/tags?post=3890"}],"curies":[{"name":"wp","href":"https:\/\/api.w.org\/{rel}","templated":true}]}}