{"id":3886,"date":"2013-02-11T15:33:09","date_gmt":"2013-02-11T15:33:09","guid":{"rendered":"https:\/\/www.canons.es\/?p=3886"},"modified":"2023-11-01T16:18:32","modified_gmt":"2023-11-01T16:18:32","slug":"cirurgia-delevacio-de-celles","status":"publish","type":"post","link":"https:\/\/www.canons.es\/ca\/cirurgia-delevacio-de-celles\/","title":{"rendered":"Cirurgia d&#8217;Elevaci\u00f3 de Celles"},"content":{"rendered":"\n\n<div class=\"kk-star-ratings kksr-auto kksr-align-left kksr-valign-top\"\n    data-payload='{&quot;align&quot;:&quot;left&quot;,&quot;id&quot;:&quot;3886&quot;,&quot;slug&quot;:&quot;default&quot;,&quot;valign&quot;:&quot;top&quot;,&quot;ignore&quot;:&quot;&quot;,&quot;reference&quot;:&quot;auto&quot;,&quot;class&quot;:&quot;&quot;,&quot;count&quot;:&quot;0&quot;,&quot;legendonly&quot;:&quot;&quot;,&quot;readonly&quot;:&quot;&quot;,&quot;score&quot;:&quot;0&quot;,&quot;starsonly&quot;:&quot;&quot;,&quot;best&quot;:&quot;5&quot;,&quot;gap&quot;:&quot;5&quot;,&quot;greet&quot;:&quot;Eval\u00faa este art\u00edculo&quot;,&quot;legend&quot;:&quot;0\\\/5 - (0 votes)&quot;,&quot;size&quot;:&quot;24&quot;,&quot;title&quot;:&quot;Cirurgia d\\u0026#039;Elevaci\u00f3 de Celles&quot;,&quot;width&quot;:&quot;0&quot;,&quot;_legend&quot;:&quot;{score}\\\/{best} - ({count} {votes})&quot;,&quot;font_factor&quot;:&quot;1.25&quot;}'>\n            \n<div class=\"kksr-stars\">\n    \n<div class=\"kksr-stars-inactive\">\n            <div class=\"kksr-star\" data-star=\"1\" style=\"padding-right: 5px\">\n            \n\n<div class=\"kksr-icon\" style=\"width: 24px; height: 24px;\"><\/div>\n        <\/div>\n            <div class=\"kksr-star\" data-star=\"2\" style=\"padding-right: 5px\">\n            \n\n<div class=\"kksr-icon\" style=\"width: 24px; height: 24px;\"><\/div>\n        <\/div>\n            <div class=\"kksr-star\" data-star=\"3\" style=\"padding-right: 5px\">\n            \n\n<div class=\"kksr-icon\" style=\"width: 24px; height: 24px;\"><\/div>\n        <\/div>\n            <div class=\"kksr-star\" data-star=\"4\" style=\"padding-right: 5px\">\n            \n\n<div class=\"kksr-icon\" style=\"width: 24px; height: 24px;\"><\/div>\n        <\/div>\n            <div class=\"kksr-star\" data-star=\"5\" style=\"padding-right: 5px\">\n            \n\n<div class=\"kksr-icon\" style=\"width: 24px; height: 24px;\"><\/div>\n        <\/div>\n    <\/div>\n    \n<div class=\"kksr-stars-active\" style=\"width: 0px;\">\n            <div class=\"kksr-star\" style=\"padding-right: 5px\">\n            \n\n<div class=\"kksr-icon\" style=\"width: 24px; height: 24px;\"><\/div>\n        <\/div>\n            <div class=\"kksr-star\" style=\"padding-right: 5px\">\n            \n\n<div class=\"kksr-icon\" style=\"width: 24px; height: 24px;\"><\/div>\n        <\/div>\n            <div class=\"kksr-star\" style=\"padding-right: 5px\">\n            \n\n<div class=\"kksr-icon\" style=\"width: 24px; height: 24px;\"><\/div>\n        <\/div>\n            <div class=\"kksr-star\" style=\"padding-right: 5px\">\n            \n\n<div class=\"kksr-icon\" style=\"width: 24px; height: 24px;\"><\/div>\n        <\/div>\n            <div class=\"kksr-star\" style=\"padding-right: 5px\">\n            \n\n<div class=\"kksr-icon\" style=\"width: 24px; height: 24px;\"><\/div>\n        <\/div>\n    <\/div>\n<\/div>\n                \n\n<div class=\"kksr-legend\" style=\"font-size: 19.2px;\">\n            <span class=\"kksr-muted\">Eval\u00faa este art\u00edculo<\/span>\n    <\/div>\n    <\/div>\n<h2><b>Qui \u00e9s el candidat ideal per sotmetre a una Cirurgia d&#8217;Elevaci\u00f3 de Celles?<\/b><\/h2>\n<p>Les persones que amb m\u00e9s freq\u00fc\u00e8ncia es sotmeten a aquestes intervencions s\u00f3n aquelles que diuen que l&#8217;aspecte de la seva mirada no els agrada, pel seu aspecte de cansament o, tristesa que no es correspon amb la realitat.<\/p>\n<h2><b>Podr\u00e9 veure alguna simulaci\u00f3 en 3D abans d&#8217;operar-me de la&nbsp;<\/b><b>Cirurgia d&#8217;Elevaci\u00f3 de Celles?<\/b><\/h2>\n<p>En els nostres centres <b>C\u00e0nons Clinics, especialitzats en Cirurgia i<\/b> <b>Medicina Est\u00e8tica<\/b> oferim la possibilitat de mostrar mitjan\u00e7ant un nou programa 3D E-Stetix diverses simulacions en tres dimensions de la Cirurgia d&#8217;Elevaci\u00f3 de Celles per poder analitzar de forma personalitzada i, segons criteri m\u00e8dic tots els aspectes que desitgis millorar de les teves celles nom\u00e9s fent unes fotografies pr\u00e8vies, on et podr\u00e0s fer una idea, sempre aproximada, de com quedar\u00e0s despr\u00e9s de la cirurgia ja que intervenen molts factors.<\/p>\n<h2><b>En qu\u00e8 consisteix la Cirurgia d&#8217;Elevaci\u00f3 de Celles?<\/b><\/h2>\n<p>A causa del proc\u00e9s natural d&#8217;envelliment facial o, b\u00e9 a alteracions de les estructures facials es posa de manifest un despenjament progressiu de les celles.<\/p>\n<p>La cirurgia d&#8217;elevaci\u00f3 de celles mitjan\u00e7ant fixaci\u00f3 directa \u00e9s un nou i revolucionari procediment segur, simple i r\u00e0pid amb resultats immediats.<\/p>\n<p>Consisteix a recuperar la posici\u00f3 natural de les celles mitjan\u00e7ant la t\u00e8cnica de rejoveniment facial amb el sistema de fixaci\u00f3 multipunt reabsorbible anomenat ENDOTINE Transbleph &#x2122; que consisteix en realitzar una \u00fanica incisi\u00f3, la qual es realitza en les blefaropl\u00e0sties de parpella superior convencionals i, per on s&#8217;implanta un fixador que aixeca les celles amb un sistema multipunts de tres pues patentada per CoaptSystems, la qual permet una fixaci\u00f3 segura amb la possibilitat de reajustar l&#8217;al\u00e7ada i corregir la posici\u00f3 de les celles.<\/p>\n<p>La utilitzaci\u00f3 de ENDOTINE Transbleph &#x2122; permet al professional de la Cirurgia Pl\u00e0stica i Est\u00e8tica ajudar a recuperar una aparen\u00e7a juvenil, una bonica i rejovenida mirada, sense haver de patir un l\u00edfting Frontal complet.<\/p>\n<p>Normalment s&#8217;utilitza \u00fanicament anest\u00e8sia local, tamb\u00e9 de vegades depenent del cas s&#8217;utilitza tamb\u00e9 sedaci\u00f3.<\/p>\n<h2><b>Podr\u00e9 combinar amb altres cirurgies i tractaments?<\/b><\/h2>\n<p>Normalment es combina amb la blefaropl\u00e0stia, una combinaci\u00f3 insuperable. Obtindr\u00e0s els millors resultats combinant la blefaropl\u00e0stia amb l&#8217;elevaci\u00f3 i reposicionament de les celles en una mateixa sessi\u00f3 quir\u00fargica.<\/p>\n<p>Tamb\u00e9 es pot combinar amb altres procediments medicoest\u00e8tics com la toxina botul\u00ednica, mesoter\u00e0pia, farcits d&#8217;arrugues\u2026<\/p>\n<h2><b>Com em preparo la cirurgia?<\/b><\/h2>\n<p>El teu cirugi\u00e0 pl\u00e0stic i est\u00e8tic et donar\u00e0 instruccions sobre com preparar la cirurgia, incloent les pautes a seguir sobre la presa o supressi\u00f3 de medicaments, vitamines, suplements de ferro, aliments, l\u00edquids i, tabac.<\/p>\n<p>Assegura&#8217;t tamb\u00e9 que algun familiar o acompanyant t&#8217;acompanyi en el moment que te\u00b4n vas d&#8217;alta i que, en cas necessari, et pugui ajudar uns dies.<\/p>\n<h2><b>Quines precaucions haur\u00e9 de prendre?<\/b><\/h2>\n<p>Amb l&#8217;objectiu de limitar el risc de sagnat i hematomes haur\u00e0s d&#8217;evitar prendre en els 7 dies previs al procediment antiagregants plaquetaris com Aspirina, Dipiridamol, Ticlopidina &#8230; com tamb\u00e9, en els 3 dies previs prendre antiinflamatoris no estero\u00efdals amb efecte antiagregant com Ibuprof\u00e8, Diclofenac , Indometacina, Piroxicam, Naprox\u00e8&#8230;<\/p>\n<!-- AddThis Advanced Settings generic via filter on the_content --><!-- AddThis Share Buttons generic via filter on the_content -->","protected":false},"excerpt":{"rendered":"<p>Qui \u00e9s el candidat ideal per sotmetre a una Cirurgia d&#8217;Elevaci\u00f3 de Celles? Les persones que amb m\u00e9s freq\u00fc\u00e8ncia es sotmeten a aquestes intervencions s\u00f3n aquelles que diuen que l&#8217;aspecte de la seva mirada no els agrada, pel seu aspecte de cansament o, tristesa que&#8230;<!-- AddThis Advanced Settings generic via filter on get_the_excerpt --><!-- AddThis Share Buttons generic via filter on get_the_excerpt --><\/p>\n","protected":false},"author":25,"featured_media":7115,"comment_status":"closed","ping_status":"closed","sticky":false,"template":"","format":"standard","meta":{"footnotes":""},"categories":[79],"tags":[],"class_list":["post-3886","post","type-post","status-publish","format-standard","has-post-thumbnail","hentry","category-blog-del-dr-victor-hernandez-da-costa-ca"],"yoast_head":"<!-- This site is optimized with the Yoast SEO Premium plugin v26.9 (Yoast SEO v27.4) - https:\/\/yoast.com\/product\/yoast-seo-premium-wordpress\/ -->\n<title>Cirurgia d&#039;Elevaci\u00f3 de Celles - Cl\u00ednica C\u00e0nons | Cirurgia i Medicina Estetica a Barcelona, \u200b\u200bGranollers<\/title>\n<meta name=\"robots\" content=\"index, follow, max-snippet:-1, max-image-preview:large, max-video-preview:-1\" \/>\n<link rel=\"canonical\" href=\"https:\/\/www.canons.es\/ca\/cirurgia-delevacio-de-celles\/\" \/>\n<meta property=\"og:locale\" content=\"ca_ES\" \/>\n<meta property=\"og:type\" content=\"article\" \/>\n<meta property=\"og:title\" content=\"Cirurgia d&#039;Elevaci\u00f3 de Celles\" \/>\n<meta property=\"og:description\" content=\"Qui \u00e9s el candidat ideal per sotmetre a una Cirurgia d&#8217;Elevaci\u00f3 de Celles? Les persones que amb m\u00e9s freq\u00fc\u00e8ncia es sotmeten a aquestes intervencions s\u00f3n aquelles que diuen que l&#8217;aspecte de la seva mirada no els agrada, pel seu aspecte de cansament o, tristesa que...\" \/>\n<meta property=\"og:url\" content=\"https:\/\/www.canons.es\/ca\/cirurgia-delevacio-de-celles\/\" \/>\n<meta property=\"og:site_name\" content=\"Cl\u00ednica C\u00e0nons | Cirurgia i Medicina Estetica a Barcelona, \u200b\u200bGranollers\" \/>\n<meta property=\"article:publisher\" content=\"https:\/\/www.facebook.com\/canonsclinics\/\" \/>\n<meta property=\"article:published_time\" content=\"2013-02-11T15:33:09+00:00\" \/>\n<meta property=\"article:modified_time\" content=\"2023-11-01T16:18:32+00:00\" \/>\n<meta name=\"author\" content=\"administrador\" \/>\n<meta name=\"twitter:card\" content=\"summary_large_image\" \/>\n<meta name=\"twitter:creator\" content=\"@canonsclinics\" \/>\n<meta name=\"twitter:site\" content=\"@canonsclinics\" \/>\n<meta name=\"twitter:label1\" content=\"Escrit per\" \/>\n\t<meta name=\"twitter:data1\" content=\"administrador\" \/>\n\t<meta name=\"twitter:label2\" content=\"Temps estimat de lectura\" \/>\n\t<meta name=\"twitter:data2\" content=\"3 minuts\" \/>\n<script type=\"application\/ld+json\" class=\"yoast-schema-graph\">{\"@context\":\"https:\\\/\\\/schema.org\",\"@graph\":[{\"@type\":\"Article\",\"@id\":\"https:\\\/\\\/www.canons.es\\\/ca\\\/cirurgia-delevacio-de-celles\\\/#article\",\"isPartOf\":{\"@id\":\"https:\\\/\\\/www.canons.es\\\/ca\\\/cirurgia-delevacio-de-celles\\\/\"},\"author\":{\"name\":\"administrador\",\"@id\":\"https:\\\/\\\/www.canons.es\\\/#\\\/schema\\\/person\\\/947d7b84e9c15475d0452e32f9d72fb7\"},\"headline\":\"Cirurgia d&#8217;Elevaci\u00f3 de Celles\",\"datePublished\":\"2013-02-11T15:33:09+00:00\",\"dateModified\":\"2023-11-01T16:18:32+00:00\",\"mainEntityOfPage\":{\"@id\":\"https:\\\/\\\/www.canons.es\\\/ca\\\/cirurgia-delevacio-de-celles\\\/\"},\"wordCount\":534,\"publisher\":{\"@id\":\"https:\\\/\\\/www.canons.es\\\/#organization\"},\"image\":{\"@id\":\"https:\\\/\\\/www.canons.es\\\/ca\\\/cirurgia-delevacio-de-celles\\\/#primaryimage\"},\"thumbnailUrl\":\"\",\"articleSection\":[\"Blog del Dr. V\u00edctor Hern\u00e0ndez Da Costa\"],\"inLanguage\":\"ca\"},{\"@type\":\"WebPage\",\"@id\":\"https:\\\/\\\/www.canons.es\\\/ca\\\/cirurgia-delevacio-de-celles\\\/\",\"url\":\"https:\\\/\\\/www.canons.es\\\/ca\\\/cirurgia-delevacio-de-celles\\\/\",\"name\":\"Cirurgia d'Elevaci\u00f3 de Celles - Cl\u00ednica C\u00e0nons | Cirurgia i Medicina Estetica a Barcelona, \u200b\u200bGranollers\",\"isPartOf\":{\"@id\":\"https:\\\/\\\/www.canons.es\\\/#website\"},\"primaryImageOfPage\":{\"@id\":\"https:\\\/\\\/www.canons.es\\\/ca\\\/cirurgia-delevacio-de-celles\\\/#primaryimage\"},\"image\":{\"@id\":\"https:\\\/\\\/www.canons.es\\\/ca\\\/cirurgia-delevacio-de-celles\\\/#primaryimage\"},\"thumbnailUrl\":\"\",\"datePublished\":\"2013-02-11T15:33:09+00:00\",\"dateModified\":\"2023-11-01T16:18:32+00:00\",\"breadcrumb\":{\"@id\":\"https:\\\/\\\/www.canons.es\\\/ca\\\/cirurgia-delevacio-de-celles\\\/#breadcrumb\"},\"inLanguage\":\"ca\",\"potentialAction\":[{\"@type\":\"ReadAction\",\"target\":[\"https:\\\/\\\/www.canons.es\\\/ca\\\/cirurgia-delevacio-de-celles\\\/\"]}]},{\"@type\":\"ImageObject\",\"inLanguage\":\"ca\",\"@id\":\"https:\\\/\\\/www.canons.es\\\/ca\\\/cirurgia-delevacio-de-celles\\\/#primaryimage\",\"url\":\"\",\"contentUrl\":\"\"},{\"@type\":\"BreadcrumbList\",\"@id\":\"https:\\\/\\\/www.canons.es\\\/ca\\\/cirurgia-delevacio-de-celles\\\/#breadcrumb\",\"itemListElement\":[{\"@type\":\"ListItem\",\"position\":1,\"name\":\"Portada\",\"item\":\"https:\\\/\\\/www.canons.es\\\/ca\\\/\"},{\"@type\":\"ListItem\",\"position\":2,\"name\":\"Cirurgia d&#8217;Elevaci\u00f3 de Celles\"}]},{\"@type\":\"WebSite\",\"@id\":\"https:\\\/\\\/www.canons.es\\\/#website\",\"url\":\"https:\\\/\\\/www.canons.es\\\/\",\"name\":\"Cirug\u00eda Pl\u00e1stica y Est\u00e9tica Barcelona y Granollers | C\u00e0nons Clinics\",\"description\":\"\",\"publisher\":{\"@id\":\"https:\\\/\\\/www.canons.es\\\/#organization\"},\"potentialAction\":[{\"@type\":\"SearchAction\",\"target\":{\"@type\":\"EntryPoint\",\"urlTemplate\":\"https:\\\/\\\/www.canons.es\\\/?s={search_term_string}\"},\"query-input\":{\"@type\":\"PropertyValueSpecification\",\"valueRequired\":true,\"valueName\":\"search_term_string\"}}],\"inLanguage\":\"ca\"},{\"@type\":\"Organization\",\"@id\":\"https:\\\/\\\/www.canons.es\\\/#organization\",\"name\":\"Cirug\u00eda Pl\u00e1stica y Est\u00e9tica Barcelona y Granollers | C\u00e0nons Clinics\",\"url\":\"https:\\\/\\\/www.canons.es\\\/\",\"logo\":{\"@type\":\"ImageObject\",\"inLanguage\":\"ca\",\"@id\":\"https:\\\/\\\/www.canons.es\\\/#\\\/schema\\\/logo\\\/image\\\/\",\"url\":\"https:\\\/\\\/www.canons.es\\\/wp-content\\\/uploads\\\/2025\\\/04\\\/logo-canons-clinics.jpg\",\"contentUrl\":\"https:\\\/\\\/www.canons.es\\\/wp-content\\\/uploads\\\/2025\\\/04\\\/logo-canons-clinics.jpg\",\"width\":600,\"height\":139,\"caption\":\"Cirug\u00eda Pl\u00e1stica y Est\u00e9tica Barcelona y Granollers | C\u00e0nons Clinics\"},\"image\":{\"@id\":\"https:\\\/\\\/www.canons.es\\\/#\\\/schema\\\/logo\\\/image\\\/\"},\"sameAs\":[\"https:\\\/\\\/www.facebook.com\\\/canonsclinics\\\/\",\"https:\\\/\\\/x.com\\\/canonsclinics\",\"https:\\\/\\\/www.instagram.com\\\/canonsclinics\\\/\",\"https:\\\/\\\/www.youtube.com\\\/channel\\\/UCI1Ia6LjALyo1CuQ0_HwtfQ\",\"https:\\\/\\\/www.linkedin.com\\\/company\\\/canons-clinics\\\/\"]},{\"@type\":\"Person\",\"@id\":\"https:\\\/\\\/www.canons.es\\\/#\\\/schema\\\/person\\\/947d7b84e9c15475d0452e32f9d72fb7\",\"name\":\"administrador\"}]}<\/script>\n<!-- \/ Yoast SEO Premium plugin. -->","yoast_head_json":{"title":"Cirurgia d'Elevaci\u00f3 de Celles - Cl\u00ednica C\u00e0nons | Cirurgia i Medicina Estetica a Barcelona, \u200b\u200bGranollers","robots":{"index":"index","follow":"follow","max-snippet":"max-snippet:-1","max-image-preview":"max-image-preview:large","max-video-preview":"max-video-preview:-1"},"canonical":"https:\/\/www.canons.es\/ca\/cirurgia-delevacio-de-celles\/","og_locale":"ca_ES","og_type":"article","og_title":"Cirurgia d'Elevaci\u00f3 de Celles","og_description":"Qui \u00e9s el candidat ideal per sotmetre a una Cirurgia d&#8217;Elevaci\u00f3 de Celles? Les persones que amb m\u00e9s freq\u00fc\u00e8ncia es sotmeten a aquestes intervencions s\u00f3n aquelles que diuen que l&#8217;aspecte de la seva mirada no els agrada, pel seu aspecte de cansament o, tristesa que...","og_url":"https:\/\/www.canons.es\/ca\/cirurgia-delevacio-de-celles\/","og_site_name":"Cl\u00ednica C\u00e0nons | Cirurgia i Medicina Estetica a Barcelona, \u200b\u200bGranollers","article_publisher":"https:\/\/www.facebook.com\/canonsclinics\/","article_published_time":"2013-02-11T15:33:09+00:00","article_modified_time":"2023-11-01T16:18:32+00:00","author":"administrador","twitter_card":"summary_large_image","twitter_creator":"@canonsclinics","twitter_site":"@canonsclinics","twitter_misc":{"Escrit per":"administrador","Temps estimat de lectura":"3 minuts"},"schema":{"@context":"https:\/\/schema.org","@graph":[{"@type":"Article","@id":"https:\/\/www.canons.es\/ca\/cirurgia-delevacio-de-celles\/#article","isPartOf":{"@id":"https:\/\/www.canons.es\/ca\/cirurgia-delevacio-de-celles\/"},"author":{"name":"administrador","@id":"https:\/\/www.canons.es\/#\/schema\/person\/947d7b84e9c15475d0452e32f9d72fb7"},"headline":"Cirurgia d&#8217;Elevaci\u00f3 de Celles","datePublished":"2013-02-11T15:33:09+00:00","dateModified":"2023-11-01T16:18:32+00:00","mainEntityOfPage":{"@id":"https:\/\/www.canons.es\/ca\/cirurgia-delevacio-de-celles\/"},"wordCount":534,"publisher":{"@id":"https:\/\/www.canons.es\/#organization"},"image":{"@id":"https:\/\/www.canons.es\/ca\/cirurgia-delevacio-de-celles\/#primaryimage"},"thumbnailUrl":"","articleSection":["Blog del Dr. V\u00edctor Hern\u00e0ndez Da Costa"],"inLanguage":"ca"},{"@type":"WebPage","@id":"https:\/\/www.canons.es\/ca\/cirurgia-delevacio-de-celles\/","url":"https:\/\/www.canons.es\/ca\/cirurgia-delevacio-de-celles\/","name":"Cirurgia d'Elevaci\u00f3 de Celles - Cl\u00ednica C\u00e0nons | Cirurgia i Medicina Estetica a Barcelona, \u200b\u200bGranollers","isPartOf":{"@id":"https:\/\/www.canons.es\/#website"},"primaryImageOfPage":{"@id":"https:\/\/www.canons.es\/ca\/cirurgia-delevacio-de-celles\/#primaryimage"},"image":{"@id":"https:\/\/www.canons.es\/ca\/cirurgia-delevacio-de-celles\/#primaryimage"},"thumbnailUrl":"","datePublished":"2013-02-11T15:33:09+00:00","dateModified":"2023-11-01T16:18:32+00:00","breadcrumb":{"@id":"https:\/\/www.canons.es\/ca\/cirurgia-delevacio-de-celles\/#breadcrumb"},"inLanguage":"ca","potentialAction":[{"@type":"ReadAction","target":["https:\/\/www.canons.es\/ca\/cirurgia-delevacio-de-celles\/"]}]},{"@type":"ImageObject","inLanguage":"ca","@id":"https:\/\/www.canons.es\/ca\/cirurgia-delevacio-de-celles\/#primaryimage","url":"","contentUrl":""},{"@type":"BreadcrumbList","@id":"https:\/\/www.canons.es\/ca\/cirurgia-delevacio-de-celles\/#breadcrumb","itemListElement":[{"@type":"ListItem","position":1,"name":"Portada","item":"https:\/\/www.canons.es\/ca\/"},{"@type":"ListItem","position":2,"name":"Cirurgia d&#8217;Elevaci\u00f3 de Celles"}]},{"@type":"WebSite","@id":"https:\/\/www.canons.es\/#website","url":"https:\/\/www.canons.es\/","name":"Cirug\u00eda Pl\u00e1stica y Est\u00e9tica Barcelona y Granollers | C\u00e0nons Clinics","description":"","publisher":{"@id":"https:\/\/www.canons.es\/#organization"},"potentialAction":[{"@type":"SearchAction","target":{"@type":"EntryPoint","urlTemplate":"https:\/\/www.canons.es\/?s={search_term_string}"},"query-input":{"@type":"PropertyValueSpecification","valueRequired":true,"valueName":"search_term_string"}}],"inLanguage":"ca"},{"@type":"Organization","@id":"https:\/\/www.canons.es\/#organization","name":"Cirug\u00eda Pl\u00e1stica y Est\u00e9tica Barcelona y Granollers | C\u00e0nons Clinics","url":"https:\/\/www.canons.es\/","logo":{"@type":"ImageObject","inLanguage":"ca","@id":"https:\/\/www.canons.es\/#\/schema\/logo\/image\/","url":"https:\/\/www.canons.es\/wp-content\/uploads\/2025\/04\/logo-canons-clinics.jpg","contentUrl":"https:\/\/www.canons.es\/wp-content\/uploads\/2025\/04\/logo-canons-clinics.jpg","width":600,"height":139,"caption":"Cirug\u00eda Pl\u00e1stica y Est\u00e9tica Barcelona y Granollers | C\u00e0nons Clinics"},"image":{"@id":"https:\/\/www.canons.es\/#\/schema\/logo\/image\/"},"sameAs":["https:\/\/www.facebook.com\/canonsclinics\/","https:\/\/x.com\/canonsclinics","https:\/\/www.instagram.com\/canonsclinics\/","https:\/\/www.youtube.com\/channel\/UCI1Ia6LjALyo1CuQ0_HwtfQ","https:\/\/www.linkedin.com\/company\/canons-clinics\/"]},{"@type":"Person","@id":"https:\/\/www.canons.es\/#\/schema\/person\/947d7b84e9c15475d0452e32f9d72fb7","name":"administrador"}]}},"_links":{"self":[{"href":"https:\/\/www.canons.es\/ca\/wp-json\/wp\/v2\/posts\/3886","targetHints":{"allow":["GET"]}}],"collection":[{"href":"https:\/\/www.canons.es\/ca\/wp-json\/wp\/v2\/posts"}],"about":[{"href":"https:\/\/www.canons.es\/ca\/wp-json\/wp\/v2\/types\/post"}],"author":[{"embeddable":true,"href":"https:\/\/www.canons.es\/ca\/wp-json\/wp\/v2\/users\/25"}],"replies":[{"embeddable":true,"href":"https:\/\/www.canons.es\/ca\/wp-json\/wp\/v2\/comments?post=3886"}],"version-history":[{"count":0,"href":"https:\/\/www.canons.es\/ca\/wp-json\/wp\/v2\/posts\/3886\/revisions"}],"wp:featuredmedia":[{"embeddable":true,"href":"https:\/\/www.canons.es\/ca\/wp-json\/"}],"wp:attachment":[{"href":"https:\/\/www.canons.es\/ca\/wp-json\/wp\/v2\/media?parent=3886"}],"wp:term":[{"taxonomy":"category","embeddable":true,"href":"https:\/\/www.canons.es\/ca\/wp-json\/wp\/v2\/categories?post=3886"},{"taxonomy":"post_tag","embeddable":true,"href":"https:\/\/www.canons.es\/ca\/wp-json\/wp\/v2\/tags?post=3886"}],"curies":[{"name":"wp","href":"https:\/\/api.w.org\/{rel}","templated":true}]}}