{"id":3774,"date":"2014-05-17T15:25:12","date_gmt":"2014-05-17T13:25:12","guid":{"rendered":"https:\/\/www.canons.es\/?p=3774"},"modified":"2014-05-17T15:25:12","modified_gmt":"2014-05-17T13:25:12","slug":"eliminacio-de-taques-i-lentigens-solars-amb-laser-medic","status":"publish","type":"post","link":"https:\/\/www.canons.es\/ca\/eliminacio-de-taques-i-lentigens-solars-amb-laser-medic\/","title":{"rendered":"Eliminaci\u00f3 de Taques i Lent\u00edgens Solars amb L\u00e0ser M\u00e8dic"},"content":{"rendered":"\n\n<div class=\"kk-star-ratings kksr-auto kksr-align-left kksr-valign-top\"\n    data-payload='{&quot;align&quot;:&quot;left&quot;,&quot;id&quot;:&quot;3774&quot;,&quot;slug&quot;:&quot;default&quot;,&quot;valign&quot;:&quot;top&quot;,&quot;ignore&quot;:&quot;&quot;,&quot;reference&quot;:&quot;auto&quot;,&quot;class&quot;:&quot;&quot;,&quot;count&quot;:&quot;0&quot;,&quot;legendonly&quot;:&quot;&quot;,&quot;readonly&quot;:&quot;&quot;,&quot;score&quot;:&quot;0&quot;,&quot;starsonly&quot;:&quot;&quot;,&quot;best&quot;:&quot;5&quot;,&quot;gap&quot;:&quot;5&quot;,&quot;greet&quot;:&quot;Eval\u00faa este art\u00edculo&quot;,&quot;legend&quot;:&quot;0\\\/5 - (0 votes)&quot;,&quot;size&quot;:&quot;24&quot;,&quot;title&quot;:&quot;Eliminaci\u00f3 de Taques i Lent\u00edgens Solars amb L\u00e0ser M\u00e8dic&quot;,&quot;width&quot;:&quot;0&quot;,&quot;_legend&quot;:&quot;{score}\\\/{best} - ({count} {votes})&quot;,&quot;font_factor&quot;:&quot;1.25&quot;}'>\n            \n<div class=\"kksr-stars\">\n    \n<div class=\"kksr-stars-inactive\">\n            <div class=\"kksr-star\" data-star=\"1\" style=\"padding-right: 5px\">\n            \n\n<div class=\"kksr-icon\" style=\"width: 24px; height: 24px;\"><\/div>\n        <\/div>\n            <div class=\"kksr-star\" data-star=\"2\" style=\"padding-right: 5px\">\n            \n\n<div class=\"kksr-icon\" style=\"width: 24px; height: 24px;\"><\/div>\n        <\/div>\n            <div class=\"kksr-star\" data-star=\"3\" style=\"padding-right: 5px\">\n            \n\n<div class=\"kksr-icon\" style=\"width: 24px; height: 24px;\"><\/div>\n        <\/div>\n            <div class=\"kksr-star\" data-star=\"4\" style=\"padding-right: 5px\">\n            \n\n<div class=\"kksr-icon\" style=\"width: 24px; height: 24px;\"><\/div>\n        <\/div>\n            <div class=\"kksr-star\" data-star=\"5\" style=\"padding-right: 5px\">\n            \n\n<div class=\"kksr-icon\" style=\"width: 24px; height: 24px;\"><\/div>\n        <\/div>\n    <\/div>\n    \n<div class=\"kksr-stars-active\" style=\"width: 0px;\">\n            <div class=\"kksr-star\" style=\"padding-right: 5px\">\n            \n\n<div class=\"kksr-icon\" style=\"width: 24px; height: 24px;\"><\/div>\n        <\/div>\n            <div class=\"kksr-star\" style=\"padding-right: 5px\">\n            \n\n<div class=\"kksr-icon\" style=\"width: 24px; height: 24px;\"><\/div>\n        <\/div>\n            <div class=\"kksr-star\" style=\"padding-right: 5px\">\n            \n\n<div class=\"kksr-icon\" style=\"width: 24px; height: 24px;\"><\/div>\n        <\/div>\n            <div class=\"kksr-star\" style=\"padding-right: 5px\">\n            \n\n<div class=\"kksr-icon\" style=\"width: 24px; height: 24px;\"><\/div>\n        <\/div>\n            <div class=\"kksr-star\" style=\"padding-right: 5px\">\n            \n\n<div class=\"kksr-icon\" style=\"width: 24px; height: 24px;\"><\/div>\n        <\/div>\n    <\/div>\n<\/div>\n                \n\n<div class=\"kksr-legend\" style=\"font-size: 19.2px;\">\n            <span class=\"kksr-muted\">Eval\u00faa este art\u00edculo<\/span>\n    <\/div>\n    <\/div>\n<p>A C\u00e0nons Clinics, cl\u00edniques de\u00a0<b>Cirurgia i Medicina Est\u00e8tica<\/b>, t&#8217;oferim els\u00a0<b>tractaments despigmentants<\/b>\u00a0definitius per eliminar les\u00a0<b>taques i lentigens solars de la pell<\/b>. Un de les t\u00e8cniques amb m\u00e9s adeptes, pels seus m\u00faltiples avantatges, \u00e9s la del L\u00e0ser M\u00e8dic de Llum Premuda Intensa.<\/p>\n<p>Es tracta d&#8217;una de les ter\u00e0pies m\u00e9s efectives per\u00a0<b>eliminar les taques i lentigens solars<\/b>\u00a0de la zona facial, del coll i de l&#8217;escot, alhora que rejoveneix i il\u00b7lumina la zona.<\/p>\n<p>&nbsp;<\/p>\n<h2>En qu\u00e8 consisteix el L\u00e0ser M\u00e8dic per a l&#8217;eliminaci\u00f3 de taques?<\/h2>\n<p>En aquest tractament de <b>Medicina Est\u00e8tica Facial<\/b> actua una efica\u00e7 energia en forma de feix de llum premuda intensa que penetra en el nivell de la pell on es troba la melanina. D&#8217;aquesta manera, millora enormement el fotoenvelliment cutani i l&#8217;aspecte de les pells danyades a causa de l&#8217;exposici\u00f3 solar.<\/p>\n<p>&nbsp;<\/p>\n<h2>Per qu\u00e8 apareixen les taques solars a la pell?<\/h2>\n<p>. Exposici\u00f3 excessiva a les radiacions solars.<\/p>\n<p>. La gen\u00e8tica individual.<\/p>\n<p>. L&#8217;edat biol\u00f2gica.<\/p>\n<p>. Els canvis hormonals.<\/p>\n<p>. L&#8217;\u00fas de medicaments.<\/p>\n<p>. L&#8217;aplicaci\u00f3 de perfums o cosm\u00e8tics no adequats.<\/p>\n<h2><\/h2>\n<p>&nbsp;<\/p>\n<h2>Quins s\u00f3n els beneficis del L\u00e0ser M\u00e8dic per a l&#8217;eliminaci\u00f3 de taques a la pell?<\/h2>\n<p>. S&#8217;eliminaran les taques pigmentadas cut\u00e0nies i els lentigens solars.<\/p>\n<p>. Millorar\u00e0s visiblement la qualitat cut\u00e0nia de les zones tractades ja que aporta regeneraci\u00f3 cut\u00e0nia i lluminositat.<\/p>\n<p>. Aspecte rejovenit.<\/p>\n<h2><\/h2>\n<p>&nbsp;<\/p>\n<h2>En quins casos est\u00e0 indicat el tractament de medicina est\u00e8tica?<\/h2>\n<p>\u00c9s apte tant per a homes com per a dones que vulguin donar un aspecte m\u00e9s juvenil a la seva pell, eliminant les <b>taques i lentigens solars<\/b> que apareixen a la nostra pell, ja sigui per factors biol\u00f2gics com per l&#8217;exposici\u00f3 al sol.<\/p>\n<p>&nbsp;<\/p>\n<h2>Podr\u00e9 veure alguna simulaci\u00f3 en 3D abans del tractament despigmentant?<\/h2>\n<p>A les nostres <b>cl\u00edniques de Medicina Est\u00e8tica<\/b> C\u00e0nons Clinics oferim als nostres clients la possibilitat que vegin quins seran els resultats dels nostres <b>tractaments de bellesa <\/b>en 3-D amb el programa E-Stetix.<\/p>\n<p>Amb aquest sistema podr\u00e0s fer-te una idea, sempre aproximada, dels resultats, ja que intervenen gran varietat de factors.<\/p>\n<p>&nbsp;<\/p>\n<h2>Quantes sessins em faran falta?<\/h2>\n<p>Normalment s&#8217;aconsellen entre 2 i 3 sessions mensuals o bimensuals, depenent dels resultats desitjats.<\/p>\n<p>Posteriorment, et recomanarem una sessi\u00f3 anual de manteniment a nivell de prevenci\u00f3.<\/p>\n<p>&nbsp;<\/p>\n<h2>En quines \u00e8poques est\u00e0 m\u00e9s indicat el L\u00e0ser M\u00e8dic d&#8217;Eliminaci\u00f3 de Taques?<\/h2>\n<p>Pot realitzar-se en qualsevol \u00e8poca de l&#8217;any, sempre que es tingui especial precauci\u00f3 amb les radiacions solars, aplicant-te protectors solars amb pantalla total.<\/p>\n<p>&nbsp;<\/p>\n<h2>Qu\u00e8 et recomanarem abans de cada sessi\u00f3?<\/h2>\n<p>Dues setmanes abans de realitzar qualsevol <b>tractament despigmentant<\/b> has d&#8217;evitar exposar-te a les radiacions solars o bronzejar-te amb ultraviolades. Paral\u00b7lelament, haur\u00e0s de seguir les pautes recomanades pel teu metge pel que fa a productes despigmentants espec\u00edfics al teu tipo de pell.<\/p>\n<p>&nbsp;<\/p>\n<h2>Qu\u00e8 et recomanarem despr\u00e9s de cada sessi\u00f3?<\/h2>\n<p>Evita exposar-te a les radiacions solars o bronzejar-te amb ultraviolades, com a m\u00ednim, durant els primers 45 dies posteriors a la sessi\u00f3. Tamb\u00e9, haur\u00e0s de seguir un <b>tractament despigmentant<\/b> a casa i regeneradors epid\u00e8rmics.<\/p>\n<p>&nbsp;<\/p>\n<h2>Podr\u00e9 combinar-ho amb altres ter\u00e0pies facials?<\/h2>\n<p>Pot combinar-se amb qualsevol altre tractament de <b>Medicina Est\u00e8tica Facial<\/b>, sempre seguint les recomanacions pautades pels nostres metges.<\/p>\n<!-- AddThis Advanced Settings generic via filter on the_content --><!-- AddThis Share Buttons generic via filter on the_content -->","protected":false},"excerpt":{"rendered":"<p>A C\u00e0nons Clinics, cl\u00edniques de\u00a0Cirurgia i Medicina Est\u00e8tica, t&#8217;oferim els\u00a0tractaments despigmentants\u00a0definitius per eliminar les\u00a0taques i lentigens solars de la pell. Un de les t\u00e8cniques amb m\u00e9s adeptes, pels seus m\u00faltiples avantatges, \u00e9s la del L\u00e0ser M\u00e8dic de Llum Premuda Intensa. Es tracta d&#8217;una de les&#8230;<!-- AddThis Advanced Settings generic via filter on get_the_excerpt --><!-- AddThis Share Buttons generic via filter on get_the_excerpt --><\/p>\n","protected":false},"author":25,"featured_media":7150,"comment_status":"closed","ping_status":"closed","sticky":false,"template":"","format":"standard","meta":{"footnotes":""},"categories":[71,181],"tags":[],"class_list":["post-3774","post","type-post","status-publish","format-standard","has-post-thumbnail","hentry","category-general-2","category-medicina-estetica-facial-ca"],"yoast_head":"<!-- This site is optimized with the Yoast SEO Premium plugin v26.9 (Yoast SEO v27.4) - https:\/\/yoast.com\/product\/yoast-seo-premium-wordpress\/ -->\n<title>Eliminar taques a la cara i manchas en la cara i lent\u00edgens solars amb l\u00e0ser | Cl\u00ednica C\u00e0nons<\/title>\n<meta name=\"description\" content=\"Tractaments per eliminar taques a la cara i lent\u00edgens solars a les nostres cl\u00edniques de Barcelona, Granollers, Reus, Barber\u00e0 i Berga. \u27131\u00aa consulta gratu\u00efta\" \/>\n<meta name=\"robots\" content=\"index, follow, max-snippet:-1, max-image-preview:large, max-video-preview:-1\" \/>\n<link rel=\"canonical\" href=\"https:\/\/www.canons.es\/ca\/eliminacio-de-taques-i-lentigens-solars-amb-laser-medic\/\" \/>\n<meta property=\"og:locale\" content=\"ca_ES\" \/>\n<meta property=\"og:type\" content=\"article\" \/>\n<meta property=\"og:title\" content=\"Eliminaci\u00f3 de Taques i Lent\u00edgens Solars amb L\u00e0ser M\u00e8dic\" \/>\n<meta property=\"og:description\" content=\"Tractaments per eliminar taques a la cara i lent\u00edgens solars a les nostres cl\u00edniques de Barcelona, Granollers, Reus, Barber\u00e0 i Berga. \u27131\u00aa consulta gratu\u00efta\" \/>\n<meta property=\"og:url\" content=\"https:\/\/www.canons.es\/ca\/eliminacio-de-taques-i-lentigens-solars-amb-laser-medic\/\" \/>\n<meta property=\"og:site_name\" content=\"Cl\u00ednica C\u00e0nons | Cirurgia i Medicina Estetica a Barcelona, \u200b\u200bGranollers\" \/>\n<meta property=\"article:publisher\" content=\"https:\/\/www.facebook.com\/canonsclinics\/\" \/>\n<meta property=\"article:published_time\" content=\"2014-05-17T13:25:12+00:00\" \/>\n<meta name=\"author\" content=\"administrador\" \/>\n<meta name=\"twitter:card\" content=\"summary_large_image\" \/>\n<meta name=\"twitter:creator\" content=\"@canonsclinics\" \/>\n<meta name=\"twitter:site\" content=\"@canonsclinics\" \/>\n<meta name=\"twitter:label1\" content=\"Escrit per\" \/>\n\t<meta name=\"twitter:data1\" content=\"administrador\" \/>\n\t<meta name=\"twitter:label2\" content=\"Temps estimat de lectura\" \/>\n\t<meta name=\"twitter:data2\" content=\"3 minuts\" \/>\n<script type=\"application\/ld+json\" class=\"yoast-schema-graph\">{\"@context\":\"https:\\\/\\\/schema.org\",\"@graph\":[{\"@type\":\"Article\",\"@id\":\"https:\\\/\\\/www.canons.es\\\/ca\\\/eliminacio-de-taques-i-lentigens-solars-amb-laser-medic\\\/#article\",\"isPartOf\":{\"@id\":\"https:\\\/\\\/www.canons.es\\\/ca\\\/eliminacio-de-taques-i-lentigens-solars-amb-laser-medic\\\/\"},\"author\":{\"name\":\"administrador\",\"@id\":\"https:\\\/\\\/www.canons.es\\\/#\\\/schema\\\/person\\\/947d7b84e9c15475d0452e32f9d72fb7\"},\"headline\":\"Eliminaci\u00f3 de Taques i Lent\u00edgens Solars amb L\u00e0ser M\u00e8dic\",\"datePublished\":\"2014-05-17T13:25:12+00:00\",\"mainEntityOfPage\":{\"@id\":\"https:\\\/\\\/www.canons.es\\\/ca\\\/eliminacio-de-taques-i-lentigens-solars-amb-laser-medic\\\/\"},\"wordCount\":566,\"publisher\":{\"@id\":\"https:\\\/\\\/www.canons.es\\\/#organization\"},\"image\":{\"@id\":\"https:\\\/\\\/www.canons.es\\\/ca\\\/eliminacio-de-taques-i-lentigens-solars-amb-laser-medic\\\/#primaryimage\"},\"thumbnailUrl\":\"\",\"articleSection\":[\"General\",\"Medicina est\u00e8tica facial\"],\"inLanguage\":\"ca\"},{\"@type\":\"WebPage\",\"@id\":\"https:\\\/\\\/www.canons.es\\\/ca\\\/eliminacio-de-taques-i-lentigens-solars-amb-laser-medic\\\/\",\"url\":\"https:\\\/\\\/www.canons.es\\\/ca\\\/eliminacio-de-taques-i-lentigens-solars-amb-laser-medic\\\/\",\"name\":\"Eliminar taques a la cara i manchas en la cara i lent\u00edgens solars amb l\u00e0ser | Cl\u00ednica C\u00e0nons\",\"isPartOf\":{\"@id\":\"https:\\\/\\\/www.canons.es\\\/#website\"},\"primaryImageOfPage\":{\"@id\":\"https:\\\/\\\/www.canons.es\\\/ca\\\/eliminacio-de-taques-i-lentigens-solars-amb-laser-medic\\\/#primaryimage\"},\"image\":{\"@id\":\"https:\\\/\\\/www.canons.es\\\/ca\\\/eliminacio-de-taques-i-lentigens-solars-amb-laser-medic\\\/#primaryimage\"},\"thumbnailUrl\":\"\",\"datePublished\":\"2014-05-17T13:25:12+00:00\",\"description\":\"Tractaments per eliminar taques a la cara i lent\u00edgens solars a les nostres cl\u00edniques de Barcelona, Granollers, Reus, Barber\u00e0 i Berga. \u27131\u00aa consulta gratu\u00efta\",\"breadcrumb\":{\"@id\":\"https:\\\/\\\/www.canons.es\\\/ca\\\/eliminacio-de-taques-i-lentigens-solars-amb-laser-medic\\\/#breadcrumb\"},\"inLanguage\":\"ca\",\"potentialAction\":[{\"@type\":\"ReadAction\",\"target\":[\"https:\\\/\\\/www.canons.es\\\/ca\\\/eliminacio-de-taques-i-lentigens-solars-amb-laser-medic\\\/\"]}]},{\"@type\":\"ImageObject\",\"inLanguage\":\"ca\",\"@id\":\"https:\\\/\\\/www.canons.es\\\/ca\\\/eliminacio-de-taques-i-lentigens-solars-amb-laser-medic\\\/#primaryimage\",\"url\":\"\",\"contentUrl\":\"\"},{\"@type\":\"BreadcrumbList\",\"@id\":\"https:\\\/\\\/www.canons.es\\\/ca\\\/eliminacio-de-taques-i-lentigens-solars-amb-laser-medic\\\/#breadcrumb\",\"itemListElement\":[{\"@type\":\"ListItem\",\"position\":1,\"name\":\"Portada\",\"item\":\"https:\\\/\\\/www.canons.es\\\/ca\\\/\"},{\"@type\":\"ListItem\",\"position\":2,\"name\":\"Eliminaci\u00f3 de Taques i Lent\u00edgens Solars amb L\u00e0ser M\u00e8dic\"}]},{\"@type\":\"WebSite\",\"@id\":\"https:\\\/\\\/www.canons.es\\\/#website\",\"url\":\"https:\\\/\\\/www.canons.es\\\/\",\"name\":\"Cirug\u00eda Pl\u00e1stica y Est\u00e9tica Barcelona y Granollers | C\u00e0nons Clinics\",\"description\":\"\",\"publisher\":{\"@id\":\"https:\\\/\\\/www.canons.es\\\/#organization\"},\"potentialAction\":[{\"@type\":\"SearchAction\",\"target\":{\"@type\":\"EntryPoint\",\"urlTemplate\":\"https:\\\/\\\/www.canons.es\\\/?s={search_term_string}\"},\"query-input\":{\"@type\":\"PropertyValueSpecification\",\"valueRequired\":true,\"valueName\":\"search_term_string\"}}],\"inLanguage\":\"ca\"},{\"@type\":\"Organization\",\"@id\":\"https:\\\/\\\/www.canons.es\\\/#organization\",\"name\":\"Cirug\u00eda Pl\u00e1stica y Est\u00e9tica Barcelona y Granollers | C\u00e0nons Clinics\",\"url\":\"https:\\\/\\\/www.canons.es\\\/\",\"logo\":{\"@type\":\"ImageObject\",\"inLanguage\":\"ca\",\"@id\":\"https:\\\/\\\/www.canons.es\\\/#\\\/schema\\\/logo\\\/image\\\/\",\"url\":\"https:\\\/\\\/www.canons.es\\\/wp-content\\\/uploads\\\/2025\\\/04\\\/logo-canons-clinics.jpg\",\"contentUrl\":\"https:\\\/\\\/www.canons.es\\\/wp-content\\\/uploads\\\/2025\\\/04\\\/logo-canons-clinics.jpg\",\"width\":600,\"height\":139,\"caption\":\"Cirug\u00eda Pl\u00e1stica y Est\u00e9tica Barcelona y Granollers | C\u00e0nons Clinics\"},\"image\":{\"@id\":\"https:\\\/\\\/www.canons.es\\\/#\\\/schema\\\/logo\\\/image\\\/\"},\"sameAs\":[\"https:\\\/\\\/www.facebook.com\\\/canonsclinics\\\/\",\"https:\\\/\\\/x.com\\\/canonsclinics\",\"https:\\\/\\\/www.instagram.com\\\/canonsclinics\\\/\",\"https:\\\/\\\/www.youtube.com\\\/channel\\\/UCI1Ia6LjALyo1CuQ0_HwtfQ\",\"https:\\\/\\\/www.linkedin.com\\\/company\\\/canons-clinics\\\/\"]},{\"@type\":\"Person\",\"@id\":\"https:\\\/\\\/www.canons.es\\\/#\\\/schema\\\/person\\\/947d7b84e9c15475d0452e32f9d72fb7\",\"name\":\"administrador\"}]}<\/script>\n<!-- \/ Yoast SEO Premium plugin. -->","yoast_head_json":{"title":"Eliminar taques a la cara i manchas en la cara i lent\u00edgens solars amb l\u00e0ser | Cl\u00ednica C\u00e0nons","description":"Tractaments per eliminar taques a la cara i lent\u00edgens solars a les nostres cl\u00edniques de Barcelona, Granollers, Reus, Barber\u00e0 i Berga. \u27131\u00aa consulta gratu\u00efta","robots":{"index":"index","follow":"follow","max-snippet":"max-snippet:-1","max-image-preview":"max-image-preview:large","max-video-preview":"max-video-preview:-1"},"canonical":"https:\/\/www.canons.es\/ca\/eliminacio-de-taques-i-lentigens-solars-amb-laser-medic\/","og_locale":"ca_ES","og_type":"article","og_title":"Eliminaci\u00f3 de Taques i Lent\u00edgens Solars amb L\u00e0ser M\u00e8dic","og_description":"Tractaments per eliminar taques a la cara i lent\u00edgens solars a les nostres cl\u00edniques de Barcelona, Granollers, Reus, Barber\u00e0 i Berga. \u27131\u00aa consulta gratu\u00efta","og_url":"https:\/\/www.canons.es\/ca\/eliminacio-de-taques-i-lentigens-solars-amb-laser-medic\/","og_site_name":"Cl\u00ednica C\u00e0nons | Cirurgia i Medicina Estetica a Barcelona, \u200b\u200bGranollers","article_publisher":"https:\/\/www.facebook.com\/canonsclinics\/","article_published_time":"2014-05-17T13:25:12+00:00","author":"administrador","twitter_card":"summary_large_image","twitter_creator":"@canonsclinics","twitter_site":"@canonsclinics","twitter_misc":{"Escrit per":"administrador","Temps estimat de lectura":"3 minuts"},"schema":{"@context":"https:\/\/schema.org","@graph":[{"@type":"Article","@id":"https:\/\/www.canons.es\/ca\/eliminacio-de-taques-i-lentigens-solars-amb-laser-medic\/#article","isPartOf":{"@id":"https:\/\/www.canons.es\/ca\/eliminacio-de-taques-i-lentigens-solars-amb-laser-medic\/"},"author":{"name":"administrador","@id":"https:\/\/www.canons.es\/#\/schema\/person\/947d7b84e9c15475d0452e32f9d72fb7"},"headline":"Eliminaci\u00f3 de Taques i Lent\u00edgens Solars amb L\u00e0ser M\u00e8dic","datePublished":"2014-05-17T13:25:12+00:00","mainEntityOfPage":{"@id":"https:\/\/www.canons.es\/ca\/eliminacio-de-taques-i-lentigens-solars-amb-laser-medic\/"},"wordCount":566,"publisher":{"@id":"https:\/\/www.canons.es\/#organization"},"image":{"@id":"https:\/\/www.canons.es\/ca\/eliminacio-de-taques-i-lentigens-solars-amb-laser-medic\/#primaryimage"},"thumbnailUrl":"","articleSection":["General","Medicina est\u00e8tica facial"],"inLanguage":"ca"},{"@type":"WebPage","@id":"https:\/\/www.canons.es\/ca\/eliminacio-de-taques-i-lentigens-solars-amb-laser-medic\/","url":"https:\/\/www.canons.es\/ca\/eliminacio-de-taques-i-lentigens-solars-amb-laser-medic\/","name":"Eliminar taques a la cara i manchas en la cara i lent\u00edgens solars amb l\u00e0ser | Cl\u00ednica C\u00e0nons","isPartOf":{"@id":"https:\/\/www.canons.es\/#website"},"primaryImageOfPage":{"@id":"https:\/\/www.canons.es\/ca\/eliminacio-de-taques-i-lentigens-solars-amb-laser-medic\/#primaryimage"},"image":{"@id":"https:\/\/www.canons.es\/ca\/eliminacio-de-taques-i-lentigens-solars-amb-laser-medic\/#primaryimage"},"thumbnailUrl":"","datePublished":"2014-05-17T13:25:12+00:00","description":"Tractaments per eliminar taques a la cara i lent\u00edgens solars a les nostres cl\u00edniques de Barcelona, Granollers, Reus, Barber\u00e0 i Berga. \u27131\u00aa consulta gratu\u00efta","breadcrumb":{"@id":"https:\/\/www.canons.es\/ca\/eliminacio-de-taques-i-lentigens-solars-amb-laser-medic\/#breadcrumb"},"inLanguage":"ca","potentialAction":[{"@type":"ReadAction","target":["https:\/\/www.canons.es\/ca\/eliminacio-de-taques-i-lentigens-solars-amb-laser-medic\/"]}]},{"@type":"ImageObject","inLanguage":"ca","@id":"https:\/\/www.canons.es\/ca\/eliminacio-de-taques-i-lentigens-solars-amb-laser-medic\/#primaryimage","url":"","contentUrl":""},{"@type":"BreadcrumbList","@id":"https:\/\/www.canons.es\/ca\/eliminacio-de-taques-i-lentigens-solars-amb-laser-medic\/#breadcrumb","itemListElement":[{"@type":"ListItem","position":1,"name":"Portada","item":"https:\/\/www.canons.es\/ca\/"},{"@type":"ListItem","position":2,"name":"Eliminaci\u00f3 de Taques i Lent\u00edgens Solars amb L\u00e0ser M\u00e8dic"}]},{"@type":"WebSite","@id":"https:\/\/www.canons.es\/#website","url":"https:\/\/www.canons.es\/","name":"Cirug\u00eda Pl\u00e1stica y Est\u00e9tica Barcelona y Granollers | C\u00e0nons Clinics","description":"","publisher":{"@id":"https:\/\/www.canons.es\/#organization"},"potentialAction":[{"@type":"SearchAction","target":{"@type":"EntryPoint","urlTemplate":"https:\/\/www.canons.es\/?s={search_term_string}"},"query-input":{"@type":"PropertyValueSpecification","valueRequired":true,"valueName":"search_term_string"}}],"inLanguage":"ca"},{"@type":"Organization","@id":"https:\/\/www.canons.es\/#organization","name":"Cirug\u00eda Pl\u00e1stica y Est\u00e9tica Barcelona y Granollers | C\u00e0nons Clinics","url":"https:\/\/www.canons.es\/","logo":{"@type":"ImageObject","inLanguage":"ca","@id":"https:\/\/www.canons.es\/#\/schema\/logo\/image\/","url":"https:\/\/www.canons.es\/wp-content\/uploads\/2025\/04\/logo-canons-clinics.jpg","contentUrl":"https:\/\/www.canons.es\/wp-content\/uploads\/2025\/04\/logo-canons-clinics.jpg","width":600,"height":139,"caption":"Cirug\u00eda Pl\u00e1stica y Est\u00e9tica Barcelona y Granollers | C\u00e0nons Clinics"},"image":{"@id":"https:\/\/www.canons.es\/#\/schema\/logo\/image\/"},"sameAs":["https:\/\/www.facebook.com\/canonsclinics\/","https:\/\/x.com\/canonsclinics","https:\/\/www.instagram.com\/canonsclinics\/","https:\/\/www.youtube.com\/channel\/UCI1Ia6LjALyo1CuQ0_HwtfQ","https:\/\/www.linkedin.com\/company\/canons-clinics\/"]},{"@type":"Person","@id":"https:\/\/www.canons.es\/#\/schema\/person\/947d7b84e9c15475d0452e32f9d72fb7","name":"administrador"}]}},"_links":{"self":[{"href":"https:\/\/www.canons.es\/ca\/wp-json\/wp\/v2\/posts\/3774","targetHints":{"allow":["GET"]}}],"collection":[{"href":"https:\/\/www.canons.es\/ca\/wp-json\/wp\/v2\/posts"}],"about":[{"href":"https:\/\/www.canons.es\/ca\/wp-json\/wp\/v2\/types\/post"}],"author":[{"embeddable":true,"href":"https:\/\/www.canons.es\/ca\/wp-json\/wp\/v2\/users\/25"}],"replies":[{"embeddable":true,"href":"https:\/\/www.canons.es\/ca\/wp-json\/wp\/v2\/comments?post=3774"}],"version-history":[{"count":0,"href":"https:\/\/www.canons.es\/ca\/wp-json\/wp\/v2\/posts\/3774\/revisions"}],"wp:featuredmedia":[{"embeddable":true,"href":"https:\/\/www.canons.es\/ca\/wp-json\/"}],"wp:attachment":[{"href":"https:\/\/www.canons.es\/ca\/wp-json\/wp\/v2\/media?parent=3774"}],"wp:term":[{"taxonomy":"category","embeddable":true,"href":"https:\/\/www.canons.es\/ca\/wp-json\/wp\/v2\/categories?post=3774"},{"taxonomy":"post_tag","embeddable":true,"href":"https:\/\/www.canons.es\/ca\/wp-json\/wp\/v2\/tags?post=3774"}],"curies":[{"name":"wp","href":"https:\/\/api.w.org\/{rel}","templated":true}]}}