{"id":3752,"date":"2014-05-18T16:52:29","date_gmt":"2014-05-18T14:52:29","guid":{"rendered":"https:\/\/www.canons.es\/?p=3752"},"modified":"2014-05-18T16:52:29","modified_gmt":"2014-05-18T14:52:29","slug":"rejoveniment-facial-amb-laser-medic","status":"publish","type":"post","link":"https:\/\/www.canons.es\/ca\/rejoveniment-facial-amb-laser-medic\/","title":{"rendered":"Rejoveniment Facial amb L\u00e0ser"},"content":{"rendered":"\n\n<div class=\"kk-star-ratings kksr-auto kksr-align-left kksr-valign-top\"\n    data-payload='{&quot;align&quot;:&quot;left&quot;,&quot;id&quot;:&quot;3752&quot;,&quot;slug&quot;:&quot;default&quot;,&quot;valign&quot;:&quot;top&quot;,&quot;ignore&quot;:&quot;&quot;,&quot;reference&quot;:&quot;auto&quot;,&quot;class&quot;:&quot;&quot;,&quot;count&quot;:&quot;0&quot;,&quot;legendonly&quot;:&quot;&quot;,&quot;readonly&quot;:&quot;&quot;,&quot;score&quot;:&quot;0&quot;,&quot;starsonly&quot;:&quot;&quot;,&quot;best&quot;:&quot;5&quot;,&quot;gap&quot;:&quot;5&quot;,&quot;greet&quot;:&quot;Eval\u00faa este art\u00edculo&quot;,&quot;legend&quot;:&quot;0\\\/5 - (0 votes)&quot;,&quot;size&quot;:&quot;24&quot;,&quot;title&quot;:&quot;Rejoveniment Facial amb L\u00e0ser&quot;,&quot;width&quot;:&quot;0&quot;,&quot;_legend&quot;:&quot;{score}\\\/{best} - ({count} {votes})&quot;,&quot;font_factor&quot;:&quot;1.25&quot;}'>\n            \n<div class=\"kksr-stars\">\n    \n<div class=\"kksr-stars-inactive\">\n            <div class=\"kksr-star\" data-star=\"1\" style=\"padding-right: 5px\">\n            \n\n<div class=\"kksr-icon\" style=\"width: 24px; height: 24px;\"><\/div>\n        <\/div>\n            <div class=\"kksr-star\" data-star=\"2\" style=\"padding-right: 5px\">\n            \n\n<div class=\"kksr-icon\" style=\"width: 24px; height: 24px;\"><\/div>\n        <\/div>\n            <div class=\"kksr-star\" data-star=\"3\" style=\"padding-right: 5px\">\n            \n\n<div class=\"kksr-icon\" style=\"width: 24px; height: 24px;\"><\/div>\n        <\/div>\n            <div class=\"kksr-star\" data-star=\"4\" style=\"padding-right: 5px\">\n            \n\n<div class=\"kksr-icon\" style=\"width: 24px; height: 24px;\"><\/div>\n        <\/div>\n            <div class=\"kksr-star\" data-star=\"5\" style=\"padding-right: 5px\">\n            \n\n<div class=\"kksr-icon\" style=\"width: 24px; height: 24px;\"><\/div>\n        <\/div>\n    <\/div>\n    \n<div class=\"kksr-stars-active\" style=\"width: 0px;\">\n            <div class=\"kksr-star\" style=\"padding-right: 5px\">\n            \n\n<div class=\"kksr-icon\" style=\"width: 24px; height: 24px;\"><\/div>\n        <\/div>\n            <div class=\"kksr-star\" style=\"padding-right: 5px\">\n            \n\n<div class=\"kksr-icon\" style=\"width: 24px; height: 24px;\"><\/div>\n        <\/div>\n            <div class=\"kksr-star\" style=\"padding-right: 5px\">\n            \n\n<div class=\"kksr-icon\" style=\"width: 24px; height: 24px;\"><\/div>\n        <\/div>\n            <div class=\"kksr-star\" style=\"padding-right: 5px\">\n            \n\n<div class=\"kksr-icon\" style=\"width: 24px; height: 24px;\"><\/div>\n        <\/div>\n            <div class=\"kksr-star\" style=\"padding-right: 5px\">\n            \n\n<div class=\"kksr-icon\" style=\"width: 24px; height: 24px;\"><\/div>\n        <\/div>\n    <\/div>\n<\/div>\n                \n\n<div class=\"kksr-legend\" style=\"font-size: 19.2px;\">\n            <span class=\"kksr-muted\">Eval\u00faa este art\u00edculo<\/span>\n    <\/div>\n    <\/div>\n<p>A C\u00e0nons Clinics, cl\u00edniques de\u00a0<b>cirurgia i medicina est\u00e8tica<\/b>, estem especialitzats en tractaments de\u00a0<b>rejoveniment cutani<\/b>. El\u00a0<b>l\u00e0ser m\u00e8dic<\/b>\u00a0\u00e9s una de les t\u00e8cniques que est\u00e0 guanyant m\u00e9s adeptes. Els m\u00faltiples avantatges i els incre\u00efbles resultats de la llum premuda intensa han sedu\u00eft a centenars de clients que volen atenuar l&#8217;aparici\u00f3 dels senyals de l&#8217;edat.<\/p>\n<p>La ter\u00e0pia de\u00a0<b>medicina est\u00e8tica facial<\/b>\u00a0<b>amb l\u00e0ser m\u00e8dic<\/b>\u00a0\u00e9s una de les m\u00e9s freq\u00fcents, segures i efectives que actualment s&#8217;utilitzen pel rejoveniment de cara, coll i escot.<\/p>\n<p>&nbsp;<\/p>\n<h2>En qu\u00e8 consisteix el tractament de medicina est\u00e8tica?<\/h2>\n<p>Consisteix a aplicar una energia en forma de llum premuda sobre la pell. Aquesta penetra de forma intensa en les seves capes fins als nivells on es troba el col\u00b7l\u00e0gen i el teixit conjuntiu, reactivant la producci\u00f3 de col\u00b7l\u00e0gen i d&#8217;elastina.<\/p>\n<h2>Quins beneficis obtindr\u00e0s en realitzar-te un tractament de medicina est\u00e8tica?<\/h2>\n<ul>\n<li>Millorar\u00e0s la qualitat cut\u00e0nia per regeneraci\u00f3 epid\u00e8rmica.<\/li>\n<\/ul>\n<ul>\n<li>Es reafirmaran i remodelaran les zones tractades.<\/li>\n<\/ul>\n<ul>\n<li>Es suavitzar\u00e0 la profunditat de les arrugues.<\/li>\n<\/ul>\n<ul>\n<li>T&#8217;aportar\u00e0 uniformitat i lluminositat a la pell.<\/li>\n<\/ul>\n<ul>\n<li>Millorar\u00e0s l&#8217;elasticitat de la pell.<\/li>\n<\/ul>\n<ul>\n<li>Mitigaran les cicatrius produ\u00efdes per l&#8217;acn\u00e9 o lesions antigues.<\/li>\n<\/ul>\n<h2>En quins casos est\u00e0 indicat el rejoveniment amb l\u00e0ser m\u00e8dic?<\/h2>\n<p>Aquesta t\u00e8cnica de <b>medicina est\u00e8tica<\/b> \u00e9s apta tant per a homes com per a dones que vulguin donar un aspecte m\u00e9s jove a la seva pell.<\/p>\n<h2>Quantes sessions em faran falta?<\/h2>\n<p>Normalment s&#8217;aconsellen entre 2 i 3 sessions al llarg d&#8217;un any com a tractament de xoc. Segons els resultats obtinguts, el teu metge especialista en <b>medicina est\u00e8tica<\/b> et recomanar\u00e0 les sessions de manteniment que has de realitzar-te, en la majoria dels casos 1 anual.<\/p>\n<h2>La meva activitat di\u00e0ria es veur\u00e0 alterada?<\/h2>\n<p>Et permetr\u00e0 reprendre immediatament la teva activitat normal despr\u00e9s de cada sessi\u00f3 amb les cremes indicades i el maquillatge adequat. Si realitzes el tractament en \u00e8poques de calor, tingues especial precauci\u00f3 amb les radiacions solars, aplicant-te crema protectora solar amb pantalla total.<\/p>\n<h2>Qu\u00e8 et recomanem abans de cada sessi\u00f3?<\/h2>\n<p>Evitar exposar-te a les radiacions solars o bronzejar-te amb ultraviolades, com a minim, dues setmanes abans de cada sessi\u00f3. Paral\u00b7lelament, el teu metge especialista en <b>medicina est\u00e8tica<\/b> t&#8217;indicar\u00e0 els tractaments domiciliaris que has de seguir.<\/p>\n<h2>Qu\u00e8 et recomanem despr\u00e9s de cada sessi\u00f3?<\/h2>\n<p>Haur\u00e0s d&#8217;evitar exposar-te a les radiacions solars o bronzejar-te amb ultraviolades, com a m\u00ednim, durant els primers 45 dies despr\u00e9s de la sessi\u00f3. Paral\u00b7lelament, el teu metge especialista en <b>medicina est\u00e8tica<\/b> t&#8217;indicar\u00e0 les pautes espec\u00edfiques a seguir despr\u00e9s del tractament.<\/p>\n<h2>Podr\u00e9 combinar-ho amb altres ter\u00e0pies facials?<\/h2>\n<p>\u00c9s totalment compatible i combinable amb totes les ter\u00e0pies de <b>medicina est\u00e8tica<\/b> <b>facial<\/b> per aconseguir un aspecte m\u00e9s juvenil.<\/p>\n<!-- AddThis Advanced Settings generic via filter on the_content --><!-- AddThis Share Buttons generic via filter on the_content -->","protected":false},"excerpt":{"rendered":"<p>A C\u00e0nons Clinics, cl\u00edniques de\u00a0cirurgia i medicina est\u00e8tica, estem especialitzats en tractaments de\u00a0rejoveniment cutani. El\u00a0l\u00e0ser m\u00e8dic\u00a0\u00e9s una de les t\u00e8cniques que est\u00e0 guanyant m\u00e9s adeptes. Els m\u00faltiples avantatges i els incre\u00efbles resultats de la llum premuda intensa han sedu\u00eft a centenars de clients que volen&#8230;<!-- AddThis Advanced Settings generic via filter on get_the_excerpt --><!-- AddThis Share Buttons generic via filter on get_the_excerpt --><\/p>\n","protected":false},"author":25,"featured_media":7043,"comment_status":"closed","ping_status":"closed","sticky":false,"template":"","format":"standard","meta":{"footnotes":""},"categories":[71,181],"tags":[656,384],"class_list":["post-3752","post","type-post","status-publish","format-standard","has-post-thumbnail","hentry","category-general-2","category-medicina-estetica-facial-ca","tag-medicina-estetica-es-ca","tag-rejuvenecimiento-facial-ca"],"yoast_head":"<!-- This site is optimized with the Yoast SEO Premium plugin v26.9 (Yoast SEO v27.4) - https:\/\/yoast.com\/product\/yoast-seo-premium-wordpress\/ -->\n<title>Rejoveniment Facial amb L\u00e0ser | Cl\u00ednica medicina est\u00e8tica C\u00e0nons<\/title>\n<meta name=\"description\" content=\"Rejoveniment facial amb l\u00e0ser m\u00e8dic en els nostres centres de medicina est\u00e8tica de Barcelona, Granollers i Reus \u2713Truca&#039;ns al 938606060 i demana cita gratis\" \/>\n<meta name=\"robots\" content=\"index, follow, max-snippet:-1, max-image-preview:large, max-video-preview:-1\" \/>\n<link rel=\"canonical\" href=\"https:\/\/www.canons.es\/ca\/rejoveniment-facial-amb-laser-medic\/\" \/>\n<meta property=\"og:locale\" content=\"ca_ES\" \/>\n<meta property=\"og:type\" content=\"article\" \/>\n<meta property=\"og:title\" content=\"Rejoveniment Facial amb L\u00e0ser\" \/>\n<meta property=\"og:description\" content=\"Rejoveniment facial amb l\u00e0ser m\u00e8dic en els nostres centres de medicina est\u00e8tica de Barcelona, Granollers i Reus \u2713Truca&#039;ns al 938606060 i demana cita gratis\" \/>\n<meta property=\"og:url\" content=\"https:\/\/www.canons.es\/ca\/rejoveniment-facial-amb-laser-medic\/\" \/>\n<meta property=\"og:site_name\" content=\"Cl\u00ednica C\u00e0nons | Cirurgia i Medicina Estetica a Barcelona, \u200b\u200bGranollers\" \/>\n<meta property=\"article:publisher\" content=\"https:\/\/www.facebook.com\/canonsclinics\/\" \/>\n<meta property=\"article:published_time\" content=\"2014-05-18T14:52:29+00:00\" \/>\n<meta name=\"author\" content=\"administrador\" \/>\n<meta name=\"twitter:card\" content=\"summary_large_image\" \/>\n<meta name=\"twitter:creator\" content=\"@canonsclinics\" \/>\n<meta name=\"twitter:site\" content=\"@canonsclinics\" \/>\n<meta name=\"twitter:label1\" content=\"Escrit per\" \/>\n\t<meta name=\"twitter:data1\" content=\"administrador\" \/>\n\t<meta name=\"twitter:label2\" content=\"Temps estimat de lectura\" \/>\n\t<meta name=\"twitter:data2\" content=\"2 minuts\" \/>\n<script type=\"application\/ld+json\" class=\"yoast-schema-graph\">{\"@context\":\"https:\\\/\\\/schema.org\",\"@graph\":[{\"@type\":\"Article\",\"@id\":\"https:\\\/\\\/www.canons.es\\\/ca\\\/rejoveniment-facial-amb-laser-medic\\\/#article\",\"isPartOf\":{\"@id\":\"https:\\\/\\\/www.canons.es\\\/ca\\\/rejoveniment-facial-amb-laser-medic\\\/\"},\"author\":{\"name\":\"administrador\",\"@id\":\"https:\\\/\\\/www.canons.es\\\/#\\\/schema\\\/person\\\/947d7b84e9c15475d0452e32f9d72fb7\"},\"headline\":\"Rejoveniment Facial amb L\u00e0ser\",\"datePublished\":\"2014-05-18T14:52:29+00:00\",\"mainEntityOfPage\":{\"@id\":\"https:\\\/\\\/www.canons.es\\\/ca\\\/rejoveniment-facial-amb-laser-medic\\\/\"},\"wordCount\":484,\"publisher\":{\"@id\":\"https:\\\/\\\/www.canons.es\\\/#organization\"},\"image\":{\"@id\":\"https:\\\/\\\/www.canons.es\\\/ca\\\/rejoveniment-facial-amb-laser-medic\\\/#primaryimage\"},\"thumbnailUrl\":\"\",\"keywords\":[\"medicina est\u00e9tica @es\",\"rejuvenecimiento facial\"],\"articleSection\":[\"General\",\"Medicina est\u00e8tica facial\"],\"inLanguage\":\"ca\"},{\"@type\":\"WebPage\",\"@id\":\"https:\\\/\\\/www.canons.es\\\/ca\\\/rejoveniment-facial-amb-laser-medic\\\/\",\"url\":\"https:\\\/\\\/www.canons.es\\\/ca\\\/rejoveniment-facial-amb-laser-medic\\\/\",\"name\":\"Rejoveniment Facial amb L\u00e0ser | Cl\u00ednica medicina est\u00e8tica C\u00e0nons\",\"isPartOf\":{\"@id\":\"https:\\\/\\\/www.canons.es\\\/#website\"},\"primaryImageOfPage\":{\"@id\":\"https:\\\/\\\/www.canons.es\\\/ca\\\/rejoveniment-facial-amb-laser-medic\\\/#primaryimage\"},\"image\":{\"@id\":\"https:\\\/\\\/www.canons.es\\\/ca\\\/rejoveniment-facial-amb-laser-medic\\\/#primaryimage\"},\"thumbnailUrl\":\"\",\"datePublished\":\"2014-05-18T14:52:29+00:00\",\"description\":\"Rejoveniment facial amb l\u00e0ser m\u00e8dic en els nostres centres de medicina est\u00e8tica de Barcelona, Granollers i Reus \u2713Truca'ns al 938606060 i demana cita gratis\",\"breadcrumb\":{\"@id\":\"https:\\\/\\\/www.canons.es\\\/ca\\\/rejoveniment-facial-amb-laser-medic\\\/#breadcrumb\"},\"inLanguage\":\"ca\",\"potentialAction\":[{\"@type\":\"ReadAction\",\"target\":[\"https:\\\/\\\/www.canons.es\\\/ca\\\/rejoveniment-facial-amb-laser-medic\\\/\"]}]},{\"@type\":\"ImageObject\",\"inLanguage\":\"ca\",\"@id\":\"https:\\\/\\\/www.canons.es\\\/ca\\\/rejoveniment-facial-amb-laser-medic\\\/#primaryimage\",\"url\":\"\",\"contentUrl\":\"\"},{\"@type\":\"BreadcrumbList\",\"@id\":\"https:\\\/\\\/www.canons.es\\\/ca\\\/rejoveniment-facial-amb-laser-medic\\\/#breadcrumb\",\"itemListElement\":[{\"@type\":\"ListItem\",\"position\":1,\"name\":\"Portada\",\"item\":\"https:\\\/\\\/www.canons.es\\\/ca\\\/\"},{\"@type\":\"ListItem\",\"position\":2,\"name\":\"Rejoveniment Facial amb L\u00e0ser\"}]},{\"@type\":\"WebSite\",\"@id\":\"https:\\\/\\\/www.canons.es\\\/#website\",\"url\":\"https:\\\/\\\/www.canons.es\\\/\",\"name\":\"Cirug\u00eda Pl\u00e1stica y Est\u00e9tica Barcelona y Granollers | C\u00e0nons Clinics\",\"description\":\"\",\"publisher\":{\"@id\":\"https:\\\/\\\/www.canons.es\\\/#organization\"},\"potentialAction\":[{\"@type\":\"SearchAction\",\"target\":{\"@type\":\"EntryPoint\",\"urlTemplate\":\"https:\\\/\\\/www.canons.es\\\/?s={search_term_string}\"},\"query-input\":{\"@type\":\"PropertyValueSpecification\",\"valueRequired\":true,\"valueName\":\"search_term_string\"}}],\"inLanguage\":\"ca\"},{\"@type\":\"Organization\",\"@id\":\"https:\\\/\\\/www.canons.es\\\/#organization\",\"name\":\"Cirug\u00eda Pl\u00e1stica y Est\u00e9tica Barcelona y Granollers | C\u00e0nons Clinics\",\"url\":\"https:\\\/\\\/www.canons.es\\\/\",\"logo\":{\"@type\":\"ImageObject\",\"inLanguage\":\"ca\",\"@id\":\"https:\\\/\\\/www.canons.es\\\/#\\\/schema\\\/logo\\\/image\\\/\",\"url\":\"https:\\\/\\\/www.canons.es\\\/wp-content\\\/uploads\\\/2025\\\/04\\\/logo-canons-clinics.jpg\",\"contentUrl\":\"https:\\\/\\\/www.canons.es\\\/wp-content\\\/uploads\\\/2025\\\/04\\\/logo-canons-clinics.jpg\",\"width\":600,\"height\":139,\"caption\":\"Cirug\u00eda Pl\u00e1stica y Est\u00e9tica Barcelona y Granollers | C\u00e0nons Clinics\"},\"image\":{\"@id\":\"https:\\\/\\\/www.canons.es\\\/#\\\/schema\\\/logo\\\/image\\\/\"},\"sameAs\":[\"https:\\\/\\\/www.facebook.com\\\/canonsclinics\\\/\",\"https:\\\/\\\/x.com\\\/canonsclinics\",\"https:\\\/\\\/www.instagram.com\\\/canonsclinics\\\/\",\"https:\\\/\\\/www.youtube.com\\\/channel\\\/UCI1Ia6LjALyo1CuQ0_HwtfQ\",\"https:\\\/\\\/www.linkedin.com\\\/company\\\/canons-clinics\\\/\"]},{\"@type\":\"Person\",\"@id\":\"https:\\\/\\\/www.canons.es\\\/#\\\/schema\\\/person\\\/947d7b84e9c15475d0452e32f9d72fb7\",\"name\":\"administrador\"}]}<\/script>\n<!-- \/ Yoast SEO Premium plugin. -->","yoast_head_json":{"title":"Rejoveniment Facial amb L\u00e0ser | Cl\u00ednica medicina est\u00e8tica C\u00e0nons","description":"Rejoveniment facial amb l\u00e0ser m\u00e8dic en els nostres centres de medicina est\u00e8tica de Barcelona, Granollers i Reus \u2713Truca'ns al 938606060 i demana cita gratis","robots":{"index":"index","follow":"follow","max-snippet":"max-snippet:-1","max-image-preview":"max-image-preview:large","max-video-preview":"max-video-preview:-1"},"canonical":"https:\/\/www.canons.es\/ca\/rejoveniment-facial-amb-laser-medic\/","og_locale":"ca_ES","og_type":"article","og_title":"Rejoveniment Facial amb L\u00e0ser","og_description":"Rejoveniment facial amb l\u00e0ser m\u00e8dic en els nostres centres de medicina est\u00e8tica de Barcelona, Granollers i Reus \u2713Truca'ns al 938606060 i demana cita gratis","og_url":"https:\/\/www.canons.es\/ca\/rejoveniment-facial-amb-laser-medic\/","og_site_name":"Cl\u00ednica C\u00e0nons | Cirurgia i Medicina Estetica a Barcelona, \u200b\u200bGranollers","article_publisher":"https:\/\/www.facebook.com\/canonsclinics\/","article_published_time":"2014-05-18T14:52:29+00:00","author":"administrador","twitter_card":"summary_large_image","twitter_creator":"@canonsclinics","twitter_site":"@canonsclinics","twitter_misc":{"Escrit per":"administrador","Temps estimat de lectura":"2 minuts"},"schema":{"@context":"https:\/\/schema.org","@graph":[{"@type":"Article","@id":"https:\/\/www.canons.es\/ca\/rejoveniment-facial-amb-laser-medic\/#article","isPartOf":{"@id":"https:\/\/www.canons.es\/ca\/rejoveniment-facial-amb-laser-medic\/"},"author":{"name":"administrador","@id":"https:\/\/www.canons.es\/#\/schema\/person\/947d7b84e9c15475d0452e32f9d72fb7"},"headline":"Rejoveniment Facial amb L\u00e0ser","datePublished":"2014-05-18T14:52:29+00:00","mainEntityOfPage":{"@id":"https:\/\/www.canons.es\/ca\/rejoveniment-facial-amb-laser-medic\/"},"wordCount":484,"publisher":{"@id":"https:\/\/www.canons.es\/#organization"},"image":{"@id":"https:\/\/www.canons.es\/ca\/rejoveniment-facial-amb-laser-medic\/#primaryimage"},"thumbnailUrl":"","keywords":["medicina est\u00e9tica @es","rejuvenecimiento facial"],"articleSection":["General","Medicina est\u00e8tica facial"],"inLanguage":"ca"},{"@type":"WebPage","@id":"https:\/\/www.canons.es\/ca\/rejoveniment-facial-amb-laser-medic\/","url":"https:\/\/www.canons.es\/ca\/rejoveniment-facial-amb-laser-medic\/","name":"Rejoveniment Facial amb L\u00e0ser | Cl\u00ednica medicina est\u00e8tica C\u00e0nons","isPartOf":{"@id":"https:\/\/www.canons.es\/#website"},"primaryImageOfPage":{"@id":"https:\/\/www.canons.es\/ca\/rejoveniment-facial-amb-laser-medic\/#primaryimage"},"image":{"@id":"https:\/\/www.canons.es\/ca\/rejoveniment-facial-amb-laser-medic\/#primaryimage"},"thumbnailUrl":"","datePublished":"2014-05-18T14:52:29+00:00","description":"Rejoveniment facial amb l\u00e0ser m\u00e8dic en els nostres centres de medicina est\u00e8tica de Barcelona, Granollers i Reus \u2713Truca'ns al 938606060 i demana cita gratis","breadcrumb":{"@id":"https:\/\/www.canons.es\/ca\/rejoveniment-facial-amb-laser-medic\/#breadcrumb"},"inLanguage":"ca","potentialAction":[{"@type":"ReadAction","target":["https:\/\/www.canons.es\/ca\/rejoveniment-facial-amb-laser-medic\/"]}]},{"@type":"ImageObject","inLanguage":"ca","@id":"https:\/\/www.canons.es\/ca\/rejoveniment-facial-amb-laser-medic\/#primaryimage","url":"","contentUrl":""},{"@type":"BreadcrumbList","@id":"https:\/\/www.canons.es\/ca\/rejoveniment-facial-amb-laser-medic\/#breadcrumb","itemListElement":[{"@type":"ListItem","position":1,"name":"Portada","item":"https:\/\/www.canons.es\/ca\/"},{"@type":"ListItem","position":2,"name":"Rejoveniment Facial amb L\u00e0ser"}]},{"@type":"WebSite","@id":"https:\/\/www.canons.es\/#website","url":"https:\/\/www.canons.es\/","name":"Cirug\u00eda Pl\u00e1stica y Est\u00e9tica Barcelona y Granollers | C\u00e0nons Clinics","description":"","publisher":{"@id":"https:\/\/www.canons.es\/#organization"},"potentialAction":[{"@type":"SearchAction","target":{"@type":"EntryPoint","urlTemplate":"https:\/\/www.canons.es\/?s={search_term_string}"},"query-input":{"@type":"PropertyValueSpecification","valueRequired":true,"valueName":"search_term_string"}}],"inLanguage":"ca"},{"@type":"Organization","@id":"https:\/\/www.canons.es\/#organization","name":"Cirug\u00eda Pl\u00e1stica y Est\u00e9tica Barcelona y Granollers | C\u00e0nons Clinics","url":"https:\/\/www.canons.es\/","logo":{"@type":"ImageObject","inLanguage":"ca","@id":"https:\/\/www.canons.es\/#\/schema\/logo\/image\/","url":"https:\/\/www.canons.es\/wp-content\/uploads\/2025\/04\/logo-canons-clinics.jpg","contentUrl":"https:\/\/www.canons.es\/wp-content\/uploads\/2025\/04\/logo-canons-clinics.jpg","width":600,"height":139,"caption":"Cirug\u00eda Pl\u00e1stica y Est\u00e9tica Barcelona y Granollers | C\u00e0nons Clinics"},"image":{"@id":"https:\/\/www.canons.es\/#\/schema\/logo\/image\/"},"sameAs":["https:\/\/www.facebook.com\/canonsclinics\/","https:\/\/x.com\/canonsclinics","https:\/\/www.instagram.com\/canonsclinics\/","https:\/\/www.youtube.com\/channel\/UCI1Ia6LjALyo1CuQ0_HwtfQ","https:\/\/www.linkedin.com\/company\/canons-clinics\/"]},{"@type":"Person","@id":"https:\/\/www.canons.es\/#\/schema\/person\/947d7b84e9c15475d0452e32f9d72fb7","name":"administrador"}]}},"_links":{"self":[{"href":"https:\/\/www.canons.es\/ca\/wp-json\/wp\/v2\/posts\/3752","targetHints":{"allow":["GET"]}}],"collection":[{"href":"https:\/\/www.canons.es\/ca\/wp-json\/wp\/v2\/posts"}],"about":[{"href":"https:\/\/www.canons.es\/ca\/wp-json\/wp\/v2\/types\/post"}],"author":[{"embeddable":true,"href":"https:\/\/www.canons.es\/ca\/wp-json\/wp\/v2\/users\/25"}],"replies":[{"embeddable":true,"href":"https:\/\/www.canons.es\/ca\/wp-json\/wp\/v2\/comments?post=3752"}],"version-history":[{"count":0,"href":"https:\/\/www.canons.es\/ca\/wp-json\/wp\/v2\/posts\/3752\/revisions"}],"wp:featuredmedia":[{"embeddable":true,"href":"https:\/\/www.canons.es\/ca\/wp-json\/"}],"wp:attachment":[{"href":"https:\/\/www.canons.es\/ca\/wp-json\/wp\/v2\/media?parent=3752"}],"wp:term":[{"taxonomy":"category","embeddable":true,"href":"https:\/\/www.canons.es\/ca\/wp-json\/wp\/v2\/categories?post=3752"},{"taxonomy":"post_tag","embeddable":true,"href":"https:\/\/www.canons.es\/ca\/wp-json\/wp\/v2\/tags?post=3752"}],"curies":[{"name":"wp","href":"https:\/\/api.w.org\/{rel}","templated":true}]}}