{"id":22123,"date":"2026-01-27T17:26:05","date_gmt":"2026-01-27T15:26:05","guid":{"rendered":"https:\/\/www.canons.es\/que-es-hydrafacial-i-quins-5-beneficis-te-mes-enlla-del-marqueting\/"},"modified":"2026-02-17T23:09:54","modified_gmt":"2026-02-17T21:09:54","slug":"hydrafacial-que-es-i-beneficis","status":"publish","type":"post","link":"https:\/\/www.canons.es\/ca\/hydrafacial-que-es-i-beneficis\/","title":{"rendered":"Qu\u00e8 \u00e9s Hydrafacial i quins 5 beneficis t\u00e9 m\u00e9s enll\u00e0 del m\u00e0rqueting"},"content":{"rendered":"<div class=\"wpb-content-wrapper\">\n\n<div class=\"kk-star-ratings kksr-auto kksr-align-left kksr-valign-top\"\n    data-payload='{&quot;align&quot;:&quot;left&quot;,&quot;id&quot;:&quot;22123&quot;,&quot;slug&quot;:&quot;default&quot;,&quot;valign&quot;:&quot;top&quot;,&quot;ignore&quot;:&quot;&quot;,&quot;reference&quot;:&quot;auto&quot;,&quot;class&quot;:&quot;&quot;,&quot;count&quot;:&quot;1&quot;,&quot;legendonly&quot;:&quot;&quot;,&quot;readonly&quot;:&quot;&quot;,&quot;score&quot;:&quot;5&quot;,&quot;starsonly&quot;:&quot;&quot;,&quot;best&quot;:&quot;5&quot;,&quot;gap&quot;:&quot;5&quot;,&quot;greet&quot;:&quot;Eval\u00faa este art\u00edculo&quot;,&quot;legend&quot;:&quot;5\\\/5 - (1 vote)&quot;,&quot;size&quot;:&quot;24&quot;,&quot;title&quot;:&quot;Qu\u00e8 \u00e9s Hydrafacial i quins 5 beneficis t\u00e9 m\u00e9s enll\u00e0 del m\u00e0rqueting&quot;,&quot;width&quot;:&quot;142.5&quot;,&quot;_legend&quot;:&quot;{score}\\\/{best} - ({count} {votes})&quot;,&quot;font_factor&quot;:&quot;1.25&quot;}'>\n            \n<div class=\"kksr-stars\">\n    \n<div class=\"kksr-stars-inactive\">\n            <div class=\"kksr-star\" data-star=\"1\" style=\"padding-right: 5px\">\n            \n\n<div class=\"kksr-icon\" style=\"width: 24px; height: 24px;\"><\/div>\n        <\/div>\n            <div class=\"kksr-star\" data-star=\"2\" style=\"padding-right: 5px\">\n            \n\n<div class=\"kksr-icon\" style=\"width: 24px; height: 24px;\"><\/div>\n        <\/div>\n            <div class=\"kksr-star\" data-star=\"3\" style=\"padding-right: 5px\">\n            \n\n<div class=\"kksr-icon\" style=\"width: 24px; height: 24px;\"><\/div>\n        <\/div>\n            <div class=\"kksr-star\" data-star=\"4\" style=\"padding-right: 5px\">\n            \n\n<div class=\"kksr-icon\" style=\"width: 24px; height: 24px;\"><\/div>\n        <\/div>\n            <div class=\"kksr-star\" data-star=\"5\" style=\"padding-right: 5px\">\n            \n\n<div class=\"kksr-icon\" style=\"width: 24px; height: 24px;\"><\/div>\n        <\/div>\n    <\/div>\n    \n<div class=\"kksr-stars-active\" style=\"width: 142.5px;\">\n            <div class=\"kksr-star\" style=\"padding-right: 5px\">\n            \n\n<div class=\"kksr-icon\" style=\"width: 24px; height: 24px;\"><\/div>\n        <\/div>\n            <div class=\"kksr-star\" style=\"padding-right: 5px\">\n            \n\n<div class=\"kksr-icon\" style=\"width: 24px; height: 24px;\"><\/div>\n        <\/div>\n            <div class=\"kksr-star\" style=\"padding-right: 5px\">\n            \n\n<div class=\"kksr-icon\" style=\"width: 24px; height: 24px;\"><\/div>\n        <\/div>\n            <div class=\"kksr-star\" style=\"padding-right: 5px\">\n            \n\n<div class=\"kksr-icon\" style=\"width: 24px; height: 24px;\"><\/div>\n        <\/div>\n            <div class=\"kksr-star\" style=\"padding-right: 5px\">\n            \n\n<div class=\"kksr-icon\" style=\"width: 24px; height: 24px;\"><\/div>\n        <\/div>\n    <\/div>\n<\/div>\n                \n\n<div class=\"kksr-legend\" style=\"font-size: 19.2px;\">\n            5\/5 - (1 vote)    <\/div>\n    <\/div>\n<p>[vc_row css_animation=&#8221;&#8221; row_type=&#8221;row&#8221; use_row_as_full_screen_section=&#8221;no&#8221; type=&#8221;full_width&#8221; angled_section=&#8221;no&#8221; text_align=&#8221;left&#8221; background_image_as_pattern=&#8221;without_pattern&#8221; css=&#8221;.vc_custom_1744457209194{padding-bottom: 36px !important;}&#8221; z_index=&#8221;&#8221;][vc_column][vc_column_text css=&#8221;&#8221;]<span style=\"font-weight: 400;\">Quan un tractament esdev\u00e9 popular, \u00e9s inevitable preguntar-se si tot el que se&#8217;n diu correspon amb la realitat. \u00c9s el cas de <\/span><b>Hydrafacial<\/b><span style=\"font-weight: 400;\">, el qual s\u00ed que \u00e9s veritat que ens ho demana molta gent a C\u00e0nons Clinics. M\u00e0rqueting i exageracions de banda, t&#8217;explico en qu\u00e8 consisteix, els seus beneficis i qu\u00e8 esperar si t&#8217;ho est\u00e0s plantejant.<\/span>[\/vc_column_text][\/vc_column][\/vc_row][vc_row css_animation=&#8221;&#8221; row_type=&#8221;row&#8221; use_row_as_full_screen_section=&#8221;no&#8221; type=&#8221;full_width&#8221; angled_section=&#8221;no&#8221; text_align=&#8221;left&#8221; background_image_as_pattern=&#8221;without_pattern&#8221; z_index=&#8221;&#8221;][vc_column css=&#8221;.vc_custom_1742996790970{padding-top: 0px !important;padding-bottom: 0px !important;}&#8221;][vc_column_text css=&#8221;.vc_custom_1744457245395{margin-bottom: 14px !important;}&#8221;]<div id=\"ez-toc-container\" class=\"ez-toc-v2_0_82_2 counter-hierarchy ez-toc-counter ez-toc-custom ez-toc-container-direction\">\n<div class=\"ez-toc-title-container\">\n<span class=\"ez-toc-title-toggle\"><\/span><\/div>\n<nav><ul class='ez-toc-list ez-toc-list-level-1 ' ><li class='ez-toc-page-1 ez-toc-heading-level-2'><a class=\"ez-toc-link ez-toc-heading-1\" href=\"https:\/\/www.canons.es\/ca\/hydrafacial-que-es-i-beneficis\/#que-es-hydrafacial-i-els-seus-5-beneficis-principals\" >Qu\u00e8 \u00e9s Hydrafacial i els seus 5 beneficis principals<\/a><\/li><li class='ez-toc-page-1 ez-toc-heading-level-2'><a class=\"ez-toc-link ez-toc-heading-2\" href=\"https:\/\/www.canons.es\/ca\/hydrafacial-que-es-i-beneficis\/#indicacions-i-contraindicacions-de-hydrafacial\" >Indicacions i contraindicacions de Hydrafacial<\/a><ul class='ez-toc-list-level-3' ><li class='ez-toc-heading-level-3'><a class=\"ez-toc-link ez-toc-heading-3\" href=\"https:\/\/www.canons.es\/ca\/hydrafacial-que-es-i-beneficis\/#en-quins-casos-es-recomana\" >En quins casos es recomana<\/a><\/li><li class='ez-toc-page-1 ez-toc-heading-level-3'><a class=\"ez-toc-link ez-toc-heading-4\" href=\"https:\/\/www.canons.es\/ca\/hydrafacial-que-es-i-beneficis\/#hydrafacial-es-per-a-tots-desmitificant-una-idea-falsa\" >Hydrafacial \u00e9s per a tots? Desmitificant una idea falsa<\/a><\/li><li class='ez-toc-page-1 ez-toc-heading-level-3'><a class=\"ez-toc-link ez-toc-heading-5\" href=\"https:\/\/www.canons.es\/ca\/hydrafacial-que-es-i-beneficis\/#sha-devitar-o-posposar-davant-de-condicions-molt-concretes\" >S&#8217;ha d&#8217;evitar o posposar davant de condicions molt concretes<\/a><\/li><\/ul><\/li><li class='ez-toc-page-1 ez-toc-heading-level-2'><a class=\"ez-toc-link ez-toc-heading-6\" href=\"https:\/\/www.canons.es\/ca\/hydrafacial-que-es-i-beneficis\/#com-funciona-hydrafacial-i-que-pots-esperar\" >Com funciona Hydrafacial i qu\u00e8 pots esperar<\/a><ul class='ez-toc-list-level-3' ><li class='ez-toc-heading-level-3'><a class=\"ez-toc-link ez-toc-heading-7\" href=\"https:\/\/www.canons.es\/ca\/hydrafacial-que-es-i-beneficis\/#un-protocol-per-resetejar-la-pell-en-7-passos\" >Un protocol per resetejar la pell en 7 passos<\/a><\/li><li class='ez-toc-page-1 ez-toc-heading-level-3'><a class=\"ez-toc-link ez-toc-heading-8\" href=\"https:\/\/www.canons.es\/ca\/hydrafacial-que-es-i-beneficis\/#res-de-dolor-ni-efectes-secundaris-aparatosos\" >Res de dolor ni efectes secundaris aparatosos<\/a><\/li><li class='ez-toc-page-1 ez-toc-heading-level-3'><a class=\"ez-toc-link ez-toc-heading-9\" href=\"https:\/\/www.canons.es\/ca\/hydrafacial-que-es-i-beneficis\/#el-tractament-sadapta-a-tu-no-a-linreves\" >El tractament s&#8217;adapta a tu, no a l&#8217;inrev\u00e9s<\/a><\/li><li class='ez-toc-page-1 ez-toc-heading-level-3'><a class=\"ez-toc-link ez-toc-heading-10\" href=\"https:\/\/www.canons.es\/ca\/hydrafacial-que-es-i-beneficis\/#resultats-quan-es-veuen-manteniment-i-limits\" >Resultats: quan es veuen, manteniment i l\u00edmits<\/a><\/li><\/ul><\/li><li class='ez-toc-page-1 ez-toc-heading-level-2'><a class=\"ez-toc-link ez-toc-heading-11\" href=\"https:\/\/www.canons.es\/ca\/hydrafacial-que-es-i-beneficis\/#si-testas-plantejant-un-hydrafacial%e2%80%a6\" >Si t&#8217;est\u00e0s plantejant un Hydrafacial\u2026<\/a><\/li><li class='ez-toc-page-1 ez-toc-heading-level-2'><a class=\"ez-toc-link ez-toc-heading-12\" href=\"https:\/\/www.canons.es\/ca\/hydrafacial-que-es-i-beneficis\/#referencies\" >Refer\u00e8ncies<\/a><\/li><\/ul><\/nav><\/div>\n[\/vc_column_text][\/vc_column][\/vc_row][vc_row css_animation=&#8221;&#8221; row_type=&#8221;row&#8221; use_row_as_full_screen_section=&#8221;no&#8221; type=&#8221;full_width&#8221; angled_section=&#8221;no&#8221; text_align=&#8221;left&#8221; background_image_as_pattern=&#8221;without_pattern&#8221; css=&#8221;.vc_custom_1769457158229{padding-top: 50px !important;padding-bottom: 0px !important;}&#8221; z_index=&#8221;&#8221;][vc_column css=&#8221;.vc_custom_1750158356270{padding-top: 0px !important;padding-bottom: 0px !important;}&#8221;][vc_column_text css=&#8221;.vc_custom_1769455363495{padding-bottom: 16px !important;}&#8221;]<\/p>\n<h2><span class=\"ez-toc-section\" id=\"que-es-hydrafacial-i-els-seus-5-beneficis-principals\"><\/span><span style=\"color: #0b4f99;\"><b>Qu\u00e8 \u00e9s Hydrafacial i els seus 5 beneficis principals<br \/>\n<\/b><\/span><span class=\"ez-toc-section-end\"><\/span><\/h2>\n<p>[\/vc_column_text][vc_column_text css=&#8221;.vc_custom_1769455273994{padding-bottom: 16px !important;}&#8221;]<span style=\"font-weight: 400;\">Moltes vegades a consulta hi ha el dubte de qu\u00e8 \u00e9s exactament Hydrafacial.\u00a0<\/span><\/p>\n<p><span style=\"font-weight: 400;\">Primer aclarir que <\/span><b>\u00abHydrafacial\u00bb \u00e9s una marca registrada<\/b><span style=\"font-weight: 400;\">. Potser veieu versions m\u00e9s econ\u00f2miques que es venen com si fossin el mateix i no. No ho s\u00f3n. Sobretot pel que fa als resultats.<\/span><\/p>\n<p><span style=\"font-weight: 400;\">Aqu\u00ed et parlar\u00e9 del dispositiu professional original.<\/span><\/p>\n<p><span style=\"font-weight: 400;\">En ess\u00e8ncia \u00e9s una <\/span><b>tecnologia no invasiva d&#8217;hidrodermoabrasi\u00f3 per a la neteja, exfoliaci\u00f3 i hidrataci\u00f3 de la pell<\/b><span style=\"font-weight: 400;\">. Un procediment de <\/span><a href=\"https:\/\/www.canons.es\/ca\/facial-estetica-avanzada\/\"><span style=\"font-weight: 400;\">est\u00e8tica avan\u00e7ada<\/span><\/a><span style=\"font-weight: 400;\"> que actua a nivell de l&#8217;epidermis i dermis superficial.<\/span><\/p>\n<p><span style=\"font-weight: 400;\">Com acostumo a dir: es troba entre aplicar alta dermocosm\u00e8tica i un tractament medicoest\u00e8tic. Concepte de <\/span><b>medicina i wellness alhora<\/b><span style=\"font-weight: 400;\">: efic\u00e0cia i seguretat m\u00e8dica en una experi\u00e8ncia agradable orientada a la cura global.<\/span><\/p>\n<p><span style=\"font-weight: 400;\">T\u00e9 5 grans beneficis:<\/span><\/p>\n<ul>\n<li style=\"list-style-type: none;\">\n<ul>\n<li style=\"font-weight: 400;\" aria-level=\"1\"><b>Neteja i renova en profunditat sense dolor<\/b><span style=\"font-weight: 400;\">. Elimina aquestes c\u00e8l\u00b7lules mortes, impureses i greix en exc\u00e9s que es van acumulant. \u00c9s for\u00e7a menys agressiu que t\u00e8cniques de microdermoabrasi\u00f3 com la punta de diamant.<\/span><\/li>\n<li style=\"font-weight: 400;\" aria-level=\"1\"><b>Efecte flaix immediat i hidrataci\u00f3 intensa<\/b><span style=\"font-weight: 400;\">. Il\u00b7lumina, nodreix i hidrata, deixant un aspecte radiant, fresc i suc\u00f3s ja a la primera sessi\u00f3. El fam\u00f3s \u201cglow\u201d de qu\u00e8 parlen molts pacients i pel qual solen repetir.<\/span><\/li>\n<li style=\"font-weight: 400;\" aria-level=\"1\"><b>Millora la textura, qualitat i salut cut\u00e0nia<\/b><span style=\"font-weight: 400;\">. Suavitza, unifica el to i redueix porus, barbs, vermellors, taques, punts negres i altres imperfeccions. A banda mant\u00e9 en bon estat la pell, afavorint la seva capacitat de barrera.<\/span><\/li>\n<li style=\"font-weight: 400;\" aria-level=\"1\"><b>Atenua signes de l&#8217;edat<\/b><span style=\"font-weight: 400;\">. Hydrafacial millora l\u00ednies d&#8217;expressi\u00f3, arrugues i flacciditat. No \u00e9s com una cirurgia, \u00e9s clar, per\u00f2 s\u00ed que ajuda a reafirmar i difuminar l&#8217;empremta del temps. El rostre es veu m\u00e9s turgent, el\u00e0stic i ferm. Juvenil.<\/span><\/li>\n<li style=\"font-weight: 400;\" aria-level=\"1\"><b>Revitalitza els cabells<\/b><span>. Aplicat sobre el cuir cabellut retira la brut\u00edcia, millora la circulaci\u00f3 i hidrata el fol\u00b7licle capil\u00b7lar. Contribueix a un p\u00e8l m\u00e9s dens, fort i saludable.<\/span><\/li>\n<\/ul>\n<p><\/li>\n<p><\/ul>\n<p>[\/vc_column_text][vc_column_text css=&#8221;.vc_custom_1769457972217{padding-top: 20px !important;padding-bottom: 16px !important;}&#8221;]<\/p>\n<h2><span class=\"ez-toc-section\" id=\"indicacions-i-contraindicacions-de-hydrafacial\"><\/span><span style=\"color: #0b4f99;\"><b>Indicacions i contraindicacions de Hydrafacial<br \/>\n<\/b><\/span><span class=\"ez-toc-section-end\"><\/span><\/h2>\n<p>[\/vc_column_text][vc_column_text css=&#8221;.vc_custom_1769455546383{padding-bottom: 16px !important;}&#8221;]<\/p>\n<h3 style=\"margin-top: 20px; margin-bottom: 20px;\"><span class=\"ez-toc-section\" id=\"en-quins-casos-es-recomana\"><\/span><span style=\"color: #3498db;\"><b>En quins casos es recomana<br \/>\n<\/b><\/span><span class=\"ez-toc-section-end\"><\/span><\/h3>\n<p>[\/vc_column_text][vc_column_text css=&#8221;.vc_custom_1769457168357{padding-bottom: 0px !important;}&#8221;]<span style=\"font-weight: 400;\">T&#8217;agrada la moda?<\/span><\/p>\n<p><span style=\"font-weight: 400;\">Hi ha peces b\u00e0siques que combinen pr\u00e0cticament amb tot i que milloren qualsevol look. Una samarreta blanca, uns pantalons texans, un vestit negre\u2026<\/span><\/p>\n<p><span style=\"font-weight: 400;\">Hydrafacial va en aquesta l\u00ednia en el sentit que gaireb\u00e9 qualsevol pot beneficiar-se&#8217;n. T\u00e9 <\/span><b>innombrables indicacions a nivell facial, corporal i capil\u00b7lar<\/b><span style=\"font-weight: 400;\">.<\/span><\/p>\n<p><span style=\"font-weight: 400;\">\u00c9s molt vers\u00e0til i despr\u00e9s entendr\u00e0s per qu\u00e8.<\/span><\/p>\n<p><span style=\"font-weight: 400;\">A Cl\u00edniques Canons normalment recomanem:<\/span><\/p>\n<ul>\n<li style=\"list-style-type: none;\">\n<ul>\n<li style=\"font-weight: 400;\" aria-level=\"1\"><b>Com a base o refor\u00e7 d&#8217;altres tractaments o rutines <\/b><span style=\"font-weight: 400;\">per potenciar resultats. \u00c9s ideal per preparar la pell abans de qualsevol procediment m\u00e8dico-est\u00e8tic o per mantenir els efectes de manera m\u00e9s efica\u00e7 i duradora.\u00a0<\/span><\/li>\n<li style=\"font-weight: 400;\" aria-level=\"1\"><b>Per anar radiant a esdeveniments especials tot l&#8217;any (\u201cglow-up\u201d)<\/b><span style=\"font-weight: 400;\">. Noces, graduacions, entrevistes, festes nadalenques i altres cites importants. Persones que volen assistir amb la millor cara i sentint-se fenomenal.<\/span><\/li>\n<li style=\"font-weight: 400;\" aria-level=\"1\"><b>Per conservar la bellesa i la salut cut\u00e0nia a l&#8217;estiu<\/b><span style=\"font-weight: 400;\">. O recuperar-la despr\u00e9s de les vacances. L&#8217;exposici\u00f3 solar, la calor i la suor provoquen danys diferents. Deshidrataci\u00f3, vermellors, fotoenvelliment\u2026 Hydrafacial ho combat.<\/span><\/li>\n<li style=\"font-weight: 400;\" aria-level=\"1\"><b>Per preservar o tractar tota mena de pells, incloses les m\u00e9s sensibles<\/b><span style=\"font-weight: 400;\">, tant joves com madures. Homes o dones que desitgen tenir-ne cura, millorar arrugues, punts negres, etc. Molt aconsellable si la tens seca i apagada.<\/span><\/li>\n<li style=\"font-weight: 400;\" aria-level=\"1\"><b>Per a acn\u00e9 lleu-moderat o pell propensa al acne<\/b><span style=\"font-weight: 400;\">.Desobstrueix els porus, controla la producci\u00f3 de s\u00e8u i ajuda a prevenir brots, amb el benefici emocional que aix\u00f2 implica. Major autoestima, confian\u00e7a, etc.<\/span><\/li>\n<li style=\"font-weight: 400;\" aria-level=\"1\"><b>Per enfortir i densificar els cabells febles<\/b><span style=\"font-weight: 400;\">. Va molt b\u00e9 per exemple al costat dels <\/span><a href=\"https:\/\/www.canons.es\/ca\/tractament-capil%c2%b7lar-exosomes-que-fa-resultats\/\"><span style=\"font-weight: 400;\">exosomes capil\u00b7lars<\/span><\/a><span style=\"font-weight: 400;\"> per potenciar la regeneraci\u00f3 dels cabells. Ho indiquem abans de qualsevol tractament si veiem alteracions al cuir cabellut.\u00a0<\/span><\/li>\n<li style=\"font-weight: 400;\" aria-level=\"1\"><b>Per millorar l&#8217;est\u00e8tica labial<\/b><span style=\"font-weight: 400;\">. T\u00e9 una modalitat de llavis (perles) amb efecte volum que va molt b\u00e9 com a alternativa als farcits habituals. Al seg\u00fcent v\u00eddeo et mostro m\u00e9s.<\/span><\/li>\n<\/ul>\n<p><\/li>\n<p><\/ul>\n<p>[\/vc_column_text][\/vc_column][\/vc_row][vc_row css_animation=&#8221;&#8221; row_type=&#8221;row&#8221; use_row_as_full_screen_section=&#8221;no&#8221; type=&#8221;full_width&#8221; angled_section=&#8221;no&#8221; text_align=&#8221;left&#8221; background_image_as_pattern=&#8221;without_pattern&#8221; z_index=&#8221;&#8221; css=&#8221;.vc_custom_1769457494446{padding-top: 80px !important;}&#8221;][vc_column css=&#8221;.vc_custom_1769457127700{border-top-width: 0px !important;border-bottom-width: 0px !important;padding-top: 0px !important;padding-bottom: 0px !important;}&#8221; offset=&#8221;vc_hidden-xs&#8221;][vc_video link=&#8221;https:\/\/www.youtube.com\/shorts\/_CKVckKZCfc&#8221; el_width=&#8221;50&#8243; el_aspect=&#8221;916&#8243; align=&#8221;center&#8221; css=&#8221;.vc_custom_1769456203099{margin-bottom: 0px !important;}&#8221;][vc_empty_space height=&#8221;70px&#8221;][\/vc_column][\/vc_row][vc_row css_animation=&#8221;&#8221; row_type=&#8221;row&#8221; use_row_as_full_screen_section=&#8221;no&#8221; type=&#8221;full_width&#8221; angled_section=&#8221;no&#8221; text_align=&#8221;left&#8221; background_image_as_pattern=&#8221;without_pattern&#8221; z_index=&#8221;&#8221; css=&#8221;.vc_custom_1769458007038{margin-top: 0px !important;}&#8221;][vc_column css=&#8221;.vc_custom_1769457258745{padding-top: 0px !important;padding-bottom: 0px !important;}&#8221; offset=&#8221;vc_hidden-lg vc_hidden-md vc_hidden-sm&#8221;][vc_video link=&#8221;https:\/\/www.youtube.com\/shorts\/_CKVckKZCfc&#8221; el_aspect=&#8221;916&#8243; align=&#8221;center&#8221; css=&#8221;.vc_custom_1769458015567{margin-bottom: 80px !important;}&#8221;][\/vc_column][\/vc_row][vc_row css_animation=&#8221;&#8221; row_type=&#8221;row&#8221; use_row_as_full_screen_section=&#8221;no&#8221; type=&#8221;full_width&#8221; angled_section=&#8221;no&#8221; text_align=&#8221;left&#8221; background_image_as_pattern=&#8221;without_pattern&#8221; css=&#8221;.vc_custom_1769458197568{border-top-width: 0px !important;padding-top: px !important;padding-bottom: 50px !important;}&#8221; z_index=&#8221;&#8221;][vc_column css=&#8221;.vc_custom_1750158113668{padding-top: 0px !important;padding-bottom: 0px !important;}&#8221;][vc_column_text css=&#8221;.vc_custom_1769456236074{padding-bottom: 16px !important;}&#8221;]<\/p>\n<h3 style=\"margin-top: 20px; margin-bottom: 20px;\"><span class=\"ez-toc-section\" id=\"hydrafacial-es-per-a-tots-desmitificant-una-idea-falsa\"><\/span><span style=\"color: #3498db;\"><b>Hydrafacial \u00e9s per a tots? Desmitificant una idea falsa<br \/>\n<\/b><\/span><span class=\"ez-toc-section-end\"><\/span><\/h3>\n<p>[\/vc_column_text][vc_column_text css=&#8221;.vc_custom_1769456254303{padding-bottom: 16px !important;}&#8221;]<span style=\"font-weight: 400;\">Recordo una pacient.<\/span><\/p>\n<p><span style=\"font-weight: 400;\">Flaccidesa incipient a la l\u00ednia mandibular, pell apagada i p\u00e8rdua de qualitat cut\u00e0nia. Va acudir a C\u00e0nons Clinics per informar-se d&#8217;una <\/span><a href=\"https:\/\/www.canons.es\/ca\/resultats-de-la-radiofrequencia-facial-evidencia-cientifica-2-casos-i-dubtes-frequents\/\"><span style=\"font-weight: 400;\">radiofreq\u00fc\u00e8ncia facial<\/span><\/a><span style=\"font-weight: 400;\">.<\/span><\/p>\n<p><span style=\"font-weight: 400;\">Despr\u00e9s de la valoraci\u00f3, s\u00ed. Vam veure que una radiofreq\u00fc\u00e8ncia intensiva amb microagulles era el m\u00e9s apropiat per reafirmar, donar lluminositat i millorar la textura de la cara.<\/span><\/p>\n<p><span style=\"font-weight: 400;\">Per\u00f2 qu\u00e8 passava?\u00a0<\/span><\/p>\n<p><span style=\"font-weight: 400;\">Que tamb\u00e9 <\/span><b>patia deshidrataci\u00f3, porus obstruits i signes de deteriorament<\/b><span style=\"font-weight: 400;\">. Venia d&#8217;una \u00e8poca forta d&#8217;estr\u00e8s, s&#8217;havia descuidat i acumulava fatiga.<\/span><\/p>\n<p><span style=\"font-weight: 400;\">En situacions aix\u00ed el problema \u00e9s que la pell, diguem-ne, no est\u00e0 en el seu millor moment per respondre de manera \u00f2ptima a un tractament amb energia. Els efectes no seran tan bons i el m\u00e9s segur \u00e9s que necessitis repetir-ho m\u00e9s vegades.<\/span><\/p>\n<p><span style=\"font-weight: 400;\">\u00c9s per aix\u00f2 que la vaig recomanar una <\/span><b>sessi\u00f3 pr\u00e8via d&#8217;hydrafacial<\/b><span style=\"font-weight: 400;\">. Aportem tots els beneficis i la pell queda molt m\u00e9s receptiva.<\/span><\/p>\n<p><span style=\"font-weight: 400;\">Ella al principi va mostrar escepticisme.\u00a0<\/span><\/p>\n<p><span style=\"font-weight: 400;\">\u00c9s el sambenito que crec que t\u00e9 aquest procediment. <\/span><b>Hi ha els qui pensen que es pret\u00e9n \u201cafegir\u201d nom\u00e9s per raons econ\u00f2miques, quan \u00e9s just el contrari<\/b><span style=\"font-weight: 400;\">.<\/span><\/p>\n<p><span style=\"font-weight: 400;\">Com millora la resposta cut\u00e0nia, la seva aplicaci\u00f3 acaba resultant en menys sessions d&#8217;altres t\u00e8cniques com ara peelings, l\u00e0ser o aqu\u00ed la radiofreq\u00fc\u00e8ncia.<\/span><\/p>\n<p><span style=\"font-weight: 400;\">De fet, en va ser el cas i va quedar molt contenta amb el resultat final.<\/span><\/p>\n<p><span style=\"font-weight: 400;\">\u00c9s un dubte normal, per\u00f2 <\/span><b>no s&#8217;ha de confondre la manca d&#8217;\u00e8tica amb la versatilitat<\/b><span style=\"font-weight: 400;\">. Una frontera que a C\u00e0nons Clinics tenim molt clara.<\/span>[\/vc_column_text][vc_column_text css=&#8221;.vc_custom_1769456269267{padding-bottom: 16px !important;}&#8221;]<\/p>\n<h3 style=\"margin-top: 20px; margin-bottom: 20px;\"><span class=\"ez-toc-section\" id=\"sha-devitar-o-posposar-davant-de-condicions-molt-concretes\"><\/span><span style=\"color: #3498db;\"><b>S&#8217;ha d&#8217;evitar o posposar davant de condicions molt concretes<br \/>\n<\/b><\/span><span class=\"ez-toc-section-end\"><\/span><\/h3>\n<p>[\/vc_column_text][vc_column_text css=&#8221;.vc_custom_1769456284754{padding-bottom: 16px !important;}&#8221;]<span style=\"font-weight: 400;\">Dit aix\u00f2, Hydrafacial pot estar contraindicat en casos puntuals.\u00a0<\/span><\/p>\n<p><span style=\"font-weight: 400;\">Per exemple, si tens un <\/span><b>herpes actiu <\/b><span style=\"font-weight: 400;\">a la zona a tractar caldria esperar que es resolgui. Igual que si <\/span><b>t&#8217;has cremat<\/b><span style=\"font-weight: 400;\">, si en tens una <\/span><b>ferida oberta<\/b><span style=\"font-weight: 400;\"> o v\u00e9ns d&#8217;un <\/span><b>tractament agressiu recent<\/b><span style=\"font-weight: 400;\"> com pugui ser un l\u00e0ser ablatiu.<\/span><\/p>\n<p><span style=\"font-weight: 400;\">Ros\u00e0cia, cuperosi, embar\u00e0s, lact\u00e0ncia\u2026 Condicions concretes s&#8217;han de valorar en una consulta m\u00e8dica diagn\u00f2stica per garantir-ne la m\u00e0xima efic\u00e0cia i seguretat. Recorda sempre posar-te en mans qualificades.<\/span><\/p>\n<p><span style=\"font-weight: 400;\">Per qu\u00e8 no te&#8217;n vens a la cl\u00ednica i ho veiem? <\/span><a href=\"https:\/\/www.canons.es\/ca\/contacto-barcelona\/\"><span style=\"font-weight: 400;\">Aqu\u00ed pots demanar cita<\/span><\/a><span style=\"font-weight: 400;\">.<\/span><\/p>\n<p><span style=\"font-weight: 400;\">Som a Barcelona i Granollers. <\/span>[\/vc_column_text][vc_column_text css=&#8221;.vc_custom_1769458131781{padding-top: 20px !important;padding-bottom: 16px !important;}&#8221;]<\/p>\n<h2><span class=\"ez-toc-section\" id=\"com-funciona-hydrafacial-i-que-pots-esperar\"><\/span><span style=\"color: #0b4f99;\"><b>Com funciona Hydrafacial i qu\u00e8 pots esperar<br \/>\n<\/b><\/span><span class=\"ez-toc-section-end\"><\/span><\/h2>\n<p>[\/vc_column_text][vc_column_text css=&#8221;.vc_custom_1769456346248{padding-bottom: 16px !important;}&#8221;]<\/p>\n<h3 style=\"margin-top: 20px; margin-bottom: 20px;\"><span class=\"ez-toc-section\" id=\"un-protocol-per-resetejar-la-pell-en-7-passos\"><\/span><span style=\"color: #3498db;\"><b>Un protocol per resetejar la pell en 7 passos<br \/>\n<\/b><\/span><span class=\"ez-toc-section-end\"><\/span><\/h3>\n<p>[\/vc_column_text][vc_column_text css=&#8221;.vc_custom_1769456389759{padding-bottom: 16px !important;}&#8221;]<span style=\"font-weight: 400;\">Hydrafacial t\u00e9 3 aspectes diferencials.<\/span><\/p>\n<p><span style=\"font-weight: 400;\">El primer \u00e9s que combina els beneficis de diversos tractaments per aconseguir un reseteig integral de la pell. Tot a la mateixa sessi\u00f3.<\/span><\/p>\n<p><span style=\"font-weight: 400;\">Per aix\u00f2 \u00e9s tan vers\u00e0til:<\/span><\/p>\n<ol>\n<li style=\"list-style-type: none;\">\n<ol>\n<li style=\"font-weight: 400;\" aria-level=\"1\"><b>Drenatge limf\u00e0tic<\/b><span style=\"font-weight: 400;\">. Una succi\u00f3 lleugera per purificar de toxines la pell i reduir edemes causats per la retenci\u00f3 de l\u00edquids. Donem definici\u00f3 a la cara.<\/span><\/li>\n<li style=\"font-weight: 400;\" aria-level=\"1\"><b>Microdermoabrasi\u00f3 humida<\/b><span style=\"font-weight: 400;\">. Exfoliaci\u00f3 mec\u00e0nica per netejar i eliminar c\u00e8l\u00b7lules mortes amb delicadesa. Aporta sedositat, uniformitat i lluminositat.<\/span><\/li>\n<li style=\"font-weight: 400;\" aria-level=\"1\"><b>Peeling qu\u00edmic suau<\/b><span style=\"font-weight: 400;\">. Ajuda a desobstruir poros, redueix imperfeccions i millora la textura. Deixa la pell m\u00e9s receptiva a tractaments posteriors.<\/span><\/li>\n<li style=\"font-weight: 400;\" aria-level=\"1\"><b>Extracci\u00f3<\/b><span style=\"font-weight: 400;\">. Aspirem amb suavitat el contingut dels porus obstruits, minimitzant-ne la mida i l&#8217;aparen\u00e7a.<\/span><\/li>\n<li style=\"font-weight: 400;\" aria-level=\"1\"><b>Impulsor<\/b><span style=\"font-weight: 400;\">. S&#8217;usa un o altre per tractar condicions espec\u00edfiques i refor\u00e7ar resultats. Fines l\u00ednies, taques, vermellors\u2026 S\u00f3n s\u00e8rums concentrats en actius com \u00e0cid hialur\u00f2nic, retinol, p\u00e8ptids i extractes vegetals.\u00a0<\/span><\/li>\n<li style=\"font-weight: 400;\" aria-level=\"1\"><b>Fototer\u00e0pia LED<\/b><span style=\"font-weight: 400;\">. Passem una llum LED vermella (activa fibroblasts, estimula el col\u00b7lagen, reafirma) o blau (acci\u00f3 antimicrobiana, millora acne i pell greixosa).<\/span><\/li>\n<li style=\"font-weight: 400;\" aria-level=\"1\"><b>Hidrataci\u00f3<\/b><span style=\"font-weight: 400;\">. Apliquem un s\u00e8rum ric en antioxidants que hidrata, relaxa, acaba de donar el \u201cglow\u201d i confereix protecci\u00f3 davant d&#8217;agressions externes.<\/span><\/li>\n<\/ol>\n<p><\/li>\n<p><\/ol>\n<p><span style=\"font-weight: 400;\"><br \/>\nMira el v\u00eddeo que et deixo a continuaci\u00f3 sobre la fase d&#8217;extracci\u00f3. Es veu molt clar com es van reduint els punts negres i la brut\u00edcia segons passem la m\u00e0quina. <\/span>[\/vc_column_text][\/vc_column][\/vc_row][vc_row css_animation=&#8221;&#8221; row_type=&#8221;row&#8221; use_row_as_full_screen_section=&#8221;no&#8221; type=&#8221;full_width&#8221; angled_section=&#8221;no&#8221; text_align=&#8221;left&#8221; background_image_as_pattern=&#8221;without_pattern&#8221; z_index=&#8221;&#8221;][vc_column css=&#8221;.vc_custom_1750158478779{border-top-width: 50px !important;border-bottom-width: 50px !important;padding-top: 0px !important;padding-bottom: 0px !important;}&#8221; offset=&#8221;vc_hidden-xs&#8221;][vc_video link=&#8221;https:\/\/www.youtube.com\/shorts\/-h-FxkZeGf4&#8243; el_width=&#8221;50&#8243; el_aspect=&#8221;916&#8243; align=&#8221;center&#8221; css=&#8221;.vc_custom_1769456412380{margin-bottom: 0px !important;}&#8221;][vc_empty_space height=&#8221;70px&#8221;][\/vc_column][\/vc_row][vc_row css_animation=&#8221;&#8221; row_type=&#8221;row&#8221; use_row_as_full_screen_section=&#8221;no&#8221; type=&#8221;full_width&#8221; angled_section=&#8221;no&#8221; text_align=&#8221;left&#8221; background_image_as_pattern=&#8221;without_pattern&#8221; z_index=&#8221;&#8221; css=&#8221;.vc_custom_1750164731157{margin-top: 0px !important;margin-bottom: 0px !important;}&#8221;][vc_column css=&#8221;.vc_custom_1750164790732{padding-top: 0px !important;padding-bottom: 60px !important;}&#8221; offset=&#8221;vc_hidden-lg vc_hidden-md vc_hidden-sm&#8221;][vc_video link=&#8221;https:\/\/www.youtube.com\/shorts\/-h-FxkZeGf4&#8243; el_aspect=&#8221;916&#8243; align=&#8221;center&#8221; css=&#8221;&#8221;][\/vc_column][\/vc_row][vc_row css_animation=&#8221;&#8221; row_type=&#8221;row&#8221; use_row_as_full_screen_section=&#8221;no&#8221; type=&#8221;full_width&#8221; angled_section=&#8221;no&#8221; text_align=&#8221;left&#8221; background_image_as_pattern=&#8221;without_pattern&#8221; z_index=&#8221;&#8221; css=&#8221;.vc_custom_1769458218646{padding-bottom: 50px !important;}&#8221;][vc_column css=&#8221;.vc_custom_1750164957614{padding-top: 0px !important;padding-bottom: 15px !important;}&#8221;][vc_column_text css=&#8221;.vc_custom_1769456444121{padding-bottom: 16px !important;}&#8221;]<\/p>\n<h3 style=\"margin-top: 20px; margin-bottom: 20px;\"><span class=\"ez-toc-section\" id=\"res-de-dolor-ni-efectes-secundaris-aparatosos\"><\/span><span style=\"color: #3498db;\"><b>Res de dolor ni efectes secundaris aparatosos<br \/>\n<\/b><\/span><span class=\"ez-toc-section-end\"><\/span><\/h3>\n<p>[\/vc_column_text][vc_column_text css=&#8221;.vc_custom_1769456461497{padding-bottom: 16px !important;}&#8221;]<span style=\"font-weight: 400;\">El segon aspecte diferencial: cap dels passos anteriors no dol.<\/span><\/p>\n<p><span style=\"font-weight: 400;\">L&#8217;hidromassatge \u00e9s un <\/span><b>sistema de succi\u00f3 indolor<\/b><span style=\"font-weight: 400;\"> que neteja la pell alhora que la va infonent els s\u00e8rums, mantenint-la humida i calmada. Vortex-Fusi\u00f3 es diu. O, com em va dir una pacient molt simp\u00e0tica, \u201cun atuell que succiona i llen\u00e7a aigua\u201d.\u00a0<\/span><\/p>\n<p><span style=\"font-weight: 400;\">Res a veure amb les extraccions manuals o la microdermoabrasi\u00f3 en sec amb microcristalls. <\/span><b>Molt m\u00e9s confortable<\/b><span style=\"font-weight: 400;\">. I es pot regular la pot\u00e8ncia per evitar mol\u00e8sties a les pells m\u00e9s sensibles.\u00a0<\/span><\/p>\n<p><span style=\"font-weight: 400;\">Els boosters? S&#8217;absorbeixen sense injeccions. <\/span><b>Zero agulles<\/b><span style=\"font-weight: 400;\">. No \u00e9s invasiu.\u00a0<\/span><\/p>\n<p><span style=\"font-weight: 400;\">\u00c9s un procediment suau que <\/span><b>no irrita ni provoca marques<\/b><span style=\"font-weight: 400;\">. El m\u00e9s com\u00fa \u00e9s com a molt un lleuger envermelliment que desapareix r\u00e0pid. M\u00e9s enll\u00e0 d&#8217;unes m\u00ednimes cures, no hi ha per\u00edode de recuperaci\u00f3. Tornes a la teva rutina normal a l&#8217;instant.\u00a0<\/span><\/p>\n<p><span style=\"font-weight: 400;\">\u00c9s una alternativa fant\u00e0stica per als que desitgen introduir-se a la medicina est\u00e8tica, perqu\u00e8 \u00e9s<\/span><b> molt segur i respectu\u00f3s amb la pell<\/b><span style=\"font-weight: 400;\">. Relaxant fins i tot. <\/span>[\/vc_column_text][vc_column_text css=&#8221;.vc_custom_1769456490676{padding-bottom: 16px !important;}&#8221;]<\/p>\n<h3 style=\"margin-top: 20px; margin-bottom: 20px;\"><span class=\"ez-toc-section\" id=\"el-tractament-sadapta-a-tu-no-a-linreves\"><\/span><span style=\"color: #3498db;\"><b>El tractament s&#8217;adapta a tu, no a l&#8217;inrev\u00e9s<br \/>\n<\/b><\/span><span class=\"ez-toc-section-end\"><\/span><\/h3>\n<p>[\/vc_column_text][vc_column_text css=&#8221;.vc_custom_1769456531523{padding-bottom: 16px !important;}&#8221;]<span style=\"font-weight: 400;\">El tercer punt clau de Hydrafacial.<\/span><\/p>\n<p><b>El grau de personalitzaci\u00f3 \u00e9s molt alt<\/b><span style=\"font-weight: 400;\">. \u00c9s un equip amb m\u00faltiples possibilitats i modalitats per ajustar-se a les necessitats i les caracter\u00edstiques de cada pacient.\u00a0<\/span><\/p>\n<p><span style=\"font-weight: 400;\">Sobretot a 3 nivells:<\/span><\/p>\n<ul>\n<li style=\"list-style-type: none;\">\n<ul>\n<li style=\"font-weight: 400;\" aria-level=\"1\"><b>Els impulsors<\/b><span style=\"font-weight: 400;\">. Hi ha molt per triar per aconseguir el resultat desitjat. A m\u00e9s, en van traient de nous. A C\u00e0nons Clinics disposem de la majoria.<\/span><\/li>\n<li style=\"font-weight: 400;\" aria-level=\"1\"><b>Els cap\u00e7als <\/b><span style=\"font-weight: 400;\">de la pe\u00e7a de m\u00e0 que anem passant. N&#8217;hi ha diversos segons l&#8217;efecte buscat i per poder emmotllar-se a la zona a tractar i el tipus de pell.<\/span><\/li>\n<li style=\"font-weight: 400;\" aria-level=\"1\"><b>La llum LED<\/b><span>. Fem servir vermella o blava segons el cas. Cada cop hi ha m\u00e9s estudis sobre els seus beneficis.<\/span><\/li>\n<\/ul>\n<p><\/li>\n<p><\/ul>\n<p>[\/vc_column_text][\/vc_column][\/vc_row][vc_row css_animation=&#8221;&#8221; row_type=&#8221;row&#8221; use_row_as_full_screen_section=&#8221;no&#8221; type=&#8221;full_width&#8221; angled_section=&#8221;no&#8221; text_align=&#8221;left&#8221; background_image_as_pattern=&#8221;without_pattern&#8221; z_index=&#8221;&#8221;][vc_column css=&#8221;.vc_custom_1750158478779{border-top-width: 50px !important;border-bottom-width: 50px !important;padding-top: 0px !important;padding-bottom: 0px !important;}&#8221; offset=&#8221;vc_hidden-xs&#8221;][vc_video link=&#8221;https:\/\/www.youtube.com\/shorts\/jn0GE8cgmuo&#8221; el_width=&#8221;50&#8243; el_aspect=&#8221;916&#8243; align=&#8221;center&#8221; css=&#8221;.vc_custom_1769456594404{margin-bottom: 0px !important;}&#8221;][vc_empty_space height=&#8221;70px&#8221;][\/vc_column][\/vc_row][vc_row css_animation=&#8221;&#8221; row_type=&#8221;row&#8221; use_row_as_full_screen_section=&#8221;no&#8221; type=&#8221;full_width&#8221; angled_section=&#8221;no&#8221; text_align=&#8221;left&#8221; background_image_as_pattern=&#8221;without_pattern&#8221; z_index=&#8221;&#8221; css=&#8221;.vc_custom_1750164731157{margin-top: 0px !important;margin-bottom: 0px !important;}&#8221;][vc_column css=&#8221;.vc_custom_1750164790732{padding-top: 0px !important;padding-bottom: 60px !important;}&#8221; offset=&#8221;vc_hidden-lg vc_hidden-md vc_hidden-sm&#8221;][vc_video link=&#8221;https:\/\/www.youtube.com\/shorts\/jn0GE8cgmuo&#8221; el_aspect=&#8221;916&#8243; align=&#8221;center&#8221; css=&#8221;&#8221;][\/vc_column][\/vc_row][vc_row css_animation=&#8221;&#8221; row_type=&#8221;row&#8221; use_row_as_full_screen_section=&#8221;no&#8221; type=&#8221;full_width&#8221; angled_section=&#8221;no&#8221; text_align=&#8221;left&#8221; background_image_as_pattern=&#8221;without_pattern&#8221; z_index=&#8221;&#8221; css=&#8221;.vc_custom_1750162957862{padding-bottom: 30px !important;}&#8221;][vc_column css=&#8221;.vc_custom_1750164957614{padding-top: 0px !important;padding-bottom: 15px !important;}&#8221;][vc_column_text css=&#8221;.vc_custom_1769456638811{padding-bottom: 16px !important;}&#8221;]<\/p>\n<h3 style=\"margin-top: 20px; margin-bottom: 20px;\"><span class=\"ez-toc-section\" id=\"resultats-quan-es-veuen-manteniment-i-limits\"><\/span><span style=\"color: #3498db;\"><b>Resultats: quan es veuen, manteniment i l\u00edmits<br \/>\n<\/b><\/span><span class=\"ez-toc-section-end\"><\/span><\/h3>\n<p>[\/vc_column_text][vc_column_text css=&#8221;.vc_custom_1769456666803{padding-bottom: 16px !important;}&#8221;]<span style=\"font-weight: 400;\">Posem els peus a terra.<\/span><\/p>\n<p><span style=\"font-weight: 400;\">Si et fas un Hydrafacial, el m\u00e9s normal \u00e9s el seg\u00fcent:<\/span><\/p>\n<ul>\n<li style=\"list-style-type: none;\">\n<ul>\n<li style=\"font-weight: 400;\" aria-level=\"1\"><b>Resultats immediats despr\u00e9s de la 1a sessi\u00f3<\/b><span style=\"font-weight: 400;\">. Molt aparents per lefecte flash. S&#8217;il\u00b7lumina la cara, millora l&#8217;aspecte general i deixa una sensaci\u00f3 molt agradable.<\/span><\/li>\n<li style=\"font-weight: 400;\" aria-level=\"1\"><b>Beneficis progressius<\/b> <b>a mida que t&#8217;ho fas m\u00e9s vegades<\/b><span style=\"font-weight: 400;\">. Textura, to unificat, l\u00ednies d&#8217;expressi\u00f3, finor, menys s\u00e8u, pell equilibrada i sana, etc.<\/span><\/li>\n<\/ul>\n<p><\/li>\n<p><\/ul>\n<p><span style=\"font-weight: 400;\"><br \/>\nAra b\u00e9, <\/span><b>compte amb les expectatives no realistes<\/b><span style=\"font-weight: 400;\">. Hi ha qui ha llegit tantes meravelles sobre aquest tractament que creuen que \u00e9s miracul\u00f3s.\u00a0<\/span><\/p>\n<p><span style=\"font-weight: 400;\">No podem demanar peres a l&#8217;om.<\/span><\/p>\n<p><span style=\"font-weight: 400;\">Hydrafacial \u00e9s efectiu, per\u00f2 <\/span><b>de vegades cal alguna cosa m\u00e9s<\/b><span style=\"font-weight: 400;\">. Un p\u00edling m\u00e9s profund, un l\u00e0ser, etc. Fins i tot una operaci\u00f3. En aquests casos com et deia abans pot servir com a base o refor\u00e7, per\u00f2 per si mateix es queda curt.<\/span><\/p>\n<p><b>Ben indicat, aplicat i combinat s\u00ed que \u00e9s molt satisfactori per a la majoria<\/b><span style=\"font-weight: 400;\">. A C\u00e0nons Clinics tenim pacients que ja el tenen com a ritual d&#8217;autocura.<\/span><\/p>\n<p><span style=\"font-weight: 400;\">Cada quant de temps es recomana?\u00a0\u00a0<\/span><\/p>\n<p><b>En general, s&#8217;aconsella<\/b> <b>una sessi\u00f3 mensual <\/b><span style=\"font-weight: 400;\">(s\u00f3n uns 40-50 minuts), encara que la freq\u00fc\u00e8ncia ideal al final dep\u00e8n de l&#8217;objectiu i de l&#8217;estat inicial de la pell.<\/span><\/p>\n<p><span style=\"font-weight: 400;\">\u00c9s nom\u00e9s per a una celebraci\u00f3? Vols potenciar una ter\u00e0pia contra acn\u00e9 sever? Combinarem amb un protocol de radiofreq\u00fc\u00e8ncia?<\/span><\/p>\n<p><span style=\"font-weight: 400;\">Cal valorar-ho. <\/span>[\/vc_column_text][vc_column_text css=&#8221;.vc_custom_1769458262951{padding-top: 20px !important;padding-bottom: 16px !important;}&#8221;]<\/p>\n<h2><span class=\"ez-toc-section\" id=\"si-testas-plantejant-un-hydrafacial%e2%80%a6\"><\/span><span style=\"color: #0b4f99;\"><b>Si t&#8217;est\u00e0s plantejant un Hydrafacial\u2026<br \/>\n<\/b><\/span><span class=\"ez-toc-section-end\"><\/span><\/h2>\n<p>[\/vc_column_text][vc_column_text css=&#8221;.vc_custom_1769456746774{padding-bottom: 16px !important;}&#8221;]<span style=\"font-weight: 400;\">Tens dubtes sobre si ferets no aquest tractament?<\/span><\/p>\n<p><span style=\"font-weight: 400;\">Si vols veure resultats r\u00e0pids a la pell amb una neteja profunda sense agulles ni t\u00e8cniques agressives, Hydrafacial pot ser el que est\u00e0s buscant. Com t&#8217;he explicat, ofereix m\u00faltiples beneficis i es pot personalitzar segons qu\u00e8 necessitis.<\/span><\/p>\n<p><span style=\"font-weight: 400;\">Vine a C\u00e0nons Clinics i parlem. Tenim cl\u00ednica a <\/span><b>Barcelona <\/b><span style=\"font-weight: 400;\">i a <\/span><b>Granollers<\/b><span style=\"font-weight: 400;\">. M&#8217;expliques el teu cas, veiem si \u00e9s el millor per a tu i els preus. Sense comprom\u00eds.<\/span><\/p>\n<p><b>Pots demanar cita trucant-nos al 683 27 07 09<\/b><span style=\"font-weight: 400;\">, escrivint-nos al WhatsApp a aquest mateix n\u00famero o omplint el formulari al qual accedeixes des del bot\u00f3 de sota.<\/span><\/p>\n<p><span style=\"font-weight: 400;\">T&#8217;atendr\u00e9 encantat.<\/span>[\/vc_column_text][\/vc_column][\/vc_row][vc_row css_animation=&#8221;&#8221; row_type=&#8221;row&#8221; use_row_as_full_screen_section=&#8221;no&#8221; type=&#8221;full_width&#8221; angled_section=&#8221;no&#8221; text_align=&#8221;center&#8221; background_image_as_pattern=&#8221;without_pattern&#8221; z_index=&#8221;&#8221;][vc_column css=&#8221;.vc_custom_1769458283931{padding-bottom: 20px !important;}&#8221;]<a  itemprop=\"url\" href=\"https:\/\/www.canons.es\/ca\/contacto-barcelona\/\" target=\"_self\" data-hover-background-color='#0b4f99' data-hover-color='#ffffff' class=\"qbutton  center default\" style=\"color: #ffffff; border-color: #0b4f99; font-style: normal; font-weight: 400; font-family: raleway; text-transform: none; font-size: 14px; letter-spacing: 0px; border-radius: 0px;-moz-border-radius: 0px;-webkit-border-radius: 0px; background-color: #0b4f99;\">Demana pressupost i informaci\u00f3<\/a>[\/vc_column][\/vc_row][vc_row css_animation=&#8221;&#8221; row_type=&#8221;row&#8221; use_row_as_full_screen_section=&#8221;no&#8221; type=&#8221;full_width&#8221; angled_section=&#8221;no&#8221; text_align=&#8221;left&#8221; background_image_as_pattern=&#8221;without_pattern&#8221; z_index=&#8221;&#8221; css=&#8221;.vc_custom_1742581325125{padding-top: 50px !important;padding-bottom: 50px !important;}&#8221;][vc_column css=&#8221;.vc_custom_1742997113718{padding-top: 0px !important;padding-bottom: 0px !important;}&#8221;][vc_column_text css=&#8221;.vc_custom_1769455897787{padding-bottom: 16px !important;}&#8221;]<\/p>\n<h2><span class=\"ez-toc-section\" id=\"referencies\"><\/span><span style=\"color: #0b4f99;\"><b>Refer\u00e8ncies<br \/>\n<\/b><\/span><span class=\"ez-toc-section-end\"><\/span><\/h2>\n<p>[\/vc_column_text][vc_column_text css=&#8221;&#8221;]<span style=\"font-weight: 400;\">Si t&#8217;agradaria investigar m\u00e9s\u2026<\/span><\/p>\n<ul>\n<li style=\"list-style-type: none;\">\n<ul>\n<li aria-level=\"1\"><span style=\"font-weight: 400;\">Visita el lloc web de <\/span><a href=\"https:\/\/hydrafacial.es\/\" target=\"_blank\" rel=\"noopener\">Hydrafacial<\/a><span style=\"font-weight: 400;\">.<\/span><\/li>\n<li aria-level=\"1\"><span style=\"font-weight: 400;\">Freedman BM. <\/span><b>Hydradermabrasion: an innovative modality for nonablative facial rejuvenation<\/b><span style=\"font-weight: 400;\">. J Cosmet Dermatol. 2008;7(4):275-280. <\/span><a href=\"https:\/\/pubmed.ncbi.nlm.nih.gov\/19146604\/\" target=\"_blank\" rel=\"noopener\"><span style=\"font-weight: 400;\">Font<\/span><\/a><span style=\"font-weight: 400;\">.<\/span><\/li>\n<li aria-level=\"1\"><span style=\"font-weight: 400;\">Storgard R, Mauricio-Lee J, Mauricio T, Zaiac M, Karnik J. <\/span><b>Efficacy and Tolerability of HydraFacial Clarifying Treatment Series in the Treatment of Active Acne Vulgaris<\/b><span style=\"font-weight: 400;\">. J Clin Aesthet Dermatol. 2022 Dec;15(12):42-46. <\/span><a href=\"https:\/\/pmc.ncbi.nlm.nih.gov\/articles\/PMC9762628\/\" target=\"_blank\" rel=\"noopener\"><span style=\"font-weight: 400;\">Font<\/span><\/a><span style=\"font-weight: 400;\">.<\/span><\/li>\n<li aria-level=\"1\"><span style=\"font-weight: 400;\">Guerrero L, Fierro L, Ponce RM, Peniche A. <\/span><b>Revisi\u00f3n de t\u00e9cnicas de abrasi\u00f3n cut\u00e1nea<\/b><span style=\"font-weight: 400;\">. Dermatolog\u00eda Cosm\u00e9tica M\u00e9dica y Quir\u00fargica. 2015; 13(1). <\/span><a href=\"https:\/\/dcmq.com.mx\/edici%C3%B3n-enero-marzo-2015-volumen-13-n%C3%BAmero-1\/340-revisi%C3%B3n-de-t%C3%A9cnicas-de-abrasi%C3%B3n-cut%C3%A1nea\" target=\"_blank\" rel=\"noopener\"><span style=\"font-weight: 400;\">Font<\/span><\/a><span style=\"font-weight: 400;\">.<\/span><\/li>\n<li aria-level=\"1\">Sorbellini E, Rucco M, Rinaldi F. Photodynamic and photobiological<b> effects of light-emitting diode (LED) therapy in dermatological disease<\/b><span>: an update. Lasers Med Sci. 2018 Sep;33(7):1431-1439. <\/span><a href=\"https:\/\/pmc.ncbi.nlm.nih.gov\/articles\/PMC6133043\/\" target=\"_blank\" rel=\"noopener\"><span>Font<\/span><\/a><span>.<\/span><\/li>\n<\/ul>\n<p><\/li>\n<p><\/ul>\n<p>[\/vc_column_text][vc_empty_space height=&#8221;80px&#8221;][\/vc_column][\/vc_row][vc_row css_animation=&#8221;&#8221; row_type=&#8221;row&#8221; use_row_as_full_screen_section=&#8221;no&#8221; type=&#8221;full_width&#8221; angled_section=&#8221;no&#8221; text_align=&#8221;left&#8221; background_image_as_pattern=&#8221;without_pattern&#8221; css=&#8221;.vc_custom_1744631800858{margin-top: 0px !important;padding-bottom: 36px !important;}&#8221; z_index=&#8221;&#8221;][vc_column width=&#8221;1\/6&#8243;][\/vc_column][vc_column width=&#8221;1\/3&#8243; css=&#8221;.vc_custom_1747146993790{padding-bottom: 36px !important;}&#8221;][vc_empty_space][vc_single_image image=&#8221;21423&#8243; img_size=&#8221;large&#8221; alignment=&#8221;center&#8221; onclick=&#8221;img_link_large&#8221; css=&#8221;&#8221; qode_css_animation=&#8221;&#8221;][\/vc_column][vc_column width=&#8221;1\/2&#8243; css=&#8221;.vc_custom_1742579865118{padding-top: 0px !important;}&#8221;][vc_column_text css=&#8221;&#8221;]<b><span style=\"color: #065894; font-size: 1.4em;\">Dr. V\u00edctor Hern\u00e0ndez Machado.<\/span> <\/b><\/p>\n<p><span style=\"color: #065894; font-size: 1.4em;\"><b>Director m\u00e8dic de C\u00e0nons Clinics<\/b><\/span>[\/vc_column_text][vc_column_text css=&#8221;&#8221;]<\/p>\n<p style=\"margin-top: 20px; margin-bottom: 20px; font-family: Raleway, sans-serif; font-size: 16px; line-height: 26px !important;\"><span style=\"color: #000000;\"><strong>Cirurgi\u00e0 pl\u00e0stic<\/strong> especialista en cirurgia facial i contorn corporal, amb experi\u00e8ncia al sector privat <strong>des del 2001<\/strong>. Advoco per una cirurgia i medicina est\u00e8tica honrada en qu\u00e8 els resultats millorin, no canvi\u00efn. <strong>Metge col\u00b7legiat<\/strong> a Barcelona n\u00fam. 30493, membre de la <strong>SECPRE<\/strong> i <strong>secretari general<\/strong> de la Societat Espanyola de L\u00e0ser M\u00e8dic Quir\u00fargic (SELMQ).<span style=\"font-weight: 400;\"><br \/>\n<\/span><\/span><a href=\"https:\/\/www.canons.es\/ca\/equip-canons\/dr-victor-hernandez-machado\/\" target=\"_blank\" rel=\"noopener\"><br \/>\n<span style=\"font-weight: 400;\">Curr\u00edculum<\/span><\/a><span style=\"font-weight: 400;\">. <\/span><a href=\"https:\/\/www.linkedin.com\/in\/victorhernandezmachado\/\" target=\"_blank\" rel=\"noopener\"><span style=\"font-weight: 400;\">LinkedIn<\/span><\/a><span style=\"font-weight: 400;\">.<\/span><\/p>\n<p>[\/vc_column_text][\/vc_column][\/vc_row][vc_row css_animation=&#8221;&#8221; row_type=&#8221;row&#8221; use_row_as_full_screen_section=&#8221;no&#8221; type=&#8221;full_width&#8221; angled_section=&#8221;no&#8221; text_align=&#8221;left&#8221; background_image_as_pattern=&#8221;without_pattern&#8221;][vc_column][vc_empty_space][\/vc_column][\/vc_row]<\/p>\n<\/div><!-- AddThis Advanced Settings generic via filter on the_content --><!-- AddThis Share Buttons generic via filter on the_content -->","protected":false},"excerpt":{"rendered":"<p>Quan un tractament esdev\u00e9 popular, \u00e9s inevitable preguntar-se si tot el que se&#8217;n diu correspon amb la realitat. \u00c9s el cas de Hydrafacial, el qual s\u00ed que \u00e9s veritat que ens ho demana molta gent a C\u00e0nons Clinics. M\u00e0rqueting i exageracions de banda, t&#8217;explico en qu\u00e8 consisteix, els seus beneficis i qu\u00e8 esperar si t&#8217;ho est\u00e0s plantejant.<!-- AddThis Advanced Settings generic via filter on get_the_excerpt --><!-- AddThis Share Buttons generic via filter on get_the_excerpt --><\/p>\n","protected":false},"author":27,"featured_media":22119,"comment_status":"closed","ping_status":"closed","sticky":false,"template":"","format":"standard","meta":{"footnotes":""},"categories":[79,895],"tags":[],"class_list":["post-22123","post","type-post","status-publish","format-standard","has-post-thumbnail","hentry","category-blog-del-dr-victor-hernandez-da-costa-ca","category-medicina-estetica-facial-ca-2"],"yoast_head":"<!-- This site is optimized with the Yoast SEO Premium plugin v26.9 (Yoast SEO v27.4) - https:\/\/yoast.com\/product\/yoast-seo-premium-wordpress\/ -->\n<title>Hydrafacial i els seus 5 beneficis m\u00e9s enll\u00e0 del m\u00e0rqueting<\/title>\n<meta name=\"description\" content=\"Quan un tractament es torna popular, \u00e9s inevitable fer-se preguntes. T&#039;explico qu\u00e8 \u00e9s Hydrafacial i quins beneficis pots esperar realment\" \/>\n<meta name=\"robots\" content=\"index, follow, max-snippet:-1, max-image-preview:large, max-video-preview:-1\" \/>\n<link rel=\"canonical\" href=\"https:\/\/www.canons.es\/hydrafacial-que-es-y-beneficios\/\" \/>\n<meta property=\"og:locale\" content=\"ca_ES\" \/>\n<meta property=\"og:type\" content=\"article\" \/>\n<meta property=\"og:title\" content=\"Qu\u00e8 \u00e9s Hydrafacial i quins 5 beneficis t\u00e9 m\u00e9s enll\u00e0 del m\u00e0rqueting\" \/>\n<meta property=\"og:description\" content=\"Quan un tractament es torna popular, \u00e9s inevitable fer-se preguntes. T&#039;explico qu\u00e8 \u00e9s Hydrafacial i quins beneficis pots esperar realment\" \/>\n<meta property=\"og:url\" content=\"https:\/\/www.canons.es\/hydrafacial-que-es-y-beneficios\/\" \/>\n<meta property=\"og:site_name\" content=\"Cl\u00ednica C\u00e0nons | Cirurgia i Medicina Estetica a Barcelona, \u200b\u200bGranollers\" \/>\n<meta property=\"article:publisher\" content=\"https:\/\/www.facebook.com\/canonsclinics\/\" \/>\n<meta property=\"article:published_time\" content=\"2026-01-27T15:26:05+00:00\" \/>\n<meta property=\"article:modified_time\" content=\"2026-02-17T21:09:54+00:00\" \/>\n<meta property=\"og:image\" content=\"https:\/\/www.canons.es\/wp-content\/uploads\/2026\/01\/hydrafacial-que-es-y-beneficios.webp\" \/>\n\t<meta property=\"og:image:width\" content=\"2048\" \/>\n\t<meta property=\"og:image:height\" content=\"1366\" \/>\n\t<meta property=\"og:image:type\" content=\"image\/webp\" \/>\n<meta name=\"author\" content=\"info@conseo.es\" \/>\n<meta name=\"twitter:card\" content=\"summary_large_image\" \/>\n<meta name=\"twitter:creator\" content=\"@canonsclinics\" \/>\n<meta name=\"twitter:site\" content=\"@canonsclinics\" \/>\n<meta name=\"twitter:label1\" content=\"Escrit per\" \/>\n\t<meta name=\"twitter:data1\" content=\"info@conseo.es\" \/>\n\t<meta name=\"twitter:label2\" content=\"Temps estimat de lectura\" \/>\n\t<meta name=\"twitter:data2\" content=\"18 minuts\" \/>\n<script type=\"application\/ld+json\" class=\"yoast-schema-graph\">{\"@context\":\"https:\\\/\\\/schema.org\",\"@graph\":[{\"@type\":\"Article\",\"@id\":\"https:\\\/\\\/www.canons.es\\\/hydrafacial-que-es-y-beneficios\\\/#article\",\"isPartOf\":{\"@id\":\"https:\\\/\\\/www.canons.es\\\/hydrafacial-que-es-y-beneficios\\\/\"},\"author\":{\"name\":\"info@conseo.es\",\"@id\":\"https:\\\/\\\/www.canons.es\\\/#\\\/schema\\\/person\\\/df196b4fe308265edd7e1fa9f3d05388\"},\"headline\":\"Qu\u00e8 \u00e9s Hydrafacial i quins 5 beneficis t\u00e9 m\u00e9s enll\u00e0 del m\u00e0rqueting\",\"datePublished\":\"2026-01-27T15:26:05+00:00\",\"dateModified\":\"2026-02-17T21:09:54+00:00\",\"mainEntityOfPage\":{\"@id\":\"https:\\\/\\\/www.canons.es\\\/hydrafacial-que-es-y-beneficios\\\/\"},\"wordCount\":3591,\"publisher\":{\"@id\":\"https:\\\/\\\/www.canons.es\\\/#organization\"},\"image\":{\"@id\":\"https:\\\/\\\/www.canons.es\\\/hydrafacial-que-es-y-beneficios\\\/#primaryimage\"},\"thumbnailUrl\":\"https:\\\/\\\/www.canons.es\\\/wp-content\\\/uploads\\\/2026\\\/01\\\/hydrafacial-que-es-y-beneficios.webp\",\"articleSection\":[\"Blog del Dr. V\u00edctor Hern\u00e0ndez Da Costa\",\"Medicina est\u00e9tica facial\"],\"inLanguage\":\"ca\"},{\"@type\":\"WebPage\",\"@id\":\"https:\\\/\\\/www.canons.es\\\/hydrafacial-que-es-y-beneficios\\\/\",\"url\":\"https:\\\/\\\/www.canons.es\\\/hydrafacial-que-es-y-beneficios\\\/\",\"name\":\"Hydrafacial i els seus 5 beneficis m\u00e9s enll\u00e0 del m\u00e0rqueting\",\"isPartOf\":{\"@id\":\"https:\\\/\\\/www.canons.es\\\/#website\"},\"primaryImageOfPage\":{\"@id\":\"https:\\\/\\\/www.canons.es\\\/hydrafacial-que-es-y-beneficios\\\/#primaryimage\"},\"image\":{\"@id\":\"https:\\\/\\\/www.canons.es\\\/hydrafacial-que-es-y-beneficios\\\/#primaryimage\"},\"thumbnailUrl\":\"https:\\\/\\\/www.canons.es\\\/wp-content\\\/uploads\\\/2026\\\/01\\\/hydrafacial-que-es-y-beneficios.webp\",\"datePublished\":\"2026-01-27T15:26:05+00:00\",\"dateModified\":\"2026-02-17T21:09:54+00:00\",\"description\":\"Quan un tractament es torna popular, \u00e9s inevitable fer-se preguntes. T'explico qu\u00e8 \u00e9s Hydrafacial i quins beneficis pots esperar realment\",\"breadcrumb\":{\"@id\":\"https:\\\/\\\/www.canons.es\\\/hydrafacial-que-es-y-beneficios\\\/#breadcrumb\"},\"inLanguage\":\"ca\",\"potentialAction\":[{\"@type\":\"ReadAction\",\"target\":[\"https:\\\/\\\/www.canons.es\\\/hydrafacial-que-es-y-beneficios\\\/\"]}]},{\"@type\":\"ImageObject\",\"inLanguage\":\"ca\",\"@id\":\"https:\\\/\\\/www.canons.es\\\/hydrafacial-que-es-y-beneficios\\\/#primaryimage\",\"url\":\"https:\\\/\\\/www.canons.es\\\/wp-content\\\/uploads\\\/2026\\\/01\\\/hydrafacial-que-es-y-beneficios.webp\",\"contentUrl\":\"https:\\\/\\\/www.canons.es\\\/wp-content\\\/uploads\\\/2026\\\/01\\\/hydrafacial-que-es-y-beneficios.webp\",\"width\":2048,\"height\":1366,\"caption\":\"Paciente haci\u00e9ndose un Hydrafacial para disfrutar de sus beneficios\"},{\"@type\":\"BreadcrumbList\",\"@id\":\"https:\\\/\\\/www.canons.es\\\/hydrafacial-que-es-y-beneficios\\\/#breadcrumb\",\"itemListElement\":[{\"@type\":\"ListItem\",\"position\":1,\"name\":\"Portada\",\"item\":\"https:\\\/\\\/www.canons.es\\\/ca\\\/\"},{\"@type\":\"ListItem\",\"position\":2,\"name\":\"Qu\u00e8 \u00e9s Hydrafacial i quins 5 beneficis t\u00e9 m\u00e9s enll\u00e0 del m\u00e0rqueting\"}]},{\"@type\":\"WebSite\",\"@id\":\"https:\\\/\\\/www.canons.es\\\/#website\",\"url\":\"https:\\\/\\\/www.canons.es\\\/\",\"name\":\"Cirug\u00eda Pl\u00e1stica y Est\u00e9tica Barcelona y Granollers | C\u00e0nons Clinics\",\"description\":\"\",\"publisher\":{\"@id\":\"https:\\\/\\\/www.canons.es\\\/#organization\"},\"potentialAction\":[{\"@type\":\"SearchAction\",\"target\":{\"@type\":\"EntryPoint\",\"urlTemplate\":\"https:\\\/\\\/www.canons.es\\\/?s={search_term_string}\"},\"query-input\":{\"@type\":\"PropertyValueSpecification\",\"valueRequired\":true,\"valueName\":\"search_term_string\"}}],\"inLanguage\":\"ca\"},{\"@type\":\"Organization\",\"@id\":\"https:\\\/\\\/www.canons.es\\\/#organization\",\"name\":\"Cirug\u00eda Pl\u00e1stica y Est\u00e9tica Barcelona y Granollers | C\u00e0nons Clinics\",\"url\":\"https:\\\/\\\/www.canons.es\\\/\",\"logo\":{\"@type\":\"ImageObject\",\"inLanguage\":\"ca\",\"@id\":\"https:\\\/\\\/www.canons.es\\\/#\\\/schema\\\/logo\\\/image\\\/\",\"url\":\"https:\\\/\\\/www.canons.es\\\/wp-content\\\/uploads\\\/2025\\\/04\\\/logo-canons-clinics.jpg\",\"contentUrl\":\"https:\\\/\\\/www.canons.es\\\/wp-content\\\/uploads\\\/2025\\\/04\\\/logo-canons-clinics.jpg\",\"width\":600,\"height\":139,\"caption\":\"Cirug\u00eda Pl\u00e1stica y Est\u00e9tica Barcelona y Granollers | C\u00e0nons Clinics\"},\"image\":{\"@id\":\"https:\\\/\\\/www.canons.es\\\/#\\\/schema\\\/logo\\\/image\\\/\"},\"sameAs\":[\"https:\\\/\\\/www.facebook.com\\\/canonsclinics\\\/\",\"https:\\\/\\\/x.com\\\/canonsclinics\",\"https:\\\/\\\/www.instagram.com\\\/canonsclinics\\\/\",\"https:\\\/\\\/www.youtube.com\\\/channel\\\/UCI1Ia6LjALyo1CuQ0_HwtfQ\",\"https:\\\/\\\/www.linkedin.com\\\/company\\\/canons-clinics\\\/\"]},{\"@type\":\"Person\",\"@id\":\"https:\\\/\\\/www.canons.es\\\/#\\\/schema\\\/person\\\/df196b4fe308265edd7e1fa9f3d05388\",\"name\":\"info@conseo.es\"}]}<\/script>\n<!-- \/ Yoast SEO Premium plugin. -->","yoast_head_json":{"title":"Hydrafacial i els seus 5 beneficis m\u00e9s enll\u00e0 del m\u00e0rqueting","description":"Quan un tractament es torna popular, \u00e9s inevitable fer-se preguntes. T'explico qu\u00e8 \u00e9s Hydrafacial i quins beneficis pots esperar realment","robots":{"index":"index","follow":"follow","max-snippet":"max-snippet:-1","max-image-preview":"max-image-preview:large","max-video-preview":"max-video-preview:-1"},"canonical":"https:\/\/www.canons.es\/hydrafacial-que-es-y-beneficios\/","og_locale":"ca_ES","og_type":"article","og_title":"Qu\u00e8 \u00e9s Hydrafacial i quins 5 beneficis t\u00e9 m\u00e9s enll\u00e0 del m\u00e0rqueting","og_description":"Quan un tractament es torna popular, \u00e9s inevitable fer-se preguntes. T'explico qu\u00e8 \u00e9s Hydrafacial i quins beneficis pots esperar realment","og_url":"https:\/\/www.canons.es\/hydrafacial-que-es-y-beneficios\/","og_site_name":"Cl\u00ednica C\u00e0nons | Cirurgia i Medicina Estetica a Barcelona, \u200b\u200bGranollers","article_publisher":"https:\/\/www.facebook.com\/canonsclinics\/","article_published_time":"2026-01-27T15:26:05+00:00","article_modified_time":"2026-02-17T21:09:54+00:00","og_image":[{"width":2048,"height":1366,"url":"https:\/\/www.canons.es\/wp-content\/uploads\/2026\/01\/hydrafacial-que-es-y-beneficios.webp","type":"image\/webp"}],"author":"info@conseo.es","twitter_card":"summary_large_image","twitter_creator":"@canonsclinics","twitter_site":"@canonsclinics","twitter_misc":{"Escrit per":"info@conseo.es","Temps estimat de lectura":"18 minuts"},"schema":{"@context":"https:\/\/schema.org","@graph":[{"@type":"Article","@id":"https:\/\/www.canons.es\/hydrafacial-que-es-y-beneficios\/#article","isPartOf":{"@id":"https:\/\/www.canons.es\/hydrafacial-que-es-y-beneficios\/"},"author":{"name":"info@conseo.es","@id":"https:\/\/www.canons.es\/#\/schema\/person\/df196b4fe308265edd7e1fa9f3d05388"},"headline":"Qu\u00e8 \u00e9s Hydrafacial i quins 5 beneficis t\u00e9 m\u00e9s enll\u00e0 del m\u00e0rqueting","datePublished":"2026-01-27T15:26:05+00:00","dateModified":"2026-02-17T21:09:54+00:00","mainEntityOfPage":{"@id":"https:\/\/www.canons.es\/hydrafacial-que-es-y-beneficios\/"},"wordCount":3591,"publisher":{"@id":"https:\/\/www.canons.es\/#organization"},"image":{"@id":"https:\/\/www.canons.es\/hydrafacial-que-es-y-beneficios\/#primaryimage"},"thumbnailUrl":"https:\/\/www.canons.es\/wp-content\/uploads\/2026\/01\/hydrafacial-que-es-y-beneficios.webp","articleSection":["Blog del Dr. V\u00edctor Hern\u00e0ndez Da Costa","Medicina est\u00e9tica facial"],"inLanguage":"ca"},{"@type":"WebPage","@id":"https:\/\/www.canons.es\/hydrafacial-que-es-y-beneficios\/","url":"https:\/\/www.canons.es\/hydrafacial-que-es-y-beneficios\/","name":"Hydrafacial i els seus 5 beneficis m\u00e9s enll\u00e0 del m\u00e0rqueting","isPartOf":{"@id":"https:\/\/www.canons.es\/#website"},"primaryImageOfPage":{"@id":"https:\/\/www.canons.es\/hydrafacial-que-es-y-beneficios\/#primaryimage"},"image":{"@id":"https:\/\/www.canons.es\/hydrafacial-que-es-y-beneficios\/#primaryimage"},"thumbnailUrl":"https:\/\/www.canons.es\/wp-content\/uploads\/2026\/01\/hydrafacial-que-es-y-beneficios.webp","datePublished":"2026-01-27T15:26:05+00:00","dateModified":"2026-02-17T21:09:54+00:00","description":"Quan un tractament es torna popular, \u00e9s inevitable fer-se preguntes. T'explico qu\u00e8 \u00e9s Hydrafacial i quins beneficis pots esperar realment","breadcrumb":{"@id":"https:\/\/www.canons.es\/hydrafacial-que-es-y-beneficios\/#breadcrumb"},"inLanguage":"ca","potentialAction":[{"@type":"ReadAction","target":["https:\/\/www.canons.es\/hydrafacial-que-es-y-beneficios\/"]}]},{"@type":"ImageObject","inLanguage":"ca","@id":"https:\/\/www.canons.es\/hydrafacial-que-es-y-beneficios\/#primaryimage","url":"https:\/\/www.canons.es\/wp-content\/uploads\/2026\/01\/hydrafacial-que-es-y-beneficios.webp","contentUrl":"https:\/\/www.canons.es\/wp-content\/uploads\/2026\/01\/hydrafacial-que-es-y-beneficios.webp","width":2048,"height":1366,"caption":"Paciente haci\u00e9ndose un Hydrafacial para disfrutar de sus beneficios"},{"@type":"BreadcrumbList","@id":"https:\/\/www.canons.es\/hydrafacial-que-es-y-beneficios\/#breadcrumb","itemListElement":[{"@type":"ListItem","position":1,"name":"Portada","item":"https:\/\/www.canons.es\/ca\/"},{"@type":"ListItem","position":2,"name":"Qu\u00e8 \u00e9s Hydrafacial i quins 5 beneficis t\u00e9 m\u00e9s enll\u00e0 del m\u00e0rqueting"}]},{"@type":"WebSite","@id":"https:\/\/www.canons.es\/#website","url":"https:\/\/www.canons.es\/","name":"Cirug\u00eda Pl\u00e1stica y Est\u00e9tica Barcelona y Granollers | C\u00e0nons Clinics","description":"","publisher":{"@id":"https:\/\/www.canons.es\/#organization"},"potentialAction":[{"@type":"SearchAction","target":{"@type":"EntryPoint","urlTemplate":"https:\/\/www.canons.es\/?s={search_term_string}"},"query-input":{"@type":"PropertyValueSpecification","valueRequired":true,"valueName":"search_term_string"}}],"inLanguage":"ca"},{"@type":"Organization","@id":"https:\/\/www.canons.es\/#organization","name":"Cirug\u00eda Pl\u00e1stica y Est\u00e9tica Barcelona y Granollers | C\u00e0nons Clinics","url":"https:\/\/www.canons.es\/","logo":{"@type":"ImageObject","inLanguage":"ca","@id":"https:\/\/www.canons.es\/#\/schema\/logo\/image\/","url":"https:\/\/www.canons.es\/wp-content\/uploads\/2025\/04\/logo-canons-clinics.jpg","contentUrl":"https:\/\/www.canons.es\/wp-content\/uploads\/2025\/04\/logo-canons-clinics.jpg","width":600,"height":139,"caption":"Cirug\u00eda Pl\u00e1stica y Est\u00e9tica Barcelona y Granollers | C\u00e0nons Clinics"},"image":{"@id":"https:\/\/www.canons.es\/#\/schema\/logo\/image\/"},"sameAs":["https:\/\/www.facebook.com\/canonsclinics\/","https:\/\/x.com\/canonsclinics","https:\/\/www.instagram.com\/canonsclinics\/","https:\/\/www.youtube.com\/channel\/UCI1Ia6LjALyo1CuQ0_HwtfQ","https:\/\/www.linkedin.com\/company\/canons-clinics\/"]},{"@type":"Person","@id":"https:\/\/www.canons.es\/#\/schema\/person\/df196b4fe308265edd7e1fa9f3d05388","name":"info@conseo.es"}]}},"_links":{"self":[{"href":"https:\/\/www.canons.es\/ca\/wp-json\/wp\/v2\/posts\/22123","targetHints":{"allow":["GET"]}}],"collection":[{"href":"https:\/\/www.canons.es\/ca\/wp-json\/wp\/v2\/posts"}],"about":[{"href":"https:\/\/www.canons.es\/ca\/wp-json\/wp\/v2\/types\/post"}],"author":[{"embeddable":true,"href":"https:\/\/www.canons.es\/ca\/wp-json\/wp\/v2\/users\/27"}],"replies":[{"embeddable":true,"href":"https:\/\/www.canons.es\/ca\/wp-json\/wp\/v2\/comments?post=22123"}],"version-history":[{"count":0,"href":"https:\/\/www.canons.es\/ca\/wp-json\/wp\/v2\/posts\/22123\/revisions"}],"wp:featuredmedia":[{"embeddable":true,"href":"https:\/\/www.canons.es\/ca\/wp-json\/wp\/v2\/media\/22119"}],"wp:attachment":[{"href":"https:\/\/www.canons.es\/ca\/wp-json\/wp\/v2\/media?parent=22123"}],"wp:term":[{"taxonomy":"category","embeddable":true,"href":"https:\/\/www.canons.es\/ca\/wp-json\/wp\/v2\/categories?post=22123"},{"taxonomy":"post_tag","embeddable":true,"href":"https:\/\/www.canons.es\/ca\/wp-json\/wp\/v2\/tags?post=22123"}],"curies":[{"name":"wp","href":"https:\/\/api.w.org\/{rel}","templated":true}]}}