{"id":22017,"date":"2025-10-23T19:48:47","date_gmt":"2025-10-23T17:48:47","guid":{"rendered":"https:\/\/www.canons.es\/preserve-lultim-en-augment-de-pit-minimament-invasiu-en-que-consisteix\/"},"modified":"2025-10-24T07:57:28","modified_gmt":"2025-10-24T05:57:28","slug":"preserve-augment-de-pit-minimament-invasiu","status":"publish","type":"post","link":"https:\/\/www.canons.es\/ca\/preserve-augment-de-pit-minimament-invasiu\/","title":{"rendered":"Preserv\u00e9: l&#8217;\u00faltim en augment de pit m\u00ednimament invasiu. En qu\u00e8 consisteix?"},"content":{"rendered":"<div class=\"wpb-content-wrapper\">\n\n<div class=\"kk-star-ratings kksr-auto kksr-align-left kksr-valign-top\"\n    data-payload='{&quot;align&quot;:&quot;left&quot;,&quot;id&quot;:&quot;22017&quot;,&quot;slug&quot;:&quot;default&quot;,&quot;valign&quot;:&quot;top&quot;,&quot;ignore&quot;:&quot;&quot;,&quot;reference&quot;:&quot;auto&quot;,&quot;class&quot;:&quot;&quot;,&quot;count&quot;:&quot;5&quot;,&quot;legendonly&quot;:&quot;&quot;,&quot;readonly&quot;:&quot;&quot;,&quot;score&quot;:&quot;5&quot;,&quot;starsonly&quot;:&quot;&quot;,&quot;best&quot;:&quot;5&quot;,&quot;gap&quot;:&quot;5&quot;,&quot;greet&quot;:&quot;Eval\u00faa este art\u00edculo&quot;,&quot;legend&quot;:&quot;5\\\/5 - (5 votes)&quot;,&quot;size&quot;:&quot;24&quot;,&quot;title&quot;:&quot;Preserv\u00e9: l\\u0026#039;\u00faltim en augment de pit m\u00ednimament invasiu. En qu\u00e8 consisteix?&quot;,&quot;width&quot;:&quot;142.5&quot;,&quot;_legend&quot;:&quot;{score}\\\/{best} - ({count} {votes})&quot;,&quot;font_factor&quot;:&quot;1.25&quot;}'>\n            \n<div class=\"kksr-stars\">\n    \n<div class=\"kksr-stars-inactive\">\n            <div class=\"kksr-star\" data-star=\"1\" style=\"padding-right: 5px\">\n            \n\n<div class=\"kksr-icon\" style=\"width: 24px; height: 24px;\"><\/div>\n        <\/div>\n            <div class=\"kksr-star\" data-star=\"2\" style=\"padding-right: 5px\">\n            \n\n<div class=\"kksr-icon\" style=\"width: 24px; height: 24px;\"><\/div>\n        <\/div>\n            <div class=\"kksr-star\" data-star=\"3\" style=\"padding-right: 5px\">\n            \n\n<div class=\"kksr-icon\" style=\"width: 24px; height: 24px;\"><\/div>\n        <\/div>\n            <div class=\"kksr-star\" data-star=\"4\" style=\"padding-right: 5px\">\n            \n\n<div class=\"kksr-icon\" style=\"width: 24px; height: 24px;\"><\/div>\n        <\/div>\n            <div class=\"kksr-star\" data-star=\"5\" style=\"padding-right: 5px\">\n            \n\n<div class=\"kksr-icon\" style=\"width: 24px; height: 24px;\"><\/div>\n        <\/div>\n    <\/div>\n    \n<div class=\"kksr-stars-active\" style=\"width: 142.5px;\">\n            <div class=\"kksr-star\" style=\"padding-right: 5px\">\n            \n\n<div class=\"kksr-icon\" style=\"width: 24px; height: 24px;\"><\/div>\n        <\/div>\n            <div class=\"kksr-star\" style=\"padding-right: 5px\">\n            \n\n<div class=\"kksr-icon\" style=\"width: 24px; height: 24px;\"><\/div>\n        <\/div>\n            <div class=\"kksr-star\" style=\"padding-right: 5px\">\n            \n\n<div class=\"kksr-icon\" style=\"width: 24px; height: 24px;\"><\/div>\n        <\/div>\n            <div class=\"kksr-star\" style=\"padding-right: 5px\">\n            \n\n<div class=\"kksr-icon\" style=\"width: 24px; height: 24px;\"><\/div>\n        <\/div>\n            <div class=\"kksr-star\" style=\"padding-right: 5px\">\n            \n\n<div class=\"kksr-icon\" style=\"width: 24px; height: 24px;\"><\/div>\n        <\/div>\n    <\/div>\n<\/div>\n                \n\n<div class=\"kksr-legend\" style=\"font-size: 19.2px;\">\n            5\/5 - (5 votes)    <\/div>\n    <\/div>\n<p>[vc_row css_animation=&#8221;&#8221; row_type=&#8221;row&#8221; use_row_as_full_screen_section=&#8221;no&#8221; type=&#8221;full_width&#8221; angled_section=&#8221;no&#8221; text_align=&#8221;left&#8221; background_image_as_pattern=&#8221;without_pattern&#8221; css=&#8221;.vc_custom_1744457209194{padding-bottom: 36px !important;}&#8221; z_index=&#8221;&#8221;][vc_column][vc_column_text css=&#8221;&#8221;]<span style=\"font-weight: 400;\">Cada X temps sorgeixen nous procediments en cirurgia pl\u00e0stica i est\u00e8tica que es venen com a \u201crevolucionaris\u201d. M\u00e0rqueting&#8230;Quants ho s\u00f3n de veritat? <\/span><b>La darrera novetat en augment de pit \u00e9s la t\u00e8cnica Preserv\u00e9 de Motiva<\/b><span style=\"font-weight: 400;\">. T&#8217;explico qu\u00e8 \u00e9s, quins avantatges aporta a les pacients i la nostra experi\u00e8ncia a C\u00e0nons Clinics.<\/span>[\/vc_column_text][\/vc_column][\/vc_row][vc_row css_animation=&#8221;&#8221; row_type=&#8221;row&#8221; use_row_as_full_screen_section=&#8221;no&#8221; type=&#8221;full_width&#8221; angled_section=&#8221;no&#8221; text_align=&#8221;left&#8221; background_image_as_pattern=&#8221;without_pattern&#8221; z_index=&#8221;&#8221;][vc_column css=&#8221;.vc_custom_1742996790970{padding-top: 0px !important;padding-bottom: 0px !important;}&#8221;][vc_column_text css=&#8221;.vc_custom_1744457245395{margin-bottom: 14px !important;}&#8221;]<div id=\"ez-toc-container\" class=\"ez-toc-v2_0_82_2 counter-hierarchy ez-toc-counter ez-toc-custom ez-toc-container-direction\">\n<div class=\"ez-toc-title-container\">\n<span class=\"ez-toc-title-toggle\"><\/span><\/div>\n<nav><ul class='ez-toc-list ez-toc-list-level-1 ' ><li class='ez-toc-page-1 ez-toc-heading-level-2'><a class=\"ez-toc-link ez-toc-heading-1\" href=\"https:\/\/www.canons.es\/ca\/preserve-augment-de-pit-minimament-invasiu\/#que-es-el-augment-de-pit-preserve-en-que-innova\" >Qu\u00e8 \u00e9s el augment de pit Preserv\u00e9: en qu\u00e8 innova?<\/a><ul class='ez-toc-list-level-3' ><li class='ez-toc-heading-level-3'><a class=\"ez-toc-link ez-toc-heading-2\" href=\"https:\/\/www.canons.es\/ca\/preserve-augment-de-pit-minimament-invasiu\/#una-cirurgia-basada-en-la-preservacio-del-teixit-mamari\" >Una cirurgia basada en la preservaci\u00f3 del teixit mamari<\/a><\/li><li class='ez-toc-page-1 ez-toc-heading-level-3'><a class=\"ez-toc-link ez-toc-heading-3\" href=\"https:\/\/www.canons.es\/ca\/preserve-augment-de-pit-minimament-invasiu\/#com-canvia-el-procediment\" >Com canvia el procediment<\/a><\/li><li class='ez-toc-page-1 ez-toc-heading-level-3'><a class=\"ez-toc-link ez-toc-heading-4\" href=\"https:\/\/www.canons.es\/ca\/preserve-augment-de-pit-minimament-invasiu\/#quines-protesis-es-fan-servir\" >Quines pr\u00f2tesis es fan servir<\/a><\/li><\/ul><\/li><li class='ez-toc-page-1 ez-toc-heading-level-2'><a class=\"ez-toc-link ez-toc-heading-5\" href=\"https:\/\/www.canons.es\/ca\/preserve-augment-de-pit-minimament-invasiu\/#en-que-millora-laugment-mamari-amb-tecnica-preserve\" >En qu\u00e8 millora l&#8217;augment mamari amb t\u00e8cnica Preserv\u00e9<\/a><ul class='ez-toc-list-level-3' ><li class='ez-toc-heading-level-3'><a class=\"ez-toc-link ez-toc-heading-6\" href=\"https:\/\/www.canons.es\/ca\/preserve-augment-de-pit-minimament-invasiu\/#pel-que-fa-a-les-tecniques-tradicionals\" >Pel que fa a les t\u00e8cniques tradicionals<\/a><\/li><li class='ez-toc-page-1 ez-toc-heading-level-3'><a class=\"ez-toc-link ez-toc-heading-7\" href=\"https:\/\/www.canons.es\/ca\/preserve-augment-de-pit-minimament-invasiu\/#pel-que-fa-a-altres-tecniques-minimament-invasives\" >Pel que fa a altres t\u00e8cniques m\u00ednimament invasives<\/a><\/li><\/ul><\/li><li class='ez-toc-page-1 ez-toc-heading-level-2'><a class=\"ez-toc-link ez-toc-heading-8\" href=\"https:\/\/www.canons.es\/ca\/preserve-augment-de-pit-minimament-invasiu\/#la-nostra-experiencia-amb-laugment-del-pit-preserve\" >La nostra experi\u00e8ncia amb l&#8217;augment del pit Preserv\u00e9<\/a><ul class='ez-toc-list-level-3' ><li class='ez-toc-heading-level-3'><a class=\"ez-toc-link ez-toc-heading-9\" href=\"https:\/\/www.canons.es\/ca\/preserve-augment-de-pit-minimament-invasiu\/#per-que-ho-hem-incorporat-i-limitacions-que-veiem\" >Per qu\u00e8 ho hem incorporat i limitacions que veiem<\/a><\/li><li class='ez-toc-page-1 ez-toc-heading-level-3'><a class=\"ez-toc-link ez-toc-heading-10\" href=\"https:\/\/www.canons.es\/ca\/preserve-augment-de-pit-minimament-invasiu\/#cas-recent-a-la-nostra-clinica-%e2%80%9cpuc-anar-men-de-concert%e2%80%9d\" >Cas recent a la nostra cl\u00ednica: \u201cpuc anar-me&#8217;n de concert?\u201d<\/a><\/li><li class='ez-toc-page-1 ez-toc-heading-level-3'><a class=\"ez-toc-link ez-toc-heading-11\" href=\"https:\/\/www.canons.es\/ca\/preserve-augment-de-pit-minimament-invasiu\/#%c2%bfpreserve-seria-el-mes-adequat-per-a-mi\" >\u00bfPreserv\u00e9 seria el m\u00e9s adequat per a mi?<\/a><\/li><\/ul><\/li><li class='ez-toc-page-1 ez-toc-heading-level-2'><a class=\"ez-toc-link ez-toc-heading-12\" href=\"https:\/\/www.canons.es\/ca\/preserve-augment-de-pit-minimament-invasiu\/#mes-informacion\" >M\u00e9s informaci\u00f3n<\/a><\/li><\/ul><\/nav><\/div>\n[\/vc_column_text][\/vc_column][\/vc_row][vc_row css_animation=&#8221;&#8221; row_type=&#8221;row&#8221; use_row_as_full_screen_section=&#8221;no&#8221; type=&#8221;full_width&#8221; angled_section=&#8221;no&#8221; text_align=&#8221;left&#8221; background_image_as_pattern=&#8221;without_pattern&#8221; css=&#8221;.vc_custom_1761161742854{padding-top: 50px !important;padding-bottom: 10px !important;}&#8221; z_index=&#8221;&#8221;][vc_column css=&#8221;.vc_custom_1750158356270{padding-top: 0px !important;padding-bottom: 0px !important;}&#8221;][vc_column_text css=&#8221;&#8221;]<\/p>\n<h2><span class=\"ez-toc-section\" id=\"que-es-el-augment-de-pit-preserve-en-que-innova\"><\/span><span style=\"color: #0b4f99;\"><b>Qu\u00e8 \u00e9s el augment de pit Preserv\u00e9: en qu\u00e8 innova?<br \/>\n<\/b><\/span><span class=\"ez-toc-section-end\"><\/span><\/h2>\n<p>[\/vc_column_text][vc_column_text css=&#8221;.vc_custom_1761067895092{padding-bottom: 16px !important;}&#8221;]<\/p>\n<h3 style=\"margin-top: 20px; margin-bottom: 20px;\"><span class=\"ez-toc-section\" id=\"una-cirurgia-basada-en-la-preservacio-del-teixit-mamari\"><\/span><span style=\"color: #3498db;\"><b>Una cirurgia basada en la preservaci\u00f3 del teixit mamari<br \/>\n<\/b><\/span><span class=\"ez-toc-section-end\"><\/span><\/h3>\n<p>[\/vc_column_text][vc_column_text css=&#8221;.vc_custom_1761154435431{padding-bottom: 16px !important;}&#8221;]<span style=\"font-weight: 400;\">Per entendre qu\u00e8 \u00e9s Preserv\u00e9, vegem d&#8217;on partim.<\/span><\/p>\n<p><span style=\"font-weight: 400;\">En resum, un <\/span><a href=\"https:\/\/www.canons.es\/ca\/cirurgia-plastica-corporal\/aumento-de-mamas\/\"><span style=\"font-weight: 400;\">augment de pit<\/span><\/a><span style=\"font-weight: 400;\"> convencional varia segons:<\/span><\/p>\n<ul>\n<li style=\"list-style-type: none;\">\n<ul>\n<li style=\"font-weight: 400;\" aria-level=\"1\"><b>On fem la incisi\u00f3<\/b><span style=\"font-weight: 400;\"> (la via d&#8217;abordatge). Pot ser al plec inferior de la mama (solc submamari), al voltant de l&#8217;ar\u00e8ola (periareolar) o a l&#8217;aixella. \u00c9s on queda la cicatriu.<\/span><\/li>\n<p> \t<\/p>\n<li style=\"font-weight: 400;\" aria-level=\"1\"><b>On posem l&#8217;implant <\/b><span style=\"font-weight: 400;\">(el pla de col\u00b7locaci\u00f3). Sota la gl\u00e0ndula mam\u00e0ria (subglandular), sota la capa de teixit conjuntiu que recobreix la musculatura pectoral (subfascial) o sota el mateix m\u00fascul (submuscular).<\/span><\/li>\n<p><\/ul>\n<p><\/li>\n<p><\/ul>\n<p><span style=\"font-weight: 400;\"><br \/>\nTot t\u00e9 els seus pros i contres.<\/span><\/p>\n<p><b>El m\u00e9s com\u00fa avui dia \u00e9s la via submam\u00e0ria i posar la pr\u00f2tesi sota el m\u00fascul<\/b><span style=\"font-weight: 400;\">, normalment en una posici\u00f3 que anomenem \u201cDual Plane\u201d. La part superior queda darrere del m\u00fascul i la inferior despr\u00e9s de la gl\u00e0ndula.<\/span><\/p>\n<p><span style=\"font-weight: 400;\">Tot i que hi ha casos i casos, aix\u00f2 \u00e9s el que m\u00e9s se sol recomanar a la majoria de pacients. \u00c9s una t\u00e8cnica molt segura, efectiva i satisfact\u00f2ria. A C\u00e0nons Clinics hem tingut i seguim tenint resultats fant\u00e0stics.<\/span><\/p>\n<p><span style=\"font-weight: 400;\">Per\u00f2 <\/span><b>t\u00e9 un desavantatge principal<\/b><span style=\"font-weight: 400;\">.<\/span><\/p>\n<p><span style=\"font-weight: 400;\">Les persones l\u00f2gicament no naixem amb un forat al pit per allotjar implants. Cal crear aquest espai, que \u00e9s el que es coneix com a butxaca.\u00a0<\/span><\/p>\n<p><span style=\"font-weight: 400;\">Per aix\u00f2 <\/span><b>es fan talls a la musculatura<\/b><span style=\"font-weight: 400;\">. I encara que es fa amb la delicadesa m\u00e9s gran, no deixa de ser un procediment for\u00e7a traum\u00e0tic. Genera dolor al postoperatori i obliga a la pacient a pausar la vida almenys 3-4 dies.<\/span><\/p>\n<p><span style=\"font-weight: 400;\">Vet aqu\u00ed el quid de la q\u00fcesti\u00f3.<\/span><\/p>\n<p><b>Preserv\u00e9 \u00e9s una t\u00e8cnica m\u00ednimament invasiva que preserva els teixits mamaris<\/b><span style=\"font-weight: 400;\">. Creem una butxaca per a la pr\u00f2tesi sense tallar el m\u00fascul. Com ara t&#8217;explicar\u00e9, la mama en general pateix menys i la recuperaci\u00f3 \u00e9s molt m\u00e9s r\u00e0pida.<\/span><\/p>\n<p><span style=\"font-weight: 400;\">Despr\u00e9s t&#8217;explico un cas al\u00b7lucinant.<\/span>[\/vc_column_text][vc_column_text css=&#8221;.vc_custom_1761067996628{padding-bottom: 16px !important;}&#8221;]<\/p>\n<h3 style=\"margin-top: 20px; margin-bottom: 20px;\"><span class=\"ez-toc-section\" id=\"com-canvia-el-procediment\"><\/span><span style=\"color: #3498db;\"><b>Com canvia el procediment<br \/>\n<\/b><\/span><span class=\"ez-toc-section-end\"><\/span><\/h3>\n<p>[\/vc_column_text][vc_column_text css=&#8221;.vc_custom_1761217945778{padding-bottom: 16px !important;}&#8221;]<span style=\"font-weight: 400;\">L&#8217;augment del pit Preserv\u00e9 s\u00f3n 3 passos:<\/span><\/p>\n<p>1.<b> Es tunelitza la mama<\/b><span style=\"font-weight: 400;\">. Es fa servir un instrument que permet fer un petit t\u00fanel de manera molt respectuosa per als teixits, despla\u00e7ant-los sense talls. S&#8217;introdueix a trav\u00e9s d&#8217;una incisi\u00f3 d&#8217;uns 2,5 cm al solc submamari.<br \/>\n<\/span>2.<b> S&#8217;insereix una pilota inflable <\/b><span style=\"font-weight: 400;\">per aquest t\u00fanel<\/span> <span style=\"font-weight: 400;\">i s&#8217;infla amb absolut control (va a mida de la pr\u00f2tesi que posarem). Els teixits es distendeixen amb suavitat i \u201cobrim espai\u201d sense lesionar la musculatura, nervis, gots o gl\u00e0ndula.<br \/>\n<\/span>3.<b> Es retira la pilota i es fica l&#8217;implant amb t\u00e8cnica No Touch<\/b><span style=\"font-weight: 400;\">. Es fa servir una m\u00e0niga est\u00e8ril per situar-lo en aquesta butxaca que hem creat. S&#8217;acomoda sense traumes, aprofitant les pr\u00f2pies estructures de subjecci\u00f3 de la mama.<\/span><\/p>\n<p><span style=\"font-weight: 400;\">On es posa exactament la pr\u00f2tesi?<\/span><\/p>\n<p><b>En un espai multicapa de teixit gras i fibr\u00f3s<\/b><span style=\"font-weight: 400;\">. \u00c9s un pla subglandular per\u00f2 molt millor integrat al pit. M\u00e9s natural per al cos, m\u00e9s estable (prev\u00e9 malposicions de l&#8217;implant) i sobretot m\u00e9s segur.\u00a0<\/span><\/p>\n<p><span style=\"font-weight: 400;\">Motiva en diu \u201cespai de preservaci\u00f3 del teixit mamari\u201d.\u00a0<\/span><\/p>\n<p><span style=\"font-weight: 400;\">\u00c9s molt nou, perqu\u00e8:<\/span><\/p>\n<ul>\n<li style=\"list-style-type: none;\">\n<ul>\n<li style=\"font-weight: 400;\" aria-level=\"1\"><b>Uneix les bondats del pla submuscular<\/b><span style=\"font-weight: 400;\">: seguretat, menor risc de contractura capsular i rippling i m\u00ednima palpabilitat de la pr\u00f2tesi;<\/span><\/li>\n<p> \t<\/p>\n<li style=\"font-weight: 400;\" aria-level=\"1\"><b>Amb lo bo del subglandular<\/b><span>: no es mou l&#8217;implant en contraure el pectoral, el m\u00fascul roman intacte i hi ha menys dolor postoperatori.<\/span><\/li>\n<p><\/ul>\n<p><\/li>\n<p><\/ul>\n<p>[\/vc_column_text][vc_single_image image=&#8221;22000&#8243; img_size=&#8221;750&#215;494&#8243; alignment=&#8221;center&#8221; onclick=&#8221;img_link_large&#8221; css=&#8221;.vc_custom_1761154691263{padding-top: 30px !important;}&#8221; qode_css_animation=&#8221;&#8221;][vc_column_text css=&#8221;.vc_custom_1761068464134{padding-top: 10px !important;padding-bottom: 16px !important;}&#8221;]<\/p>\n<p style=\"font-size: 12px; text-align: center;\">A l&#8217;esquerra, els 3 plans de col\u00b7locaci\u00f3 cl\u00e0ssics.<br \/>\nA la dreta el de Preserv\u00e9, m\u00e9s respectu\u00f3s amb l&#8217;anatomia i la funcionalitat mam\u00e0ria<\/p>\n<p>[\/vc_column_text][vc_column_text css=&#8221;.vc_custom_1761068522487{padding-bottom: 16px !important;}&#8221;]<\/p>\n<h3 style=\"margin-top: 20px; margin-bottom: 20px;\"><span class=\"ez-toc-section\" id=\"quines-protesis-es-fan-servir\"><\/span><span style=\"color: #3498db;\"><b>Quines pr\u00f2tesis es fan servir<br \/>\n<\/b><\/span><span class=\"ez-toc-section-end\"><\/span><\/h3>\n<p>[\/vc_column_text][vc_column_text css=&#8221;.vc_custom_1761069833176{padding-bottom: 16px !important;}&#8221;]<span style=\"font-weight: 400;\">Adona&#8217;t que fem una incisi\u00f3 de nom\u00e9s 2,5 cm.<\/span><\/p>\n<p><span style=\"font-weight: 400;\">Aix\u00f2 vol dir que no qualsevol implant serveix per a un augment de pit amb m\u00e8tode Preserv\u00e9. Hi ha de cabre per aquesta obertura tan min\u00fascula sense perdre la seva integritat.<\/span><\/p>\n<p><span style=\"font-weight: 400;\">Utilitzem en concret les <\/span><b>pr\u00f2tesis ergon\u00f2miques Ergonomix 2 de Motiva<\/b><span style=\"font-weight: 400;\">, d&#8217;\u00faltima generaci\u00f3. Es fabriquen amb un gel de silicona especial que \u00e9s m\u00e9s flexible. Capa\u00e7 d\u00b4entrar per espais molt petits.<\/span><\/p>\n<p><span style=\"font-weight: 400;\">Tenen a m\u00e9s altres avantatges:<\/span><\/p>\n<ul>\n<li style=\"list-style-type: none;\">\n<ul>\n<li style=\"font-weight: 400;\" aria-level=\"1\"><b>Ofereixen un resultat molt org\u00e0nic<\/b><span style=\"font-weight: 400;\">. S\u00f3n implants rodons, per\u00f2 a nivell visual i de mobilitat s&#8217;aproximen als anat\u00f2mics. Estant de peu o tombada la mama es comporta de forma molt semblant a com ho faria naturalment.<\/span><\/li>\n<p> \t<\/p>\n<li style=\"font-weight: 400;\" aria-level=\"1\"><b>Associen una taxa molt baixa de complicacions<\/b><span style=\"font-weight: 400;\">. \u00c9s per la coberta nano texturada. S&#8217;integren molt b\u00e9 al teixit mamari, per la qual cosa produeixen menys inflamaci\u00f3 i minimitzen el risc de contractura capsular.<\/span><\/li>\n<p> \t<\/p>\n<li style=\"font-weight: 400;\" aria-level=\"1\"><b>Sensaci\u00f3 de naturalitat<\/b><span style=\"font-weight: 400;\">. En el tacte, en com se senten\u2026 Les pacients no tenen la impressi\u00f3 que porten alguna cosa al pit. \u00c9s com si en formessin part, com em solen dir a la cl\u00ednica.<\/span><\/li>\n<p><\/ul>\n<p><\/li>\n<p><\/ul>\n<p><span style=\"font-weight: 400;\"><br \/>\nEn un article anterior vaig revisar i digues <\/span><a href=\"https:\/\/www.canons.es\/ca\/opinio-medica-implants-motiva\/\"><span style=\"font-weight: 400;\">la meva opini\u00f3 m\u00e8dica sobre les pr\u00f2tesis Motiva<\/span><\/a><span style=\"font-weight: 400;\">.\u00a0<\/span><\/p>\n<p><span style=\"font-weight: 400;\">Fes-li una ullada si vols saber-ne m\u00e9s.<\/span>[\/vc_column_text][vc_column_text css=&#8221;.vc_custom_1761069912308{padding-top: 30px !important;}&#8221;]<\/p>\n<h2><span class=\"ez-toc-section\" id=\"en-que-millora-laugment-mamari-amb-tecnica-preserve\"><\/span><span style=\"color: #0b4f99;\"><b>En qu\u00e8 millora l&#8217;augment mamari amb t\u00e8cnica Preserv\u00e9<br \/>\n<\/b><\/span><span class=\"ez-toc-section-end\"><\/span><\/h2>\n<p>[\/vc_column_text][vc_column_text css=&#8221;.vc_custom_1761068749612{padding-bottom: 16px !important;}&#8221;]<\/p>\n<h3 style=\"margin-top: 20px; margin-bottom: 20px;\"><span class=\"ez-toc-section\" id=\"pel-que-fa-a-les-tecniques-tradicionals\"><\/span><span style=\"color: #3498db;\"><b>Pel que fa a les t\u00e8cniques tradicionals<br \/>\n<\/b><\/span><span class=\"ez-toc-section-end\"><\/span><\/h3>\n<p>[\/vc_column_text][vc_column_text css=&#8221;.vc_custom_1761161694611{padding-bottom: 16px !important;}&#8221;]<span style=\"font-weight: 400;\">Prefereixes un postoperatori m\u00e9s llarg o curt?<\/span><\/p>\n<p><span style=\"font-weight: 400;\">Preserv\u00e9 aconsegueix resultats fant\u00e0stics com els qu\u00e8 en bones mans aconsegueixen els m\u00e8todes actuals d&#8217;augment de pit, per\u00f2 a m\u00e9s t\u00e9 <\/span><b>un avantatge fonamental<\/b><span style=\"font-weight: 400;\">.<\/span><\/p>\n<p><span style=\"font-weight: 400;\">\u00c9s una t\u00e8cnica m\u00ednimament invasiva.<\/span><\/p>\n<p><span style=\"font-weight: 400;\">Aix\u00f2 significa:<\/span><\/p>\n<ul>\n<li style=\"list-style-type: none;\">\n<ul>\n<li style=\"font-weight: 400;\" aria-level=\"1\"><b>Cicatrius gaireb\u00e9 indetectables a la mama<\/b><span style=\"font-weight: 400;\">. Hem passat a cicatrius de nom\u00e9s 2,5 cm. Seguint unes senzilles cures evolucionen molt b\u00e9. Queden gaireb\u00e9 imperceptibles, portis la roba que portis.<\/span><\/li>\n<p> \t<\/p>\n<li style=\"font-weight: 400;\" aria-level=\"1\"><b>Preserva m\u00e9s l&#8217;anatomia, funcions i sensibilitat<\/b><span style=\"font-weight: 400;\">. Es remodela el pit gaireb\u00e9 sense alterar-ne les estructures. No es toca el m\u00fascul i baixa molt\u00edssim el risc d&#8217;afectar nervis, gots i gl\u00e0ndula. El teu mugr\u00f3 segueix igual de sensible.<\/span><\/li>\n<p> \t<\/p>\n<li style=\"font-weight: 400;\" aria-level=\"1\"><b>Sense anest\u00e8sia general, drenatges ni hospitalitzaci\u00f3<\/b><span style=\"font-weight: 400;\">. Com no malmetem tant els teixits mamaris, amb anest\u00e8sia local i sedaci\u00f3 \u00e9s suficient perqu\u00e8 hi hagi zero dolor. M\u00e9s segur, m\u00e9s r\u00e0pid i dorms al teu llit aquella nit.\u00a0<\/span><\/li>\n<p><\/ul>\n<p><\/li>\n<p><\/ul>\n<p>[\/vc_column_text][\/vc_column][\/vc_row][vc_row css_animation=&#8221;&#8221; row_type=&#8221;row&#8221; use_row_as_full_screen_section=&#8221;no&#8221; type=&#8221;full_width&#8221; angled_section=&#8221;no&#8221; text_align=&#8221;left&#8221; background_image_as_pattern=&#8221;without_pattern&#8221; z_index=&#8221;&#8221;][vc_column width=&#8221;1\/2&#8243; css=&#8221;.vc_custom_1750158478779{border-top-width: 50px !important;border-bottom-width: 50px !important;padding-top: 0px !important;padding-bottom: 0px !important;}&#8221; offset=&#8221;vc_hidden-xs&#8221;][vc_column_text css=&#8221;.vc_custom_1761160672572{padding-bottom: 16px !important;}&#8221;]<br \/>\n<span style=\"font-weight: 400;\">Gr\u00e0cies a tot aix\u00f2 la <\/span><b>reincorporaci\u00f3 \u00e9s gaireb\u00e9 immediata<\/b><span style=\"font-weight: 400;\">.<\/span><\/p>\n<p><span style=\"font-weight: 400;\">Si b\u00e9 cada cos t\u00e9 els seus temps, el que estem veient \u00e9s que a excepci\u00f3 de forces grans i esport almenys 1 o 2 setmanes, <\/span><b>reprens la teva rutina a les 24 hores<\/b><span style=\"font-weight: 400;\">.\u00a0<\/span><\/p>\n<p><span style=\"font-weight: 400;\">\u00c9s meravell\u00f3s. M\u00e9s si no et pots donar el luxe d&#8217;una aturada.<\/span><\/p>\n<p><span style=\"font-weight: 400;\">Has de seguir una s\u00e8rie de recomanacions per obtenir un resultat \u00f2ptim, \u00e9s clar. I per descomptat anem fent un seguiment a la cl\u00ednica.<\/span><\/p>\n<p><span style=\"font-weight: 400;\">Per\u00f2 et parlo que el mateix dia les pacients ja es veuen amb ganes de passejar o de fer activitats lleugeres quotidianes (impensable amb la cirurgia tradicional). <\/span><b>Es redueixen molt la inflamaci\u00f3, el dolor postoperatori<\/b><span style=\"font-weight: 400;\"> i les complicacions.<\/span><\/p>\n<p><span style=\"font-weight: 400;\">I donada aquesta menor invasivitat, els <\/span><b>resultats s\u00f3n fins i tot m\u00e9s naturals<\/b><span style=\"font-weight: 400;\">. Tot i que com et dic, en bones mans un abordatge tradicional com Dual Plane aconsegueix igual un pit molt bonic, harm\u00f2nic i proporcionat.<\/span><\/p>\n<p><span style=\"font-weight: 400;\">Mira el v\u00eddeo. T&#8217;explico m\u00e9s.<\/span>[\/vc_column_text][vc_empty_space height=&#8221;115px&#8221;][\/vc_column][vc_column width=&#8221;1\/2&#8243; offset=&#8221;vc_hidden-xs&#8221;][vc_video link=&#8221;https:\/\/www.youtube.com\/shorts\/mk3tCwYxyso&#8221; el_aspect=&#8221;916&#8243; align=&#8221;center&#8221; css=&#8221;.vc_custom_1761160555160{margin-bottom: 0px !important;padding-top: 15px !important;}&#8221;][\/vc_column][\/vc_row][vc_row css_animation=&#8221;&#8221; row_type=&#8221;row&#8221; use_row_as_full_screen_section=&#8221;no&#8221; type=&#8221;full_width&#8221; angled_section=&#8221;no&#8221; text_align=&#8221;left&#8221; background_image_as_pattern=&#8221;without_pattern&#8221; z_index=&#8221;&#8221; css=&#8221;.vc_custom_1750164731157{margin-top: 0px !important;margin-bottom: 0px !important;}&#8221;][vc_column css=&#8221;.vc_custom_1761161977682{padding-top: 0px !important;padding-bottom: 20px !important;}&#8221; offset=&#8221;vc_hidden-lg vc_hidden-md vc_hidden-sm&#8221;][vc_column_text css=&#8221;.vc_custom_1761161083664{padding-bottom: 16px !important;}&#8221;]<br \/>\n<span style=\"font-weight: 400;\">Gr\u00e0cies a tot aix\u00f2 la <\/span><b>reincorporaci\u00f3 \u00e9s gaireb\u00e9 immediata<\/b><span style=\"font-weight: 400;\">.<\/span><\/p>\n<p><span style=\"font-weight: 400;\">Si b\u00e9 cada cos t\u00e9 els seus temps, el que estem veient \u00e9s que a excepci\u00f3 de forces grans i esport almenys 1 o 2 setmanes, <\/span><b>reprens la teva rutina a les 24 hores<\/b><span style=\"font-weight: 400;\">.\u00a0<\/span><\/p>\n<p><span style=\"font-weight: 400;\">\u00c9s meravell\u00f3s. M\u00e9s si no et pots donar el luxe d&#8217;una aturada.<\/span><\/p>\n<p><span style=\"font-weight: 400;\">Has de seguir una s\u00e8rie de recomanacions per obtenir un resultat \u00f2ptim, \u00e9s clar. I per descomptat anem fent un seguiment a la cl\u00ednica.<\/span><\/p>\n<p><span style=\"font-weight: 400;\">Per\u00f2 et parlo que el mateix dia les pacients ja es veuen amb ganes de passejar o de fer activitats lleugeres quotidianes (impensable amb la cirurgia tradicional). <\/span><b>Es redueixen molt la inflamaci\u00f3, el dolor postoperatori<\/b><span style=\"font-weight: 400;\"> i les complicacions.<\/span><\/p>\n<p><span style=\"font-weight: 400;\">I donada aquesta menor invasivitat, els <\/span><b>resultats s\u00f3n fins i tot m\u00e9s naturals<\/b><span style=\"font-weight: 400;\">. Tot i que com et dic, en bones mans un abordatge tradicional com Dual Plane aconsegueix igual un pit molt bonic, harm\u00f2nic i proporcionat.<\/span><\/p>\n<p><span style=\"font-weight: 400;\">Mira el v\u00eddeo. T&#8217;explico m\u00e9s.<\/span>[\/vc_column_text][vc_empty_space height=&#8221;20px&#8221;][vc_video link=&#8221;https:\/\/www.youtube.com\/shorts\/mk3tCwYxyso&#8221; el_aspect=&#8221;916&#8243; align=&#8221;center&#8221; css=&#8221;&#8221;][\/vc_column][\/vc_row][vc_row css_animation=&#8221;&#8221; row_type=&#8221;row&#8221; use_row_as_full_screen_section=&#8221;no&#8221; type=&#8221;full_width&#8221; angled_section=&#8221;no&#8221; text_align=&#8221;left&#8221; background_image_as_pattern=&#8221;without_pattern&#8221; css=&#8221;.vc_custom_1761161517339{border-top-width: 50px !important;padding-bottom: 30px !important;}&#8221; z_index=&#8221;&#8221;][vc_column css=&#8221;.vc_custom_1750158113668{padding-top: 0px !important;padding-bottom: 0px !important;}&#8221;][vc_column_text css=&#8221;.vc_custom_1761068841956{padding-bottom: 16px !important;}&#8221;]<\/p>\n<h3 style=\"margin-top: 20px; margin-bottom: 20px;\"><span class=\"ez-toc-section\" id=\"pel-que-fa-a-altres-tecniques-minimament-invasives\"><\/span><span style=\"color: #3498db;\"><b>Pel que fa a altres t\u00e8cniques m\u00ednimament invasives<br \/>\n<\/b><\/span><span class=\"ez-toc-section-end\"><\/span><\/h3>\n<p>[\/vc_column_text][vc_column_text css=&#8221;.vc_custom_1761068878260{padding-bottom: 16px !important;}&#8221;]<span style=\"font-weight: 400;\">Preserv\u00e9 no \u00e9s l&#8217;\u00fanic procediment d&#8217;aquest tipus que avui dia existeix.<\/span><\/p>\n<p><span style=\"font-weight: 400;\">La <\/span><b>alternativa principal \u00e9s<\/b> <b>MIA FemTech<\/b><span style=\"font-weight: 400;\">, augment mamari tamb\u00e9 m\u00ednimament invasiu. Preserva teixits, sense anest\u00e8sia general, recuperaci\u00f3 r\u00e0pida, etc.<\/span><\/p>\n<p><span style=\"font-weight: 400;\">Difer\u00e8ncies?<\/span><\/p>\n<ul>\n<li style=\"list-style-type: none;\">\n<ul>\n<li style=\"font-weight: 400;\" aria-level=\"1\"><b>La pr\u00f2tesi s&#8217;insereix via trans axil\u00b7lar<\/b><span style=\"font-weight: 400;\">. \u00c9s a dir, a trav\u00e9s d&#8217;una incisi\u00f3 a l&#8217;aixella i no al solc submamari.<\/span><\/li>\n<p> \t<\/p>\n<li style=\"font-weight: 400;\" aria-level=\"1\"><b>No deixa cicatrius al pit<\/b><span style=\"font-weight: 400;\">. Nom\u00e9s en queda una d&#8217;uns 2 cm oculta sota el bra\u00e7. Gaireb\u00e9 invisible.<\/span><\/li>\n<p> \t<\/p>\n<li style=\"font-weight: 400;\" aria-level=\"1\"><b>Incrementa m\u00e0xim 2 copes i 195 cc<\/b><span style=\"font-weight: 400;\">. S&#8217;indica en augments m\u00e9s discrets, cosa que descarta moltes pacients que volen engrandir m\u00e9s.<\/span><\/li>\n<p><\/ul>\n<p><\/li>\n<p><\/ul>\n<p><b><br \/>\nPreserv\u00e9 permet pujar fins a 4 copes i 330 cc<\/b><span style=\"font-weight: 400;\">, adaptant-se a les prefer\u00e8ncies en cada cas. Hi ha dones que busquen un volum uniforme del pit. Altres volen o necessiten m\u00e9s projecci\u00f3 al pol superior, marcar m\u00e9s l&#8217;escot, etc.\u00a0<\/span><\/p>\n<p><b>\u00c9s una t\u00e8cnica m\u00e9s vers\u00e0til<\/b> <b>en aquest sentit<\/b><span style=\"font-weight: 400;\">. Serveix fins i tot per corregir graus lleus-moderats de tuberositat i asimetries.<\/span><\/p>\n<p><b>I \u00e9s igual d&#8217;avan\u00e7ada, per\u00f2<\/b> <b>m\u00e9s econ\u00f2mica<\/b><span style=\"font-weight: 400;\">. Tan MIA com Preserv\u00e9 s\u00f3n \u201ccirurgies d&#8217;alta gamma\u201d i requereixen una inversi\u00f3 m\u00e9s gran per a la pacient que les tradicionals. Per\u00f2 Preserv\u00e9 sol tenir un preu una mica menor.<\/span>[\/vc_column_text][\/vc_column][\/vc_row][vc_row css_animation=&#8221;&#8221; row_type=&#8221;row&#8221; use_row_as_full_screen_section=&#8221;no&#8221; type=&#8221;full_width&#8221; angled_section=&#8221;no&#8221; text_align=&#8221;left&#8221; background_image_as_pattern=&#8221;without_pattern&#8221; z_index=&#8221;&#8221;][vc_column css=&#8221;.vc_custom_1750164957614{padding-top: 0px !important;padding-bottom: 15px !important;}&#8221;][vc_column_text css=&#8221;&#8221;]<\/p>\n<h2><span class=\"ez-toc-section\" id=\"la-nostra-experiencia-amb-laugment-del-pit-preserve\"><\/span><span style=\"color: #0b4f99;\"><b>La nostra experi\u00e8ncia amb l&#8217;augment del pit Preserv\u00e9<br \/>\n<\/b><\/span><span class=\"ez-toc-section-end\"><\/span><\/h2>\n<p>[\/vc_column_text][vc_column_text css=&#8221;.vc_custom_1761070019859{padding-bottom: 16px !important;}&#8221;]<\/p>\n<h3 style=\"margin-top: 20px; margin-bottom: 20px;\"><span class=\"ez-toc-section\" id=\"per-que-ho-hem-incorporat-i-limitacions-que-veiem\"><\/span><span style=\"color: #3498db;\"><b>Per qu\u00e8 ho hem incorporat i limitacions que veiem<br \/>\n<\/b><\/span><span class=\"ez-toc-section-end\"><\/span><\/h3>\n<p>[\/vc_column_text][vc_column_text css=&#8221;.vc_custom_1761070028985{padding-bottom: 16px !important;}&#8221;]<span style=\"font-weight: 400;\">Moltes pacients m&#8217;ho deien.<\/span><\/p>\n<p><span style=\"font-weight: 400;\">Tant de bo <\/span><b>un augment de pit sense anest\u00e8sia general que facis vida normal el mateix dia<\/b><span style=\"font-weight: 400;\">. Com qui es fa una prova m\u00e8dica o un tractament est\u00e8tic.\u00a0<\/span><\/p>\n<p><span style=\"font-weight: 400;\">Amb Preserv\u00e9 aquesta demanda ja \u00e9s pr\u00e0cticament possible.<\/span><\/p>\n<p><span style=\"font-weight: 400;\">I honestament penso que \u00e9s un aven\u00e7 s\u00faper important. Moltes operacions a la meva esquena\u2026 Veig aqu\u00ed <\/span><b>una de les majors revolucions en cirurgia mam\u00e0ria en els darrers 25 anys<\/b><span style=\"font-weight: 400;\">. Una que Motiva ja va comen\u00e7ar amb les pr\u00f2tesis Ergonomix 2.<\/span><\/p>\n<p><span style=\"font-weight: 400;\">Fent refer\u00e8ncia a la introducci\u00f3 de l&#8217;article, no considero que aix\u00f2 sigui \u201cm\u00e0rqueting\u201d. Perqu\u00e8 surtis de la cl\u00ednica pel teu propi peu i puguis anar a fer enc\u00e0rrecs amb tranquil\u00b7litat si ho necessites (que no suposin esfor\u00e7 f\u00edsic)\u2026\u00a0<\/span><\/p>\n<p><span style=\"font-weight: 400;\">Em sembla una genialitat.<\/span><\/p>\n<p><span style=\"font-weight: 400;\">Per aix\u00f2 incorporem aquest nou procediment a C\u00e0nons Clinics.<\/span><\/p>\n<p><span style=\"font-weight: 400;\">A m\u00e9s, com disposem de <\/span><a href=\"https:\/\/www.canons.es\/ca\/quirofan-de-cirurgia-ambulatoria-canons-clinics\/\"><span style=\"font-weight: 400;\">quir\u00f2fan ambulatori<\/span><\/a><span style=\"font-weight: 400;\"> a les nostres instal\u00b7lacions, <\/span><b>per a les pacients \u00e9s comod\u00edssim<\/b><span style=\"font-weight: 400;\">. S&#8217;estalvien la paperassa i l&#8217;entorn fred de l&#8217;hospital. V\u00e9nen, operem amb total seguretat i se&#8217;n van a casa encantades.<\/span><\/p>\n<p><span style=\"font-weight: 400;\">Ara b\u00e9, com tot, hi ha algunes limitacions:<\/span><\/p>\n<ul>\n<li style=\"list-style-type: none;\">\n<ul>\n<li style=\"font-weight: 400;\" aria-level=\"1\"><b>Quan indiquem Preserv\u00e9?<\/b><span style=\"font-weight: 400;\"> A la majoria d&#8217;augments de pit i tamb\u00e9 a <\/span><a href=\"https:\/\/www.canons.es\/ca\/cirurgia-plastica-corporal\/elevacion-de-mamas\/\"><span style=\"font-weight: 400;\">elevacions amb augment<\/span><\/a><span style=\"font-weight: 400;\">, incloent mames tuberoses i asimetries. Cirurgies prim\u00e0ries, sense operacions pr\u00e8vies.<\/span><\/li>\n<p> \t<\/p>\n<li style=\"font-weight: 400;\" aria-level=\"1\"><b>Quan optem per la t\u00e8cnica tradicional?<\/b><span style=\"font-weight: 400;\"> La continuem fent en pacients que volen implants de gran volum o que tenen un tipus de pell molt fina. Per exemple, per envelliment o perqu\u00e8 han perdut molt de pes.<\/span><\/li>\n<p> \t<\/p>\n<li style=\"font-weight: 400;\" aria-level=\"1\"><b>El preu canvia?<\/b><span style=\"font-weight: 400;\"> Preserv\u00e9 suposa un cost extra. La seva tecnologia capdavantera i implants d&#8217;\u00faltima generaci\u00f3 \u00e9s el que permet aquesta recuperaci\u00f3 rapid\u00edssima i m\u00e0xima preservaci\u00f3 de l&#8217;estructura mam\u00e0ria.<\/span><\/li>\n<p><\/ul>\n<p><\/li>\n<p><\/ul>\n<p>[\/vc_column_text][vc_column_text css=&#8221;.vc_custom_1761069016614{padding-bottom: 16px !important;}&#8221;]<\/p>\n<h3 style=\"margin-top: 20px; margin-bottom: 20px;\"><span class=\"ez-toc-section\" id=\"cas-recent-a-la-nostra-clinica-%e2%80%9cpuc-anar-men-de-concert%e2%80%9d\"><\/span><span style=\"color: #3498db;\"><b>Cas recent a la nostra cl\u00ednica: \u201cpuc anar-me&#8217;n de concert?\u201d<br \/>\n<\/b><\/span><span class=\"ez-toc-section-end\"><\/span><\/h3>\n<p>[\/vc_column_text][vc_column_text css=&#8221;&#8221;]<span style=\"font-weight: 400;\">T&#8217;explico un cas que vam tenir fa poc.<\/span><\/p>\n<p><b>Pacient jove amb poc pit<\/b><span style=\"font-weight: 400;\">. Per temes personals i relacionats amb la seva anatomia cerca un augment de mames de resultat moderat. Com \u00e9s normal, us preocupa l&#8217;anest\u00e8sia general i el dolor postoperatori.<\/span><\/p>\n<p><span style=\"font-weight: 400;\">Despr\u00e9s d&#8217;una exploraci\u00f3 f\u00edsica detallada, indiquem la nova t\u00e8cnica m\u00ednimament invasiva Preserv\u00e9. Optem per unes <\/span><b>pr\u00f2tesi Ergonomix 2 de<\/b> <b>perfil alt i 250 cc<\/b><span style=\"font-weight: 400;\"> (cada pacient t\u00e9 la seva mida ideal, ho valorem a la consulta).<\/span><\/p>\n<p><span style=\"font-weight: 400;\">Citem per a cirurgia i aqu\u00ed ve l&#8217;al\u00b7lucinant.<\/span><\/p>\n<p><b>El mateix dia de l&#8217;operaci\u00f3 va referir 0 dolor<\/b><span style=\"font-weight: 400;\">. Als 3 dies fins i tot em va preguntar si es podia anar de concert, i aix\u00f2 implica. Saltar, ballar, aixecar els bra\u00e7os, etc.<\/span><\/p>\n<p><span style=\"font-weight: 400;\">No devia perqu\u00e8 almenys durant una setmana cal evitar esfor\u00e7os i impactes que puguin afectar el resultat. Cal donar marge al fet que \u201cs&#8217;assenteix\u201d b\u00e9 l&#8217;implant.<\/span><\/p>\n<p><span style=\"font-weight: 400;\">Per\u00f2 si per ella hagu\u00e9s estat\u2026<\/span>[\/vc_column_text][\/vc_column][\/vc_row][vc_row css_animation=&#8221;&#8221; row_type=&#8221;row&#8221; use_row_as_full_screen_section=&#8221;no&#8221; type=&#8221;full_width&#8221; angled_section=&#8221;no&#8221; text_align=&#8221;left&#8221; background_image_as_pattern=&#8221;without_pattern&#8221; z_index=&#8221;&#8221;][vc_column width=&#8221;1\/2&#8243; offset=&#8221;vc_hidden-xs&#8221; css=&#8221;.vc_custom_1761072804477{padding-top: 30px !important;padding-bottom: 30px !important;}&#8221;][vc_single_image image=&#8221;22012&#8243; img_size=&#8221;full&#8221; alignment=&#8221;center&#8221; onclick=&#8221;img_link_large&#8221; css=&#8221;&#8221; qode_css_animation=&#8221;&#8221;][vc_column_text css=&#8221;.vc_custom_1761070844140{margin-right: 35px !important;margin-left: 35px !important;padding-top: 10px !important;}&#8221;]<\/p>\n<p style=\"font-size: 12px; text-align: center;\">Resultat simulat amb ell es va fer una idea de com es veuria el pit despr\u00e9s de la cirurgia d&#8217;augment. Esquerra pre, dreta post<\/p>\n<p>[\/vc_column_text][\/vc_column][vc_column width=&#8221;1\/2&#8243; offset=&#8221;vc_hidden-xs&#8221; css=&#8221;.vc_custom_1761072796994{padding-top: 30px !important;padding-bottom: 30px !important;}&#8221;][vc_single_image image=&#8221;22004&#8243; img_size=&#8221;full&#8221; alignment=&#8221;center&#8221; onclick=&#8221;img_link_large&#8221; css=&#8221;.vc_custom_1761155098796{margin-right: 0px !important;margin-left: 0px !important;}&#8221; qode_css_animation=&#8221;&#8221;][vc_column_text css=&#8221;.vc_custom_1761070892586{margin-right: 35px !important;margin-left: 35px !important;padding-top: 10px !important;}&#8221;]<\/p>\n<p style=\"font-size: 12px; text-align: center;\">Resultat real. Entre el post immediat i els 10 dies hi ha difer\u00e8ncia a la naturalitat del pol superior. Va evolucionant fins a la 4a setmana<\/p>\n<p>[\/vc_column_text][\/vc_column][\/vc_row][vc_row css_animation=&#8221;&#8221; row_type=&#8221;row&#8221; use_row_as_full_screen_section=&#8221;no&#8221; type=&#8221;full_width&#8221; angled_section=&#8221;no&#8221; text_align=&#8221;left&#8221; background_image_as_pattern=&#8221;without_pattern&#8221; z_index=&#8221;&#8221;][vc_column width=&#8221;1\/4&#8243; offset=&#8221;vc_hidden-xs&#8221;][\/vc_column][vc_column width=&#8221;1\/2&#8243; offset=&#8221;vc_hidden-xs&#8221; css=&#8221;.vc_custom_1761072825995{padding-top: 30px !important;padding-bottom: 30px !important;}&#8221;][vc_single_image image=&#8221;22008&#8243; img_size=&#8221;full&#8221; alignment=&#8221;center&#8221; onclick=&#8221;img_link_large&#8221; css=&#8221;.vc_custom_1761155092498{margin-right: 0px !important;margin-left: 0px !important;}&#8221; qode_css_animation=&#8221;&#8221;][vc_column_text css=&#8221;.vc_custom_1761070858973{margin-right: 35px !important;margin-left: 35px !important;padding-top: 10px !important;}&#8221;]<\/p>\n<p style=\"font-size: 12px; text-align: center;\">Fixa&#8217;t al cap de 3 dies. El pit fabul\u00f3s. Res d&#8217;inflamaci\u00f3, res d&#8217;hematoma, res de dolor<\/p>\n<p>[\/vc_column_text][\/vc_column][vc_column width=&#8221;1\/4&#8243; offset=&#8221;vc_hidden-xs&#8221;][\/vc_column][\/vc_row][vc_row css_animation=&#8221;&#8221; row_type=&#8221;row&#8221; use_row_as_full_screen_section=&#8221;no&#8221; type=&#8221;full_width&#8221; angled_section=&#8221;no&#8221; text_align=&#8221;left&#8221; background_image_as_pattern=&#8221;without_pattern&#8221; css=&#8221;.vc_custom_1761071774436{border-bottom-width: 30px !important;padding-bottom: px !important;}&#8221; z_index=&#8221;&#8221;][vc_column width=&#8221;1\/3&#8243; offset=&#8221;vc_hidden-lg vc_hidden-md vc_hidden-sm&#8221; css=&#8221;.vc_custom_1761072861642{padding-top: 30px !important;padding-bottom: 16px !important;}&#8221;][vc_single_image image=&#8221;22012&#8243; img_size=&#8221;medium&#8221; alignment=&#8221;center&#8221; onclick=&#8221;img_link_large&#8221; css=&#8221;&#8221; qode_css_animation=&#8221;&#8221;][vc_column_text css=&#8221;.vc_custom_1761072078928{padding-top: 15px !important;padding-bottom: 30px !important;}&#8221;]<\/p>\n<p style=\"font-size: 12px; text-align: center;\">Resultat simulat amb ell es va fer una idea de com es veuria el pit despr\u00e9s de la cirurgia d&#8217;augment. Esquerra pre, dreta post<\/p>\n<p>[\/vc_column_text][\/vc_column][vc_column width=&#8221;1\/3&#8243; offset=&#8221;vc_hidden-lg vc_hidden-md vc_hidden-sm&#8221; css=&#8221;.vc_custom_1761071321001{padding-top: 0px !important;padding-bottom: 16px !important;}&#8221;][vc_single_image image=&#8221;22004&#8243; img_size=&#8221;medium&#8221; alignment=&#8221;center&#8221; onclick=&#8221;img_link_large&#8221; css=&#8221;&#8221; qode_css_animation=&#8221;&#8221;][vc_column_text css=&#8221;.vc_custom_1761069440570{margin-bottom: 35px !important;padding-top: 10px !important;}&#8221;]<\/p>\n<p style=\"font-size: 12px; text-align: center;\">Resultat real. Entre el post immediat i els 10 dies hi ha difer\u00e8ncia a la naturalitat del pol superior. Va evolucionant fins a la 4a setmana<\/p>\n<p>[\/vc_column_text][\/vc_column][vc_column width=&#8221;1\/3&#8243; offset=&#8221;vc_hidden-lg vc_hidden-md vc_hidden-sm&#8221;][vc_single_image image=&#8221;22008&#8243; img_size=&#8221;medium&#8221; alignment=&#8221;center&#8221; onclick=&#8221;img_link_large&#8221; css=&#8221;&#8221; qode_css_animation=&#8221;&#8221;][vc_column_text css=&#8221;.vc_custom_1761069455000{margin-bottom: 35px !important;padding-top: 10px !important;}&#8221;]<\/p>\n<p style=\"font-size: 12px; text-align: center;\">Fixa&#8217;t al cap de 3 dies. El pit fabul\u00f3s. Res d&#8217;inflamaci\u00f3, res d&#8217;hematoma, res de dolor<\/p>\n<p>[\/vc_column_text][\/vc_column][\/vc_row][vc_row css_animation=&#8221;&#8221; row_type=&#8221;row&#8221; use_row_as_full_screen_section=&#8221;no&#8221; type=&#8221;full_width&#8221; angled_section=&#8221;no&#8221; text_align=&#8221;left&#8221; background_image_as_pattern=&#8221;without_pattern&#8221; z_index=&#8221;&#8221; css=&#8221;.vc_custom_1761155211393{padding-bottom: 40px !important;}&#8221;][vc_column css=&#8221;.vc_custom_1742997191715{padding-top: 0px !important;padding-bottom: 0px !important;}&#8221;][vc_column_text css=&#8221;.vc_custom_1761069485458{padding-bottom: 16px !important;}&#8221;]<\/p>\n<h3 style=\"margin-top: 20px; margin-bottom: 20px;\"><span class=\"ez-toc-section\" id=\"%c2%bfpreserve-seria-el-mes-adequat-per-a-mi\"><\/span><span style=\"color: #3498db;\"><b>\u00bfPreserv\u00e9 seria el m\u00e9s adequat per a mi?<br \/>\n<\/b><\/span><span class=\"ez-toc-section-end\"><\/span><\/h3>\n<p>[\/vc_column_text][vc_column_text css=&#8221;.vc_custom_1761069501791{padding-bottom: 16px !important;}&#8221;]<span style=\"font-weight: 400;\">Hem de valorar-ho a la consulta.<\/span><\/p>\n<p><span style=\"font-weight: 400;\">Amb l&#8217;augment del pit Preserv\u00e9 estem veient resultats fant\u00e0stics a C\u00e0nons Clinics. Moltes dones que no feien el pas per por a l&#8217;anest\u00e8sia general, el dolor, la recuperaci\u00f3\u2026 S&#8217;han decidit per aquesta t\u00e8cnica i <\/span><b>ara estan feli\u00e7os<\/b><span style=\"font-weight: 400;\">.<\/span><\/p>\n<p><span style=\"font-weight: 400;\">Per\u00f2 cada pacient \u00e9s un m\u00f3n.<\/span><\/p>\n<p><span style=\"font-weight: 400;\">Segons la teva anatomia, la quantitat de teixit mamari, la teva qualitat cut\u00e0nia, els teus desitjos, la pres\u00e8ncia o no de ptosi (caiguda), etc. pot estar m\u00e9s indicada una intervenci\u00f3 o una altra.<\/span><\/p>\n<p><b>Per qu\u00e8 no demanes cita i ho veiem? Truca&#8217;ns al<\/b> <b>683 27 07 09<\/b><span style=\"font-weight: 400;\">, escriu-nos per WhatsApp o omple el formulari de contacte (bot\u00f3 de sota). Estudiem el teu cas, resolem dubtes i fem simulaci\u00f3 3D per triar el millor procediment.<\/span><\/p>\n<p><span style=\"font-weight: 400;\">Som a Barcelona i Granollers. Ser\u00e0 un plaer atendre&#8217;t.<\/span>[\/vc_column_text][\/vc_column][\/vc_row][vc_row css_animation=&#8221;&#8221; row_type=&#8221;row&#8221; use_row_as_full_screen_section=&#8221;no&#8221; type=&#8221;full_width&#8221; angled_section=&#8221;no&#8221; text_align=&#8221;center&#8221; background_image_as_pattern=&#8221;without_pattern&#8221; z_index=&#8221;&#8221;][vc_column css=&#8221;.vc_custom_1761155271013{padding-bottom: 15px !important;}&#8221;]<a  itemprop=\"url\" href=\"https:\/\/www.canons.es\/ca\/contacto-barcelona\/\" target=\"_self\" data-hover-background-color='#0b4f99' data-hover-color='#ffffff' class=\"qbutton  center default\" style=\"color: #ffffff; border-color: #0b4f99; font-style: normal; font-weight: 400; font-family: raleway; text-transform: none; font-size: 14px; letter-spacing: 0px; border-radius: 0px;-moz-border-radius: 0px;-webkit-border-radius: 0px; background-color: #0b4f99;\">Si us plau, cita i informa<\/a>[\/vc_column][\/vc_row][vc_row css_animation=&#8221;&#8221; row_type=&#8221;row&#8221; use_row_as_full_screen_section=&#8221;no&#8221; type=&#8221;full_width&#8221; angled_section=&#8221;no&#8221; text_align=&#8221;left&#8221; background_image_as_pattern=&#8221;without_pattern&#8221; z_index=&#8221;&#8221; css=&#8221;.vc_custom_1742581325125{padding-top: 50px !important;padding-bottom: 50px !important;}&#8221;][vc_column css=&#8221;.vc_custom_1742997113718{padding-top: 0px !important;padding-bottom: 0px !important;}&#8221;][vc_column_text css=&#8221;.vc_custom_1744625672808{padding-bottom: 16px !important;}&#8221;]<\/p>\n<h2><span class=\"ez-toc-section\" id=\"mes-informacion\"><\/span><span style=\"color: #0b4f99;\"><b>M\u00e9s informaci\u00f3n<br \/>\n<\/b><\/span><span class=\"ez-toc-section-end\"><\/span><\/h2>\n<p>[\/vc_column_text][vc_column_text css=&#8221;&#8221;]<span style=\"font-weight: 400;\">Si t&#8217;agradaria investigar m\u00e9s, visita la <\/span><a href=\"https:\/\/motiva.health\/es-es\/\"><span style=\"font-weight: 400;\">web de Motiva<\/span><\/a><span style=\"font-weight: 400;\"> o aquestes refer\u00e8ncies:<\/span><\/p>\n<ul>\n<li style=\"list-style-type: none;\">\n<ul>\n<li aria-level=\"1\"><span style=\"font-weight: 400;\">Szychta P. Aven\u00e7os en l&#8217;augment est\u00e8tic de mama: <\/span><b>Avaluaci\u00f3 de la seguretat, l&#8217;efic\u00e0cia i els resultats naturals de Ergonomix 2 Implants<\/b><span style=\"font-weight: 400;\">. Cirurgia pl\u00e0stica est\u00e8tica. 2024;48(21):4351-4364. <\/span><a href=\"https:\/\/pubmed.ncbi.nlm.nih.gov\/38580867\/\"><span style=\"font-weight: 400;\">Font<\/span><\/a><span style=\"font-weight: 400;\">.<\/span><\/li>\n<p> \t<\/p>\n<li aria-level=\"1\"><span style=\"font-weight: 400;\">Botti G, Botti C, Ciancio F.<\/span><b>L&#8217;experi\u00e8ncia cl\u00ednica d&#8217;un \u00fanic centre amb Ergonomix Implants mamaris<\/b><span style=\"font-weight: 400;\">. Aesthet Surg J. 12 abr 2022;42(5):NP312-NP318. <\/span><a href=\"https:\/\/academic.oup.com\/asj\/article\/42\/5\/NP312\/6469007?login=false\"><span style=\"font-weight: 400;\">Font<\/span><\/a><span style=\"font-weight: 400;\">.<\/span><\/li>\n<p> \t<\/p>\n<li aria-level=\"1\"><span style=\"font-weight: 400;\">Quir\u00f3s MC, Bola\u00f1os MC, Fassero JJ. <\/span><b>Resultats prospectius de sis anys de l&#8217;augment primari de mama amb implants de superf\u00edcie nano<\/b><span style=\"font-weight: 400;\">. Aesthet Surg J. 8 d&#8217;abril de 2019;39(5):495-508. <\/span><a href=\"https:\/\/academic.oup.com\/asj\/article\/39\/5\/495\/5181185?login=false\"><span style=\"font-weight: 400;\">Font<\/span><\/a><span style=\"font-weight: 400;\">.<\/span><\/li>\n<p> \t<\/p>\n<li aria-level=\"1\"><span style=\"font-weight: 400;\">Rehnke RD, Groening RM, Van Buskirk ER, Clarke JM. <\/span><b>Anatomia del sistema de la f\u00e0scia superficial de la mama<\/b><span style=\"font-weight: 400;\">: Una teoria integral de l&#8217;anatomia fascial mam\u00e0ria. Plast Reconstr Surg. 2018;142(5):1135-1144. <\/span><a href=\"https:\/\/journals.lww.com\/plasreconsurg\/fulltext\/2018\/11000\/anatomy_of_the_superficial_fascia_system_of_the.7.aspx\"><span style=\"font-weight: 400;\">Font<\/span><\/a><span style=\"font-weight: 400;\">.<\/span><\/li>\n<p> \t<\/p>\n<li aria-level=\"1\"><span style=\"font-weight: 400;\">Rancati AO et al. <\/span><b>Avaluaci\u00f3 sensorial del complex mugr\u00f3-areolar despr\u00e9s de l&#8217;augment primari de mama<\/b><span style=\"font-weight: 400;\">: Una comparaci\u00f3 dels enfocaments d&#8217;incisi\u00f3. Aesthet Surg J. 2023;43(12):NP1013-NP1020. <\/span><a href=\"https:\/\/pubmed.ncbi.nlm.nih.gov\/37610267\/\"><span style=\"font-weight: 400;\">Font<\/span><\/a><span style=\"font-weight: 400;\">.<\/span><\/li>\n<p> \t<\/p>\n<li aria-level=\"1\">Societat Espanyola de Cirurgia Pl\u00e0stica Reparadora i Est\u00e8tica. <b>Cirurgia de la mare<\/b><span>[Internet]. SECPRE [citat el 26 de setembre de 2025].<\/span><a href=\"https:\/\/secpre.org\/cirugia-de-la-mama\"><span>Font<\/span><\/a><span>.<\/span><\/li>\n<p><\/ul>\n<p><\/li>\n<p><\/ul>\n<p>[\/vc_column_text][vc_empty_space height=&#8221;15px&#8221;][\/vc_column][\/vc_row][vc_row css_animation=&#8221;&#8221; row_type=&#8221;row&#8221; use_row_as_full_screen_section=&#8221;no&#8221; type=&#8221;full_width&#8221; angled_section=&#8221;no&#8221; text_align=&#8221;left&#8221; background_image_as_pattern=&#8221;without_pattern&#8221; css=&#8221;.vc_custom_1744631800858{margin-top: 0px !important;padding-bottom: 36px !important;}&#8221; z_index=&#8221;&#8221;][vc_column width=&#8221;1\/6&#8243;][\/vc_column][vc_column width=&#8221;1\/3&#8243; css=&#8221;.vc_custom_1747146993790{padding-bottom: 36px !important;}&#8221;][vc_empty_space][vc_single_image image=&#8221;21423&#8243; img_size=&#8221;large&#8221; alignment=&#8221;center&#8221; onclick=&#8221;img_link_large&#8221; css=&#8221;&#8221; qode_css_animation=&#8221;&#8221;][\/vc_column][vc_column width=&#8221;1\/2&#8243; css=&#8221;.vc_custom_1742579865118{padding-top: 0px !important;}&#8221;][vc_column_text css=&#8221;&#8221;]<b><span style=\"color: #065894; font-size: 1.4em;\">Dr. V\u00edctor Hern\u00e0ndez Machado.<\/span> <\/b><\/p>\n<p><span style=\"color: #065894; font-size: 1.4em;\"><b>Director m\u00e8dic de C\u00e0nons Clinics<\/b><\/span>[\/vc_column_text][vc_column_text css=&#8221;&#8221;]<\/p>\n<p style=\"margin-top: 20px; margin-bottom: 20px; font-family: Raleway, sans-serif; font-size: 16px; line-height: 26px !important;\"><strong>Cirurgi\u00e0 pl\u00e0stic<\/strong> especialista en cirurgia facial i contorn corporal, amb experi\u00e8ncia al sector privat <strong>des del 2001<\/strong>. Advoco per una cirurgia i medicina est\u00e8tica honrada en qu\u00e8 els resultats millorin, no canvi\u00efn. <strong>Metge col\u00b7legiat<\/strong> a Barcelona n\u00fam. 30493, membre de la <strong>SECPRE<\/strong> i <strong>secretari general<\/strong> de la Societat Espanyola de L\u00e0ser M\u00e8dic Quir\u00fargic (SELMQ).<br \/>\n<a href=\"https:\/\/www.canons.es\/ca\/equip-canons\/dr-victor-hernandez-machado\/\" target=\"_blank\" rel=\"noopener\"><br \/>\n<span style=\"font-weight: 400;\">Curr\u00edculum<\/span><\/a><span style=\"font-weight: 400;\">. <\/span><a href=\"https:\/\/www.linkedin.com\/in\/victorhernandezmachado\/\" target=\"_blank\" rel=\"noopener\"><span style=\"font-weight: 400;\">LinkedIn<\/span><\/a><span style=\"font-weight: 400;\">.<\/span><\/p>\n<p>[\/vc_column_text][\/vc_column][\/vc_row][vc_row css_animation=&#8221;&#8221; row_type=&#8221;row&#8221; use_row_as_full_screen_section=&#8221;no&#8221; type=&#8221;full_width&#8221; angled_section=&#8221;no&#8221; text_align=&#8221;left&#8221; background_image_as_pattern=&#8221;without_pattern&#8221;][vc_column][vc_empty_space height=&#8221;10px&#8221;][\/vc_column][\/vc_row]<\/p>\n<\/div><!-- AddThis Advanced Settings generic via filter on the_content --><!-- AddThis Share Buttons generic via filter on the_content -->","protected":false},"excerpt":{"rendered":"<p>Cada X temps sorgeixen nous procediments en cirurgia pl\u00e0stica i est\u00e8tica que es venen com a \u201crevolucionaris\u201d. M\u00e0rqueting&#8230;Quants ho s\u00f3n de veritat? La darrera novetat en augment de pit \u00e9s la t\u00e8cnica Preserv\u00e9 de Motiva. T&#8217;explico qu\u00e8 \u00e9s, quins avantatges aporta a les pacients i la nostra experi\u00e8ncia a C\u00e0nons Clinics.<!-- AddThis Advanced Settings generic via filter on get_the_excerpt --><!-- AddThis Share Buttons generic via filter on get_the_excerpt --><\/p>\n","protected":false},"author":27,"featured_media":21996,"comment_status":"closed","ping_status":"closed","sticky":false,"template":"","format":"standard","meta":{"footnotes":""},"categories":[79,892],"tags":[],"class_list":["post-22017","post","type-post","status-publish","format-standard","has-post-thumbnail","hentry","category-blog-del-dr-victor-hernandez-da-costa-ca","category-cirugia-plastica-y-estetica-corporal-ca"],"yoast_head":"<!-- This site is optimized with the Yoast SEO Premium plugin v26.9 (Yoast SEO v27.4) - https:\/\/yoast.com\/product\/yoast-seo-premium-wordpress\/ -->\n<title>Preserv\u00e9: augment de pit mini invasiu. En qu\u00e8 innova?<\/title>\n<meta name=\"description\" content=\"L&#039;\u00faltim en augment de pit \u00e9s la t\u00e8cnica m\u00ednimament invasiva Conservat. T&#039;explico en qu\u00e8 consisteix i si \u00e9s tan \u201crevolucion\u00e0ria\u201d com diuen\" \/>\n<meta name=\"robots\" content=\"index, follow, max-snippet:-1, max-image-preview:large, max-video-preview:-1\" \/>\n<link rel=\"canonical\" href=\"https:\/\/www.canons.es\/preserve-aumento-de-pecho-minimamente-invasivo\/\" \/>\n<meta property=\"og:locale\" content=\"ca_ES\" \/>\n<meta property=\"og:type\" content=\"article\" \/>\n<meta property=\"og:title\" content=\"Preserv\u00e9: l&#039;\u00faltim en augment de pit m\u00ednimament invasiu. En qu\u00e8 consisteix?\" \/>\n<meta property=\"og:description\" content=\"L&#039;\u00faltim en augment de pit \u00e9s la t\u00e8cnica m\u00ednimament invasiva Conservat. T&#039;explico en qu\u00e8 consisteix i si \u00e9s tan \u201crevolucion\u00e0ria\u201d com diuen\" \/>\n<meta property=\"og:url\" content=\"https:\/\/www.canons.es\/preserve-aumento-de-pecho-minimamente-invasivo\/\" \/>\n<meta property=\"og:site_name\" content=\"Cl\u00ednica C\u00e0nons | Cirurgia i Medicina Estetica a Barcelona, \u200b\u200bGranollers\" \/>\n<meta property=\"article:publisher\" content=\"https:\/\/www.facebook.com\/canonsclinics\/\" \/>\n<meta property=\"article:published_time\" content=\"2025-10-23T17:48:47+00:00\" \/>\n<meta property=\"article:modified_time\" content=\"2025-10-24T05:57:28+00:00\" \/>\n<meta property=\"og:image\" content=\"https:\/\/www.canons.es\/wp-content\/uploads\/2025\/10\/preserve-aumento-de-pecho-minimamente-invasivo.jpg\" \/>\n\t<meta property=\"og:image:width\" content=\"1000\" \/>\n\t<meta property=\"og:image:height\" content=\"667\" \/>\n\t<meta property=\"og:image:type\" content=\"image\/jpeg\" \/>\n<meta name=\"author\" content=\"info@conseo.es\" \/>\n<meta name=\"twitter:card\" content=\"summary_large_image\" \/>\n<meta name=\"twitter:creator\" content=\"@canonsclinics\" \/>\n<meta name=\"twitter:site\" content=\"@canonsclinics\" \/>\n<meta name=\"twitter:label1\" content=\"Escrit per\" \/>\n\t<meta name=\"twitter:data1\" content=\"info@conseo.es\" \/>\n\t<meta name=\"twitter:label2\" content=\"Temps estimat de lectura\" \/>\n\t<meta name=\"twitter:data2\" content=\"21 minuts\" \/>\n<script type=\"application\/ld+json\" class=\"yoast-schema-graph\">{\"@context\":\"https:\\\/\\\/schema.org\",\"@graph\":[{\"@type\":\"Article\",\"@id\":\"https:\\\/\\\/www.canons.es\\\/preserve-aumento-de-pecho-minimamente-invasivo\\\/#article\",\"isPartOf\":{\"@id\":\"https:\\\/\\\/www.canons.es\\\/preserve-aumento-de-pecho-minimamente-invasivo\\\/\"},\"author\":{\"name\":\"info@conseo.es\",\"@id\":\"https:\\\/\\\/www.canons.es\\\/#\\\/schema\\\/person\\\/df196b4fe308265edd7e1fa9f3d05388\"},\"headline\":\"Preserv\u00e9: l&#8217;\u00faltim en augment de pit m\u00ednimament invasiu. En qu\u00e8 consisteix?\",\"datePublished\":\"2025-10-23T17:48:47+00:00\",\"dateModified\":\"2025-10-24T05:57:28+00:00\",\"mainEntityOfPage\":{\"@id\":\"https:\\\/\\\/www.canons.es\\\/preserve-aumento-de-pecho-minimamente-invasivo\\\/\"},\"wordCount\":4165,\"publisher\":{\"@id\":\"https:\\\/\\\/www.canons.es\\\/#organization\"},\"image\":{\"@id\":\"https:\\\/\\\/www.canons.es\\\/preserve-aumento-de-pecho-minimamente-invasivo\\\/#primaryimage\"},\"thumbnailUrl\":\"https:\\\/\\\/www.canons.es\\\/wp-content\\\/uploads\\\/2025\\\/10\\\/preserve-aumento-de-pecho-minimamente-invasivo.jpg\",\"articleSection\":[\"Blog del Dr. V\u00edctor Hern\u00e0ndez Da Costa\",\"Cirug\u00eda pl\u00e1stica y est\u00e9tica corporal\"],\"inLanguage\":\"ca\"},{\"@type\":\"WebPage\",\"@id\":\"https:\\\/\\\/www.canons.es\\\/preserve-aumento-de-pecho-minimamente-invasivo\\\/\",\"url\":\"https:\\\/\\\/www.canons.es\\\/preserve-aumento-de-pecho-minimamente-invasivo\\\/\",\"name\":\"Preserv\u00e9: augment de pit mini invasiu. En qu\u00e8 innova?\",\"isPartOf\":{\"@id\":\"https:\\\/\\\/www.canons.es\\\/#website\"},\"primaryImageOfPage\":{\"@id\":\"https:\\\/\\\/www.canons.es\\\/preserve-aumento-de-pecho-minimamente-invasivo\\\/#primaryimage\"},\"image\":{\"@id\":\"https:\\\/\\\/www.canons.es\\\/preserve-aumento-de-pecho-minimamente-invasivo\\\/#primaryimage\"},\"thumbnailUrl\":\"https:\\\/\\\/www.canons.es\\\/wp-content\\\/uploads\\\/2025\\\/10\\\/preserve-aumento-de-pecho-minimamente-invasivo.jpg\",\"datePublished\":\"2025-10-23T17:48:47+00:00\",\"dateModified\":\"2025-10-24T05:57:28+00:00\",\"description\":\"L'\u00faltim en augment de pit \u00e9s la t\u00e8cnica m\u00ednimament invasiva Conservat. T'explico en qu\u00e8 consisteix i si \u00e9s tan \u201crevolucion\u00e0ria\u201d com diuen\",\"breadcrumb\":{\"@id\":\"https:\\\/\\\/www.canons.es\\\/preserve-aumento-de-pecho-minimamente-invasivo\\\/#breadcrumb\"},\"inLanguage\":\"ca\",\"potentialAction\":[{\"@type\":\"ReadAction\",\"target\":[\"https:\\\/\\\/www.canons.es\\\/preserve-aumento-de-pecho-minimamente-invasivo\\\/\"]}]},{\"@type\":\"ImageObject\",\"inLanguage\":\"ca\",\"@id\":\"https:\\\/\\\/www.canons.es\\\/preserve-aumento-de-pecho-minimamente-invasivo\\\/#primaryimage\",\"url\":\"https:\\\/\\\/www.canons.es\\\/wp-content\\\/uploads\\\/2025\\\/10\\\/preserve-aumento-de-pecho-minimamente-invasivo.jpg\",\"contentUrl\":\"https:\\\/\\\/www.canons.es\\\/wp-content\\\/uploads\\\/2025\\\/10\\\/preserve-aumento-de-pecho-minimamente-invasivo.jpg\",\"width\":1000,\"height\":667,\"caption\":\"Mujer que se hizo un aumento de pecho con t\u00e9cnica Preserv\u00e9\"},{\"@type\":\"BreadcrumbList\",\"@id\":\"https:\\\/\\\/www.canons.es\\\/preserve-aumento-de-pecho-minimamente-invasivo\\\/#breadcrumb\",\"itemListElement\":[{\"@type\":\"ListItem\",\"position\":1,\"name\":\"Portada\",\"item\":\"https:\\\/\\\/www.canons.es\\\/ca\\\/\"},{\"@type\":\"ListItem\",\"position\":2,\"name\":\"Preserv\u00e9: l&#8217;\u00faltim en augment de pit m\u00ednimament invasiu. En qu\u00e8 consisteix?\"}]},{\"@type\":\"WebSite\",\"@id\":\"https:\\\/\\\/www.canons.es\\\/#website\",\"url\":\"https:\\\/\\\/www.canons.es\\\/\",\"name\":\"Cirug\u00eda Pl\u00e1stica y Est\u00e9tica Barcelona y Granollers | C\u00e0nons Clinics\",\"description\":\"\",\"publisher\":{\"@id\":\"https:\\\/\\\/www.canons.es\\\/#organization\"},\"potentialAction\":[{\"@type\":\"SearchAction\",\"target\":{\"@type\":\"EntryPoint\",\"urlTemplate\":\"https:\\\/\\\/www.canons.es\\\/?s={search_term_string}\"},\"query-input\":{\"@type\":\"PropertyValueSpecification\",\"valueRequired\":true,\"valueName\":\"search_term_string\"}}],\"inLanguage\":\"ca\"},{\"@type\":\"Organization\",\"@id\":\"https:\\\/\\\/www.canons.es\\\/#organization\",\"name\":\"Cirug\u00eda Pl\u00e1stica y Est\u00e9tica Barcelona y Granollers | C\u00e0nons Clinics\",\"url\":\"https:\\\/\\\/www.canons.es\\\/\",\"logo\":{\"@type\":\"ImageObject\",\"inLanguage\":\"ca\",\"@id\":\"https:\\\/\\\/www.canons.es\\\/#\\\/schema\\\/logo\\\/image\\\/\",\"url\":\"https:\\\/\\\/www.canons.es\\\/wp-content\\\/uploads\\\/2025\\\/04\\\/logo-canons-clinics.jpg\",\"contentUrl\":\"https:\\\/\\\/www.canons.es\\\/wp-content\\\/uploads\\\/2025\\\/04\\\/logo-canons-clinics.jpg\",\"width\":600,\"height\":139,\"caption\":\"Cirug\u00eda Pl\u00e1stica y Est\u00e9tica Barcelona y Granollers | C\u00e0nons Clinics\"},\"image\":{\"@id\":\"https:\\\/\\\/www.canons.es\\\/#\\\/schema\\\/logo\\\/image\\\/\"},\"sameAs\":[\"https:\\\/\\\/www.facebook.com\\\/canonsclinics\\\/\",\"https:\\\/\\\/x.com\\\/canonsclinics\",\"https:\\\/\\\/www.instagram.com\\\/canonsclinics\\\/\",\"https:\\\/\\\/www.youtube.com\\\/channel\\\/UCI1Ia6LjALyo1CuQ0_HwtfQ\",\"https:\\\/\\\/www.linkedin.com\\\/company\\\/canons-clinics\\\/\"]},{\"@type\":\"Person\",\"@id\":\"https:\\\/\\\/www.canons.es\\\/#\\\/schema\\\/person\\\/df196b4fe308265edd7e1fa9f3d05388\",\"name\":\"info@conseo.es\"}]}<\/script>\n<!-- \/ Yoast SEO Premium plugin. -->","yoast_head_json":{"title":"Preserv\u00e9: augment de pit mini invasiu. En qu\u00e8 innova?","description":"L'\u00faltim en augment de pit \u00e9s la t\u00e8cnica m\u00ednimament invasiva Conservat. T'explico en qu\u00e8 consisteix i si \u00e9s tan \u201crevolucion\u00e0ria\u201d com diuen","robots":{"index":"index","follow":"follow","max-snippet":"max-snippet:-1","max-image-preview":"max-image-preview:large","max-video-preview":"max-video-preview:-1"},"canonical":"https:\/\/www.canons.es\/preserve-aumento-de-pecho-minimamente-invasivo\/","og_locale":"ca_ES","og_type":"article","og_title":"Preserv\u00e9: l'\u00faltim en augment de pit m\u00ednimament invasiu. En qu\u00e8 consisteix?","og_description":"L'\u00faltim en augment de pit \u00e9s la t\u00e8cnica m\u00ednimament invasiva Conservat. T'explico en qu\u00e8 consisteix i si \u00e9s tan \u201crevolucion\u00e0ria\u201d com diuen","og_url":"https:\/\/www.canons.es\/preserve-aumento-de-pecho-minimamente-invasivo\/","og_site_name":"Cl\u00ednica C\u00e0nons | Cirurgia i Medicina Estetica a Barcelona, \u200b\u200bGranollers","article_publisher":"https:\/\/www.facebook.com\/canonsclinics\/","article_published_time":"2025-10-23T17:48:47+00:00","article_modified_time":"2025-10-24T05:57:28+00:00","og_image":[{"width":1000,"height":667,"url":"https:\/\/www.canons.es\/wp-content\/uploads\/2025\/10\/preserve-aumento-de-pecho-minimamente-invasivo.jpg","type":"image\/jpeg"}],"author":"info@conseo.es","twitter_card":"summary_large_image","twitter_creator":"@canonsclinics","twitter_site":"@canonsclinics","twitter_misc":{"Escrit per":"info@conseo.es","Temps estimat de lectura":"21 minuts"},"schema":{"@context":"https:\/\/schema.org","@graph":[{"@type":"Article","@id":"https:\/\/www.canons.es\/preserve-aumento-de-pecho-minimamente-invasivo\/#article","isPartOf":{"@id":"https:\/\/www.canons.es\/preserve-aumento-de-pecho-minimamente-invasivo\/"},"author":{"name":"info@conseo.es","@id":"https:\/\/www.canons.es\/#\/schema\/person\/df196b4fe308265edd7e1fa9f3d05388"},"headline":"Preserv\u00e9: l&#8217;\u00faltim en augment de pit m\u00ednimament invasiu. En qu\u00e8 consisteix?","datePublished":"2025-10-23T17:48:47+00:00","dateModified":"2025-10-24T05:57:28+00:00","mainEntityOfPage":{"@id":"https:\/\/www.canons.es\/preserve-aumento-de-pecho-minimamente-invasivo\/"},"wordCount":4165,"publisher":{"@id":"https:\/\/www.canons.es\/#organization"},"image":{"@id":"https:\/\/www.canons.es\/preserve-aumento-de-pecho-minimamente-invasivo\/#primaryimage"},"thumbnailUrl":"https:\/\/www.canons.es\/wp-content\/uploads\/2025\/10\/preserve-aumento-de-pecho-minimamente-invasivo.jpg","articleSection":["Blog del Dr. V\u00edctor Hern\u00e0ndez Da Costa","Cirug\u00eda pl\u00e1stica y est\u00e9tica corporal"],"inLanguage":"ca"},{"@type":"WebPage","@id":"https:\/\/www.canons.es\/preserve-aumento-de-pecho-minimamente-invasivo\/","url":"https:\/\/www.canons.es\/preserve-aumento-de-pecho-minimamente-invasivo\/","name":"Preserv\u00e9: augment de pit mini invasiu. En qu\u00e8 innova?","isPartOf":{"@id":"https:\/\/www.canons.es\/#website"},"primaryImageOfPage":{"@id":"https:\/\/www.canons.es\/preserve-aumento-de-pecho-minimamente-invasivo\/#primaryimage"},"image":{"@id":"https:\/\/www.canons.es\/preserve-aumento-de-pecho-minimamente-invasivo\/#primaryimage"},"thumbnailUrl":"https:\/\/www.canons.es\/wp-content\/uploads\/2025\/10\/preserve-aumento-de-pecho-minimamente-invasivo.jpg","datePublished":"2025-10-23T17:48:47+00:00","dateModified":"2025-10-24T05:57:28+00:00","description":"L'\u00faltim en augment de pit \u00e9s la t\u00e8cnica m\u00ednimament invasiva Conservat. T'explico en qu\u00e8 consisteix i si \u00e9s tan \u201crevolucion\u00e0ria\u201d com diuen","breadcrumb":{"@id":"https:\/\/www.canons.es\/preserve-aumento-de-pecho-minimamente-invasivo\/#breadcrumb"},"inLanguage":"ca","potentialAction":[{"@type":"ReadAction","target":["https:\/\/www.canons.es\/preserve-aumento-de-pecho-minimamente-invasivo\/"]}]},{"@type":"ImageObject","inLanguage":"ca","@id":"https:\/\/www.canons.es\/preserve-aumento-de-pecho-minimamente-invasivo\/#primaryimage","url":"https:\/\/www.canons.es\/wp-content\/uploads\/2025\/10\/preserve-aumento-de-pecho-minimamente-invasivo.jpg","contentUrl":"https:\/\/www.canons.es\/wp-content\/uploads\/2025\/10\/preserve-aumento-de-pecho-minimamente-invasivo.jpg","width":1000,"height":667,"caption":"Mujer que se hizo un aumento de pecho con t\u00e9cnica Preserv\u00e9"},{"@type":"BreadcrumbList","@id":"https:\/\/www.canons.es\/preserve-aumento-de-pecho-minimamente-invasivo\/#breadcrumb","itemListElement":[{"@type":"ListItem","position":1,"name":"Portada","item":"https:\/\/www.canons.es\/ca\/"},{"@type":"ListItem","position":2,"name":"Preserv\u00e9: l&#8217;\u00faltim en augment de pit m\u00ednimament invasiu. En qu\u00e8 consisteix?"}]},{"@type":"WebSite","@id":"https:\/\/www.canons.es\/#website","url":"https:\/\/www.canons.es\/","name":"Cirug\u00eda Pl\u00e1stica y Est\u00e9tica Barcelona y Granollers | C\u00e0nons Clinics","description":"","publisher":{"@id":"https:\/\/www.canons.es\/#organization"},"potentialAction":[{"@type":"SearchAction","target":{"@type":"EntryPoint","urlTemplate":"https:\/\/www.canons.es\/?s={search_term_string}"},"query-input":{"@type":"PropertyValueSpecification","valueRequired":true,"valueName":"search_term_string"}}],"inLanguage":"ca"},{"@type":"Organization","@id":"https:\/\/www.canons.es\/#organization","name":"Cirug\u00eda Pl\u00e1stica y Est\u00e9tica Barcelona y Granollers | C\u00e0nons Clinics","url":"https:\/\/www.canons.es\/","logo":{"@type":"ImageObject","inLanguage":"ca","@id":"https:\/\/www.canons.es\/#\/schema\/logo\/image\/","url":"https:\/\/www.canons.es\/wp-content\/uploads\/2025\/04\/logo-canons-clinics.jpg","contentUrl":"https:\/\/www.canons.es\/wp-content\/uploads\/2025\/04\/logo-canons-clinics.jpg","width":600,"height":139,"caption":"Cirug\u00eda Pl\u00e1stica y Est\u00e9tica Barcelona y Granollers | C\u00e0nons Clinics"},"image":{"@id":"https:\/\/www.canons.es\/#\/schema\/logo\/image\/"},"sameAs":["https:\/\/www.facebook.com\/canonsclinics\/","https:\/\/x.com\/canonsclinics","https:\/\/www.instagram.com\/canonsclinics\/","https:\/\/www.youtube.com\/channel\/UCI1Ia6LjALyo1CuQ0_HwtfQ","https:\/\/www.linkedin.com\/company\/canons-clinics\/"]},{"@type":"Person","@id":"https:\/\/www.canons.es\/#\/schema\/person\/df196b4fe308265edd7e1fa9f3d05388","name":"info@conseo.es"}]}},"_links":{"self":[{"href":"https:\/\/www.canons.es\/ca\/wp-json\/wp\/v2\/posts\/22017","targetHints":{"allow":["GET"]}}],"collection":[{"href":"https:\/\/www.canons.es\/ca\/wp-json\/wp\/v2\/posts"}],"about":[{"href":"https:\/\/www.canons.es\/ca\/wp-json\/wp\/v2\/types\/post"}],"author":[{"embeddable":true,"href":"https:\/\/www.canons.es\/ca\/wp-json\/wp\/v2\/users\/27"}],"replies":[{"embeddable":true,"href":"https:\/\/www.canons.es\/ca\/wp-json\/wp\/v2\/comments?post=22017"}],"version-history":[{"count":0,"href":"https:\/\/www.canons.es\/ca\/wp-json\/wp\/v2\/posts\/22017\/revisions"}],"wp:featuredmedia":[{"embeddable":true,"href":"https:\/\/www.canons.es\/ca\/wp-json\/wp\/v2\/media\/21996"}],"wp:attachment":[{"href":"https:\/\/www.canons.es\/ca\/wp-json\/wp\/v2\/media?parent=22017"}],"wp:term":[{"taxonomy":"category","embeddable":true,"href":"https:\/\/www.canons.es\/ca\/wp-json\/wp\/v2\/categories?post=22017"},{"taxonomy":"post_tag","embeddable":true,"href":"https:\/\/www.canons.es\/ca\/wp-json\/wp\/v2\/tags?post=22017"}],"curies":[{"name":"wp","href":"https:\/\/api.w.org\/{rel}","templated":true}]}}