{"id":21514,"date":"2024-07-31T05:56:02","date_gmt":"2024-07-31T05:56:02","guid":{"rendered":"https:\/\/www.canons.es\/nuevo-tratamiento-eficaz-para-la-flacidez-corporal-argo-plasma\/"},"modified":"2024-10-10T07:40:51","modified_gmt":"2024-10-10T07:40:51","slug":"nou-tractament-efectiu-per-a-la-flaccidesa-corporal-argo-plasma","status":"publish","type":"post","link":"https:\/\/www.canons.es\/ca\/nou-tractament-efectiu-per-a-la-flaccidesa-corporal-argo-plasma\/","title":{"rendered":"Argo Plasma, un nou tractament efica\u00e7 per a la flacciditat corporal: reafirma, tensa i defineix."},"content":{"rendered":"\n\n<div class=\"kk-star-ratings kksr-auto kksr-align-left kksr-valign-top\"\n    data-payload='{&quot;align&quot;:&quot;left&quot;,&quot;id&quot;:&quot;21514&quot;,&quot;slug&quot;:&quot;default&quot;,&quot;valign&quot;:&quot;top&quot;,&quot;ignore&quot;:&quot;&quot;,&quot;reference&quot;:&quot;auto&quot;,&quot;class&quot;:&quot;&quot;,&quot;count&quot;:&quot;0&quot;,&quot;legendonly&quot;:&quot;&quot;,&quot;readonly&quot;:&quot;&quot;,&quot;score&quot;:&quot;0&quot;,&quot;starsonly&quot;:&quot;&quot;,&quot;best&quot;:&quot;5&quot;,&quot;gap&quot;:&quot;5&quot;,&quot;greet&quot;:&quot;Eval\u00faa este art\u00edculo&quot;,&quot;legend&quot;:&quot;0\\\/5 - (0 votes)&quot;,&quot;size&quot;:&quot;24&quot;,&quot;title&quot;:&quot;Argo Plasma, un nou tractament efica\u00e7 per a la flacciditat corporal: reafirma, tensa i defineix.&quot;,&quot;width&quot;:&quot;0&quot;,&quot;_legend&quot;:&quot;{score}\\\/{best} - ({count} {votes})&quot;,&quot;font_factor&quot;:&quot;1.25&quot;}'>\n            \n<div class=\"kksr-stars\">\n    \n<div class=\"kksr-stars-inactive\">\n            <div class=\"kksr-star\" data-star=\"1\" style=\"padding-right: 5px\">\n            \n\n<div class=\"kksr-icon\" style=\"width: 24px; height: 24px;\"><\/div>\n        <\/div>\n            <div class=\"kksr-star\" data-star=\"2\" style=\"padding-right: 5px\">\n            \n\n<div class=\"kksr-icon\" style=\"width: 24px; height: 24px;\"><\/div>\n        <\/div>\n            <div class=\"kksr-star\" data-star=\"3\" style=\"padding-right: 5px\">\n            \n\n<div class=\"kksr-icon\" style=\"width: 24px; height: 24px;\"><\/div>\n        <\/div>\n            <div class=\"kksr-star\" data-star=\"4\" style=\"padding-right: 5px\">\n            \n\n<div class=\"kksr-icon\" style=\"width: 24px; height: 24px;\"><\/div>\n        <\/div>\n            <div class=\"kksr-star\" data-star=\"5\" style=\"padding-right: 5px\">\n            \n\n<div class=\"kksr-icon\" style=\"width: 24px; height: 24px;\"><\/div>\n        <\/div>\n    <\/div>\n    \n<div class=\"kksr-stars-active\" style=\"width: 0px;\">\n            <div class=\"kksr-star\" style=\"padding-right: 5px\">\n            \n\n<div class=\"kksr-icon\" style=\"width: 24px; height: 24px;\"><\/div>\n        <\/div>\n            <div class=\"kksr-star\" style=\"padding-right: 5px\">\n            \n\n<div class=\"kksr-icon\" style=\"width: 24px; height: 24px;\"><\/div>\n        <\/div>\n            <div class=\"kksr-star\" style=\"padding-right: 5px\">\n            \n\n<div class=\"kksr-icon\" style=\"width: 24px; height: 24px;\"><\/div>\n        <\/div>\n            <div class=\"kksr-star\" style=\"padding-right: 5px\">\n            \n\n<div class=\"kksr-icon\" style=\"width: 24px; height: 24px;\"><\/div>\n        <\/div>\n            <div class=\"kksr-star\" style=\"padding-right: 5px\">\n            \n\n<div class=\"kksr-icon\" style=\"width: 24px; height: 24px;\"><\/div>\n        <\/div>\n    <\/div>\n<\/div>\n                \n\n<div class=\"kksr-legend\" style=\"font-size: 19.2px;\">\n            <span class=\"kksr-muted\">Eval\u00faa este art\u00edculo<\/span>\n    <\/div>\n    <\/div>\n<p><span style=\"font-weight: 400;\">Es innegable que la <\/span><b>flaccidesa corporal <\/b><span style=\"font-weight: 400;\">no \u00e9s f\u00e0cil de corregir. Hi ha pacients que proven l&#8217;exercici, la dieta, cremes&#8230; sense \u00e8xit. Avui dia, hi ha diversos <\/span><b>tractaments m\u00e8dics efectius<\/b><span style=\"font-weight: 400;\">. A C\u00e0nons Clinics, hem incorporat l&#8217;<\/span><b>Argo Plasma<\/b><span style=\"font-weight: 400;\">, una de les \u00faltimes innovacions amb la qual estem observant molt bons resultats.<\/span><\/p>\n<p>&nbsp;<\/p>\n<div id=\"ez-toc-container\" class=\"ez-toc-v2_0_82_2 counter-hierarchy ez-toc-counter ez-toc-custom ez-toc-container-direction\">\n<div class=\"ez-toc-title-container\">\n<span class=\"ez-toc-title-toggle\"><\/span><\/div>\n<nav><ul class='ez-toc-list ez-toc-list-level-1 ' ><li class='ez-toc-page-1 ez-toc-heading-level-2'><a class=\"ez-toc-link ez-toc-heading-1\" href=\"https:\/\/www.canons.es\/ca\/nou-tractament-efectiu-per-a-la-flaccidesa-corporal-argo-plasma\/#argo-plasma-pel-tractament-de-flaccidesa-corporal\" >Argo Plasma pel tractament de flaccidesa corporal<\/a><ul class='ez-toc-list-level-3' ><li class='ez-toc-heading-level-3'><a class=\"ez-toc-link ez-toc-heading-2\" href=\"https:\/\/www.canons.es\/ca\/nou-tractament-efectiu-per-a-la-flaccidesa-corporal-argo-plasma\/#de-que-es-tracta-i-quins-resultats-podem-obtenir\" >De qu\u00e8 es tracta i quins resultats podem obtenir<\/a><\/li><li class='ez-toc-page-1 ez-toc-heading-level-3'><a class=\"ez-toc-link ez-toc-heading-3\" href=\"https:\/\/www.canons.es\/ca\/nou-tractament-efectiu-per-a-la-flaccidesa-corporal-argo-plasma\/#instruccions-a-qui-es-recomana-i-a-qui-no\" >Instruccions: a qui es recomana i a qui no<\/a><\/li><li class='ez-toc-page-1 ez-toc-heading-level-3'><a class=\"ez-toc-link ez-toc-heading-4\" href=\"https:\/\/www.canons.es\/ca\/nou-tractament-efectiu-per-a-la-flaccidesa-corporal-argo-plasma\/#2-bons-exemples-dabans-i-despres\" >2 bons exemples d\u2019abans i despr\u00e8s<\/a><\/li><\/ul><\/li><li class='ez-toc-page-1 ez-toc-heading-level-2'><a class=\"ez-toc-link ez-toc-heading-5\" href=\"https:\/\/www.canons.es\/ca\/nou-tractament-efectiu-per-a-la-flaccidesa-corporal-argo-plasma\/#es-argo-plasma-millor-que-altres-tractaments-per-la-flaccidesa-corporal\" >\u00c9s Argo Plasma millor que altres tractaments per la flaccidesa corporal?<\/a><ul class='ez-toc-list-level-3' ><li class='ez-toc-heading-level-3'><a class=\"ez-toc-link ez-toc-heading-6\" href=\"https:\/\/www.canons.es\/ca\/nou-tractament-efectiu-per-a-la-flaccidesa-corporal-argo-plasma\/#podem-comparar-lo-principalment-amb-3-alternatives\" >Podem comparar-lo principalment amb 3 alternatives:<\/a><\/li><\/ul><\/li><li class='ez-toc-page-1 ez-toc-heading-level-2'><a class=\"ez-toc-link ez-toc-heading-7\" href=\"https:\/\/www.canons.es\/ca\/nou-tractament-efectiu-per-a-la-flaccidesa-corporal-argo-plasma\/#enfocament-de-360-graus-per-reduir-encara-mes-la-flaccidesa-corporal\" >Enfocament de 360 graus per reduir encara m\u00e9s la flaccidesa corporal<\/a><\/li><li class='ez-toc-page-1 ez-toc-heading-level-2'><a class=\"ez-toc-link ez-toc-heading-8\" href=\"https:\/\/www.canons.es\/ca\/nou-tractament-efectiu-per-a-la-flaccidesa-corporal-argo-plasma\/#vull-mes-informacio\" >Vull m\u00e9s informaci\u00f3<\/a><\/li><li class='ez-toc-page-1 ez-toc-heading-level-2'><a class=\"ez-toc-link ez-toc-heading-9\" href=\"https:\/\/www.canons.es\/ca\/nou-tractament-efectiu-per-a-la-flaccidesa-corporal-argo-plasma\/#referencies\" >Refer\u00e8ncies<\/a><\/li><\/ul><\/nav><\/div>\n\n<p>&nbsp;<\/p>\n<h2 id=\"argo-plasma-para-el-tratamiento-de-la-flacidez-corporal\"><span class=\"ez-toc-section\" id=\"argo-plasma-pel-tractament-de-flaccidesa-corporal\"><\/span><span style=\"color: #0b4f99;\"><b>Argo Plasma pel tractament de flaccidesa corporal<\/b><\/span><span class=\"ez-toc-section-end\"><\/span><\/h2>\n<h3 id=\"en-que-consiste-y-que-resultados-consigue\" style=\"margin-top: 20px; margin-bottom: 20px;\"><span class=\"ez-toc-section\" id=\"de-que-es-tracta-i-quins-resultats-podem-obtenir\"><\/span><span style=\"color: #3498db;\"><b>De qu\u00e8 es tracta i quins resultats podem obtenir<\/b><\/span><span class=\"ez-toc-section-end\"><\/span><\/h3>\n<p><span style=\"font-weight: 400;\">Qu\u00e8 m&#8217;ofereix l&#8217;Argo Plasma com a pacient?\u00a0<\/span><\/p>\n<p><span style=\"font-weight: 400;\">Si tens flacciditat en alguna part del cos, \u00e9s un dels tractaments corporals m\u00e9s recents, efectius i duradors per <\/span><b>reafirmar la pell, redefinir els contorns i donar-te un aspecte m\u00e9s llis i jove.<\/b><\/p>\n<p><span style=\"font-weight: 400;\">Com funciona?\u00a0<\/span><\/p>\n<p><span style=\"font-weight: 400;\">Es tracta d&#8217;un dispositiu electrocir\u00fargic de plasma d&#8217;arg\u00f3 que, mitjan\u00e7ant una acci\u00f3 t\u00e8rmica molt controlada, fa que la pell es retragui. Actua selectivament sobre el col\u00b7lagen.\u00a0<\/span><\/p>\n<p><span style=\"font-weight: 400;\">En altres paraules, produeix un efecte tensor que redueix r\u00e0pidament i de manera segura la flacciditat de la pell. Per simplificar&#8230; Imagina passar una planxa intel\u00b7ligent que ni crema ni danya el teixit per sobre d&#8217;una camisa amb arrugues.<\/span><\/p>\n<p><span style=\"font-weight: 400;\">Aix\u00ed \u00e9s com millora la fermesa.<\/span><\/p>\n<p><span style=\"font-weight: 400;\">\u00c9s una t\u00e8cnica m\u00ednimament invasiva i ambulatoria que es realitza amb sedaci\u00f3. Es pot associar o no a <a href=\"https:\/\/www.canons.es\/ca\/cirurgia-plastica-corporal\/\" target=\"_blank\" rel=\"noopener\">cirurgies corporals<\/a> com el lipol\u00e0ser.<\/span><\/p>\n<p>&nbsp;<\/p>\n<h3 id=\"indicaciones-a-quienes-se-recomienda-y-a-quienes-no\" style=\"margin-top: 20px; margin-bottom: 20px;\"><span class=\"ez-toc-section\" id=\"instruccions-a-qui-es-recomana-i-a-qui-no\"><\/span><span style=\"color: #3498db;\"><b>Instruccions: a qui es recomana i a qui no <\/b><\/span><span class=\"ez-toc-section-end\"><\/span><\/h3>\n<p><span style=\"font-weight: 400;\">L&#8217;Arg\u00f3 Plasma \u00e9s molt vers\u00e0til.\u00a0<\/span><\/p>\n<p><span style=\"font-weight: 400;\">A C\u00e0nons Clinics, l&#8217;utilitzem tant per a homes com per a dones:\u00a0<\/span><\/p>\n<ul>\n<li style=\"list-style-type: none;\">\n<ul>\n<li style=\"font-weight: 400;\" aria-level=\"1\"><b>Juntament amb lipol\u00e0ser per reafirmar i millorar la definici\u00f3 a l&#8217;abdomen<\/b><span style=\"font-weight: 400;\">, cintura, malucs, cames, flancs&#8230; Per exemple, per aconseguir una major definici\u00f3 abdominal despr\u00e9s d&#8217;eliminar greix localitzat amb <\/span><a href=\"https:\/\/www.canons.es\/lipoescultura-corporal-asistida-por-laser\/\"><span style=\"font-weight: 400;\">liposucci\u00f3 assistida per l\u00e0ser.\u00a0<\/span><\/a><\/li>\n<li style=\"font-weight: 400;\" aria-level=\"1\"><b>De vegades, amb cirurgies de l\u00edfting per a un major rejoveniment<\/b><span style=\"font-weight: 400;\">, com en una braquiopl\u00e0stia per fer els bra\u00e7os m\u00e9s ferms.\u00a0<\/span><\/li>\n<li style=\"font-weight: 400;\" aria-level=\"1\"><b>Per tractar la flacciditat corporal lleu a moderada<\/b><span style=\"font-weight: 400;\">, sense combinar amb altres intervencions. Per a persones amb una certa flacciditat de la pell a causa d&#8217;una p\u00e8rdua de pes sobtada, embar\u00e0s o envelliment, que resisteix els h\u00e0bits saludables.<\/span><\/li>\n<\/ul>\n<\/li>\n<\/ul>\n<p><span style=\"font-weight: 400;\">Per a aquest tercer cas, disposem de diversos tractaments molt efectius. Recomanem un o altre segons el que observem a la consulta durant el diagn\u00f2stic.<\/span><\/p>\n<p><b>Contraindicacions?<\/b><span style=\"font-weight: 400;\"> Generalment, no aconsellem Argo Plasma si:\u00a0<\/span><\/p>\n<ul>\n<li style=\"list-style-type: none;\">\n<ul>\n<li style=\"font-weight: 400;\" aria-level=\"1\"><span style=\"font-weight: 400;\">Hi ha algunes patologies subjacents significatives.\u00a0<\/span><\/li>\n<li style=\"font-weight: 400;\" aria-level=\"1\"><span style=\"font-weight: 400;\">Expectatives poc realistes (no \u00e9s un m\u00e8tode per a la p\u00e8rdua de pes).\u00a0<\/span><\/li>\n<li style=\"font-weight: 400;\" aria-level=\"1\"><span style=\"font-weight: 400;\">Si la cirurgia principal que acompanya est\u00e0 contraindicada.\u00a0<\/span><\/li>\n<\/ul>\n<\/li>\n<\/ul>\n<p><span style=\"font-weight: 400;\">M\u00e9s enll\u00e0 d&#8217;aix\u00f2, \u00e9s una tecnologia molt segura.<\/span><\/p>\n<p>&nbsp;<\/p>\n<h3 id=\"2-ejemplos-muy-bonitos-de-antes-y-despues\" style=\"margin-top: 20px; margin-bottom: 20px;\"><span class=\"ez-toc-section\" id=\"2-bons-exemples-dabans-i-despres\"><\/span><span style=\"color: #3498db;\"><b>2 bons exemples d\u2019abans i despr\u00e8s<\/b><\/span><span class=\"ez-toc-section-end\"><\/span><\/h3>\n<p><span style=\"font-weight: 400;\">Pacient que va concertar una cita a les Cl\u00edniques C\u00e0nons per tractar la flacciditat dels seus bra\u00e7os.<\/span><\/p>\n<p><span style=\"font-weight: 400;\">Despr\u00e9s d&#8217;una avaluaci\u00f3 precisa de les seves necessitats, vam realitzar:<\/span><\/p>\n<ul>\n<li style=\"font-weight: 400;\" aria-level=\"1\"><b>Lipol\u00e0ser<\/b><span style=\"font-weight: 400;\"> per eliminar els dip\u00f2sits de greix.<\/span><\/li>\n<li style=\"font-weight: 400;\" aria-level=\"1\"><b>Braquiopl\u00e0stia<\/b><span style=\"font-weight: 400;\"> per eliminar l&#8217;exc\u00e9s de pell.<\/span><\/li>\n<li style=\"font-weight: 400;\" aria-level=\"1\"><b>Argo Plasma<\/b><span style=\"font-weight: 400;\"> per aconseguir un aspecte m\u00e9s llis i definit.<\/span><\/li>\n<li style=\"font-weight: 400;\" aria-level=\"1\"><b>L\u00e0ser Urgotouch\u00ae<\/b><span style=\"font-weight: 400;\"> per reduir l&#8217;aparen\u00e7a de la cicatriu.<\/span><\/li>\n<\/ul>\n<p><span style=\"font-weight: 400;\">Mira aquesta comparativa abans i despr\u00e9s a les 4 setmanes de tractament. La cicatriu \u00e9s recent i encara est\u00e0 una mica vermella, per\u00f2 ja <\/span><b>es pot veure una fermesa molt m\u00e9s gran i un rejoveniment visible<\/b><span style=\"font-weight: 400;\">.<\/span><\/p>\n<p><a href=\"https:\/\/www.canons.es\/wp-content\/uploads\/2024\/07\/argo-plasma-tratamiento-flacidez-brazos-antes-y-despues.jpg\"><img loading=\"lazy\" decoding=\"async\" class=\"aligncenter wp-image-21447 size-medium\" src=\"https:\/\/www.canons.es\/wp-content\/uploads\/2024\/07\/argo-plasma-tratamiento-flacidez-brazos-antes-y-despues-300x300.jpg\" alt=\"Tractament per a la flacciditat corporal del bra\u00e7, braquiopl\u00e0stia amb Argo Plasma, abans i despr\u00e9s a les 4 setmanes\" width=\"300\" height=\"300\" srcset=\"https:\/\/www.canons.es\/wp-content\/uploads\/2024\/07\/argo-plasma-tratamiento-flacidez-brazos-antes-y-despues-300x300.jpg 300w, https:\/\/www.canons.es\/wp-content\/uploads\/2024\/07\/argo-plasma-tratamiento-flacidez-brazos-antes-y-despues-1024x1024.jpg 1024w, https:\/\/www.canons.es\/wp-content\/uploads\/2024\/07\/argo-plasma-tratamiento-flacidez-brazos-antes-y-despues-150x150.jpg 150w, https:\/\/www.canons.es\/wp-content\/uploads\/2024\/07\/argo-plasma-tratamiento-flacidez-brazos-antes-y-despues-768x768.jpg 768w, https:\/\/www.canons.es\/wp-content\/uploads\/2024\/07\/argo-plasma-tratamiento-flacidez-brazos-antes-y-despues-570x570.jpg 570w, https:\/\/www.canons.es\/wp-content\/uploads\/2024\/07\/argo-plasma-tratamiento-flacidez-brazos-antes-y-despues-500x500.jpg 500w, https:\/\/www.canons.es\/wp-content\/uploads\/2024\/07\/argo-plasma-tratamiento-flacidez-brazos-antes-y-despues-1000x1000.jpg 1000w, https:\/\/www.canons.es\/wp-content\/uploads\/2024\/07\/argo-plasma-tratamiento-flacidez-brazos-antes-y-despues-700x700.jpg 700w, https:\/\/www.canons.es\/wp-content\/uploads\/2024\/07\/argo-plasma-tratamiento-flacidez-brazos-antes-y-despues.jpg 1080w\" sizes=\"auto, (max-width: 300px) 100vw, 300px\" \/><\/a><\/p>\n<p>&nbsp;<\/p>\n<p><span style=\"font-weight: 400;\">Els seg\u00fcents pacients van consultar per greix localitzat a l&#8217;abdomen i els flancs.<\/span><\/p>\n<p><span style=\"font-weight: 400;\">En aquest cas, el procediment va ser m\u00e9s global:<\/span><\/p>\n<ul>\n<li style=\"list-style-type: none;\">\n<ul>\n<li style=\"font-weight: 400;\" aria-level=\"1\"><b>Avaluaci\u00f3 nutricional<\/b><span style=\"font-weight: 400;\"> i d&#8217;h\u00e0bits saludables un mes abans.<\/span><\/li>\n<li style=\"font-weight: 400;\" aria-level=\"1\"><b>Lipol\u00e0ser + Argo Plasma<\/b><span style=\"font-weight: 400;\"> per remodelar i definir el contorn corporal.<\/span><\/li>\n<li style=\"font-weight: 400;\" aria-level=\"1\"><b>Drenatge limf\u00e0tic<\/b><span style=\"font-weight: 400;\"> el primer mes per reduir la inflamaci\u00f3 postoperat\u00f2ria.<\/span><\/li>\n<li style=\"font-weight: 400;\" aria-level=\"1\"><b>Radiofreq\u00fc\u00e8ncia<\/b><span style=\"font-weight: 400;\"> el segon mes per millorar la fermesa i l&#8217;aparen\u00e7a de la pell.<\/span><\/li>\n<li style=\"font-weight: 400;\" aria-level=\"1\"><b>Electroestimulaci\u00f3<\/b> <b>muscular<\/b><span style=\"font-weight: 400;\"> selectiva el tercer mes per tonificar l&#8217;abdomen.<\/span><\/li>\n<\/ul>\n<\/li>\n<\/ul>\n<p><span style=\"font-weight: 400;\">Resultat despr\u00e9s de tres mesos: silueta molt m\u00e9s definida, abdomen pla sense dip\u00f2sits de greix ni marques visibles de l&#8217;operaci\u00f3, i <\/span><b>sense flaccidesa.<\/b><\/p>\n<p><a href=\"https:\/\/www.canons.es\/wp-content\/uploads\/2024\/07\/lipoescultura-abdomen-flancos-hombre-antes-y-despues.jpg\"><img loading=\"lazy\" decoding=\"async\" class=\"aligncenter wp-image-21451 size-medium\" src=\"https:\/\/www.canons.es\/wp-content\/uploads\/2024\/07\/lipoescultura-abdomen-flancos-hombre-antes-y-despues-300x300.jpg\" alt=\"Abans i despr\u00e9s lipoescultura abdomen i flancs en home amb Argo Plasma i altres t\u00e8cniques\" width=\"300\" height=\"300\" srcset=\"https:\/\/www.canons.es\/wp-content\/uploads\/2024\/07\/lipoescultura-abdomen-flancos-hombre-antes-y-despues-300x300.jpg 300w, https:\/\/www.canons.es\/wp-content\/uploads\/2024\/07\/lipoescultura-abdomen-flancos-hombre-antes-y-despues-1024x1024.jpg 1024w, https:\/\/www.canons.es\/wp-content\/uploads\/2024\/07\/lipoescultura-abdomen-flancos-hombre-antes-y-despues-150x150.jpg 150w, https:\/\/www.canons.es\/wp-content\/uploads\/2024\/07\/lipoescultura-abdomen-flancos-hombre-antes-y-despues-768x768.jpg 768w, https:\/\/www.canons.es\/wp-content\/uploads\/2024\/07\/lipoescultura-abdomen-flancos-hombre-antes-y-despues-570x570.jpg 570w, https:\/\/www.canons.es\/wp-content\/uploads\/2024\/07\/lipoescultura-abdomen-flancos-hombre-antes-y-despues-500x500.jpg 500w, https:\/\/www.canons.es\/wp-content\/uploads\/2024\/07\/lipoescultura-abdomen-flancos-hombre-antes-y-despues-1000x1000.jpg 1000w, https:\/\/www.canons.es\/wp-content\/uploads\/2024\/07\/lipoescultura-abdomen-flancos-hombre-antes-y-despues-700x700.jpg 700w, https:\/\/www.canons.es\/wp-content\/uploads\/2024\/07\/lipoescultura-abdomen-flancos-hombre-antes-y-despues.jpg 1080w\" sizes=\"auto, (max-width: 300px) 100vw, 300px\" \/><\/a><\/p>\n<p>&nbsp;<\/p>\n<p>&nbsp;<\/p>\n<h2><span class=\"ez-toc-section\" id=\"es-argo-plasma-millor-que-altres-tractaments-per-la-flaccidesa-corporal\"><\/span><span style=\"color: #0b4f99;\"><b>\u00c9s Argo Plasma millor que altres tractaments per la flaccidesa corporal?<\/b><\/span><span class=\"ez-toc-section-end\"><\/span><\/h2>\n<p><span style=\"font-weight: 400;\">Un pacient em va fer una pregunta que t\u00e9 tot el sentit del m\u00f3n.<\/span><\/p>\n<p><span style=\"font-weight: 400;\">Amb la quantitat de tractaments disponibles per a la flacciditat corporal&#8230;<\/span><\/p>\n<p><span style=\"font-weight: 400;\">Per qu\u00e8 Argo Plasma?<\/span><\/p>\n<p><span style=\"font-weight: 400;\">No es tracta realment que sigui una opci\u00f3 millor o pitjor, sin\u00f3 que, <\/span><b>segons el cas, pot ser una indicaci\u00f3 molt m\u00e9s adequada i satisfact\u00f2ria o no.<\/b><\/p>\n<h3><span class=\"ez-toc-section\" id=\"podem-comparar-lo-principalment-amb-3-alternatives\"><\/span><span style=\"color: #3498db;\"><b>Podem comparar-lo principalment amb 3 alternatives:<\/b><\/span><span class=\"ez-toc-section-end\"><\/span><\/h3>\n<p><span style=\"font-weight: 400;\">Concretament:<\/span><\/p>\n<ul>\n<li style=\"list-style-type: none;\">\n<ul>\n<li style=\"font-weight: 400;\" aria-level=\"1\"><b>Procediments quir\u00fargics amb resecci\u00f3 de pell<\/b><span style=\"font-weight: 400;\"> (es retira), com una abdominopl\u00e0stia.<\/span><\/li>\n<li style=\"font-weight: 400;\" aria-level=\"1\"><b>Medicina est\u00e8tica<\/b><span style=\"font-weight: 400;\">: radiofreq\u00fc\u00e8ncia, mesoter\u00e0pia, fils tensors, etc.<\/span><\/li>\n<li style=\"font-weight: 400;\" aria-level=\"1\"><b>Plasma d&#8217;hel<\/b><span style=\"font-weight: 400;\">i: molt semblant, per\u00f2 utilitza heli en lloc d&#8217;arg\u00f3.<\/span><\/li>\n<\/ul>\n<\/li>\n<\/ul>\n<p><span style=\"font-weight: 400;\">En comparaci\u00f3 amb la resecci\u00f3 quir\u00fargica, Argo Plasma \u00e9s un tractament corporal que ofereix excel\u00b7lents resultats per a la flacciditat lleu a moderada i evita una operaci\u00f3 tan invasiva.<\/span><b> La recuperaci\u00f3 \u00e9s m\u00e9s r\u00e0pida i hi ha menys cicatrius.<\/b><\/p>\n<p><span style=\"font-weight: 400;\">Pel que fa a la medicina est\u00e8tica, Argo Plasma sovint implica un entorn quir\u00fargic i requereix una mica m\u00e9s de cures postoperat\u00f2ries. No obstant aix\u00f2,<\/span><b> proporciona millors resultats en nom\u00e9s una sessi\u00f3 i requereix menys manteniment.<\/b><span style=\"font-weight: 400;\"> L&#8217;efecte \u00e9s m\u00e9s permanent.<\/span><\/p>\n<p><span style=\"font-weight: 400;\">Quant al plasma d&#8217;heli, Argo Plasma \u00e9s m\u00e9s f\u00e0cil de gestionar i t\u00e9<\/span><b> un risc menor de complicacions<\/b><span style=\"font-weight: 400;\">. A m\u00e9s, \u00e9s una tecnologia amb <\/span><b>una<\/b> <b>gran quantitat d&#8217;estudis que la recolzen<\/b><span style=\"font-weight: 400;\">. S&#8217;ha aplicat amb \u00e8xit en diversos procediments m\u00e8dics durant anys.<\/span><\/p>\n<p><span style=\"font-weight: 400;\">Dit aix\u00f2:<\/span><\/p>\n<ul>\n<li style=\"list-style-type: none;\">\n<ul>\n<li style=\"font-weight: 400;\" aria-level=\"1\"><span style=\"font-weight: 400;\">Prefereixes un resultat durador o evitar la cirurgia?<\/span><\/li>\n<li style=\"font-weight: 400;\" aria-level=\"1\"><span style=\"font-weight: 400;\">Tens dip\u00f2sits de greix localitzats?<\/span><\/li>\n<li style=\"font-weight: 400;\" aria-level=\"1\"><span style=\"font-weight: 400;\">Quin grau de flacciditat de pell tens?<\/span><\/li>\n<li style=\"font-weight: 400;\" aria-level=\"1\"><span style=\"font-weight: 400;\">Quina \u00e9s la qualitat de la teva pell?<\/span><\/li>\n<li style=\"font-weight: 400;\" aria-level=\"1\"><span style=\"font-weight: 400;\">Quines s\u00f3n les teves expectatives?<\/span><\/li>\n<\/ul>\n<\/li>\n<\/ul>\n<p><span style=\"font-weight: 400;\">Depenent de les teves necessitats i desitjos, una t\u00e8cnica ser\u00e0 millor que una altra.<\/span><\/p>\n<p id=\"argo-plasma-es-mejor-que-otros-tratamientos-corporales-para-la-flacidez\"><span style=\"font-weight: 400;\">Per cert, si t&#8217;agradaria reafirmar i corregir la flacciditat de la pell de la cara, aqu\u00ed et comparteixo <\/span><a href=\"https:\/\/www.canons.es\/tratamientos-flacidez-facial-lo-ultimo\/\"><span style=\"font-weight: 400;\">un dels tractaments m\u00e9s recents per a la flacciditat facial.<\/span><\/a><span style=\"font-weight: 400;\"> Una sinergia \u00fanica amb la qual els nostres pacients estan quedant molt satisfets.<\/span><\/p>\n<p>&nbsp;<\/p>\n<p>&nbsp;<\/p>\n<h2><span class=\"ez-toc-section\" id=\"enfocament-de-360-graus-per-reduir-encara-mes-la-flaccidesa-corporal\"><\/span><span style=\"color: #0b4f99;\"><b>Enfocament de 360 graus per reduir encara m\u00e9s la flaccidesa corporal<\/b><\/span><span class=\"ez-toc-section-end\"><\/span><\/h2>\n<p><span style=\"font-weight: 400;\">Com he mencionat al comen\u00e7ament que hi ha pacients que ho proven tot contra la flacciditat corporal i no troben la manera de solucionar-ho. Per molt que facin exercici o tinguin una bona alimentaci\u00f3, mai acaben tenint l&#8217;aspecte que desitgen.<\/span><\/p>\n<p><span style=\"font-weight: 400;\">Si aquesta \u00e9s la teva situaci\u00f3, sabr\u00e0s que \u00e9s frustrant.<\/span><\/p>\n<p><b>L&#8217;Arg\u00f3 Plasma \u00e9s un tractament molt efectiu per veure finalment una millora en la teva silueta, per\u00f2 aix\u00f2 no significa que l&#8217;autocura no sigui important.<\/b><\/p>\n<p><span style=\"font-weight: 400;\">La pell fl\u00e0ccida apareix a causa de diversos factors, des de l&#8217;envelliment natural fins a l&#8217;estil de vida, el tabaquisme, l&#8217;exposici\u00f3 al sol o la contaminaci\u00f3. Es produeixen canvis estructurals i composicionals que fan que la pell perdi fermesa i es torni fl\u00e0ccida.<\/span><\/p>\n<p><span style=\"font-weight: 400;\">Qu\u00e8 vol dir aix\u00f2?<\/span><\/p>\n<p><span style=\"font-weight: 400;\">B\u00e9, significa que el millor resultat s&#8217;aconsegueix amb un enfocament 360, abordant tots aquells fronts que d&#8217;alguna manera causen la laxitud de la pell.<\/span><\/p>\n<p><span style=\"font-weight: 400;\">A C\u00e0nons Clinics, tenim el concepte de &#8220;Unitat de Contorn Corporal&#8221;. Proporcionem eines a cada pacient des de setmanes abans fins a mesos despr\u00e9s del procediment per ajudar-los a recuperar i mantenir una major fermesa durant m\u00e9s temps.<\/span><\/p>\n<p><span style=\"font-weight: 400;\">En general, seguim aquest protocol:<\/span><\/p>\n<ul>\n<li style=\"list-style-type: none;\">\n<ul>\n<li style=\"font-weight: 400;\" aria-level=\"1\"><b>Assessorament nutricional<\/b><span style=\"font-weight: 400;\"> pre i post intervenci\u00f3.<\/span><\/li>\n<li style=\"font-weight: 400;\" aria-level=\"1\"><b>Drenatge limf\u00e0tic<\/b><span style=\"font-weight: 400;\"> manual durant el primer mes.<\/span><\/li>\n<li style=\"font-weight: 400;\" aria-level=\"1\"><b>Radiofreq\u00fc\u00e8ncia<\/b> <b>multipolar<\/b><span style=\"font-weight: 400;\"> durant el segon mes.<\/span><\/li>\n<li style=\"font-weight: 400;\" aria-level=\"1\"><b>Electroestimulaci\u00f3<\/b> <b>muscular<\/b><span style=\"font-weight: 400;\"> en el tercer mes.<\/span><\/li>\n<\/ul>\n<\/li>\n<\/ul>\n<p><span style=\"font-weight: 400;\">A la consulta, determinem qu\u00e8 \u00e9s el m\u00e9s adequat per a cada cas.<\/span><\/p>\n<p>&nbsp;<\/p>\n<p>&nbsp;<\/p>\n<h2 id=\"quiero-mas-informacion\"><span class=\"ez-toc-section\" id=\"vull-mes-informacio\"><\/span><span style=\"color: #0b4f99;\"><b>Vull m\u00e9s informaci\u00f3<\/b><\/span><span class=\"ez-toc-section-end\"><\/span><\/h2>\n<p><span style=\"font-weight: 400;\">Si busques un tractament per corregir la flacciditat corporal i vols resoldre els teus dubtes, <\/span><b>fes una cita<\/b><span style=\"font-weight: 400;\"> i amb molt de gust t&#8217;explicar\u00e9 quina \u00e9s la millor opci\u00f3 per a tu.<\/span><\/p>\n<p><span style=\"font-weight: 400;\">Truca&#8217;ns o escriu-nos per WhatsApp al <\/span><b>683<\/b> <b>27<\/b> <b>07<\/b> <b>09<\/b><span style=\"font-weight: 400;\">. O omple el <\/span><b>formulari<\/b><span style=\"font-weight: 400;\"> accedint al bot\u00f3 que hem proporcionat a continuaci\u00f3.<\/span><\/p>\n<p><span style=\"font-weight: 400;\">A Instagram, publicarem m\u00e9s resultats. <\/span><a href=\"https:\/\/www.instagram.com\/canonsclinics\/\" target=\"_blank\" rel=\"noopener\"><span style=\"font-weight: 400;\">Segueix-nos<\/span><\/a><span style=\"font-weight: 400;\"> per mantenir-te actualitzat.<\/span><\/p>\n<p style=\"text-align: center;\"><a style=\"text-decoration: none; padding: 15px 25px; color: white; background-color: #0b4f99;\" href=\"https:\/\/www.canons.es\/ca\/contacto-barcelona\/\" target=\"_blank\" rel=\"noopener\">Fes una cita<\/a><\/p>\n<p>&nbsp;<\/p>\n<p>&nbsp;<\/p>\n<h2><span class=\"ez-toc-section\" id=\"referencies\"><\/span><span style=\"color: #0b4f99;\"><b>Refer\u00e8ncies<\/b><\/span><span class=\"ez-toc-section-end\"><\/span><\/h2>\n<ul>\n<li style=\"list-style-type: none;\">\n<ul>\n<li style=\"font-weight: 400;\" aria-level=\"1\"><span style=\"font-weight: 400;\">Si vols trobar m\u00e9s informaci\u00f3 sobre la pell, les raons de la laxitud corporal, o els usos m\u00e8dics del plasma d&#8217;argon, ho pots fer en aquests enlla\u00e7os:<\/span><\/li>\n<li style=\"font-weight: 400;\" aria-level=\"1\"><span style=\"font-weight: 400;\">Buend\u00eda A, Mazuecos J, Camacho FM. <\/span><b>Anatomia i fisiologia de la pell.<\/b><span style=\"font-weight: 400;\"> En: Conejo-Mir, J, Moreno JC, Camacho FM, editors. Manual de Dermatologia. 2a edici\u00f3, volum I. Grup Aula M\u00e9dica; 2018. pp. 2-27. <\/span><a href=\"https:\/\/www.berri.es\/pdf\/MANUAL%20DE%20DERMATOLOGIA%E2%80%9A%202%20Vols.%20(Tapa%20Dura)\/9788478856282\"><span style=\"font-weight: 400;\">Font<\/span><\/a><span style=\"font-weight: 400;\">.<\/span><\/li>\n<li style=\"font-weight: 400;\" aria-level=\"1\"><span style=\"font-weight: 400;\">Shin SH, Lee YH, Rho NK, Park KY.<\/span><b> Envelliment de la pell: dels mecanismes a les intervencions, centrant-se en l&#8217;envelliment dermal<\/b><span style=\"font-weight: 400;\">. Front Physiol. 2023 10 de maig;14:1195272. <\/span><a href=\"https:\/\/www.ncbi.nlm.nih.gov\/pmc\/articles\/PMC10206231\/\"><span style=\"font-weight: 400;\">Font<\/span><\/a><span style=\"font-weight: 400;\">.<\/span><\/li>\n<li id=\"referencias\"><span style=\"font-weight: 400;\">Jane K. <\/span><b>Aplicacions cl\u00edniques de la coagulaci\u00f3 per plasma d&#8217;argon<\/b><span style=\"font-weight: 400;\"> en endosc\u00f2pia. Gastroenterol Nurs. 2006 set-oct;29(5):386-91. <\/span><a href=\"https:\/\/pubmed.ncbi.nlm.nih.gov\/17038840\/\"><span style=\"font-weight: 400;\">Font<\/span><\/a><span style=\"font-weight: 400;\">.<\/span><\/li>\n<\/ul>\n<\/li>\n<\/ul>\n<p>&nbsp;<\/p>\n<h2><\/h2>\n<div class=\"cuadroAutor\">\n<h3 style=\"margin-top: 20px; margin-bottom: 20px;\"><b><a href=\"https:\/\/www.canons.es\/wp-content\/uploads\/2024\/05\/drVictorHernandez.jpg\"><img loading=\"lazy\" decoding=\"async\" class=\"alignnone wp-image-21422 size-large\" src=\"https:\/\/www.canons.es\/wp-content\/uploads\/2024\/05\/drVictorHernandez-768x1024.jpg\" alt=\"Imatge frontal de Dr. V\u00edctor Hern\u00e0ndez Machado. Director m\u00e8dico de C\u00e0nons Clinics\" width=\"768\" height=\"1024\" srcset=\"https:\/\/www.canons.es\/wp-content\/uploads\/2024\/05\/drVictorHernandez-768x1024.jpg 768w, https:\/\/www.canons.es\/wp-content\/uploads\/2024\/05\/drVictorHernandez-225x300.jpg 225w, https:\/\/www.canons.es\/wp-content\/uploads\/2024\/05\/drVictorHernandez-600x800.jpg 600w, https:\/\/www.canons.es\/wp-content\/uploads\/2024\/05\/drVictorHernandez-700x933.jpg 700w, https:\/\/www.canons.es\/wp-content\/uploads\/2024\/05\/drVictorHernandez.jpg 900w\" sizes=\"auto, (max-width: 768px) 100vw, 768px\" \/><\/a><\/b><\/h3>\n<div>\n<h3 style=\"margin-top: 20px; margin-bottom: 20px;\"><b>Dr. V\u00edctor Hern\u00e0ndez Machado. Director m\u00e8dic de C\u00e0nons Clinics<\/b><\/h3>\n<p><strong>Cirurgi\u00e0 pl\u00e0stic<\/strong> especialista en cirurgia facial i contorn corporal, amb experi\u00e8ncia al sector privat <strong>des del 2001<\/strong>. Advoco per una cirurgia i medicina est\u00e8tica honrada en qu\u00e8 els resultats millorin, no canvi\u00efn.<\/p>\n<p><strong>Metge col\u00b7legiat<\/strong> a Barcelona n\u00fam. 30493, membre de la <strong>SECPRE<\/strong> i <strong>secretari general<\/strong> de la Societat Espanyola de L\u00e0ser M\u00e8dic Quir\u00fargic (SELMQ).<\/p>\n<p><a href=\"https:\/\/www.canons.es\/ca\/dr-victor-hernandez-machado\/\" target=\"_blank\" rel=\"noopener\"><span style=\"font-weight: 400;\">Curr\u00edculum<\/span><\/a><span style=\"font-weight: 400;\">. <\/span><a href=\"https:\/\/www.linkedin.com\/in\/victorhernandezmachado\/\" target=\"_blank\" rel=\"noopener\"><span style=\"font-weight: 400;\">LinkedIn<\/span><\/a><span style=\"font-weight: 400;\">.<\/span><\/p>\n<\/div>\n<\/div>\n<!-- AddThis Advanced Settings generic via filter on the_content --><!-- AddThis Share Buttons generic via filter on the_content -->","protected":false},"excerpt":{"rendered":"<p>Es innegable que la flaccidesa corporal no \u00e9s f\u00e0cil de corregir. Hi ha pacients que proven l&#8217;exercici, la dieta, cremes&#8230; sense \u00e8xit. Avui dia, hi ha diversos tractaments m\u00e8dics efectius. A C\u00e0nons Clinics, hem incorporat l&#8217;Argo Plasma, una de les \u00faltimes innovacions amb la qual&#8230;<!-- AddThis Advanced Settings generic via filter on get_the_excerpt --><!-- AddThis Share Buttons generic via filter on get_the_excerpt --><\/p>\n","protected":false},"author":25,"featured_media":21443,"comment_status":"closed","ping_status":"closed","sticky":false,"template":"","format":"standard","meta":{"footnotes":""},"categories":[79,892,894],"tags":[902,903,714,904],"class_list":["post-21514","post","type-post","status-publish","format-standard","has-post-thumbnail","hentry","category-blog-del-dr-victor-hernandez-da-costa-ca","category-cirugia-plastica-y-estetica-corporal-ca","category-medicina-estetica-corporal-ca-2","tag-argoplasma-ca","tag-contorno-corporal-ca","tag-contorno-corporal-2","tag-lipoescultura-ca-2"],"yoast_head":"<!-- This site is optimized with the Yoast SEO Premium plugin v26.9 (Yoast SEO v27.4) - https:\/\/yoast.com\/product\/yoast-seo-premium-wordpress\/ -->\n<title>Argo Plasma, un nou tractament efica\u00e7 per a la flacciditat corporal: reafirma, tensa i defineix. - Cl\u00ednica C\u00e0nons | Cirurgia i Medicina Estetica a Barcelona, \u200b\u200bGranollers<\/title>\n<meta name=\"robots\" content=\"index, follow, max-snippet:-1, max-image-preview:large, max-video-preview:-1\" \/>\n<link rel=\"canonical\" href=\"https:\/\/www.canons.es\/ca\/nou-tractament-efectiu-per-a-la-flaccidesa-corporal-argo-plasma\/\" \/>\n<meta property=\"og:locale\" content=\"ca_ES\" \/>\n<meta property=\"og:type\" content=\"article\" \/>\n<meta property=\"og:title\" content=\"Argo Plasma, un nou tractament efica\u00e7 per a la flacciditat corporal: reafirma, tensa i defineix.\" \/>\n<meta property=\"og:description\" content=\"Es innegable que la flaccidesa corporal no \u00e9s f\u00e0cil de corregir. Hi ha pacients que proven l&#8217;exercici, la dieta, cremes&#8230; sense \u00e8xit. Avui dia, hi ha diversos tractaments m\u00e8dics efectius. A C\u00e0nons Clinics, hem incorporat l&#8217;Argo Plasma, una de les \u00faltimes innovacions amb la qual...\" \/>\n<meta property=\"og:url\" content=\"https:\/\/www.canons.es\/ca\/nou-tractament-efectiu-per-a-la-flaccidesa-corporal-argo-plasma\/\" \/>\n<meta property=\"og:site_name\" content=\"Cl\u00ednica C\u00e0nons | Cirurgia i Medicina Estetica a Barcelona, \u200b\u200bGranollers\" \/>\n<meta property=\"article:publisher\" content=\"https:\/\/www.facebook.com\/canonsclinics\/\" \/>\n<meta property=\"article:published_time\" content=\"2024-07-31T05:56:02+00:00\" \/>\n<meta property=\"article:modified_time\" content=\"2024-10-10T07:40:51+00:00\" \/>\n<meta property=\"og:image\" content=\"https:\/\/www.canons.es\/wp-content\/uploads\/2024\/07\/nuevo-tratamiento-eficaz-para-la-flacidez-corporal-argo-plasma.jpg\" \/>\n\t<meta property=\"og:image:width\" content=\"1224\" \/>\n\t<meta property=\"og:image:height\" content=\"816\" \/>\n\t<meta property=\"og:image:type\" content=\"image\/jpeg\" \/>\n<meta name=\"author\" content=\"administrador\" \/>\n<meta name=\"twitter:card\" content=\"summary_large_image\" \/>\n<meta name=\"twitter:creator\" content=\"@canonsclinics\" \/>\n<meta name=\"twitter:site\" content=\"@canonsclinics\" \/>\n<meta name=\"twitter:label1\" content=\"Escrit per\" \/>\n\t<meta name=\"twitter:data1\" content=\"administrador\" \/>\n\t<meta name=\"twitter:label2\" content=\"Temps estimat de lectura\" \/>\n\t<meta name=\"twitter:data2\" content=\"7 minuts\" \/>\n<script type=\"application\/ld+json\" class=\"yoast-schema-graph\">{\"@context\":\"https:\\\/\\\/schema.org\",\"@graph\":[{\"@type\":\"Article\",\"@id\":\"https:\\\/\\\/www.canons.es\\\/ca\\\/nou-tractament-efectiu-per-a-la-flaccidesa-corporal-argo-plasma\\\/#article\",\"isPartOf\":{\"@id\":\"https:\\\/\\\/www.canons.es\\\/ca\\\/nou-tractament-efectiu-per-a-la-flaccidesa-corporal-argo-plasma\\\/\"},\"author\":{\"name\":\"administrador\",\"@id\":\"https:\\\/\\\/www.canons.es\\\/#\\\/schema\\\/person\\\/947d7b84e9c15475d0452e32f9d72fb7\"},\"headline\":\"Argo Plasma, un nou tractament efica\u00e7 per a la flacciditat corporal: reafirma, tensa i defineix.\",\"datePublished\":\"2024-07-31T05:56:02+00:00\",\"dateModified\":\"2024-10-10T07:40:51+00:00\",\"mainEntityOfPage\":{\"@id\":\"https:\\\/\\\/www.canons.es\\\/ca\\\/nou-tractament-efectiu-per-a-la-flaccidesa-corporal-argo-plasma\\\/\"},\"wordCount\":1507,\"publisher\":{\"@id\":\"https:\\\/\\\/www.canons.es\\\/#organization\"},\"image\":{\"@id\":\"https:\\\/\\\/www.canons.es\\\/ca\\\/nou-tractament-efectiu-per-a-la-flaccidesa-corporal-argo-plasma\\\/#primaryimage\"},\"thumbnailUrl\":\"https:\\\/\\\/www.canons.es\\\/wp-content\\\/uploads\\\/2024\\\/07\\\/nuevo-tratamiento-eficaz-para-la-flacidez-corporal-argo-plasma.jpg\",\"keywords\":[\"argoplasma\",\"contorno corporal\",\"contorno corporal\",\"lipoescultura\"],\"articleSection\":[\"Blog del Dr. V\u00edctor Hern\u00e0ndez Da Costa\",\"Cirug\u00eda pl\u00e1stica y est\u00e9tica corporal\",\"Medicina est\u00e9tica corporal\"],\"inLanguage\":\"ca\"},{\"@type\":\"WebPage\",\"@id\":\"https:\\\/\\\/www.canons.es\\\/ca\\\/nou-tractament-efectiu-per-a-la-flaccidesa-corporal-argo-plasma\\\/\",\"url\":\"https:\\\/\\\/www.canons.es\\\/ca\\\/nou-tractament-efectiu-per-a-la-flaccidesa-corporal-argo-plasma\\\/\",\"name\":\"Argo Plasma, un nou tractament efica\u00e7 per a la flacciditat corporal: reafirma, tensa i defineix. - Cl\u00ednica C\u00e0nons | Cirurgia i Medicina Estetica a Barcelona, \u200b\u200bGranollers\",\"isPartOf\":{\"@id\":\"https:\\\/\\\/www.canons.es\\\/#website\"},\"primaryImageOfPage\":{\"@id\":\"https:\\\/\\\/www.canons.es\\\/ca\\\/nou-tractament-efectiu-per-a-la-flaccidesa-corporal-argo-plasma\\\/#primaryimage\"},\"image\":{\"@id\":\"https:\\\/\\\/www.canons.es\\\/ca\\\/nou-tractament-efectiu-per-a-la-flaccidesa-corporal-argo-plasma\\\/#primaryimage\"},\"thumbnailUrl\":\"https:\\\/\\\/www.canons.es\\\/wp-content\\\/uploads\\\/2024\\\/07\\\/nuevo-tratamiento-eficaz-para-la-flacidez-corporal-argo-plasma.jpg\",\"datePublished\":\"2024-07-31T05:56:02+00:00\",\"dateModified\":\"2024-10-10T07:40:51+00:00\",\"breadcrumb\":{\"@id\":\"https:\\\/\\\/www.canons.es\\\/ca\\\/nou-tractament-efectiu-per-a-la-flaccidesa-corporal-argo-plasma\\\/#breadcrumb\"},\"inLanguage\":\"ca\",\"potentialAction\":[{\"@type\":\"ReadAction\",\"target\":[\"https:\\\/\\\/www.canons.es\\\/ca\\\/nou-tractament-efectiu-per-a-la-flaccidesa-corporal-argo-plasma\\\/\"]}]},{\"@type\":\"ImageObject\",\"inLanguage\":\"ca\",\"@id\":\"https:\\\/\\\/www.canons.es\\\/ca\\\/nou-tractament-efectiu-per-a-la-flaccidesa-corporal-argo-plasma\\\/#primaryimage\",\"url\":\"https:\\\/\\\/www.canons.es\\\/wp-content\\\/uploads\\\/2024\\\/07\\\/nuevo-tratamiento-eficaz-para-la-flacidez-corporal-argo-plasma.jpg\",\"contentUrl\":\"https:\\\/\\\/www.canons.es\\\/wp-content\\\/uploads\\\/2024\\\/07\\\/nuevo-tratamiento-eficaz-para-la-flacidez-corporal-argo-plasma.jpg\",\"width\":1224,\"height\":816,\"caption\":\"Flaccidesa corporal: tractament efectiu de reafirmaci\u00f3 amb Argo Plasma\"},{\"@type\":\"BreadcrumbList\",\"@id\":\"https:\\\/\\\/www.canons.es\\\/ca\\\/nou-tractament-efectiu-per-a-la-flaccidesa-corporal-argo-plasma\\\/#breadcrumb\",\"itemListElement\":[{\"@type\":\"ListItem\",\"position\":1,\"name\":\"Portada\",\"item\":\"https:\\\/\\\/www.canons.es\\\/ca\\\/\"},{\"@type\":\"ListItem\",\"position\":2,\"name\":\"Argo Plasma, un nou tractament efica\u00e7 per a la flacciditat corporal: reafirma, tensa i defineix.\"}]},{\"@type\":\"WebSite\",\"@id\":\"https:\\\/\\\/www.canons.es\\\/#website\",\"url\":\"https:\\\/\\\/www.canons.es\\\/\",\"name\":\"Cirug\u00eda Pl\u00e1stica y Est\u00e9tica Barcelona y Granollers | C\u00e0nons Clinics\",\"description\":\"\",\"publisher\":{\"@id\":\"https:\\\/\\\/www.canons.es\\\/#organization\"},\"potentialAction\":[{\"@type\":\"SearchAction\",\"target\":{\"@type\":\"EntryPoint\",\"urlTemplate\":\"https:\\\/\\\/www.canons.es\\\/?s={search_term_string}\"},\"query-input\":{\"@type\":\"PropertyValueSpecification\",\"valueRequired\":true,\"valueName\":\"search_term_string\"}}],\"inLanguage\":\"ca\"},{\"@type\":\"Organization\",\"@id\":\"https:\\\/\\\/www.canons.es\\\/#organization\",\"name\":\"Cirug\u00eda Pl\u00e1stica y Est\u00e9tica Barcelona y Granollers | C\u00e0nons Clinics\",\"url\":\"https:\\\/\\\/www.canons.es\\\/\",\"logo\":{\"@type\":\"ImageObject\",\"inLanguage\":\"ca\",\"@id\":\"https:\\\/\\\/www.canons.es\\\/#\\\/schema\\\/logo\\\/image\\\/\",\"url\":\"https:\\\/\\\/www.canons.es\\\/wp-content\\\/uploads\\\/2025\\\/04\\\/logo-canons-clinics.jpg\",\"contentUrl\":\"https:\\\/\\\/www.canons.es\\\/wp-content\\\/uploads\\\/2025\\\/04\\\/logo-canons-clinics.jpg\",\"width\":600,\"height\":139,\"caption\":\"Cirug\u00eda Pl\u00e1stica y Est\u00e9tica Barcelona y Granollers | C\u00e0nons Clinics\"},\"image\":{\"@id\":\"https:\\\/\\\/www.canons.es\\\/#\\\/schema\\\/logo\\\/image\\\/\"},\"sameAs\":[\"https:\\\/\\\/www.facebook.com\\\/canonsclinics\\\/\",\"https:\\\/\\\/x.com\\\/canonsclinics\",\"https:\\\/\\\/www.instagram.com\\\/canonsclinics\\\/\",\"https:\\\/\\\/www.youtube.com\\\/channel\\\/UCI1Ia6LjALyo1CuQ0_HwtfQ\",\"https:\\\/\\\/www.linkedin.com\\\/company\\\/canons-clinics\\\/\"]},{\"@type\":\"Person\",\"@id\":\"https:\\\/\\\/www.canons.es\\\/#\\\/schema\\\/person\\\/947d7b84e9c15475d0452e32f9d72fb7\",\"name\":\"administrador\"}]}<\/script>\n<!-- \/ Yoast SEO Premium plugin. -->","yoast_head_json":{"title":"Argo Plasma, un nou tractament efica\u00e7 per a la flacciditat corporal: reafirma, tensa i defineix. - Cl\u00ednica C\u00e0nons | Cirurgia i Medicina Estetica a Barcelona, \u200b\u200bGranollers","robots":{"index":"index","follow":"follow","max-snippet":"max-snippet:-1","max-image-preview":"max-image-preview:large","max-video-preview":"max-video-preview:-1"},"canonical":"https:\/\/www.canons.es\/ca\/nou-tractament-efectiu-per-a-la-flaccidesa-corporal-argo-plasma\/","og_locale":"ca_ES","og_type":"article","og_title":"Argo Plasma, un nou tractament efica\u00e7 per a la flacciditat corporal: reafirma, tensa i defineix.","og_description":"Es innegable que la flaccidesa corporal no \u00e9s f\u00e0cil de corregir. Hi ha pacients que proven l&#8217;exercici, la dieta, cremes&#8230; sense \u00e8xit. Avui dia, hi ha diversos tractaments m\u00e8dics efectius. A C\u00e0nons Clinics, hem incorporat l&#8217;Argo Plasma, una de les \u00faltimes innovacions amb la qual...","og_url":"https:\/\/www.canons.es\/ca\/nou-tractament-efectiu-per-a-la-flaccidesa-corporal-argo-plasma\/","og_site_name":"Cl\u00ednica C\u00e0nons | Cirurgia i Medicina Estetica a Barcelona, \u200b\u200bGranollers","article_publisher":"https:\/\/www.facebook.com\/canonsclinics\/","article_published_time":"2024-07-31T05:56:02+00:00","article_modified_time":"2024-10-10T07:40:51+00:00","og_image":[{"width":1224,"height":816,"url":"https:\/\/www.canons.es\/wp-content\/uploads\/2024\/07\/nuevo-tratamiento-eficaz-para-la-flacidez-corporal-argo-plasma.jpg","type":"image\/jpeg"}],"author":"administrador","twitter_card":"summary_large_image","twitter_creator":"@canonsclinics","twitter_site":"@canonsclinics","twitter_misc":{"Escrit per":"administrador","Temps estimat de lectura":"7 minuts"},"schema":{"@context":"https:\/\/schema.org","@graph":[{"@type":"Article","@id":"https:\/\/www.canons.es\/ca\/nou-tractament-efectiu-per-a-la-flaccidesa-corporal-argo-plasma\/#article","isPartOf":{"@id":"https:\/\/www.canons.es\/ca\/nou-tractament-efectiu-per-a-la-flaccidesa-corporal-argo-plasma\/"},"author":{"name":"administrador","@id":"https:\/\/www.canons.es\/#\/schema\/person\/947d7b84e9c15475d0452e32f9d72fb7"},"headline":"Argo Plasma, un nou tractament efica\u00e7 per a la flacciditat corporal: reafirma, tensa i defineix.","datePublished":"2024-07-31T05:56:02+00:00","dateModified":"2024-10-10T07:40:51+00:00","mainEntityOfPage":{"@id":"https:\/\/www.canons.es\/ca\/nou-tractament-efectiu-per-a-la-flaccidesa-corporal-argo-plasma\/"},"wordCount":1507,"publisher":{"@id":"https:\/\/www.canons.es\/#organization"},"image":{"@id":"https:\/\/www.canons.es\/ca\/nou-tractament-efectiu-per-a-la-flaccidesa-corporal-argo-plasma\/#primaryimage"},"thumbnailUrl":"https:\/\/www.canons.es\/wp-content\/uploads\/2024\/07\/nuevo-tratamiento-eficaz-para-la-flacidez-corporal-argo-plasma.jpg","keywords":["argoplasma","contorno corporal","contorno corporal","lipoescultura"],"articleSection":["Blog del Dr. V\u00edctor Hern\u00e0ndez Da Costa","Cirug\u00eda pl\u00e1stica y est\u00e9tica corporal","Medicina est\u00e9tica corporal"],"inLanguage":"ca"},{"@type":"WebPage","@id":"https:\/\/www.canons.es\/ca\/nou-tractament-efectiu-per-a-la-flaccidesa-corporal-argo-plasma\/","url":"https:\/\/www.canons.es\/ca\/nou-tractament-efectiu-per-a-la-flaccidesa-corporal-argo-plasma\/","name":"Argo Plasma, un nou tractament efica\u00e7 per a la flacciditat corporal: reafirma, tensa i defineix. - Cl\u00ednica C\u00e0nons | Cirurgia i Medicina Estetica a Barcelona, \u200b\u200bGranollers","isPartOf":{"@id":"https:\/\/www.canons.es\/#website"},"primaryImageOfPage":{"@id":"https:\/\/www.canons.es\/ca\/nou-tractament-efectiu-per-a-la-flaccidesa-corporal-argo-plasma\/#primaryimage"},"image":{"@id":"https:\/\/www.canons.es\/ca\/nou-tractament-efectiu-per-a-la-flaccidesa-corporal-argo-plasma\/#primaryimage"},"thumbnailUrl":"https:\/\/www.canons.es\/wp-content\/uploads\/2024\/07\/nuevo-tratamiento-eficaz-para-la-flacidez-corporal-argo-plasma.jpg","datePublished":"2024-07-31T05:56:02+00:00","dateModified":"2024-10-10T07:40:51+00:00","breadcrumb":{"@id":"https:\/\/www.canons.es\/ca\/nou-tractament-efectiu-per-a-la-flaccidesa-corporal-argo-plasma\/#breadcrumb"},"inLanguage":"ca","potentialAction":[{"@type":"ReadAction","target":["https:\/\/www.canons.es\/ca\/nou-tractament-efectiu-per-a-la-flaccidesa-corporal-argo-plasma\/"]}]},{"@type":"ImageObject","inLanguage":"ca","@id":"https:\/\/www.canons.es\/ca\/nou-tractament-efectiu-per-a-la-flaccidesa-corporal-argo-plasma\/#primaryimage","url":"https:\/\/www.canons.es\/wp-content\/uploads\/2024\/07\/nuevo-tratamiento-eficaz-para-la-flacidez-corporal-argo-plasma.jpg","contentUrl":"https:\/\/www.canons.es\/wp-content\/uploads\/2024\/07\/nuevo-tratamiento-eficaz-para-la-flacidez-corporal-argo-plasma.jpg","width":1224,"height":816,"caption":"Flaccidesa corporal: tractament efectiu de reafirmaci\u00f3 amb Argo Plasma"},{"@type":"BreadcrumbList","@id":"https:\/\/www.canons.es\/ca\/nou-tractament-efectiu-per-a-la-flaccidesa-corporal-argo-plasma\/#breadcrumb","itemListElement":[{"@type":"ListItem","position":1,"name":"Portada","item":"https:\/\/www.canons.es\/ca\/"},{"@type":"ListItem","position":2,"name":"Argo Plasma, un nou tractament efica\u00e7 per a la flacciditat corporal: reafirma, tensa i defineix."}]},{"@type":"WebSite","@id":"https:\/\/www.canons.es\/#website","url":"https:\/\/www.canons.es\/","name":"Cirug\u00eda Pl\u00e1stica y Est\u00e9tica Barcelona y Granollers | C\u00e0nons Clinics","description":"","publisher":{"@id":"https:\/\/www.canons.es\/#organization"},"potentialAction":[{"@type":"SearchAction","target":{"@type":"EntryPoint","urlTemplate":"https:\/\/www.canons.es\/?s={search_term_string}"},"query-input":{"@type":"PropertyValueSpecification","valueRequired":true,"valueName":"search_term_string"}}],"inLanguage":"ca"},{"@type":"Organization","@id":"https:\/\/www.canons.es\/#organization","name":"Cirug\u00eda Pl\u00e1stica y Est\u00e9tica Barcelona y Granollers | C\u00e0nons Clinics","url":"https:\/\/www.canons.es\/","logo":{"@type":"ImageObject","inLanguage":"ca","@id":"https:\/\/www.canons.es\/#\/schema\/logo\/image\/","url":"https:\/\/www.canons.es\/wp-content\/uploads\/2025\/04\/logo-canons-clinics.jpg","contentUrl":"https:\/\/www.canons.es\/wp-content\/uploads\/2025\/04\/logo-canons-clinics.jpg","width":600,"height":139,"caption":"Cirug\u00eda Pl\u00e1stica y Est\u00e9tica Barcelona y Granollers | C\u00e0nons Clinics"},"image":{"@id":"https:\/\/www.canons.es\/#\/schema\/logo\/image\/"},"sameAs":["https:\/\/www.facebook.com\/canonsclinics\/","https:\/\/x.com\/canonsclinics","https:\/\/www.instagram.com\/canonsclinics\/","https:\/\/www.youtube.com\/channel\/UCI1Ia6LjALyo1CuQ0_HwtfQ","https:\/\/www.linkedin.com\/company\/canons-clinics\/"]},{"@type":"Person","@id":"https:\/\/www.canons.es\/#\/schema\/person\/947d7b84e9c15475d0452e32f9d72fb7","name":"administrador"}]}},"_links":{"self":[{"href":"https:\/\/www.canons.es\/ca\/wp-json\/wp\/v2\/posts\/21514","targetHints":{"allow":["GET"]}}],"collection":[{"href":"https:\/\/www.canons.es\/ca\/wp-json\/wp\/v2\/posts"}],"about":[{"href":"https:\/\/www.canons.es\/ca\/wp-json\/wp\/v2\/types\/post"}],"author":[{"embeddable":true,"href":"https:\/\/www.canons.es\/ca\/wp-json\/wp\/v2\/users\/25"}],"replies":[{"embeddable":true,"href":"https:\/\/www.canons.es\/ca\/wp-json\/wp\/v2\/comments?post=21514"}],"version-history":[{"count":0,"href":"https:\/\/www.canons.es\/ca\/wp-json\/wp\/v2\/posts\/21514\/revisions"}],"wp:featuredmedia":[{"embeddable":true,"href":"https:\/\/www.canons.es\/ca\/wp-json\/wp\/v2\/media\/21443"}],"wp:attachment":[{"href":"https:\/\/www.canons.es\/ca\/wp-json\/wp\/v2\/media?parent=21514"}],"wp:term":[{"taxonomy":"category","embeddable":true,"href":"https:\/\/www.canons.es\/ca\/wp-json\/wp\/v2\/categories?post=21514"},{"taxonomy":"post_tag","embeddable":true,"href":"https:\/\/www.canons.es\/ca\/wp-json\/wp\/v2\/tags?post=21514"}],"curies":[{"name":"wp","href":"https:\/\/api.w.org\/{rel}","templated":true}]}}