{"id":21228,"date":"2022-09-07T07:23:51","date_gmt":"2022-09-07T07:23:51","guid":{"rendered":"https:\/\/www.canons.es\/abordaje-integral-capilar-en-unidad-capilar-de-canons-clinics\/"},"modified":"2026-03-25T20:04:30","modified_gmt":"2026-03-25T18:04:30","slug":"abordaje-integral-capilar-en-unidad-capilar-de-canons-clinics","status":"publish","type":"post","link":"https:\/\/www.canons.es\/ca\/abordaje-integral-capilar-en-unidad-capilar-de-canons-clinics\/","title":{"rendered":"Abordatje integral capillar en Unitat Capillar de C\u00e0nons Clinics"},"content":{"rendered":"\n\n<div class=\"kk-star-ratings kksr-auto kksr-align-left kksr-valign-top\"\n    data-payload='{&quot;align&quot;:&quot;left&quot;,&quot;id&quot;:&quot;21228&quot;,&quot;slug&quot;:&quot;default&quot;,&quot;valign&quot;:&quot;top&quot;,&quot;ignore&quot;:&quot;&quot;,&quot;reference&quot;:&quot;auto&quot;,&quot;class&quot;:&quot;&quot;,&quot;count&quot;:&quot;2&quot;,&quot;legendonly&quot;:&quot;&quot;,&quot;readonly&quot;:&quot;&quot;,&quot;score&quot;:&quot;5&quot;,&quot;starsonly&quot;:&quot;&quot;,&quot;best&quot;:&quot;5&quot;,&quot;gap&quot;:&quot;5&quot;,&quot;greet&quot;:&quot;Eval\u00faa este art\u00edculo&quot;,&quot;legend&quot;:&quot;5\\\/5 - (2 votes)&quot;,&quot;size&quot;:&quot;24&quot;,&quot;title&quot;:&quot;Abordatje integral capillar en Unitat Capillar de C\u00e0nons Clinics&quot;,&quot;width&quot;:&quot;142.5&quot;,&quot;_legend&quot;:&quot;{score}\\\/{best} - ({count} {votes})&quot;,&quot;font_factor&quot;:&quot;1.25&quot;}'>\n            \n<div class=\"kksr-stars\">\n    \n<div class=\"kksr-stars-inactive\">\n            <div class=\"kksr-star\" data-star=\"1\" style=\"padding-right: 5px\">\n            \n\n<div class=\"kksr-icon\" style=\"width: 24px; height: 24px;\"><\/div>\n        <\/div>\n            <div class=\"kksr-star\" data-star=\"2\" style=\"padding-right: 5px\">\n            \n\n<div class=\"kksr-icon\" style=\"width: 24px; height: 24px;\"><\/div>\n        <\/div>\n            <div class=\"kksr-star\" data-star=\"3\" style=\"padding-right: 5px\">\n            \n\n<div class=\"kksr-icon\" style=\"width: 24px; height: 24px;\"><\/div>\n        <\/div>\n            <div class=\"kksr-star\" data-star=\"4\" style=\"padding-right: 5px\">\n            \n\n<div class=\"kksr-icon\" style=\"width: 24px; height: 24px;\"><\/div>\n        <\/div>\n            <div class=\"kksr-star\" data-star=\"5\" style=\"padding-right: 5px\">\n            \n\n<div class=\"kksr-icon\" style=\"width: 24px; height: 24px;\"><\/div>\n        <\/div>\n    <\/div>\n    \n<div class=\"kksr-stars-active\" style=\"width: 142.5px;\">\n            <div class=\"kksr-star\" style=\"padding-right: 5px\">\n            \n\n<div class=\"kksr-icon\" style=\"width: 24px; height: 24px;\"><\/div>\n        <\/div>\n            <div class=\"kksr-star\" style=\"padding-right: 5px\">\n            \n\n<div class=\"kksr-icon\" style=\"width: 24px; height: 24px;\"><\/div>\n        <\/div>\n            <div class=\"kksr-star\" style=\"padding-right: 5px\">\n            \n\n<div class=\"kksr-icon\" style=\"width: 24px; height: 24px;\"><\/div>\n        <\/div>\n            <div class=\"kksr-star\" style=\"padding-right: 5px\">\n            \n\n<div class=\"kksr-icon\" style=\"width: 24px; height: 24px;\"><\/div>\n        <\/div>\n            <div class=\"kksr-star\" style=\"padding-right: 5px\">\n            \n\n<div class=\"kksr-icon\" style=\"width: 24px; height: 24px;\"><\/div>\n        <\/div>\n    <\/div>\n<\/div>\n                \n\n<div class=\"kksr-legend\" style=\"font-size: 19.2px;\">\n            5\/5 - (2 votes)    <\/div>\n    <\/div>\n\r\n<p><strong><span style=\"vertical-align: inherit;\"><span style=\"vertical-align: inherit;\">C\u00e0nons Clinics<\/span><\/span><\/strong><span style=\"vertical-align: inherit;\"><span style=\"vertical-align: inherit;\"> , cl\u00edniques de medicina i cirurgia est\u00e8tica ubicades a <\/span><\/span><strong><span style=\"vertical-align: inherit;\"><span style=\"vertical-align: inherit;\">Barcelona i Granollers<\/span><\/span><\/strong><span style=\"vertical-align: inherit;\"><span style=\"vertical-align: inherit;\"> , ofereixen un abordatge integral a la p\u00e8rdua progressiva de p\u00e8l o alop\u00e8cia en els seus diferents tipus, tant en l&#8217;\u00e0mbit de <\/span><\/span><strong><span style=\"vertical-align: inherit;\"><span style=\"vertical-align: inherit;\">prevenci\u00f3 i tractament anticaiguda, com a nivell quir\u00fargic amb el trasplantament capil\u00b7lar .<\/span><\/span><\/strong><\/p>\r\n\r\n\r\n\r\n<p>&nbsp;<\/p>\r\n\r\n\r\n\r\n<p><span style=\"vertical-align: inherit;\"><span style=\"vertical-align: inherit;\">Les causes que produeixen aquests s\u00edmptomes relacionats amb el tema capil\u00b7lar s\u00f3n multifactorials, per la qual cosa el tractament ha de ser totalment personalitzat. <\/span><span style=\"vertical-align: inherit;\">A C\u00e0nons Clinics procurem sempre en primera inst\u00e0ncia arribar a un bon diagn\u00f2stic del problema a tractar perqu\u00e8 sempre ens donar\u00e0 les millors bases per a la soluci\u00f3 del problema:<\/span><\/span><\/p>\r\n\r\n\r\n\r\n<ol class=\"wp-block-list\" type=\"1\">\r\n<li><span style=\"vertical-align: inherit;\"><span style=\"vertical-align: inherit;\">Hist\u00f2ria cl\u00ednica<\/span><\/span><\/li>\r\n<li><span style=\"vertical-align: inherit;\"><span style=\"vertical-align: inherit;\">Microsc\u00f2pia digital mitjan\u00e7ant c\u00e0mera, tamb\u00e9 permet fer seguiment<\/span><\/span><\/li>\r\n<li><span style=\"vertical-align: inherit;\"><span style=\"vertical-align: inherit;\">Estudi gen\u00e8tic<\/span><\/span><\/li>\r\n<\/ol>\r\n\r\n\r\n\r\n<p>&nbsp;<\/p>\r\n\r\n\r\n\r\n<p><span style=\"vertical-align: inherit;\"><span style=\"vertical-align: inherit;\">L&#8217;experi\u00e8ncia dels professionals \u00e9s el m\u00e9s important, per\u00f2 requereix aplicar els darrers aven\u00e7os tecnol\u00f2gics i m\u00e8dics per aconseguir realitzar el millor diagn\u00f2stic i tractament. <\/span><span style=\"vertical-align: inherit;\">Per aix\u00f2, a les <\/span><\/span><strong><span style=\"vertical-align: inherit;\"><span style=\"vertical-align: inherit;\">cl\u00edniques de C\u00e0nons<\/span><\/span><\/strong><span style=\"vertical-align: inherit;\"><span style=\"vertical-align: inherit;\"> comptem amb el suport de la <\/span><\/span><strong><span style=\"vertical-align: inherit;\"><span style=\"vertical-align: inherit;\">microsc\u00f2pia digital<\/span><\/span><\/strong><span style=\"vertical-align: inherit;\"><span style=\"vertical-align: inherit;\"> que ens donar\u00e0 informaci\u00f3 sobre el millor tractament t\u00f2pic tant a cl\u00ednica com a domicili. <\/span><span style=\"vertical-align: inherit;\">A hores d&#8217;ara, gr\u00e0cies a l&#8217;\u00e0mplia gamma de productes de <\/span><\/span><strong><span style=\"vertical-align: inherit;\"><span style=\"vertical-align: inherit;\">BIOTRICOLOGIA ACTIVA<\/span><\/span><\/strong><span style=\"vertical-align: inherit;\"><span style=\"vertical-align: inherit;\"> poder aplicar un tractament totalment personalitzat.<br \/><br \/><\/span><\/span><\/p>\r\n\r\n\r\n<div class=\"wp-block-image\">\r\n<figure class=\"aligncenter size-full\"><a href=\"https:\/\/www.canons.es\/wp-content\/uploads\/2022\/09\/3bdfb29b-680f-4ee6-a23f-1c017254dd37.jpg\"><img loading=\"lazy\" decoding=\"async\" width=\"610\" height=\"243\" class=\"wp-image-20168 aligncenter\" src=\"https:\/\/www.canons.es\/wp-content\/uploads\/2022\/09\/3bdfb29b-680f-4ee6-a23f-1c017254dd37.jpg\" alt=\"\" srcset=\"https:\/\/www.canons.es\/wp-content\/uploads\/2022\/09\/3bdfb29b-680f-4ee6-a23f-1c017254dd37.jpg 610w, https:\/\/www.canons.es\/wp-content\/uploads\/2022\/09\/3bdfb29b-680f-4ee6-a23f-1c017254dd37-300x120.jpg 300w\" sizes=\"auto, (max-width: 610px) 100vw, 610px\" \/><\/a><\/figure>\r\n<\/div>\r\n\r\n\r\n<p><span style=\"vertical-align: inherit;\"><span style=\"vertical-align: inherit;\"><br \/>L&#8217; <\/span><\/span><strong><span style=\"vertical-align: inherit;\"><span style=\"vertical-align: inherit;\">assessorament gen\u00e8tic<\/span><\/span><\/strong><span style=\"vertical-align: inherit;\"><span style=\"vertical-align: inherit;\"> \u00e9s tamb\u00e9 una eina important a l&#8217;hora de proposar el millor tractament. <\/span><span style=\"vertical-align: inherit;\">La informaci\u00f3 que ens proporciona l&#8217;an\u00e0lisi gen\u00e8tica del pacient \u00e9s el m\u00e9s exacte possible i mitjan\u00e7ant l&#8217;obtenci\u00f3 d&#8217;una mostra de saliva, la informaci\u00f3 que en podem obtenir \u00e9s important\u00edssima quant a qualitat i quantitat.<br \/><br \/><\/span><\/span><\/p>\r\n\r\n\r\n<div class=\"wp-block-image\">\r\n<figure class=\"aligncenter size-full\"><a href=\"https:\/\/www.canons.es\/wp-content\/uploads\/2022\/09\/7e384d24-32fc-496f-89a8-a8a7bd175ed1.jpg\"><img loading=\"lazy\" decoding=\"async\" width=\"460\" height=\"290\" class=\"wp-image-20172 aligncenter\" src=\"https:\/\/www.canons.es\/wp-content\/uploads\/2022\/09\/7e384d24-32fc-496f-89a8-a8a7bd175ed1.jpg\" alt=\"\" srcset=\"https:\/\/www.canons.es\/wp-content\/uploads\/2022\/09\/7e384d24-32fc-496f-89a8-a8a7bd175ed1.jpg 460w, https:\/\/www.canons.es\/wp-content\/uploads\/2022\/09\/7e384d24-32fc-496f-89a8-a8a7bd175ed1-300x189.jpg 300w\" sizes=\"auto, (max-width: 460px) 100vw, 460px\" \/><\/a><\/figure>\r\n<\/div>\r\n\r\n\r\n<p><span style=\"vertical-align: inherit;\"><span style=\"vertical-align: inherit;\"><br \/>Amb aquesta informaci\u00f3 procedim a plantejar el millor tractament basant-nos en la informaci\u00f3 cl\u00ednica i gen\u00e8tica:<\/span><\/span><\/p>\r\n\r\n\r\n\r\n<ul class=\"wp-block-list\">\r\n<li><span style=\"vertical-align: inherit;\"><span style=\"vertical-align: inherit;\">Tractaments orals<\/span><\/span>\r\n<ul>\r\n<li><span style=\"vertical-align: inherit;\"><span style=\"vertical-align: inherit;\">Medicacions<\/span><\/span><\/li>\r\n<\/ul>\r\n<ul>\r\n<li><span style=\"vertical-align: inherit;\"><span style=\"vertical-align: inherit;\">Suplements vitam\u00ednics<\/span><\/span><\/li>\r\n<\/ul>\r\n<\/li>\r\n<li><span style=\"vertical-align: inherit;\"><span style=\"vertical-align: inherit;\">Infiltraci\u00f3 de productes estimulants del creixement capil\u00b7lar<\/span><\/span>\r\n<ul>\r\n<li><span style=\"vertical-align: inherit;\"><span style=\"vertical-align: inherit;\">Biol\u00f2gic. <\/span><span style=\"vertical-align: inherit;\">Plasma ric en factors de creixement obtinguts del mateix pacient (PRP)<\/span><\/span><\/li>\r\n<li><span style=\"vertical-align: inherit;\"><span style=\"vertical-align: inherit;\">Mesoter\u00e0pia capilar. <\/span><span style=\"vertical-align: inherit;\">C\u00f2ctels multivitam\u00ednics.<br \/><br \/><\/span><\/span><\/li>\r\n<\/ul>\r\n<\/li>\r\n<\/ul>\r\n<p><img decoding=\"async\" src=\"https:\/\/www.canons.es\/wp-content\/uploads\/2022\/09\/039c79b6-23a3-45b1-8c99-9bb4de03cf04-1024x707.jpg\" \/><br \/><br \/><\/p>\r\n<ul>\r\n<li style=\"list-style-type: none;\">\r\n<ul>\r\n<li>Mesoterapia amb Dutasteride.<\/li>\r\n<li><a href=\"https:\/\/www.canons.es\/ca\/tractament-capil%c2%b7lar-exosomes-que-fa-resultats\/\" target=\"_blank\" rel=\"noopener\" data-saferedirecturl=\"https:\/\/www.google.com\/url?q=https:\/\/www.canons.es\/ca\/tractament-capil%25c2%25b7lar-exosomes-que-fa-resultats\/&amp;source=gmail&amp;ust=1773856309150000&amp;usg=AOvVaw16x1znRUPd1pfIWtz4-Fx-\">Exosomes capil\u00b7lars<\/a> com a ter\u00e0pia de medicina regenerativa<br \/><br \/><\/li>\r\n<\/ul>\r\n<\/li>\r\n<\/ul>\r\n<ul>\r\n<li style=\"list-style-type: none;\">\u00a0<\/li>\r\n<\/ul>\r\n<p><a href=\"https:\/\/www.canons.es\/wp-content\/uploads\/2022\/09\/resultado-tratamiento-capilar-exosomas-aga-hombre-2.jpg\"><img loading=\"lazy\" decoding=\"async\" class=\"wp-image-22171 aligncenter\" src=\"https:\/\/www.canons.es\/wp-content\/uploads\/2022\/09\/resultado-tratamiento-capilar-exosomas-aga-hombre-2-300x300.jpg\" alt=\"Alt: Resultado tratamiento con exosomas capilares, antes y despu\u00e9s en cl\u00ednica est\u00e9tica de Barcelona y Granollers\" width=\"423\" height=\"423\" srcset=\"https:\/\/www.canons.es\/wp-content\/uploads\/2022\/09\/resultado-tratamiento-capilar-exosomas-aga-hombre-2-300x300.jpg 300w, https:\/\/www.canons.es\/wp-content\/uploads\/2022\/09\/resultado-tratamiento-capilar-exosomas-aga-hombre-2-1024x1024.jpg 1024w, https:\/\/www.canons.es\/wp-content\/uploads\/2022\/09\/resultado-tratamiento-capilar-exosomas-aga-hombre-2-150x150.jpg 150w, https:\/\/www.canons.es\/wp-content\/uploads\/2022\/09\/resultado-tratamiento-capilar-exosomas-aga-hombre-2-768x768.jpg 768w, https:\/\/www.canons.es\/wp-content\/uploads\/2022\/09\/resultado-tratamiento-capilar-exosomas-aga-hombre-2-570x570.jpg 570w, https:\/\/www.canons.es\/wp-content\/uploads\/2022\/09\/resultado-tratamiento-capilar-exosomas-aga-hombre-2-500x500.jpg 500w, https:\/\/www.canons.es\/wp-content\/uploads\/2022\/09\/resultado-tratamiento-capilar-exosomas-aga-hombre-2-1000x1000.jpg 1000w, https:\/\/www.canons.es\/wp-content\/uploads\/2022\/09\/resultado-tratamiento-capilar-exosomas-aga-hombre-2-700x700.jpg 700w, https:\/\/www.canons.es\/wp-content\/uploads\/2022\/09\/resultado-tratamiento-capilar-exosomas-aga-hombre-2.jpg 1080w\" sizes=\"auto, (max-width: 423px) 100vw, 423px\" \/><\/a><\/p>\r\n<p style=\"text-align: center;\">Amb els exosomes no nom\u00e9s millora el volum i la densitat dels cabells. <br \/>Un efecte que cada cop observem m\u00e9s i que s&#8217;aprecia molt b\u00e9 <br \/>en aquest pacient \u00e9s la millora als cabells blancs<br \/><br \/><\/p>\r\n<ul>\r\n<li><span style=\"vertical-align: inherit;\"><span style=\"vertical-align: inherit;\">Tractaments t\u00f2pics a la consulta<\/span><\/span><\/li>\r\n<li style=\"list-style-type: none;\">\r\n<ul>\r\n<li><span style=\"vertical-align: inherit;\"><span style=\"vertical-align: inherit;\">Tractament <\/span><\/span><a href=\"https:\/\/www.hydrafacial.es\/keravive-2\/\" data-type=\"URL\" data-id=\"https:\/\/www.hydrafacial.es\/keravive-2\/\"><span style=\"vertical-align: inherit;\"><span style=\"vertical-align: inherit;\">Keravive<\/span><\/span><\/a><\/li>\r\n<\/ul>\r\n<\/li>\r\n<\/ul>\r\n\r\n\r\n\r\n\r\n\r\n\r\n\r\n<p><strong><span style=\"vertical-align: inherit;\"><span style=\"vertical-align: inherit;\"><br \/>Un problema multifactorial requereix un abordatge multidisciplinari i personalitzat<\/span><\/span><\/strong><span style=\"vertical-align: inherit;\"><span style=\"vertical-align: inherit;\"> . <\/span><span style=\"vertical-align: inherit;\">I en altres casos, quan el problema de la p\u00e8rdua de pes es troba en un estat avan\u00e7at, podrem rec\u00f3rrer al trasplantament capil\u00b7lar. <\/span><span style=\"vertical-align: inherit;\">A C\u00e0nons Clinics comptem amb la col\u00b7laboraci\u00f3 del Dr. Xavier \u00c1lvarez, amb anys d&#8217;experi\u00e8ncia i expert en la mat\u00e8ria. <\/span><span style=\"vertical-align: inherit;\">Funadador de la <\/span><\/span><a href=\"https:\/\/www.clinicatrasplantecapilar.com\/Inicio\/\" data-type=\"URL\" data-id=\"https:\/\/www.clinicatrasplantecapilar.com\/Inicio\/\"><span style=\"vertical-align: inherit;\"><span style=\"vertical-align: inherit;\">Cl\u00ednica de Trasplantament Capil\u00b7lar Dr. \u00c1lvarez<\/span><\/span><\/a><span style=\"vertical-align: inherit;\"><span style=\"vertical-align: inherit;\"> .<br \/><br \/><\/span><\/span><\/p>\r\n\r\n\r\n<div class=\"wp-block-image\">\r\n<figure class=\"aligncenter size-large is-resized\"><a href=\"https:\/\/www.canons.es\/wp-content\/uploads\/2022\/09\/8e394f25-b34c-48c8-9ba9-d6c23b752a30.jpg\"><img loading=\"lazy\" decoding=\"async\" class=\"wp-image-20180 aligncenter\" src=\"https:\/\/www.canons.es\/wp-content\/uploads\/2022\/09\/8e394f25-b34c-48c8-9ba9-d6c23b752a30-1024x705.jpg\" alt=\"\" width=\"614\" height=\"423\" srcset=\"https:\/\/www.canons.es\/wp-content\/uploads\/2022\/09\/8e394f25-b34c-48c8-9ba9-d6c23b752a30-1024x705.jpg 1024w, https:\/\/www.canons.es\/wp-content\/uploads\/2022\/09\/8e394f25-b34c-48c8-9ba9-d6c23b752a30-300x206.jpg 300w, https:\/\/www.canons.es\/wp-content\/uploads\/2022\/09\/8e394f25-b34c-48c8-9ba9-d6c23b752a30-768x528.jpg 768w, https:\/\/www.canons.es\/wp-content\/uploads\/2022\/09\/8e394f25-b34c-48c8-9ba9-d6c23b752a30-1536x1057.jpg 1536w, https:\/\/www.canons.es\/wp-content\/uploads\/2022\/09\/8e394f25-b34c-48c8-9ba9-d6c23b752a30-700x482.jpg 700w, https:\/\/www.canons.es\/wp-content\/uploads\/2022\/09\/8e394f25-b34c-48c8-9ba9-d6c23b752a30.jpg 1600w\" sizes=\"auto, (max-width: 614px) 100vw, 614px\" \/><\/a><\/figure>\r\n<\/div>\r\n\r\n\r\n<p><span style=\"vertical-align: inherit;\"><span style=\"vertical-align: inherit;\"><br \/>Sigui quin sigui el teu cas, els nostres experts de <\/span><\/span><strong><a href=\"https:\/\/www.canons.es\/ca\/contacto-barcelona\/\" data-type=\"URL\" data-id=\"https:\/\/www.canons.es\/canons-barcelona\/\"><span style=\"vertical-align: inherit;\"><span style=\"vertical-align: inherit;\">C\u00e0nons Clinics<\/span><\/span><\/a><\/strong><span style=\"vertical-align: inherit;\"><span style=\"vertical-align: inherit;\"> ofereixen una soluci\u00f3 adequada al seu problema, ja que la medicina i cirurgia capil\u00b7lar avan\u00e7a a passos de gegant per oferir un ampli ventall de tractaments que s&#8217;adaptin a les necessitats de cada pacient.<\/span><\/span><\/p>\r\n\r\n\r\n\r\n<figure class=\"wp-block-video\"><\/figure>\r\n<!-- AddThis Advanced Settings generic via filter on the_content --><!-- AddThis Share Buttons generic via filter on the_content -->","protected":false},"excerpt":{"rendered":"<p>C\u00e0nons Clinics , cl\u00edniques de medicina i cirurgia est\u00e8tica ubicades a Barcelona i Granollers , ofereixen un abordatge integral a la p\u00e8rdua progressiva de p\u00e8l o alop\u00e8cia en els seus diferents tipus, tant en l&#8217;\u00e0mbit de prevenci\u00f3 i tractament anticaiguda, com a nivell quir\u00fargic amb&#8230;<!-- AddThis Advanced Settings generic via filter on get_the_excerpt --><!-- AddThis Share Buttons generic via filter on get_the_excerpt --><\/p>\n","protected":false},"author":25,"featured_media":20186,"comment_status":"closed","ping_status":"closed","sticky":false,"template":"","format":"standard","meta":{"footnotes":""},"categories":[79,854],"tags":[482,856,857,858,859,481],"class_list":["post-21228","post","type-post","status-publish","format-standard","has-post-thumbnail","hentry","category-blog-del-dr-victor-hernandez-da-costa-ca","category-capilar-ca","tag-alopecia-2","tag-biotricologia-ca","tag-capilar-ca","tag-perdida-de-cabello-ca","tag-perdida-de-pelo-ca","tag-trichotest-2"],"yoast_head":"<!-- This site is optimized with the Yoast SEO Premium plugin v26.9 (Yoast SEO v27.4) - https:\/\/yoast.com\/product\/yoast-seo-premium-wordpress\/ -->\n<title>Abordatje integral capillar en Unitat Capillar de C\u00e0nons Clinics - Cl\u00ednica C\u00e0nons | Cirurgia i Medicina Estetica a Barcelona, \u200b\u200bGranollers<\/title>\n<meta name=\"robots\" content=\"index, follow, max-snippet:-1, max-image-preview:large, max-video-preview:-1\" \/>\n<link rel=\"canonical\" href=\"https:\/\/www.canons.es\/ca\/abordaje-integral-capilar-en-unidad-capilar-de-canons-clinics\/\" \/>\n<meta property=\"og:locale\" content=\"ca_ES\" \/>\n<meta property=\"og:type\" content=\"article\" \/>\n<meta property=\"og:title\" content=\"Abordatje integral capillar en Unitat Capillar de C\u00e0nons Clinics\" \/>\n<meta property=\"og:description\" content=\"C\u00e0nons Clinics , cl\u00edniques de medicina i cirurgia est\u00e8tica ubicades a Barcelona i Granollers , ofereixen un abordatge integral a la p\u00e8rdua progressiva de p\u00e8l o alop\u00e8cia en els seus diferents tipus, tant en l&#8217;\u00e0mbit de prevenci\u00f3 i tractament anticaiguda, com a nivell quir\u00fargic amb...\" \/>\n<meta property=\"og:url\" content=\"https:\/\/www.canons.es\/ca\/abordaje-integral-capilar-en-unidad-capilar-de-canons-clinics\/\" \/>\n<meta property=\"og:site_name\" content=\"Cl\u00ednica C\u00e0nons | Cirurgia i Medicina Estetica a Barcelona, \u200b\u200bGranollers\" \/>\n<meta property=\"article:publisher\" content=\"https:\/\/www.facebook.com\/canonsclinics\/\" \/>\n<meta property=\"article:published_time\" content=\"2022-09-07T07:23:51+00:00\" \/>\n<meta property=\"article:modified_time\" content=\"2026-03-25T18:04:30+00:00\" \/>\n<meta property=\"og:image\" content=\"https:\/\/www.canons.es\/wp-content\/uploads\/2022\/09\/tratamento-capilar4-e1543011152867.jpg\" \/>\n\t<meta property=\"og:image:width\" content=\"2048\" \/>\n\t<meta property=\"og:image:height\" content=\"998\" \/>\n\t<meta property=\"og:image:type\" content=\"image\/jpeg\" \/>\n<meta name=\"author\" content=\"administrador\" \/>\n<meta name=\"twitter:card\" content=\"summary_large_image\" \/>\n<meta name=\"twitter:creator\" content=\"@canonsclinics\" \/>\n<meta name=\"twitter:site\" content=\"@canonsclinics\" \/>\n<meta name=\"twitter:label1\" content=\"Escrit per\" \/>\n\t<meta name=\"twitter:data1\" content=\"administrador\" \/>\n\t<meta name=\"twitter:label2\" content=\"Temps estimat de lectura\" \/>\n\t<meta name=\"twitter:data2\" content=\"4 minuts\" \/>\n<script type=\"application\/ld+json\" class=\"yoast-schema-graph\">{\"@context\":\"https:\\\/\\\/schema.org\",\"@graph\":[{\"@type\":\"Article\",\"@id\":\"https:\\\/\\\/www.canons.es\\\/ca\\\/abordaje-integral-capilar-en-unidad-capilar-de-canons-clinics\\\/#article\",\"isPartOf\":{\"@id\":\"https:\\\/\\\/www.canons.es\\\/ca\\\/abordaje-integral-capilar-en-unidad-capilar-de-canons-clinics\\\/\"},\"author\":{\"name\":\"administrador\",\"@id\":\"https:\\\/\\\/www.canons.es\\\/#\\\/schema\\\/person\\\/947d7b84e9c15475d0452e32f9d72fb7\"},\"headline\":\"Abordatje integral capillar en Unitat Capillar de C\u00e0nons Clinics\",\"datePublished\":\"2022-09-07T07:23:51+00:00\",\"dateModified\":\"2026-03-25T18:04:30+00:00\",\"mainEntityOfPage\":{\"@id\":\"https:\\\/\\\/www.canons.es\\\/ca\\\/abordaje-integral-capilar-en-unidad-capilar-de-canons-clinics\\\/\"},\"wordCount\":513,\"publisher\":{\"@id\":\"https:\\\/\\\/www.canons.es\\\/#organization\"},\"image\":{\"@id\":\"https:\\\/\\\/www.canons.es\\\/ca\\\/abordaje-integral-capilar-en-unidad-capilar-de-canons-clinics\\\/#primaryimage\"},\"thumbnailUrl\":\"https:\\\/\\\/www.canons.es\\\/wp-content\\\/uploads\\\/2022\\\/09\\\/tratamento-capilar4-e1543011152867.jpg\",\"keywords\":[\"alop\u00e8cia\",\"biotricologia\",\"capilar\",\"perdida de cabello\",\"perdida de pelo\",\"Trichotest\"],\"articleSection\":[\"Blog del Dr. V\u00edctor Hern\u00e0ndez Da Costa\",\"Capilar\"],\"inLanguage\":\"ca\"},{\"@type\":\"WebPage\",\"@id\":\"https:\\\/\\\/www.canons.es\\\/ca\\\/abordaje-integral-capilar-en-unidad-capilar-de-canons-clinics\\\/\",\"url\":\"https:\\\/\\\/www.canons.es\\\/ca\\\/abordaje-integral-capilar-en-unidad-capilar-de-canons-clinics\\\/\",\"name\":\"Abordatje integral capillar en Unitat Capillar de C\u00e0nons Clinics - Cl\u00ednica C\u00e0nons | Cirurgia i Medicina Estetica a Barcelona, \u200b\u200bGranollers\",\"isPartOf\":{\"@id\":\"https:\\\/\\\/www.canons.es\\\/#website\"},\"primaryImageOfPage\":{\"@id\":\"https:\\\/\\\/www.canons.es\\\/ca\\\/abordaje-integral-capilar-en-unidad-capilar-de-canons-clinics\\\/#primaryimage\"},\"image\":{\"@id\":\"https:\\\/\\\/www.canons.es\\\/ca\\\/abordaje-integral-capilar-en-unidad-capilar-de-canons-clinics\\\/#primaryimage\"},\"thumbnailUrl\":\"https:\\\/\\\/www.canons.es\\\/wp-content\\\/uploads\\\/2022\\\/09\\\/tratamento-capilar4-e1543011152867.jpg\",\"datePublished\":\"2022-09-07T07:23:51+00:00\",\"dateModified\":\"2026-03-25T18:04:30+00:00\",\"breadcrumb\":{\"@id\":\"https:\\\/\\\/www.canons.es\\\/ca\\\/abordaje-integral-capilar-en-unidad-capilar-de-canons-clinics\\\/#breadcrumb\"},\"inLanguage\":\"ca\",\"potentialAction\":[{\"@type\":\"ReadAction\",\"target\":[\"https:\\\/\\\/www.canons.es\\\/ca\\\/abordaje-integral-capilar-en-unidad-capilar-de-canons-clinics\\\/\"]}]},{\"@type\":\"ImageObject\",\"inLanguage\":\"ca\",\"@id\":\"https:\\\/\\\/www.canons.es\\\/ca\\\/abordaje-integral-capilar-en-unidad-capilar-de-canons-clinics\\\/#primaryimage\",\"url\":\"https:\\\/\\\/www.canons.es\\\/wp-content\\\/uploads\\\/2022\\\/09\\\/tratamento-capilar4-e1543011152867.jpg\",\"contentUrl\":\"https:\\\/\\\/www.canons.es\\\/wp-content\\\/uploads\\\/2022\\\/09\\\/tratamento-capilar4-e1543011152867.jpg\",\"width\":2048,\"height\":998,\"caption\":\"tratamiento-capilar-canons-clinics\"},{\"@type\":\"BreadcrumbList\",\"@id\":\"https:\\\/\\\/www.canons.es\\\/ca\\\/abordaje-integral-capilar-en-unidad-capilar-de-canons-clinics\\\/#breadcrumb\",\"itemListElement\":[{\"@type\":\"ListItem\",\"position\":1,\"name\":\"Portada\",\"item\":\"https:\\\/\\\/www.canons.es\\\/ca\\\/\"},{\"@type\":\"ListItem\",\"position\":2,\"name\":\"Abordatje integral capillar en Unitat Capillar de C\u00e0nons Clinics\"}]},{\"@type\":\"WebSite\",\"@id\":\"https:\\\/\\\/www.canons.es\\\/#website\",\"url\":\"https:\\\/\\\/www.canons.es\\\/\",\"name\":\"Cirug\u00eda Pl\u00e1stica y Est\u00e9tica Barcelona y Granollers | C\u00e0nons Clinics\",\"description\":\"\",\"publisher\":{\"@id\":\"https:\\\/\\\/www.canons.es\\\/#organization\"},\"potentialAction\":[{\"@type\":\"SearchAction\",\"target\":{\"@type\":\"EntryPoint\",\"urlTemplate\":\"https:\\\/\\\/www.canons.es\\\/?s={search_term_string}\"},\"query-input\":{\"@type\":\"PropertyValueSpecification\",\"valueRequired\":true,\"valueName\":\"search_term_string\"}}],\"inLanguage\":\"ca\"},{\"@type\":\"Organization\",\"@id\":\"https:\\\/\\\/www.canons.es\\\/#organization\",\"name\":\"Cirug\u00eda Pl\u00e1stica y Est\u00e9tica Barcelona y Granollers | C\u00e0nons Clinics\",\"url\":\"https:\\\/\\\/www.canons.es\\\/\",\"logo\":{\"@type\":\"ImageObject\",\"inLanguage\":\"ca\",\"@id\":\"https:\\\/\\\/www.canons.es\\\/#\\\/schema\\\/logo\\\/image\\\/\",\"url\":\"https:\\\/\\\/www.canons.es\\\/wp-content\\\/uploads\\\/2025\\\/04\\\/logo-canons-clinics.jpg\",\"contentUrl\":\"https:\\\/\\\/www.canons.es\\\/wp-content\\\/uploads\\\/2025\\\/04\\\/logo-canons-clinics.jpg\",\"width\":600,\"height\":139,\"caption\":\"Cirug\u00eda Pl\u00e1stica y Est\u00e9tica Barcelona y Granollers | C\u00e0nons Clinics\"},\"image\":{\"@id\":\"https:\\\/\\\/www.canons.es\\\/#\\\/schema\\\/logo\\\/image\\\/\"},\"sameAs\":[\"https:\\\/\\\/www.facebook.com\\\/canonsclinics\\\/\",\"https:\\\/\\\/x.com\\\/canonsclinics\",\"https:\\\/\\\/www.instagram.com\\\/canonsclinics\\\/\",\"https:\\\/\\\/www.youtube.com\\\/channel\\\/UCI1Ia6LjALyo1CuQ0_HwtfQ\",\"https:\\\/\\\/www.linkedin.com\\\/company\\\/canons-clinics\\\/\"]},{\"@type\":\"Person\",\"@id\":\"https:\\\/\\\/www.canons.es\\\/#\\\/schema\\\/person\\\/947d7b84e9c15475d0452e32f9d72fb7\",\"name\":\"administrador\"}]}<\/script>\n<!-- \/ Yoast SEO Premium plugin. -->","yoast_head_json":{"title":"Abordatje integral capillar en Unitat Capillar de C\u00e0nons Clinics - Cl\u00ednica C\u00e0nons | Cirurgia i Medicina Estetica a Barcelona, \u200b\u200bGranollers","robots":{"index":"index","follow":"follow","max-snippet":"max-snippet:-1","max-image-preview":"max-image-preview:large","max-video-preview":"max-video-preview:-1"},"canonical":"https:\/\/www.canons.es\/ca\/abordaje-integral-capilar-en-unidad-capilar-de-canons-clinics\/","og_locale":"ca_ES","og_type":"article","og_title":"Abordatje integral capillar en Unitat Capillar de C\u00e0nons Clinics","og_description":"C\u00e0nons Clinics , cl\u00edniques de medicina i cirurgia est\u00e8tica ubicades a Barcelona i Granollers , ofereixen un abordatge integral a la p\u00e8rdua progressiva de p\u00e8l o alop\u00e8cia en els seus diferents tipus, tant en l&#8217;\u00e0mbit de prevenci\u00f3 i tractament anticaiguda, com a nivell quir\u00fargic amb...","og_url":"https:\/\/www.canons.es\/ca\/abordaje-integral-capilar-en-unidad-capilar-de-canons-clinics\/","og_site_name":"Cl\u00ednica C\u00e0nons | Cirurgia i Medicina Estetica a Barcelona, \u200b\u200bGranollers","article_publisher":"https:\/\/www.facebook.com\/canonsclinics\/","article_published_time":"2022-09-07T07:23:51+00:00","article_modified_time":"2026-03-25T18:04:30+00:00","og_image":[{"width":2048,"height":998,"url":"https:\/\/www.canons.es\/wp-content\/uploads\/2022\/09\/tratamento-capilar4-e1543011152867.jpg","type":"image\/jpeg"}],"author":"administrador","twitter_card":"summary_large_image","twitter_creator":"@canonsclinics","twitter_site":"@canonsclinics","twitter_misc":{"Escrit per":"administrador","Temps estimat de lectura":"4 minuts"},"schema":{"@context":"https:\/\/schema.org","@graph":[{"@type":"Article","@id":"https:\/\/www.canons.es\/ca\/abordaje-integral-capilar-en-unidad-capilar-de-canons-clinics\/#article","isPartOf":{"@id":"https:\/\/www.canons.es\/ca\/abordaje-integral-capilar-en-unidad-capilar-de-canons-clinics\/"},"author":{"name":"administrador","@id":"https:\/\/www.canons.es\/#\/schema\/person\/947d7b84e9c15475d0452e32f9d72fb7"},"headline":"Abordatje integral capillar en Unitat Capillar de C\u00e0nons Clinics","datePublished":"2022-09-07T07:23:51+00:00","dateModified":"2026-03-25T18:04:30+00:00","mainEntityOfPage":{"@id":"https:\/\/www.canons.es\/ca\/abordaje-integral-capilar-en-unidad-capilar-de-canons-clinics\/"},"wordCount":513,"publisher":{"@id":"https:\/\/www.canons.es\/#organization"},"image":{"@id":"https:\/\/www.canons.es\/ca\/abordaje-integral-capilar-en-unidad-capilar-de-canons-clinics\/#primaryimage"},"thumbnailUrl":"https:\/\/www.canons.es\/wp-content\/uploads\/2022\/09\/tratamento-capilar4-e1543011152867.jpg","keywords":["alop\u00e8cia","biotricologia","capilar","perdida de cabello","perdida de pelo","Trichotest"],"articleSection":["Blog del Dr. V\u00edctor Hern\u00e0ndez Da Costa","Capilar"],"inLanguage":"ca"},{"@type":"WebPage","@id":"https:\/\/www.canons.es\/ca\/abordaje-integral-capilar-en-unidad-capilar-de-canons-clinics\/","url":"https:\/\/www.canons.es\/ca\/abordaje-integral-capilar-en-unidad-capilar-de-canons-clinics\/","name":"Abordatje integral capillar en Unitat Capillar de C\u00e0nons Clinics - Cl\u00ednica C\u00e0nons | Cirurgia i Medicina Estetica a Barcelona, \u200b\u200bGranollers","isPartOf":{"@id":"https:\/\/www.canons.es\/#website"},"primaryImageOfPage":{"@id":"https:\/\/www.canons.es\/ca\/abordaje-integral-capilar-en-unidad-capilar-de-canons-clinics\/#primaryimage"},"image":{"@id":"https:\/\/www.canons.es\/ca\/abordaje-integral-capilar-en-unidad-capilar-de-canons-clinics\/#primaryimage"},"thumbnailUrl":"https:\/\/www.canons.es\/wp-content\/uploads\/2022\/09\/tratamento-capilar4-e1543011152867.jpg","datePublished":"2022-09-07T07:23:51+00:00","dateModified":"2026-03-25T18:04:30+00:00","breadcrumb":{"@id":"https:\/\/www.canons.es\/ca\/abordaje-integral-capilar-en-unidad-capilar-de-canons-clinics\/#breadcrumb"},"inLanguage":"ca","potentialAction":[{"@type":"ReadAction","target":["https:\/\/www.canons.es\/ca\/abordaje-integral-capilar-en-unidad-capilar-de-canons-clinics\/"]}]},{"@type":"ImageObject","inLanguage":"ca","@id":"https:\/\/www.canons.es\/ca\/abordaje-integral-capilar-en-unidad-capilar-de-canons-clinics\/#primaryimage","url":"https:\/\/www.canons.es\/wp-content\/uploads\/2022\/09\/tratamento-capilar4-e1543011152867.jpg","contentUrl":"https:\/\/www.canons.es\/wp-content\/uploads\/2022\/09\/tratamento-capilar4-e1543011152867.jpg","width":2048,"height":998,"caption":"tratamiento-capilar-canons-clinics"},{"@type":"BreadcrumbList","@id":"https:\/\/www.canons.es\/ca\/abordaje-integral-capilar-en-unidad-capilar-de-canons-clinics\/#breadcrumb","itemListElement":[{"@type":"ListItem","position":1,"name":"Portada","item":"https:\/\/www.canons.es\/ca\/"},{"@type":"ListItem","position":2,"name":"Abordatje integral capillar en Unitat Capillar de C\u00e0nons Clinics"}]},{"@type":"WebSite","@id":"https:\/\/www.canons.es\/#website","url":"https:\/\/www.canons.es\/","name":"Cirug\u00eda Pl\u00e1stica y Est\u00e9tica Barcelona y Granollers | C\u00e0nons Clinics","description":"","publisher":{"@id":"https:\/\/www.canons.es\/#organization"},"potentialAction":[{"@type":"SearchAction","target":{"@type":"EntryPoint","urlTemplate":"https:\/\/www.canons.es\/?s={search_term_string}"},"query-input":{"@type":"PropertyValueSpecification","valueRequired":true,"valueName":"search_term_string"}}],"inLanguage":"ca"},{"@type":"Organization","@id":"https:\/\/www.canons.es\/#organization","name":"Cirug\u00eda Pl\u00e1stica y Est\u00e9tica Barcelona y Granollers | C\u00e0nons Clinics","url":"https:\/\/www.canons.es\/","logo":{"@type":"ImageObject","inLanguage":"ca","@id":"https:\/\/www.canons.es\/#\/schema\/logo\/image\/","url":"https:\/\/www.canons.es\/wp-content\/uploads\/2025\/04\/logo-canons-clinics.jpg","contentUrl":"https:\/\/www.canons.es\/wp-content\/uploads\/2025\/04\/logo-canons-clinics.jpg","width":600,"height":139,"caption":"Cirug\u00eda Pl\u00e1stica y Est\u00e9tica Barcelona y Granollers | C\u00e0nons Clinics"},"image":{"@id":"https:\/\/www.canons.es\/#\/schema\/logo\/image\/"},"sameAs":["https:\/\/www.facebook.com\/canonsclinics\/","https:\/\/x.com\/canonsclinics","https:\/\/www.instagram.com\/canonsclinics\/","https:\/\/www.youtube.com\/channel\/UCI1Ia6LjALyo1CuQ0_HwtfQ","https:\/\/www.linkedin.com\/company\/canons-clinics\/"]},{"@type":"Person","@id":"https:\/\/www.canons.es\/#\/schema\/person\/947d7b84e9c15475d0452e32f9d72fb7","name":"administrador"}]}},"_links":{"self":[{"href":"https:\/\/www.canons.es\/ca\/wp-json\/wp\/v2\/posts\/21228","targetHints":{"allow":["GET"]}}],"collection":[{"href":"https:\/\/www.canons.es\/ca\/wp-json\/wp\/v2\/posts"}],"about":[{"href":"https:\/\/www.canons.es\/ca\/wp-json\/wp\/v2\/types\/post"}],"author":[{"embeddable":true,"href":"https:\/\/www.canons.es\/ca\/wp-json\/wp\/v2\/users\/25"}],"replies":[{"embeddable":true,"href":"https:\/\/www.canons.es\/ca\/wp-json\/wp\/v2\/comments?post=21228"}],"version-history":[{"count":0,"href":"https:\/\/www.canons.es\/ca\/wp-json\/wp\/v2\/posts\/21228\/revisions"}],"wp:featuredmedia":[{"embeddable":true,"href":"https:\/\/www.canons.es\/ca\/wp-json\/wp\/v2\/media\/20186"}],"wp:attachment":[{"href":"https:\/\/www.canons.es\/ca\/wp-json\/wp\/v2\/media?parent=21228"}],"wp:term":[{"taxonomy":"category","embeddable":true,"href":"https:\/\/www.canons.es\/ca\/wp-json\/wp\/v2\/categories?post=21228"},{"taxonomy":"post_tag","embeddable":true,"href":"https:\/\/www.canons.es\/ca\/wp-json\/wp\/v2\/tags?post=21228"}],"curies":[{"name":"wp","href":"https:\/\/api.w.org\/{rel}","templated":true}]}}