{"id":21146,"date":"2013-02-13T16:17:39","date_gmt":"2013-02-13T16:17:39","guid":{"rendered":"https:\/\/www.canons.es\/nimfoplastia-o-correccio-dels-llavis-menors\/"},"modified":"2023-11-23T07:39:04","modified_gmt":"2023-11-23T07:39:04","slug":"nimfoplastia-o-correccio-dels-llavis-menors","status":"publish","type":"post","link":"https:\/\/www.canons.es\/ca\/nimfoplastia-o-correccio-dels-llavis-menors\/","title":{"rendered":"Nimfopl\u00e0stia o Correcci\u00f3 dels llavis Menors"},"content":{"rendered":"\n\n<div class=\"kk-star-ratings kksr-auto kksr-align-left kksr-valign-top\"\n    data-payload='{&quot;align&quot;:&quot;left&quot;,&quot;id&quot;:&quot;21146&quot;,&quot;slug&quot;:&quot;default&quot;,&quot;valign&quot;:&quot;top&quot;,&quot;ignore&quot;:&quot;&quot;,&quot;reference&quot;:&quot;auto&quot;,&quot;class&quot;:&quot;&quot;,&quot;count&quot;:&quot;0&quot;,&quot;legendonly&quot;:&quot;&quot;,&quot;readonly&quot;:&quot;&quot;,&quot;score&quot;:&quot;0&quot;,&quot;starsonly&quot;:&quot;&quot;,&quot;best&quot;:&quot;5&quot;,&quot;gap&quot;:&quot;5&quot;,&quot;greet&quot;:&quot;Eval\u00faa este art\u00edculo&quot;,&quot;legend&quot;:&quot;0\\\/5 - (0 votes)&quot;,&quot;size&quot;:&quot;24&quot;,&quot;title&quot;:&quot;Nimfopl\u00e0stia o Correcci\u00f3 dels llavis Menors&quot;,&quot;width&quot;:&quot;0&quot;,&quot;_legend&quot;:&quot;{score}\\\/{best} - ({count} {votes})&quot;,&quot;font_factor&quot;:&quot;1.25&quot;}'>\n            \n<div class=\"kksr-stars\">\n    \n<div class=\"kksr-stars-inactive\">\n            <div class=\"kksr-star\" data-star=\"1\" style=\"padding-right: 5px\">\n            \n\n<div class=\"kksr-icon\" style=\"width: 24px; height: 24px;\"><\/div>\n        <\/div>\n            <div class=\"kksr-star\" data-star=\"2\" style=\"padding-right: 5px\">\n            \n\n<div class=\"kksr-icon\" style=\"width: 24px; height: 24px;\"><\/div>\n        <\/div>\n            <div class=\"kksr-star\" data-star=\"3\" style=\"padding-right: 5px\">\n            \n\n<div class=\"kksr-icon\" style=\"width: 24px; height: 24px;\"><\/div>\n        <\/div>\n            <div class=\"kksr-star\" data-star=\"4\" style=\"padding-right: 5px\">\n            \n\n<div class=\"kksr-icon\" style=\"width: 24px; height: 24px;\"><\/div>\n        <\/div>\n            <div class=\"kksr-star\" data-star=\"5\" style=\"padding-right: 5px\">\n            \n\n<div class=\"kksr-icon\" style=\"width: 24px; height: 24px;\"><\/div>\n        <\/div>\n    <\/div>\n    \n<div class=\"kksr-stars-active\" style=\"width: 0px;\">\n            <div class=\"kksr-star\" style=\"padding-right: 5px\">\n            \n\n<div class=\"kksr-icon\" style=\"width: 24px; height: 24px;\"><\/div>\n        <\/div>\n            <div class=\"kksr-star\" style=\"padding-right: 5px\">\n            \n\n<div class=\"kksr-icon\" style=\"width: 24px; height: 24px;\"><\/div>\n        <\/div>\n            <div class=\"kksr-star\" style=\"padding-right: 5px\">\n            \n\n<div class=\"kksr-icon\" style=\"width: 24px; height: 24px;\"><\/div>\n        <\/div>\n            <div class=\"kksr-star\" style=\"padding-right: 5px\">\n            \n\n<div class=\"kksr-icon\" style=\"width: 24px; height: 24px;\"><\/div>\n        <\/div>\n            <div class=\"kksr-star\" style=\"padding-right: 5px\">\n            \n\n<div class=\"kksr-icon\" style=\"width: 24px; height: 24px;\"><\/div>\n        <\/div>\n    <\/div>\n<\/div>\n                \n\n<div class=\"kksr-legend\" style=\"font-size: 19.2px;\">\n            <span class=\"kksr-muted\">Eval\u00faa este art\u00edculo<\/span>\n    <\/div>\n    <\/div>\n<p><span style=\"vertical-align: inherit;\"><span style=\"vertical-align: inherit;\"><span style=\"vertical-align: inherit;\"><span style=\"vertical-align: inherit;\">Actualment, la Reducci\u00f3 dels Llavis Menors \u00e9s el procediment medicoquir\u00fargic m\u00e9s demandat de la cirurgia est\u00e8tica Genital Femenina.<\/span><\/span><\/span><\/span><\/p>\n<h2><b><span style=\"vertical-align: inherit;\"><span style=\"vertical-align: inherit;\"><span style=\"vertical-align: inherit;\"><span style=\"vertical-align: inherit;\">Qui \u00e9s la candidata ideal per sotmetres a una Nimopl\u00e0stia o Correcci\u00f3 de Llavis Menors?<\/span><\/span><\/span><\/span><\/b><\/h2>\n<p><span style=\"vertical-align: inherit;\"><span style=\"vertical-align: inherit;\"><span style=\"vertical-align: inherit;\"><span style=\"vertical-align: inherit;\">La candidata id\u00f2nia per a la Correcci\u00f3 dels Llavis Menors s\u00f3n totes les dones que b\u00e9 despr\u00e9s dels embarassos, en edats avan\u00e7ades o, per causes cong\u00e8nites en noies joves&#8230; presenten alteracions de mida, els han crescut els Llavis Menors de forma desproporcionada o b\u00e9 , s\u00f3n asim\u00e8trics, un m\u00e9s gran que l&#8217;altre.<\/span><\/span><\/span><\/span><\/p>\n<p><span style=\"vertical-align: inherit;\"><span style=\"vertical-align: inherit;\"><span style=\"vertical-align: inherit;\"><span style=\"vertical-align: inherit;\">Tamb\u00e9, poden ser aquelles dones que a part d&#8217;incomodar la mida dels llavis menors els creen mol\u00e8sties en portar peces ajustades, presenten certa incomoditat i\/o dolor en mantenir relacions sexuals o, tenen cert complex en quedar-se nues o, en portar biquini.<\/span><\/span><\/span><\/span><\/p>\n<h2><b><span style=\"vertical-align: inherit;\"><span style=\"vertical-align: inherit;\"><span style=\"vertical-align: inherit;\"><span style=\"vertical-align: inherit;\">En qu\u00e8 consisteix la Nimopl\u00e0stia o Correcci\u00f3 dels Llavis Menors?<\/span><\/span><\/span><\/span><\/b><\/h2>\n<p><span style=\"vertical-align: inherit;\"><span style=\"vertical-align: inherit;\"><span style=\"vertical-align: inherit;\"><span style=\"vertical-align: inherit;\">Consisteix en una intervenci\u00f3 quir\u00fargica que t\u00e9 per finalitat corregir les deformitats en l&#8217;anatomia dels llavis menors mitjan\u00e7ant una t\u00e8cnica espec\u00edfica on es realitzaran petites incisions que se suturaran amb material reabsorbible que s&#8217;anir\u00e0 eliminant pel propi cos en unes dues setmanes. els Llavis Menors cicatritzen de forma progressiva i natural.<\/span><\/span><\/span><\/span><\/p>\n<p><span style=\"vertical-align: inherit;\"><span style=\"vertical-align: inherit;\"><span style=\"vertical-align: inherit;\"><span style=\"vertical-align: inherit;\">Es tracta d&#8217;una cirurgia que es realitza a una cl\u00ednica o hospital de forma ambulat\u00f2ria sota sedaci\u00f3 endovenosa, normalment. <\/span><\/span><\/span><span style=\"vertical-align: inherit;\"><span style=\"vertical-align: inherit;\"><span style=\"vertical-align: inherit;\">De manera que poques hores despr\u00e9s de la intervenci\u00f3 es donar\u00e0 l&#8217;alta hospital\u00e0ria. <\/span><\/span><\/span><span style=\"vertical-align: inherit;\"><span style=\"vertical-align: inherit;\"><span style=\"vertical-align: inherit;\">T\u00e9 una durada aproximada de 1 hora.<\/span><\/span><\/span><\/span><\/p>\n<p><span style=\"vertical-align: inherit;\"><span style=\"vertical-align: inherit;\"><span style=\"vertical-align: inherit;\"><span style=\"vertical-align: inherit;\">\u00c9s una cirurgia que moltes vegades es fa secund\u00e0riament en altres cirurgies d&#8217;est\u00e8tica pl\u00e0stica.<\/span><\/span><\/span><\/span><\/p>\n<h2><b><span style=\"vertical-align: inherit;\"><span style=\"vertical-align: inherit;\"><span style=\"vertical-align: inherit;\"><span style=\"vertical-align: inherit;\">Com ser\u00e0 la tornada a la normalitat?<\/span><\/span><\/span><\/span><\/b><\/h2>\n<p><span style=\"vertical-align: inherit;\"><span style=\"vertical-align: inherit;\"><span style=\"vertical-align: inherit;\"><span style=\"vertical-align: inherit;\">Despr\u00e9s de la cirurgia de reducci\u00f3 de llavis menors \u00e9s normal trobar-se una mica cansada i adolorida durant uns dies.<\/span><\/span><\/span><\/span><\/p>\n<p><span style=\"vertical-align: inherit;\"><span style=\"vertical-align: inherit;\"><span style=\"vertical-align: inherit;\"><span style=\"vertical-align: inherit;\">Ser\u00e0 molt important el rep\u00f2s relatiu i l&#8217;aplicaci\u00f3 de fred local durant les primeres 48 hores. <\/span><\/span><\/span><span style=\"vertical-align: inherit;\"><span style=\"vertical-align: inherit;\"><span style=\"vertical-align: inherit;\">de la cirurgia. <\/span><\/span><\/span><span style=\"vertical-align: inherit;\"><span style=\"vertical-align: inherit;\"><span style=\"vertical-align: inherit;\">La majoria de les mol\u00e8sties s&#8217;han de controlar sense problemes amb la pauta d&#8217;analg\u00e8sics i antiinflamatoris que t&#8217;haur\u00e0 prescrit el teu cirurgi\u00e0 pl\u00e0stic.<\/span><\/span><\/span><\/span><\/p>\n<p><span style=\"vertical-align: inherit;\"><span style=\"vertical-align: inherit;\"><span style=\"vertical-align: inherit;\"><span style=\"vertical-align: inherit;\">Haur\u00e0s de portar una compresa per controlar el sagnat postquir\u00fargic, que ser\u00e0 normal si \u00e9s m\u00ednim. <\/span><\/span><\/span><span style=\"vertical-align: inherit;\"><span style=\"vertical-align: inherit;\"><span style=\"vertical-align: inherit;\">\u00c9s normal tenir una sensaci\u00f3 d&#8217;inflamaci\u00f3 als llavis menors durant les dues primeres setmanes. <\/span><\/span><\/span><span style=\"vertical-align: inherit;\"><span style=\"vertical-align: inherit;\"><span style=\"vertical-align: inherit;\">No es retiraran els punts ja que sutilitza sutura reabsorbible hipoalerg\u00e8nica.<\/span><\/span><\/span><\/span><\/p>\n<p><span style=\"vertical-align: inherit;\"><span style=\"vertical-align: inherit;\"><span style=\"vertical-align: inherit;\"><span style=\"vertical-align: inherit;\">Estar\u00e0s condicionada durant un m\u00e0xim de dos o tres dies depenent de l&#8217;activitat que facis, ja que la zona estar\u00e0 inflamada encara que no adolorida. <\/span><\/span><\/span><span style=\"vertical-align: inherit;\"><span style=\"vertical-align: inherit;\"><span style=\"vertical-align: inherit;\">No \u00e9s una dolorosa intervenci\u00f3.<\/span><\/span><\/span><\/span><\/p>\n<p><span style=\"vertical-align: inherit;\"><span style=\"vertical-align: inherit;\"><span style=\"vertical-align: inherit;\"><span style=\"vertical-align: inherit;\">Immediatament despr\u00e9s de la Cirurgia de reducci\u00f3 dels Llavis menors veur\u00e0s el resultat final. <\/span><\/span><\/span><span style=\"vertical-align: inherit;\"><span style=\"vertical-align: inherit;\"><span style=\"vertical-align: inherit;\">Els resultats s\u00f3n permanents, sense cicatrius perceptibles.<\/span><\/span><\/span><\/span><\/p>\n<h2><b><span style=\"vertical-align: inherit;\"><span style=\"vertical-align: inherit;\"><span style=\"vertical-align: inherit;\"><span style=\"vertical-align: inherit;\">Com es planifica la Nimopl\u00e0stia o Correcci\u00f3 de Llavis Menors?<\/span><\/span><\/span><\/span><\/b><\/h2>\n<p><span style=\"vertical-align: inherit;\"><span style=\"vertical-align: inherit;\"><span style=\"vertical-align: inherit;\"><span style=\"vertical-align: inherit;\">Durant la primera consulta, el cirurgi\u00e0 pl\u00e0stic avaluar\u00e0 la mida i la forma dels llavis menors, la qualitat de la pell i el teu estat general de salut. <\/span><\/span><\/span><span style=\"vertical-align: inherit;\"><span style=\"vertical-align: inherit;\"><span style=\"vertical-align: inherit;\">Sol\u00b7licitar\u00e0 proves preoperat\u00f2ries i, un electrocardiograma si cal.<\/span><\/span><\/span><\/span><\/p>\n<p><span style=\"vertical-align: inherit;\"><span style=\"vertical-align: inherit;\"><span style=\"vertical-align: inherit;\"><span style=\"vertical-align: inherit;\">Tamb\u00e9 us explicar\u00e0 quin \u00e9s el tipus d&#8217;anest\u00e8sia que s&#8217;utilitzar\u00e0, la necessitat d&#8217;ingressar a la cl\u00ednica on es realitzar\u00e0 la cirurgia i els costos de la intervenci\u00f3.<\/span><\/span><\/span><\/span><\/p>\n<p><span style=\"vertical-align: inherit;\"><span style=\"vertical-align: inherit;\"><span style=\"vertical-align: inherit;\"><span style=\"vertical-align: inherit;\">Haur\u00e0s d&#8217;exposar les teves expectatives de manera sincera i franca perqu\u00e8 el cirurgi\u00e0 pl\u00e0stic et mostri les alternatives disponibles segons les teves necessitats.<\/span><\/span><\/span><\/span><\/p>\n<p><span style=\"vertical-align: inherit;\"><span style=\"vertical-align: inherit;\"><span style=\"vertical-align: inherit;\"><span style=\"vertical-align: inherit;\">El doctor et donar\u00e0 instruccions sobre com preparar-te per a la cirurgia, incloent-hi les pautes que cal seguir sobre la presa o supressi\u00f3 de medicaments, vitamines, suplements de ferro, aliments, l\u00edquids i tabac.<\/span><\/span><\/span><\/span><\/p>\n<p><span style=\"vertical-align: inherit;\"><span style=\"vertical-align: inherit;\"><span style=\"vertical-align: inherit;\"><span style=\"vertical-align: inherit;\">Assegura&#8217;t, tamb\u00e9 que algun familiar o acompanyant et pugui acompanyar quan se&#8217;t doni l&#8217;alta i, si cal, puguin ajudar-te uns dies.<\/span><\/span><\/span><\/span><\/p>\n<h2><b><span style=\"vertical-align: inherit;\"><span style=\"vertical-align: inherit;\"><span style=\"vertical-align: inherit;\"><span style=\"vertical-align: inherit;\">Quines precaucions haur\u00e9 de prendre?<\/span><\/span><\/span><\/span><\/b><\/h2>\n<p><span style=\"vertical-align: inherit;\"><span style=\"vertical-align: inherit;\"><span style=\"vertical-align: inherit;\"><span style=\"vertical-align: inherit;\">Amb l&#8217;objectiu de limitar el risc de sagnat i hematomes haur\u00e0s d&#8217;evitar prendre en els 7 dies previs al procediment antiagregants plaquetaris com Aspirina, Dipiridamol, Ticlopidina&#8230; aix\u00ed com en els 3 dies previs prendre antiinflamatoris no estero\u00efdals amb efecte antiagregant com Ibuprof\u00e8, Diclofenac , Indometacina, Piroxicam, Naproxeno&#8230;<\/span><\/span><\/span><\/span><\/p>\n<!-- AddThis Advanced Settings generic via filter on the_content --><!-- AddThis Share Buttons generic via filter on the_content -->","protected":false},"excerpt":{"rendered":"<p>Actualment, la Reducci\u00f3 dels Llavis Menors \u00e9s el procediment medicoquir\u00fargic m\u00e9s demandat de la cirurgia est\u00e8tica Genital Femenina. Qui \u00e9s la candidata ideal per sotmetres a una Nimopl\u00e0stia o Correcci\u00f3 de Llavis Menors? La candidata id\u00f2nia per a la Correcci\u00f3 dels Llavis Menors s\u00f3n totes&#8230;<!-- AddThis Advanced Settings generic via filter on get_the_excerpt --><!-- AddThis Share Buttons generic via filter on get_the_excerpt --><\/p>\n","protected":false},"author":25,"featured_media":0,"comment_status":"closed","ping_status":"closed","sticky":false,"template":"","format":"standard","meta":{"footnotes":""},"categories":[566,79,893,849,103],"tags":[],"class_list":["post-21146","post","type-post","status-publish","format-standard","hentry","category-blog-del-dr-victor-hernandez-da-costa-ca-3","category-blog-del-dr-victor-hernandez-da-costa-ca","category-cirugia-plastica-y-estetica-genital-ca","category-cirugia-plastica-y-estetica-genital","category-cirurgia-plastica-i-estetica-genital"],"yoast_head":"<!-- This site is optimized with the Yoast SEO Premium plugin v26.9 (Yoast SEO v27.4) - https:\/\/yoast.com\/product\/yoast-seo-premium-wordpress\/ -->\n<title>Nimfopl\u00e0stia o Correcci\u00f3 dels llavis Menors - Cl\u00ednica C\u00e0nons | Cirurgia i Medicina Estetica a Barcelona, \u200b\u200bGranollers<\/title>\n<meta name=\"robots\" content=\"index, follow, max-snippet:-1, max-image-preview:large, max-video-preview:-1\" \/>\n<link rel=\"canonical\" href=\"https:\/\/www.canons.es\/nimfoplastia-o-correccio-dels-llavis-menors\/\" \/>\n<meta property=\"og:locale\" content=\"ca_ES\" \/>\n<meta property=\"og:type\" content=\"article\" \/>\n<meta property=\"og:title\" content=\"Nimfopl\u00e0stia o Correcci\u00f3 dels llavis Menors\" \/>\n<meta property=\"og:description\" content=\"Actualment, la Reducci\u00f3 dels Llavis Menors \u00e9s el procediment medicoquir\u00fargic m\u00e9s demandat de la cirurgia est\u00e8tica Genital Femenina. Qui \u00e9s la candidata ideal per sotmetres a una Nimopl\u00e0stia o Correcci\u00f3 de Llavis Menors? La candidata id\u00f2nia per a la Correcci\u00f3 dels Llavis Menors s\u00f3n totes...\" \/>\n<meta property=\"og:url\" content=\"https:\/\/www.canons.es\/nimfoplastia-o-correccio-dels-llavis-menors\/\" \/>\n<meta property=\"og:site_name\" content=\"Cl\u00ednica C\u00e0nons | Cirurgia i Medicina Estetica a Barcelona, \u200b\u200bGranollers\" \/>\n<meta property=\"article:publisher\" content=\"https:\/\/www.facebook.com\/canonsclinics\/\" \/>\n<meta property=\"article:published_time\" content=\"2013-02-13T16:17:39+00:00\" \/>\n<meta property=\"article:modified_time\" content=\"2023-11-23T07:39:04+00:00\" \/>\n<meta name=\"author\" content=\"administrador\" \/>\n<meta name=\"twitter:card\" content=\"summary_large_image\" \/>\n<meta name=\"twitter:creator\" content=\"@canonsclinics\" \/>\n<meta name=\"twitter:site\" content=\"@canonsclinics\" \/>\n<meta name=\"twitter:label1\" content=\"Escrit per\" \/>\n\t<meta name=\"twitter:data1\" content=\"administrador\" \/>\n\t<meta name=\"twitter:label2\" content=\"Temps estimat de lectura\" \/>\n\t<meta name=\"twitter:data2\" content=\"3 minuts\" \/>\n<script type=\"application\/ld+json\" class=\"yoast-schema-graph\">{\"@context\":\"https:\\\/\\\/schema.org\",\"@graph\":[{\"@type\":\"Article\",\"@id\":\"https:\\\/\\\/www.canons.es\\\/nimfoplastia-o-correccio-dels-llavis-menors\\\/#article\",\"isPartOf\":{\"@id\":\"https:\\\/\\\/www.canons.es\\\/nimfoplastia-o-correccio-dels-llavis-menors\\\/\"},\"author\":{\"name\":\"administrador\",\"@id\":\"https:\\\/\\\/www.canons.es\\\/#\\\/schema\\\/person\\\/947d7b84e9c15475d0452e32f9d72fb7\"},\"headline\":\"Nimfopl\u00e0stia o Correcci\u00f3 dels llavis Menors\",\"datePublished\":\"2013-02-13T16:17:39+00:00\",\"dateModified\":\"2023-11-23T07:39:04+00:00\",\"mainEntityOfPage\":{\"@id\":\"https:\\\/\\\/www.canons.es\\\/nimfoplastia-o-correccio-dels-llavis-menors\\\/\"},\"wordCount\":655,\"publisher\":{\"@id\":\"https:\\\/\\\/www.canons.es\\\/#organization\"},\"articleSection\":[\"Blog del Dr. V\u00edctor Hern\u00e1ndez Da Costa\",\"Blog del Dr. V\u00edctor Hern\u00e0ndez Da Costa\",\"Cirug\u00eda pl\u00e1stica y est\u00e9tica genital\",\"Cirug\u00eda pl\u00e1stica y est\u00e9tica genital\",\"Cirurgia pl\u00e0stica i est\u00e8tica genital\"],\"inLanguage\":\"ca\"},{\"@type\":\"WebPage\",\"@id\":\"https:\\\/\\\/www.canons.es\\\/nimfoplastia-o-correccio-dels-llavis-menors\\\/\",\"url\":\"https:\\\/\\\/www.canons.es\\\/nimfoplastia-o-correccio-dels-llavis-menors\\\/\",\"name\":\"Nimfopl\u00e0stia o Correcci\u00f3 dels llavis Menors - Cl\u00ednica C\u00e0nons | Cirurgia i Medicina Estetica a Barcelona, \u200b\u200bGranollers\",\"isPartOf\":{\"@id\":\"https:\\\/\\\/www.canons.es\\\/#website\"},\"datePublished\":\"2013-02-13T16:17:39+00:00\",\"dateModified\":\"2023-11-23T07:39:04+00:00\",\"breadcrumb\":{\"@id\":\"https:\\\/\\\/www.canons.es\\\/nimfoplastia-o-correccio-dels-llavis-menors\\\/#breadcrumb\"},\"inLanguage\":\"ca\",\"potentialAction\":[{\"@type\":\"ReadAction\",\"target\":[\"https:\\\/\\\/www.canons.es\\\/nimfoplastia-o-correccio-dels-llavis-menors\\\/\"]}]},{\"@type\":\"BreadcrumbList\",\"@id\":\"https:\\\/\\\/www.canons.es\\\/nimfoplastia-o-correccio-dels-llavis-menors\\\/#breadcrumb\",\"itemListElement\":[{\"@type\":\"ListItem\",\"position\":1,\"name\":\"Portada\",\"item\":\"https:\\\/\\\/www.canons.es\\\/ca\\\/\"},{\"@type\":\"ListItem\",\"position\":2,\"name\":\"Nimfopl\u00e0stia o Correcci\u00f3 dels llavis Menors\"}]},{\"@type\":\"WebSite\",\"@id\":\"https:\\\/\\\/www.canons.es\\\/#website\",\"url\":\"https:\\\/\\\/www.canons.es\\\/\",\"name\":\"Cirug\u00eda Pl\u00e1stica y Est\u00e9tica Barcelona y Granollers | C\u00e0nons Clinics\",\"description\":\"\",\"publisher\":{\"@id\":\"https:\\\/\\\/www.canons.es\\\/#organization\"},\"potentialAction\":[{\"@type\":\"SearchAction\",\"target\":{\"@type\":\"EntryPoint\",\"urlTemplate\":\"https:\\\/\\\/www.canons.es\\\/?s={search_term_string}\"},\"query-input\":{\"@type\":\"PropertyValueSpecification\",\"valueRequired\":true,\"valueName\":\"search_term_string\"}}],\"inLanguage\":\"ca\"},{\"@type\":\"Organization\",\"@id\":\"https:\\\/\\\/www.canons.es\\\/#organization\",\"name\":\"Cirug\u00eda Pl\u00e1stica y Est\u00e9tica Barcelona y Granollers | C\u00e0nons Clinics\",\"url\":\"https:\\\/\\\/www.canons.es\\\/\",\"logo\":{\"@type\":\"ImageObject\",\"inLanguage\":\"ca\",\"@id\":\"https:\\\/\\\/www.canons.es\\\/#\\\/schema\\\/logo\\\/image\\\/\",\"url\":\"https:\\\/\\\/www.canons.es\\\/wp-content\\\/uploads\\\/2025\\\/04\\\/logo-canons-clinics.jpg\",\"contentUrl\":\"https:\\\/\\\/www.canons.es\\\/wp-content\\\/uploads\\\/2025\\\/04\\\/logo-canons-clinics.jpg\",\"width\":600,\"height\":139,\"caption\":\"Cirug\u00eda Pl\u00e1stica y Est\u00e9tica Barcelona y Granollers | C\u00e0nons Clinics\"},\"image\":{\"@id\":\"https:\\\/\\\/www.canons.es\\\/#\\\/schema\\\/logo\\\/image\\\/\"},\"sameAs\":[\"https:\\\/\\\/www.facebook.com\\\/canonsclinics\\\/\",\"https:\\\/\\\/x.com\\\/canonsclinics\",\"https:\\\/\\\/www.instagram.com\\\/canonsclinics\\\/\",\"https:\\\/\\\/www.youtube.com\\\/channel\\\/UCI1Ia6LjALyo1CuQ0_HwtfQ\",\"https:\\\/\\\/www.linkedin.com\\\/company\\\/canons-clinics\\\/\"]},{\"@type\":\"Person\",\"@id\":\"https:\\\/\\\/www.canons.es\\\/#\\\/schema\\\/person\\\/947d7b84e9c15475d0452e32f9d72fb7\",\"name\":\"administrador\"}]}<\/script>\n<!-- \/ Yoast SEO Premium plugin. -->","yoast_head_json":{"title":"Nimfopl\u00e0stia o Correcci\u00f3 dels llavis Menors - Cl\u00ednica C\u00e0nons | Cirurgia i Medicina Estetica a Barcelona, \u200b\u200bGranollers","robots":{"index":"index","follow":"follow","max-snippet":"max-snippet:-1","max-image-preview":"max-image-preview:large","max-video-preview":"max-video-preview:-1"},"canonical":"https:\/\/www.canons.es\/nimfoplastia-o-correccio-dels-llavis-menors\/","og_locale":"ca_ES","og_type":"article","og_title":"Nimfopl\u00e0stia o Correcci\u00f3 dels llavis Menors","og_description":"Actualment, la Reducci\u00f3 dels Llavis Menors \u00e9s el procediment medicoquir\u00fargic m\u00e9s demandat de la cirurgia est\u00e8tica Genital Femenina. Qui \u00e9s la candidata ideal per sotmetres a una Nimopl\u00e0stia o Correcci\u00f3 de Llavis Menors? La candidata id\u00f2nia per a la Correcci\u00f3 dels Llavis Menors s\u00f3n totes...","og_url":"https:\/\/www.canons.es\/nimfoplastia-o-correccio-dels-llavis-menors\/","og_site_name":"Cl\u00ednica C\u00e0nons | Cirurgia i Medicina Estetica a Barcelona, \u200b\u200bGranollers","article_publisher":"https:\/\/www.facebook.com\/canonsclinics\/","article_published_time":"2013-02-13T16:17:39+00:00","article_modified_time":"2023-11-23T07:39:04+00:00","author":"administrador","twitter_card":"summary_large_image","twitter_creator":"@canonsclinics","twitter_site":"@canonsclinics","twitter_misc":{"Escrit per":"administrador","Temps estimat de lectura":"3 minuts"},"schema":{"@context":"https:\/\/schema.org","@graph":[{"@type":"Article","@id":"https:\/\/www.canons.es\/nimfoplastia-o-correccio-dels-llavis-menors\/#article","isPartOf":{"@id":"https:\/\/www.canons.es\/nimfoplastia-o-correccio-dels-llavis-menors\/"},"author":{"name":"administrador","@id":"https:\/\/www.canons.es\/#\/schema\/person\/947d7b84e9c15475d0452e32f9d72fb7"},"headline":"Nimfopl\u00e0stia o Correcci\u00f3 dels llavis Menors","datePublished":"2013-02-13T16:17:39+00:00","dateModified":"2023-11-23T07:39:04+00:00","mainEntityOfPage":{"@id":"https:\/\/www.canons.es\/nimfoplastia-o-correccio-dels-llavis-menors\/"},"wordCount":655,"publisher":{"@id":"https:\/\/www.canons.es\/#organization"},"articleSection":["Blog del Dr. V\u00edctor Hern\u00e1ndez Da Costa","Blog del Dr. V\u00edctor Hern\u00e0ndez Da Costa","Cirug\u00eda pl\u00e1stica y est\u00e9tica genital","Cirug\u00eda pl\u00e1stica y est\u00e9tica genital","Cirurgia pl\u00e0stica i est\u00e8tica genital"],"inLanguage":"ca"},{"@type":"WebPage","@id":"https:\/\/www.canons.es\/nimfoplastia-o-correccio-dels-llavis-menors\/","url":"https:\/\/www.canons.es\/nimfoplastia-o-correccio-dels-llavis-menors\/","name":"Nimfopl\u00e0stia o Correcci\u00f3 dels llavis Menors - Cl\u00ednica C\u00e0nons | Cirurgia i Medicina Estetica a Barcelona, \u200b\u200bGranollers","isPartOf":{"@id":"https:\/\/www.canons.es\/#website"},"datePublished":"2013-02-13T16:17:39+00:00","dateModified":"2023-11-23T07:39:04+00:00","breadcrumb":{"@id":"https:\/\/www.canons.es\/nimfoplastia-o-correccio-dels-llavis-menors\/#breadcrumb"},"inLanguage":"ca","potentialAction":[{"@type":"ReadAction","target":["https:\/\/www.canons.es\/nimfoplastia-o-correccio-dels-llavis-menors\/"]}]},{"@type":"BreadcrumbList","@id":"https:\/\/www.canons.es\/nimfoplastia-o-correccio-dels-llavis-menors\/#breadcrumb","itemListElement":[{"@type":"ListItem","position":1,"name":"Portada","item":"https:\/\/www.canons.es\/ca\/"},{"@type":"ListItem","position":2,"name":"Nimfopl\u00e0stia o Correcci\u00f3 dels llavis Menors"}]},{"@type":"WebSite","@id":"https:\/\/www.canons.es\/#website","url":"https:\/\/www.canons.es\/","name":"Cirug\u00eda Pl\u00e1stica y Est\u00e9tica Barcelona y Granollers | C\u00e0nons Clinics","description":"","publisher":{"@id":"https:\/\/www.canons.es\/#organization"},"potentialAction":[{"@type":"SearchAction","target":{"@type":"EntryPoint","urlTemplate":"https:\/\/www.canons.es\/?s={search_term_string}"},"query-input":{"@type":"PropertyValueSpecification","valueRequired":true,"valueName":"search_term_string"}}],"inLanguage":"ca"},{"@type":"Organization","@id":"https:\/\/www.canons.es\/#organization","name":"Cirug\u00eda Pl\u00e1stica y Est\u00e9tica Barcelona y Granollers | C\u00e0nons Clinics","url":"https:\/\/www.canons.es\/","logo":{"@type":"ImageObject","inLanguage":"ca","@id":"https:\/\/www.canons.es\/#\/schema\/logo\/image\/","url":"https:\/\/www.canons.es\/wp-content\/uploads\/2025\/04\/logo-canons-clinics.jpg","contentUrl":"https:\/\/www.canons.es\/wp-content\/uploads\/2025\/04\/logo-canons-clinics.jpg","width":600,"height":139,"caption":"Cirug\u00eda Pl\u00e1stica y Est\u00e9tica Barcelona y Granollers | C\u00e0nons Clinics"},"image":{"@id":"https:\/\/www.canons.es\/#\/schema\/logo\/image\/"},"sameAs":["https:\/\/www.facebook.com\/canonsclinics\/","https:\/\/x.com\/canonsclinics","https:\/\/www.instagram.com\/canonsclinics\/","https:\/\/www.youtube.com\/channel\/UCI1Ia6LjALyo1CuQ0_HwtfQ","https:\/\/www.linkedin.com\/company\/canons-clinics\/"]},{"@type":"Person","@id":"https:\/\/www.canons.es\/#\/schema\/person\/947d7b84e9c15475d0452e32f9d72fb7","name":"administrador"}]}},"_links":{"self":[{"href":"https:\/\/www.canons.es\/ca\/wp-json\/wp\/v2\/posts\/21146","targetHints":{"allow":["GET"]}}],"collection":[{"href":"https:\/\/www.canons.es\/ca\/wp-json\/wp\/v2\/posts"}],"about":[{"href":"https:\/\/www.canons.es\/ca\/wp-json\/wp\/v2\/types\/post"}],"author":[{"embeddable":true,"href":"https:\/\/www.canons.es\/ca\/wp-json\/wp\/v2\/users\/25"}],"replies":[{"embeddable":true,"href":"https:\/\/www.canons.es\/ca\/wp-json\/wp\/v2\/comments?post=21146"}],"version-history":[{"count":0,"href":"https:\/\/www.canons.es\/ca\/wp-json\/wp\/v2\/posts\/21146\/revisions"}],"wp:attachment":[{"href":"https:\/\/www.canons.es\/ca\/wp-json\/wp\/v2\/media?parent=21146"}],"wp:term":[{"taxonomy":"category","embeddable":true,"href":"https:\/\/www.canons.es\/ca\/wp-json\/wp\/v2\/categories?post=21146"},{"taxonomy":"post_tag","embeddable":true,"href":"https:\/\/www.canons.es\/ca\/wp-json\/wp\/v2\/tags?post=21146"}],"curies":[{"name":"wp","href":"https:\/\/api.w.org\/{rel}","templated":true}]}}