{"id":21128,"date":"2013-02-02T17:05:09","date_gmt":"2013-02-02T17:05:09","guid":{"rendered":"https:\/\/www.canons.es\/lifting-de-coll-o-cervical\/"},"modified":"2024-04-14T08:21:53","modified_gmt":"2024-04-14T08:21:53","slug":"lifting-de-coll-o-cervical","status":"publish","type":"post","link":"https:\/\/www.canons.es\/ca\/lifting-de-coll-o-cervical\/","title":{"rendered":"Lifting de Coll o Cervical"},"content":{"rendered":"\n\n<div class=\"kk-star-ratings kksr-auto kksr-align-left kksr-valign-top\"\n    data-payload='{&quot;align&quot;:&quot;left&quot;,&quot;id&quot;:&quot;21128&quot;,&quot;slug&quot;:&quot;default&quot;,&quot;valign&quot;:&quot;top&quot;,&quot;ignore&quot;:&quot;&quot;,&quot;reference&quot;:&quot;auto&quot;,&quot;class&quot;:&quot;&quot;,&quot;count&quot;:&quot;0&quot;,&quot;legendonly&quot;:&quot;&quot;,&quot;readonly&quot;:&quot;&quot;,&quot;score&quot;:&quot;0&quot;,&quot;starsonly&quot;:&quot;&quot;,&quot;best&quot;:&quot;5&quot;,&quot;gap&quot;:&quot;5&quot;,&quot;greet&quot;:&quot;Eval\u00faa este art\u00edculo&quot;,&quot;legend&quot;:&quot;0\\\/5 - (0 votes)&quot;,&quot;size&quot;:&quot;24&quot;,&quot;title&quot;:&quot;Lifting de Coll o Cervical&quot;,&quot;width&quot;:&quot;0&quot;,&quot;_legend&quot;:&quot;{score}\\\/{best} - ({count} {votes})&quot;,&quot;font_factor&quot;:&quot;1.25&quot;}'>\n            \n<div class=\"kksr-stars\">\n    \n<div class=\"kksr-stars-inactive\">\n            <div class=\"kksr-star\" data-star=\"1\" style=\"padding-right: 5px\">\n            \n\n<div class=\"kksr-icon\" style=\"width: 24px; height: 24px;\"><\/div>\n        <\/div>\n            <div class=\"kksr-star\" data-star=\"2\" style=\"padding-right: 5px\">\n            \n\n<div class=\"kksr-icon\" style=\"width: 24px; height: 24px;\"><\/div>\n        <\/div>\n            <div class=\"kksr-star\" data-star=\"3\" style=\"padding-right: 5px\">\n            \n\n<div class=\"kksr-icon\" style=\"width: 24px; height: 24px;\"><\/div>\n        <\/div>\n            <div class=\"kksr-star\" data-star=\"4\" style=\"padding-right: 5px\">\n            \n\n<div class=\"kksr-icon\" style=\"width: 24px; height: 24px;\"><\/div>\n        <\/div>\n            <div class=\"kksr-star\" data-star=\"5\" style=\"padding-right: 5px\">\n            \n\n<div class=\"kksr-icon\" style=\"width: 24px; height: 24px;\"><\/div>\n        <\/div>\n    <\/div>\n    \n<div class=\"kksr-stars-active\" style=\"width: 0px;\">\n            <div class=\"kksr-star\" style=\"padding-right: 5px\">\n            \n\n<div class=\"kksr-icon\" style=\"width: 24px; height: 24px;\"><\/div>\n        <\/div>\n            <div class=\"kksr-star\" style=\"padding-right: 5px\">\n            \n\n<div class=\"kksr-icon\" style=\"width: 24px; height: 24px;\"><\/div>\n        <\/div>\n            <div class=\"kksr-star\" style=\"padding-right: 5px\">\n            \n\n<div class=\"kksr-icon\" style=\"width: 24px; height: 24px;\"><\/div>\n        <\/div>\n            <div class=\"kksr-star\" style=\"padding-right: 5px\">\n            \n\n<div class=\"kksr-icon\" style=\"width: 24px; height: 24px;\"><\/div>\n        <\/div>\n            <div class=\"kksr-star\" style=\"padding-right: 5px\">\n            \n\n<div class=\"kksr-icon\" style=\"width: 24px; height: 24px;\"><\/div>\n        <\/div>\n    <\/div>\n<\/div>\n                \n\n<div class=\"kksr-legend\" style=\"font-size: 19.2px;\">\n            <span class=\"kksr-muted\">Eval\u00faa este art\u00edculo<\/span>\n    <\/div>\n    <\/div>\n<p><span style=\"vertical-align: inherit;\"><span style=\"vertical-align: inherit;\"><span style=\"vertical-align: inherit;\"><span style=\"vertical-align: inherit;\">A mesura que les persones envellim, els factors gen\u00e8tics, l&#8217;efecte de la gravetat, l&#8217;exposici\u00f3 solar, l&#8217;estr\u00e8s diari&#8230; produeixen determinats signes d&#8217;envelliment a la cara, agreujat per mals h\u00e0bits com el tabac i l&#8217;alcohol.<\/span><\/span><\/span><\/span><\/p>\n<p><span style=\"vertical-align: inherit;\"><span style=\"vertical-align: inherit;\"><span style=\"vertical-align: inherit;\"><span style=\"vertical-align: inherit;\">Els plecs entre la boca i el nas s&#8217;accentuen, el perfil mandibular perd definici\u00f3 i el coll augmenta la seva flacciditat. <\/span><\/span><\/span><span style=\"vertical-align: inherit;\"><span style=\"vertical-align: inherit;\"><span style=\"vertical-align: inherit;\">El Lifting Facial com a intervenci\u00f3 es pot realitzar a\u00eflladament o, en combinaci\u00f3 amb altres cirurgies de la cara com a rinopl\u00e0stia o blefaropl\u00e0stia.<\/span><\/span><\/span><\/span><\/p>\n<h2><b><span style=\"vertical-align: inherit;\"><span style=\"vertical-align: inherit;\"><span style=\"vertical-align: inherit;\"><span style=\"vertical-align: inherit;\">Qui \u00e9s el candidat ideal per sotmetre un Lifting de Coll o Cervical?<\/span><\/span><\/span><\/span><\/b><\/h2>\n<p><span style=\"vertical-align: inherit;\"><span style=\"vertical-align: inherit;\"><span style=\"vertical-align: inherit;\"><span style=\"vertical-align: inherit;\">Els millors candidats s\u00f3n aquells homes i dones en qu\u00e8 la pell ha comen\u00e7at a despenjar, per\u00f2 continua mantenint un bon grau d&#8217;elasticitat. <\/span><\/span><\/span><span style=\"vertical-align: inherit;\"><span style=\"vertical-align: inherit;\"><span style=\"vertical-align: inherit;\">Un Lifting de Coll o Cervical aconseguir\u00e0 aportar un millor aspecte i una aparen\u00e7a m\u00e9s jove.<\/span><\/span><\/span><\/span><\/p>\n<p><span style=\"vertical-align: inherit;\"><span style=\"vertical-align: inherit;\"><span style=\"vertical-align: inherit;\"><span style=\"vertical-align: inherit;\">L&#8217;edat sol estar entre els cinquanta i els setanta anys per\u00f2 tamb\u00e9 es realitzen l\u00edftings en persones m\u00e9s grans de setanta anys amb excel\u00b7lents resultats.<\/span><\/span><\/span><\/span><\/p>\n<h2><b><span style=\"vertical-align: inherit;\"><span style=\"vertical-align: inherit;\"><span style=\"vertical-align: inherit;\"><span style=\"vertical-align: inherit;\">Podr\u00e9 veure alguna simulaci\u00f3 en 3D abans d&#8217;operar-me de Lifting Cervical?<\/span><\/span><\/span><\/span><\/b><\/h2>\n<p><span style=\"vertical-align: inherit;\"><span style=\"vertical-align: inherit;\"><span style=\"vertical-align: inherit;\"><span style=\"vertical-align: inherit;\">Als nostres centres <\/span><\/span><\/span><\/span><b><span style=\"vertical-align: inherit;\"><span style=\"vertical-align: inherit;\"><span style=\"vertical-align: inherit;\"><span style=\"vertical-align: inherit;\">C\u00e0nons Clinics, especialitzats en Cirurgia i <\/span><\/span><\/span><\/span><\/b> <b><span style=\"vertical-align: inherit;\"><span style=\"vertical-align: inherit;\"><span style=\"vertical-align: inherit;\"><span style=\"vertical-align: inherit;\">Medicina Est\u00e8tica<\/span><\/span><\/span><\/span><\/b><span style=\"vertical-align: inherit;\"><span style=\"vertical-align: inherit;\"><span style=\"vertical-align: inherit;\"><span style=\"vertical-align: inherit;\"> oferim la possibilitat de mostrar mitjan\u00e7ant un nou programa 3D E-Stetix diverses simulacions en tres dimensions del Lifting Cervical per poder analitzar de forma personalitzada i, segons criteri m\u00e8dic tots els aspectes que vulguis millorar nom\u00e9s fent unes fotografies pr\u00e8vies, on podr\u00e0s fer-te una idea, sempre aproximada, de com quedar\u00e0s despr\u00e9s de la cirurgia ja que hi intervenen molts factors.<\/span><\/span><\/span><\/span><\/p>\n<h2><b><span style=\"vertical-align: inherit;\"><span style=\"vertical-align: inherit;\"><span style=\"vertical-align: inherit;\"><span style=\"vertical-align: inherit;\">En qu\u00e8 consisteix el Lifting Cervical?<\/span><\/span><\/span><\/span><\/b><\/h2>\n<p><span style=\"vertical-align: inherit;\"><span style=\"vertical-align: inherit;\"><span style=\"vertical-align: inherit;\"><span style=\"vertical-align: inherit;\">El Lifting de Coll o Cervical \u00e9s poc freq\u00fcent fer-ho de manera a\u00efllada. <\/span><\/span><\/span><span style=\"vertical-align: inherit;\"><span style=\"vertical-align: inherit;\"><span style=\"vertical-align: inherit;\">El m\u00e9s habitual \u00e9s associar-ho al Lifting del Ter\u00e7 Inferior Facial per aconseguir resultats m\u00e9s harm\u00f2nics.<\/span><\/span><\/span><\/span><\/p>\n<p><span style=\"vertical-align: inherit;\"><span style=\"vertical-align: inherit;\"><span style=\"vertical-align: inherit;\"><span style=\"vertical-align: inherit;\">El Lifting consisteix b\u00e0sicament a tensar les capes musculars i la pell, retirant el teixit sobrant. <\/span><\/span><\/span><span style=\"vertical-align: inherit;\"><span style=\"vertical-align: inherit;\"><span style=\"vertical-align: inherit;\">Un cop concl\u00f2s, les ferides es tanquen deixant temporalment uns petits drenatges sota la pell perqu\u00e8 no s&#8217;acumuli cap exsudat o sang. <\/span><\/span><\/span><span style=\"vertical-align: inherit;\"><span style=\"vertical-align: inherit;\"><span style=\"vertical-align: inherit;\">Finalment, es col\u00b7locar\u00e0 un embenat.<\/span><\/span><\/span><\/span><\/p>\n<p><span style=\"vertical-align: inherit;\"><span style=\"vertical-align: inherit;\"><span style=\"vertical-align: inherit;\"><span style=\"vertical-align: inherit;\">El Lifting ha de ser realitzat en una cl\u00ednica autoritzada ja que es realitza amb sedaci\u00f3 o anest\u00e8sia general depenent de cada cas en particular.<\/span><\/span><\/span><\/span><\/p>\n<p><span style=\"vertical-align: inherit;\"><span style=\"vertical-align: inherit;\"><span style=\"vertical-align: inherit;\"><span style=\"vertical-align: inherit;\">La vostra estada a la cl\u00ednica dependr\u00e0 del tipus d&#8217;anest\u00e8sia i de l&#8217;extensi\u00f3 del Lifting.<\/span><\/span><\/span><\/span><\/p>\n<h2><b><span style=\"vertical-align: inherit;\"><span style=\"vertical-align: inherit;\"><span style=\"vertical-align: inherit;\"><span style=\"vertical-align: inherit;\">Com ser\u00e0 la tornada a la normalitat?<\/span><\/span><\/span><\/span><\/b><\/h2>\n<p><span style=\"vertical-align: inherit;\"><span style=\"vertical-align: inherit;\"><span style=\"vertical-align: inherit;\"><span style=\"vertical-align: inherit;\">El postoperatori no sol ser dolor\u00f3s. <\/span><\/span><\/span><span style=\"vertical-align: inherit;\"><span style=\"vertical-align: inherit;\"><span style=\"vertical-align: inherit;\">Les mol\u00e8sties que normalment apareixen solen controlar b\u00e9 amb els analg\u00e8sics habituals. <\/span><\/span><\/span><span style=\"vertical-align: inherit;\"><span style=\"vertical-align: inherit;\"><span style=\"vertical-align: inherit;\">L&#8217;embenat i els drenatges normalment es retiren en 24 a 48 hores.<\/span><\/span><\/span><\/span><\/p>\n<p><span style=\"vertical-align: inherit;\"><span style=\"vertical-align: inherit;\"><span style=\"vertical-align: inherit;\"><span style=\"vertical-align: inherit;\">Els primers punts es retiren cap a la setmana i, els punts del cuir cabellut i\/o les grapes una mica m\u00e9s tard.<\/span><\/span><\/span><\/span><\/p>\n<p><span style=\"vertical-align: inherit;\"><span style=\"vertical-align: inherit;\"><span style=\"vertical-align: inherit;\"><span style=\"vertical-align: inherit;\">\u00c9s normal que es tingui una sensaci\u00f3 d&#8217;hiposensibilitat facial, aquesta sensaci\u00f3 \u00e9s transit\u00f2ria i desapareix en unes setmanes. <\/span><\/span><\/span><span style=\"vertical-align: inherit;\"><span style=\"vertical-align: inherit;\"><span style=\"vertical-align: inherit;\">Considera com a normal que el rostre estar\u00e0 inflamat i, amb hematomes, aquest aspecte nom\u00e9s durar\u00e0 entre 10 i 15 dies, aproximadament.<\/span><\/span><\/span><\/span><\/p>\n<p><span style=\"vertical-align: inherit;\"><span style=\"vertical-align: inherit;\"><span style=\"vertical-align: inherit;\"><span style=\"vertical-align: inherit;\">\u00c9s aconsellable que facis rep\u00f2s relatiu durant les dues primeres setmanes i que evitis els exercicis o activitats violentes durant almenys les dues setmanes seg\u00fcents a la cirurgia. <\/span><\/span><\/span><span style=\"vertical-align: inherit;\"><span style=\"vertical-align: inherit;\"><span style=\"vertical-align: inherit;\">La pell de la cara necessitar\u00e0 cures espec\u00edfiques i no l&#8217;haur\u00e0s d&#8217;exposar al sol oa raigs UVA durant almenys tres mesos.<\/span><\/span><\/span><\/span><\/p>\n<p><span style=\"vertical-align: inherit;\"><span style=\"vertical-align: inherit;\"><span style=\"vertical-align: inherit;\"><span style=\"vertical-align: inherit;\">Al principi, et pots sentir preocupat\/da per l&#8217;aspecte de la cara, pensa que la majoria de les persones tornen a una vida normal, incloent-hi la feina, a partir de les dues setmanes depenent de cada cas. <\/span><\/span><\/span><span style=\"vertical-align: inherit;\"><span style=\"vertical-align: inherit;\"><span style=\"vertical-align: inherit;\">A partir de la tercera setmana, el teu aspecte ser\u00e0 molt millor. <\/span><\/span><\/span><span style=\"vertical-align: inherit;\"><span style=\"vertical-align: inherit;\"><span style=\"vertical-align: inherit;\">Si heu de tornar a treballar, podeu aplicar maquillatge per amagar els possibles morats que puguin persistir.<\/span><\/span><\/span><\/span><\/p>\n<p><span style=\"vertical-align: inherit;\"><span style=\"vertical-align: inherit;\"><span style=\"vertical-align: inherit;\"><span style=\"vertical-align: inherit;\">En aquest per\u00edode la inflamaci\u00f3 es normalitza i desapareixen els hematomes. <\/span><\/span><\/span><span style=\"vertical-align: inherit;\"><span style=\"vertical-align: inherit;\"><span style=\"vertical-align: inherit;\">Les cicatrius triguen algunes setmanes m\u00e9s a dissimular, per\u00f2 finalment es fan pr\u00e0cticament imperceptibles.<\/span><\/span><\/span><\/span><\/p>\n<p><span style=\"vertical-align: inherit;\"><span style=\"vertical-align: inherit;\"><span style=\"vertical-align: inherit;\"><span style=\"vertical-align: inherit;\">Les perspectives del l\u00edfting s\u00f3n bones especialment si ets conscient que els resultats no s&#8217;aprecien de manera immediata.<\/span><\/span><\/span><\/span><\/p>\n<h2><b><span style=\"vertical-align: inherit;\"><span style=\"vertical-align: inherit;\"><span style=\"vertical-align: inherit;\"><span style=\"vertical-align: inherit;\">Com em planifico el Lifting Cervical?<\/span><\/span><\/span><\/span><\/b><\/h2>\n<p><span style=\"vertical-align: inherit;\"><span style=\"vertical-align: inherit;\"><span style=\"vertical-align: inherit;\"><span style=\"vertical-align: inherit;\">El cirurgi\u00e0 t&#8217;explicar\u00e0 quina t\u00e8cnica utilitzar\u00e0 en el teu cas en particular, aix\u00ed com l&#8217;anest\u00e8sia m\u00e9s aconsellable.<\/span><\/span><\/span><\/span><\/p>\n<p><span style=\"vertical-align: inherit;\"><span style=\"vertical-align: inherit;\"><span style=\"vertical-align: inherit;\"><span style=\"vertical-align: inherit;\">No deixis de preguntar al teu cirurgi\u00e0 pl\u00e0stic qualsevol dubte que tinguis sobre la cirurgia, tamb\u00e9 has de pensar detingudament a les teves expectatives i transmetre-les al teu cirurgi\u00e0.<\/span><\/span><\/span><\/span><\/p>\n<p><span style=\"vertical-align: inherit;\"><span style=\"vertical-align: inherit;\"><span style=\"vertical-align: inherit;\"><span style=\"vertical-align: inherit;\">El doctor us indicar\u00e0 quins passos heu de seguir per preparar la intervenci\u00f3. <\/span><\/span><\/span><span style=\"vertical-align: inherit;\"><span style=\"vertical-align: inherit;\"><span style=\"vertical-align: inherit;\">Tamb\u00e9 comprovar\u00e0 tots aquells aspectes m\u00e8dics que puguin causar problemes despr\u00e9s de la intervenci\u00f3, com a tensi\u00f3 alta no controlada, problemes de coagulaci\u00f3, etc. <\/span><\/span><\/span><span style=\"vertical-align: inherit;\"><span style=\"vertical-align: inherit;\"><span style=\"vertical-align: inherit;\">Comenta-li si est\u00e0s prenent algun tipus de medicaci\u00f3, especialment aspirines o qualsevol medicament que pugui afectar la coagulaci\u00f3 de la sang.<\/span><\/span><\/span><\/span><\/p>\n<p><span style=\"vertical-align: inherit;\"><span style=\"vertical-align: inherit;\"><span style=\"vertical-align: inherit;\"><span style=\"vertical-align: inherit;\">Haur\u00e0s de seguir acuradament les pautes que et faciliti el cirurgi\u00e0 pl\u00e0stic, cosa que t&#8217;ajudar\u00e0 en gran mesura que la cirurgia es desenvolupi millor. <\/span><\/span><\/span><span style=\"vertical-align: inherit;\"><span style=\"vertical-align: inherit;\"><span style=\"vertical-align: inherit;\">Si ets fumador\/a \u00e9s fonamental que almenys quatre setmanes abans i, despr\u00e9s de la intervenci\u00f3, deixis de fumar. <\/span><\/span><\/span><span style=\"vertical-align: inherit;\"><span style=\"vertical-align: inherit;\"><span style=\"vertical-align: inherit;\">El tabac dificulta que la sang flueixi cap a la pell i pot interferir en la recuperaci\u00f3 de les cicatrius.<\/span><\/span><\/span><\/span><\/p>\n<p><span style=\"vertical-align: inherit;\"><span style=\"vertical-align: inherit;\"><span style=\"vertical-align: inherit;\"><span style=\"vertical-align: inherit;\">Si tens els cabells curts \u00e9s recomanable que els deixis cr\u00e9ixer abans de la intervenci\u00f3, ja que els cabells llargs ajuda a amagar les cicatrius de la cirurgia.<\/span><\/span><\/span><\/span><\/p>\n<p><span style=\"vertical-align: inherit;\"><span style=\"vertical-align: inherit;\">Cuando el lifting se haya realizado recuerda que tanto si has sido ingresada o, ha sido una cirug\u00eda ambulatoria tendr\u00e1s que contar con ayuda tanto para que lleve a casa como para ayudarte en casa durante los primeros d\u00edas.<\/span><\/span><\/p>\n<h2><b><span style=\"vertical-align: inherit;\"><span style=\"vertical-align: inherit;\">\u00bfQu\u00e9 precauciones tendr\u00e9 que tomar?<\/span><\/span><\/b><\/h2>\n<p>Amb l&#8217;objectiu de limitar el risc de sagnat i hematomes haur\u00e0s d&#8217;evitar prendre en els 7 dies previs al procediment antiagregants plaquetaris com Aspirina, Dipiridamol, Ticlopidina&#8230; com tamb\u00e9, en els 3 dies previs prendre antiinflamatoris no estero\u00efdals amb efecte antiagregant com ibuprof\u00e8, Diclofenac , Indometacina, Piroxicam, Naproxeno&#8230;<\/p>\n<!-- AddThis Advanced Settings generic via filter on the_content --><!-- AddThis Share Buttons generic via filter on the_content -->","protected":false},"excerpt":{"rendered":"<p>A mesura que les persones envellim, els factors gen\u00e8tics, l&#8217;efecte de la gravetat, l&#8217;exposici\u00f3 solar, l&#8217;estr\u00e8s diari&#8230; produeixen determinats signes d&#8217;envelliment a la cara, agreujat per mals h\u00e0bits com el tabac i l&#8217;alcohol. Els plecs entre la boca i el nas s&#8217;accentuen, el perfil mandibular&#8230;<!-- AddThis Advanced Settings generic via filter on get_the_excerpt --><!-- AddThis Share Buttons generic via filter on get_the_excerpt --><\/p>\n","protected":false},"author":25,"featured_media":0,"comment_status":"closed","ping_status":"closed","sticky":false,"template":"","format":"standard","meta":{"footnotes":""},"categories":[79,750],"tags":[],"class_list":["post-21128","post","type-post","status-publish","format-standard","hentry","category-blog-del-dr-victor-hernandez-da-costa-ca","category-cirugia-plastica-y-estetica-facial-ca-2"],"yoast_head":"<!-- This site is optimized with the Yoast SEO Premium plugin v26.9 (Yoast SEO v27.4) - https:\/\/yoast.com\/product\/yoast-seo-premium-wordpress\/ -->\n<title>Lifting de Coll o Cervical - Cl\u00ednica C\u00e0nons | Cirurgia i Medicina Estetica a Barcelona, \u200b\u200bGranollers<\/title>\n<meta name=\"robots\" content=\"index, follow, max-snippet:-1, max-image-preview:large, max-video-preview:-1\" \/>\n<link rel=\"canonical\" href=\"https:\/\/www.canons.es\/lifting-de-coll-o-cervical\/\" \/>\n<meta property=\"og:locale\" content=\"ca_ES\" \/>\n<meta property=\"og:type\" content=\"article\" \/>\n<meta property=\"og:title\" content=\"Lifting de Coll o Cervical\" \/>\n<meta property=\"og:description\" content=\"A mesura que les persones envellim, els factors gen\u00e8tics, l&#8217;efecte de la gravetat, l&#8217;exposici\u00f3 solar, l&#8217;estr\u00e8s diari&#8230; produeixen determinats signes d&#8217;envelliment a la cara, agreujat per mals h\u00e0bits com el tabac i l&#8217;alcohol. Els plecs entre la boca i el nas s&#8217;accentuen, el perfil mandibular...\" \/>\n<meta property=\"og:url\" content=\"https:\/\/www.canons.es\/lifting-de-coll-o-cervical\/\" \/>\n<meta property=\"og:site_name\" content=\"Cl\u00ednica C\u00e0nons | Cirurgia i Medicina Estetica a Barcelona, \u200b\u200bGranollers\" \/>\n<meta property=\"article:publisher\" content=\"https:\/\/www.facebook.com\/canonsclinics\/\" \/>\n<meta property=\"article:published_time\" content=\"2013-02-02T17:05:09+00:00\" \/>\n<meta property=\"article:modified_time\" content=\"2024-04-14T08:21:53+00:00\" \/>\n<meta name=\"author\" content=\"administrador\" \/>\n<meta name=\"twitter:card\" content=\"summary_large_image\" \/>\n<meta name=\"twitter:creator\" content=\"@canonsclinics\" \/>\n<meta name=\"twitter:site\" content=\"@canonsclinics\" \/>\n<meta name=\"twitter:label1\" content=\"Escrit per\" \/>\n\t<meta name=\"twitter:data1\" content=\"administrador\" \/>\n\t<meta name=\"twitter:label2\" content=\"Temps estimat de lectura\" \/>\n\t<meta name=\"twitter:data2\" content=\"5 minuts\" \/>\n<script type=\"application\/ld+json\" class=\"yoast-schema-graph\">{\"@context\":\"https:\\\/\\\/schema.org\",\"@graph\":[{\"@type\":\"Article\",\"@id\":\"https:\\\/\\\/www.canons.es\\\/lifting-de-coll-o-cervical\\\/#article\",\"isPartOf\":{\"@id\":\"https:\\\/\\\/www.canons.es\\\/lifting-de-coll-o-cervical\\\/\"},\"author\":{\"name\":\"administrador\",\"@id\":\"https:\\\/\\\/www.canons.es\\\/#\\\/schema\\\/person\\\/947d7b84e9c15475d0452e32f9d72fb7\"},\"headline\":\"Lifting de Coll o Cervical\",\"datePublished\":\"2013-02-02T17:05:09+00:00\",\"dateModified\":\"2024-04-14T08:21:53+00:00\",\"mainEntityOfPage\":{\"@id\":\"https:\\\/\\\/www.canons.es\\\/lifting-de-coll-o-cervical\\\/\"},\"wordCount\":968,\"publisher\":{\"@id\":\"https:\\\/\\\/www.canons.es\\\/#organization\"},\"articleSection\":[\"Blog del Dr. V\u00edctor Hern\u00e0ndez Da Costa\",\"Cirurg\u00eda pl\u00e0stica i est\u00e8tica facial\"],\"inLanguage\":\"ca\"},{\"@type\":\"WebPage\",\"@id\":\"https:\\\/\\\/www.canons.es\\\/lifting-de-coll-o-cervical\\\/\",\"url\":\"https:\\\/\\\/www.canons.es\\\/lifting-de-coll-o-cervical\\\/\",\"name\":\"Lifting de Coll o Cervical - Cl\u00ednica C\u00e0nons | Cirurgia i Medicina Estetica a Barcelona, \u200b\u200bGranollers\",\"isPartOf\":{\"@id\":\"https:\\\/\\\/www.canons.es\\\/#website\"},\"datePublished\":\"2013-02-02T17:05:09+00:00\",\"dateModified\":\"2024-04-14T08:21:53+00:00\",\"breadcrumb\":{\"@id\":\"https:\\\/\\\/www.canons.es\\\/lifting-de-coll-o-cervical\\\/#breadcrumb\"},\"inLanguage\":\"ca\",\"potentialAction\":[{\"@type\":\"ReadAction\",\"target\":[\"https:\\\/\\\/www.canons.es\\\/lifting-de-coll-o-cervical\\\/\"]}]},{\"@type\":\"BreadcrumbList\",\"@id\":\"https:\\\/\\\/www.canons.es\\\/lifting-de-coll-o-cervical\\\/#breadcrumb\",\"itemListElement\":[{\"@type\":\"ListItem\",\"position\":1,\"name\":\"Portada\",\"item\":\"https:\\\/\\\/www.canons.es\\\/ca\\\/\"},{\"@type\":\"ListItem\",\"position\":2,\"name\":\"Lifting de Coll o Cervical\"}]},{\"@type\":\"WebSite\",\"@id\":\"https:\\\/\\\/www.canons.es\\\/#website\",\"url\":\"https:\\\/\\\/www.canons.es\\\/\",\"name\":\"Cirug\u00eda Pl\u00e1stica y Est\u00e9tica Barcelona y Granollers | C\u00e0nons Clinics\",\"description\":\"\",\"publisher\":{\"@id\":\"https:\\\/\\\/www.canons.es\\\/#organization\"},\"potentialAction\":[{\"@type\":\"SearchAction\",\"target\":{\"@type\":\"EntryPoint\",\"urlTemplate\":\"https:\\\/\\\/www.canons.es\\\/?s={search_term_string}\"},\"query-input\":{\"@type\":\"PropertyValueSpecification\",\"valueRequired\":true,\"valueName\":\"search_term_string\"}}],\"inLanguage\":\"ca\"},{\"@type\":\"Organization\",\"@id\":\"https:\\\/\\\/www.canons.es\\\/#organization\",\"name\":\"Cirug\u00eda Pl\u00e1stica y Est\u00e9tica Barcelona y Granollers | C\u00e0nons Clinics\",\"url\":\"https:\\\/\\\/www.canons.es\\\/\",\"logo\":{\"@type\":\"ImageObject\",\"inLanguage\":\"ca\",\"@id\":\"https:\\\/\\\/www.canons.es\\\/#\\\/schema\\\/logo\\\/image\\\/\",\"url\":\"https:\\\/\\\/www.canons.es\\\/wp-content\\\/uploads\\\/2025\\\/04\\\/logo-canons-clinics.jpg\",\"contentUrl\":\"https:\\\/\\\/www.canons.es\\\/wp-content\\\/uploads\\\/2025\\\/04\\\/logo-canons-clinics.jpg\",\"width\":600,\"height\":139,\"caption\":\"Cirug\u00eda Pl\u00e1stica y Est\u00e9tica Barcelona y Granollers | C\u00e0nons Clinics\"},\"image\":{\"@id\":\"https:\\\/\\\/www.canons.es\\\/#\\\/schema\\\/logo\\\/image\\\/\"},\"sameAs\":[\"https:\\\/\\\/www.facebook.com\\\/canonsclinics\\\/\",\"https:\\\/\\\/x.com\\\/canonsclinics\",\"https:\\\/\\\/www.instagram.com\\\/canonsclinics\\\/\",\"https:\\\/\\\/www.youtube.com\\\/channel\\\/UCI1Ia6LjALyo1CuQ0_HwtfQ\",\"https:\\\/\\\/www.linkedin.com\\\/company\\\/canons-clinics\\\/\"]},{\"@type\":\"Person\",\"@id\":\"https:\\\/\\\/www.canons.es\\\/#\\\/schema\\\/person\\\/947d7b84e9c15475d0452e32f9d72fb7\",\"name\":\"administrador\"}]}<\/script>\n<!-- \/ Yoast SEO Premium plugin. -->","yoast_head_json":{"title":"Lifting de Coll o Cervical - Cl\u00ednica C\u00e0nons | Cirurgia i Medicina Estetica a Barcelona, \u200b\u200bGranollers","robots":{"index":"index","follow":"follow","max-snippet":"max-snippet:-1","max-image-preview":"max-image-preview:large","max-video-preview":"max-video-preview:-1"},"canonical":"https:\/\/www.canons.es\/lifting-de-coll-o-cervical\/","og_locale":"ca_ES","og_type":"article","og_title":"Lifting de Coll o Cervical","og_description":"A mesura que les persones envellim, els factors gen\u00e8tics, l&#8217;efecte de la gravetat, l&#8217;exposici\u00f3 solar, l&#8217;estr\u00e8s diari&#8230; produeixen determinats signes d&#8217;envelliment a la cara, agreujat per mals h\u00e0bits com el tabac i l&#8217;alcohol. Els plecs entre la boca i el nas s&#8217;accentuen, el perfil mandibular...","og_url":"https:\/\/www.canons.es\/lifting-de-coll-o-cervical\/","og_site_name":"Cl\u00ednica C\u00e0nons | Cirurgia i Medicina Estetica a Barcelona, \u200b\u200bGranollers","article_publisher":"https:\/\/www.facebook.com\/canonsclinics\/","article_published_time":"2013-02-02T17:05:09+00:00","article_modified_time":"2024-04-14T08:21:53+00:00","author":"administrador","twitter_card":"summary_large_image","twitter_creator":"@canonsclinics","twitter_site":"@canonsclinics","twitter_misc":{"Escrit per":"administrador","Temps estimat de lectura":"5 minuts"},"schema":{"@context":"https:\/\/schema.org","@graph":[{"@type":"Article","@id":"https:\/\/www.canons.es\/lifting-de-coll-o-cervical\/#article","isPartOf":{"@id":"https:\/\/www.canons.es\/lifting-de-coll-o-cervical\/"},"author":{"name":"administrador","@id":"https:\/\/www.canons.es\/#\/schema\/person\/947d7b84e9c15475d0452e32f9d72fb7"},"headline":"Lifting de Coll o Cervical","datePublished":"2013-02-02T17:05:09+00:00","dateModified":"2024-04-14T08:21:53+00:00","mainEntityOfPage":{"@id":"https:\/\/www.canons.es\/lifting-de-coll-o-cervical\/"},"wordCount":968,"publisher":{"@id":"https:\/\/www.canons.es\/#organization"},"articleSection":["Blog del Dr. V\u00edctor Hern\u00e0ndez Da Costa","Cirurg\u00eda pl\u00e0stica i est\u00e8tica facial"],"inLanguage":"ca"},{"@type":"WebPage","@id":"https:\/\/www.canons.es\/lifting-de-coll-o-cervical\/","url":"https:\/\/www.canons.es\/lifting-de-coll-o-cervical\/","name":"Lifting de Coll o Cervical - Cl\u00ednica C\u00e0nons | Cirurgia i Medicina Estetica a Barcelona, \u200b\u200bGranollers","isPartOf":{"@id":"https:\/\/www.canons.es\/#website"},"datePublished":"2013-02-02T17:05:09+00:00","dateModified":"2024-04-14T08:21:53+00:00","breadcrumb":{"@id":"https:\/\/www.canons.es\/lifting-de-coll-o-cervical\/#breadcrumb"},"inLanguage":"ca","potentialAction":[{"@type":"ReadAction","target":["https:\/\/www.canons.es\/lifting-de-coll-o-cervical\/"]}]},{"@type":"BreadcrumbList","@id":"https:\/\/www.canons.es\/lifting-de-coll-o-cervical\/#breadcrumb","itemListElement":[{"@type":"ListItem","position":1,"name":"Portada","item":"https:\/\/www.canons.es\/ca\/"},{"@type":"ListItem","position":2,"name":"Lifting de Coll o Cervical"}]},{"@type":"WebSite","@id":"https:\/\/www.canons.es\/#website","url":"https:\/\/www.canons.es\/","name":"Cirug\u00eda Pl\u00e1stica y Est\u00e9tica Barcelona y Granollers | C\u00e0nons Clinics","description":"","publisher":{"@id":"https:\/\/www.canons.es\/#organization"},"potentialAction":[{"@type":"SearchAction","target":{"@type":"EntryPoint","urlTemplate":"https:\/\/www.canons.es\/?s={search_term_string}"},"query-input":{"@type":"PropertyValueSpecification","valueRequired":true,"valueName":"search_term_string"}}],"inLanguage":"ca"},{"@type":"Organization","@id":"https:\/\/www.canons.es\/#organization","name":"Cirug\u00eda Pl\u00e1stica y Est\u00e9tica Barcelona y Granollers | C\u00e0nons Clinics","url":"https:\/\/www.canons.es\/","logo":{"@type":"ImageObject","inLanguage":"ca","@id":"https:\/\/www.canons.es\/#\/schema\/logo\/image\/","url":"https:\/\/www.canons.es\/wp-content\/uploads\/2025\/04\/logo-canons-clinics.jpg","contentUrl":"https:\/\/www.canons.es\/wp-content\/uploads\/2025\/04\/logo-canons-clinics.jpg","width":600,"height":139,"caption":"Cirug\u00eda Pl\u00e1stica y Est\u00e9tica Barcelona y Granollers | C\u00e0nons Clinics"},"image":{"@id":"https:\/\/www.canons.es\/#\/schema\/logo\/image\/"},"sameAs":["https:\/\/www.facebook.com\/canonsclinics\/","https:\/\/x.com\/canonsclinics","https:\/\/www.instagram.com\/canonsclinics\/","https:\/\/www.youtube.com\/channel\/UCI1Ia6LjALyo1CuQ0_HwtfQ","https:\/\/www.linkedin.com\/company\/canons-clinics\/"]},{"@type":"Person","@id":"https:\/\/www.canons.es\/#\/schema\/person\/947d7b84e9c15475d0452e32f9d72fb7","name":"administrador"}]}},"_links":{"self":[{"href":"https:\/\/www.canons.es\/ca\/wp-json\/wp\/v2\/posts\/21128","targetHints":{"allow":["GET"]}}],"collection":[{"href":"https:\/\/www.canons.es\/ca\/wp-json\/wp\/v2\/posts"}],"about":[{"href":"https:\/\/www.canons.es\/ca\/wp-json\/wp\/v2\/types\/post"}],"author":[{"embeddable":true,"href":"https:\/\/www.canons.es\/ca\/wp-json\/wp\/v2\/users\/25"}],"replies":[{"embeddable":true,"href":"https:\/\/www.canons.es\/ca\/wp-json\/wp\/v2\/comments?post=21128"}],"version-history":[{"count":0,"href":"https:\/\/www.canons.es\/ca\/wp-json\/wp\/v2\/posts\/21128\/revisions"}],"wp:attachment":[{"href":"https:\/\/www.canons.es\/ca\/wp-json\/wp\/v2\/media?parent=21128"}],"wp:term":[{"taxonomy":"category","embeddable":true,"href":"https:\/\/www.canons.es\/ca\/wp-json\/wp\/v2\/categories?post=21128"},{"taxonomy":"post_tag","embeddable":true,"href":"https:\/\/www.canons.es\/ca\/wp-json\/wp\/v2\/tags?post=21128"}],"curies":[{"name":"wp","href":"https:\/\/api.w.org\/{rel}","templated":true}]}}