{"id":20864,"date":"2013-02-10T15:32:02","date_gmt":"2013-02-10T15:32:02","guid":{"rendered":"https:\/\/www.canons.es\/lipoescultura-corporal-assistida-amb-laser\/"},"modified":"2023-10-25T05:50:08","modified_gmt":"2023-10-25T05:50:08","slug":"lipoescultura-corporal-assistida-amb-laser","status":"publish","type":"post","link":"https:\/\/www.canons.es\/ca\/lipoescultura-corporal-assistida-amb-laser\/","title":{"rendered":"Lipoescultura Corporal assistida per L\u00e0ser (LAL)"},"content":{"rendered":"\n\n<div class=\"kk-star-ratings kksr-auto kksr-align-left kksr-valign-top\"\n    data-payload='{&quot;align&quot;:&quot;left&quot;,&quot;id&quot;:&quot;20864&quot;,&quot;slug&quot;:&quot;default&quot;,&quot;valign&quot;:&quot;top&quot;,&quot;ignore&quot;:&quot;&quot;,&quot;reference&quot;:&quot;auto&quot;,&quot;class&quot;:&quot;&quot;,&quot;count&quot;:&quot;0&quot;,&quot;legendonly&quot;:&quot;&quot;,&quot;readonly&quot;:&quot;&quot;,&quot;score&quot;:&quot;0&quot;,&quot;starsonly&quot;:&quot;&quot;,&quot;best&quot;:&quot;5&quot;,&quot;gap&quot;:&quot;5&quot;,&quot;greet&quot;:&quot;Eval\u00faa este art\u00edculo&quot;,&quot;legend&quot;:&quot;0\\\/5 - (0 votes)&quot;,&quot;size&quot;:&quot;24&quot;,&quot;title&quot;:&quot;Lipoescultura Corporal assistida per L\u00e0ser (LAL)&quot;,&quot;width&quot;:&quot;0&quot;,&quot;_legend&quot;:&quot;{score}\\\/{best} - ({count} {votes})&quot;,&quot;font_factor&quot;:&quot;1.25&quot;}'>\n            \n<div class=\"kksr-stars\">\n    \n<div class=\"kksr-stars-inactive\">\n            <div class=\"kksr-star\" data-star=\"1\" style=\"padding-right: 5px\">\n            \n\n<div class=\"kksr-icon\" style=\"width: 24px; height: 24px;\"><\/div>\n        <\/div>\n            <div class=\"kksr-star\" data-star=\"2\" style=\"padding-right: 5px\">\n            \n\n<div class=\"kksr-icon\" style=\"width: 24px; height: 24px;\"><\/div>\n        <\/div>\n            <div class=\"kksr-star\" data-star=\"3\" style=\"padding-right: 5px\">\n            \n\n<div class=\"kksr-icon\" style=\"width: 24px; height: 24px;\"><\/div>\n        <\/div>\n            <div class=\"kksr-star\" data-star=\"4\" style=\"padding-right: 5px\">\n            \n\n<div class=\"kksr-icon\" style=\"width: 24px; height: 24px;\"><\/div>\n        <\/div>\n            <div class=\"kksr-star\" data-star=\"5\" style=\"padding-right: 5px\">\n            \n\n<div class=\"kksr-icon\" style=\"width: 24px; height: 24px;\"><\/div>\n        <\/div>\n    <\/div>\n    \n<div class=\"kksr-stars-active\" style=\"width: 0px;\">\n            <div class=\"kksr-star\" style=\"padding-right: 5px\">\n            \n\n<div class=\"kksr-icon\" style=\"width: 24px; height: 24px;\"><\/div>\n        <\/div>\n            <div class=\"kksr-star\" style=\"padding-right: 5px\">\n            \n\n<div class=\"kksr-icon\" style=\"width: 24px; height: 24px;\"><\/div>\n        <\/div>\n            <div class=\"kksr-star\" style=\"padding-right: 5px\">\n            \n\n<div class=\"kksr-icon\" style=\"width: 24px; height: 24px;\"><\/div>\n        <\/div>\n            <div class=\"kksr-star\" style=\"padding-right: 5px\">\n            \n\n<div class=\"kksr-icon\" style=\"width: 24px; height: 24px;\"><\/div>\n        <\/div>\n            <div class=\"kksr-star\" style=\"padding-right: 5px\">\n            \n\n<div class=\"kksr-icon\" style=\"width: 24px; height: 24px;\"><\/div>\n        <\/div>\n    <\/div>\n<\/div>\n                \n\n<div class=\"kksr-legend\" style=\"font-size: 19.2px;\">\n            <span class=\"kksr-muted\">Eval\u00faa este art\u00edculo<\/span>\n    <\/div>\n    <\/div>\n<p><span style=\"vertical-align: inherit;\"><span style=\"vertical-align: inherit;\"><span style=\"vertical-align: inherit;\"><span style=\"vertical-align: inherit;\">La capa de greix subcutani que s&#8217;acumula a l&#8217;abdomen, flancs, esquena, bra\u00e7os, cuixes, genolls, turmells&#8230; contribueix a desdibuixar el contorn corporal a causa de la p\u00e8rdua d&#8217;elasticitat muscular fisiol\u00f2gica que es perd amb el pas dels anys degut sobretot als canvis hormonals lligats a l&#8217;edat aix\u00ed com a factors hereditaris, sobretot.<\/span><\/span><\/span><\/span><\/p>\n<p><span style=\"vertical-align: inherit;\"><span style=\"vertical-align: inherit;\"><span style=\"vertical-align: inherit;\"><span style=\"vertical-align: inherit;\">Aquesta p\u00e8rdua del contorn corporal \u00e9s f\u00e0cilment solucionable gr\u00e0cies a la nova t\u00e8cnica de liposucci\u00f3 assistida per l\u00e0ser, que reafirmar\u00e0 i eliminar\u00e0 els dip\u00f2sits de greix que no s&#8217;eliminen ni amb aparells corporals, ni amb massatges, ni amb dieta, ni exercici f\u00edsic. <\/span><span style=\"vertical-align: inherit;\">..<\/span><\/span><\/span><\/span><\/p>\n<p><span style=\"vertical-align: inherit;\"><span style=\"vertical-align: inherit;\"><span style=\"vertical-align: inherit;\"><span style=\"vertical-align: inherit;\">La Liposucci\u00f3 assistida per l\u00e0ser contribuir\u00e0 a remodelar les zones on s&#8217;hagi lipoaspirat obtenint una figura m\u00e9s contornejada i juvenil sense acumulaci\u00f3 de greix subcutani.<\/span><\/span><\/span><\/span><\/p>\n<h2><b><span style=\"vertical-align: inherit;\"><span style=\"vertical-align: inherit;\"><span style=\"vertical-align: inherit;\"><span style=\"vertical-align: inherit;\">Qui \u00e9s el candidat ideal per sotmetre&#8217;s a una Lipoescultura Corporal assistida amb L\u00e0ser?<\/span><\/span><\/span><\/span><\/b><\/h2>\n<p><span style=\"vertical-align: inherit;\"><span style=\"vertical-align: inherit;\"><span style=\"vertical-align: inherit;\"><span style=\"vertical-align: inherit;\">La lipoescultura assistida per l\u00e0ser \u00e9s la millor soluci\u00f3 per a persones joves i, de mitjana edat, tant per a homes com a dones, que tenen la pell el\u00e0stica i fina i que volen eliminar els dip\u00f2sits de greix que no responen ni amb exercici f\u00edsic, ni amb massatges , ni amb dietes&#8230; i, que es va acumulant amb el pas dels anys en abdomen, flancs, esquena, bra\u00e7os, cuixes, genolls, turmells&#8230;<\/span><\/span><\/span><\/span><\/p>\n<p><span style=\"vertical-align: inherit;\"><span style=\"vertical-align: inherit;\"><span style=\"vertical-align: inherit;\"><span style=\"vertical-align: inherit;\">La finalitat de sotmetre a una lipoescultura assistida per l\u00e0ser ser\u00e0 millorar i remodelar el contorn corporal aconseguint una silueta homog\u00e8nia i contornejada.<\/span><\/span><\/span><\/span><\/p>\n<h2><b><span style=\"vertical-align: inherit;\"><span style=\"vertical-align: inherit;\"><span style=\"vertical-align: inherit;\"><span style=\"vertical-align: inherit;\">Es pot fer en ambd\u00f3s sexes?<\/span><\/span><\/span><\/span><\/b><\/h2>\n<p><span style=\"vertical-align: inherit;\"><span style=\"vertical-align: inherit;\"><span style=\"vertical-align: inherit;\"><span style=\"vertical-align: inherit;\">La liposucci\u00f3 est\u00e0 indicada tant per a dones com per a homes, si b\u00e9 cal tenir en compte que l&#8217;acumulaci\u00f3 de greix en ambd\u00f3s sexes \u00e9s molt diferent, a causa de les diferents zones d&#8217;adher\u00e8ncia de greix i dels variats est\u00edmuls hormonals.<\/span><\/span><\/span><\/span><\/p>\n<p><span style=\"vertical-align: inherit;\"><span style=\"vertical-align: inherit;\"><span style=\"vertical-align: inherit;\"><span style=\"vertical-align: inherit;\">Els homes solen patir majors acumulacions de greix a les mames, ginecom\u00e0stia o, a la zona abdominal.<\/span><\/span><\/span><\/span><\/p>\n<p><span style=\"vertical-align: inherit;\"><span style=\"vertical-align: inherit;\"><span style=\"vertical-align: inherit;\"><span style=\"vertical-align: inherit;\">Les dones solen fer-ho als glutis, l&#8217;abdomen, les cuixes i les cames.<\/span><\/span><\/span><\/span><\/p>\n<p><span style=\"vertical-align: inherit;\"><span style=\"vertical-align: inherit;\"><span style=\"vertical-align: inherit;\"><span style=\"vertical-align: inherit;\">Cal destacar que aquesta t\u00e8cnica quir\u00fargica es pot realitzar a diverses zones alhora, incloent \u00e0rees com coll, bra\u00e7os, aixelles, esquena, turmells.<\/span><\/span><\/span><\/span><\/p>\n<h2><b><span style=\"vertical-align: inherit;\"><span style=\"vertical-align: inherit;\"><span style=\"vertical-align: inherit;\"><span style=\"vertical-align: inherit;\">En qu\u00e8 consisteix la Lipoescultura Corporal assistida amb L\u00e0ser?<\/span><\/span><\/span><\/span><\/b><\/h2>\n<p><span style=\"vertical-align: inherit;\"><span style=\"vertical-align: inherit;\"><span style=\"vertical-align: inherit;\"><span style=\"vertical-align: inherit;\">Es tracta d&#8217;una cirurgia molt senzilla, que us permetr\u00e0 reincorporar-vos al vostre ritme de vida habitual en 24-48 hores aproximadament.<\/span><\/span><\/span><\/span><\/p>\n<p><span style=\"vertical-align: inherit;\"><span style=\"vertical-align: inherit;\"><span style=\"vertical-align: inherit;\"><span style=\"vertical-align: inherit;\">La Lipoescultura Corporal assistida per l\u00e0ser \u00e9s el procediment quir\u00fargic m\u00e9s efica\u00e7 que permet una remodelaci\u00f3 corporal mitjan\u00e7ant l&#8217;extracci\u00f3 dels dip\u00f2sits de greix subcutani. <\/span><\/span><\/span><span style=\"vertical-align: inherit;\"><span style=\"vertical-align: inherit;\"><span style=\"vertical-align: inherit;\">Actualment, els dip\u00f2sits de greix subcutani nom\u00e9s es poden eliminar de forma definitiva per la lipoaspiraci\u00f3.<\/span><\/span><\/span><\/span><\/p>\n<p><span style=\"vertical-align: inherit;\"><span style=\"vertical-align: inherit;\"><span style=\"vertical-align: inherit;\"><span style=\"vertical-align: inherit;\">El principal avantatge d&#8217;aquesta nova t\u00e8cnica \u00e9s que s&#8217;aconsegueix una remodelaci\u00f3 corporal m\u00e9s precisa i, amb millors resultats que l&#8217;aconseguida amb la liposucci\u00f3 cl\u00e0ssica profunda.<\/span><\/span><\/span><\/span><\/p>\n<p><span style=\"vertical-align: inherit;\"><span style=\"vertical-align: inherit;\">Consiste en realizar una peque\u00f1a incisi\u00f3n justo en la zona o, multizonas a tratar de que se quieran remodelar, por donde se introduce simult\u00e1neamente una luz l\u00e1ser y, una c\u00e1nula fin\u00edsima de liposucci\u00f3n para aspirar el exceso de grasa.<\/span><\/span><\/p>\n<p><span style=\"vertical-align: inherit;\"><span style=\"vertical-align: inherit;\">Dado que la c\u00e1nula que se introduce es muy fina, las incisiones son m\u00ednimas, las cuales desaparecer\u00e1n tan pronto baje la inflamaci\u00f3n de la zona por lo que las cicatrices ser\u00e1n pr\u00e1cticamente imperceptibles al paso del tiempo.<\/span><\/span><\/p>\n<p><span style=\"vertical-align: inherit;\"><span style=\"vertical-align: inherit;\">La <\/span><\/span><b><span style=\"vertical-align: inherit;\"><span style=\"vertical-align: inherit;\">novedad<\/span><\/span><\/b><span style=\"vertical-align: inherit;\"><span style=\"vertical-align: inherit;\"> de esta t\u00e9cnica radica en la caracter\u00edstica de que en el momento en que se realiza la liposucci\u00f3n de la grasa corporal simult\u00e1neamente se est\u00e1 tratando la zona lipoaspirada con l\u00e1ser. <\/span><span style=\"vertical-align: inherit;\">El l\u00e1ser tiene la caracter\u00edstica de reprochar la epidermis, estimular el col\u00e1geno subcut\u00e1neo y, coagular los vasos sangu\u00edneos que sangran durante la liposucci\u00f3n.<\/span><\/span><\/p>\n<p><span style=\"vertical-align: inherit;\"><span style=\"vertical-align: inherit;\">La Liposucci\u00f3n asistida por l\u00e1ser se hace de forma ambulatoria con anestesia local o, sedaci\u00f3n. <\/span><span style=\"vertical-align: inherit;\">La duraci\u00f3n de la cirug\u00eda suele oscilar entre 1 y 2 horas; el tiempo es variable dependiendo del \u00e1rea o \u00e1reas a tratar.<\/span><\/span><\/p>\n<h2><b><span style=\"vertical-align: inherit;\"><span style=\"vertical-align: inherit;\">\u00bfEn qu\u00e9 se diferencia la Lipoescultura Corporal asistida con L\u00e1ser con la Liposucci\u00f3n Tradicional?<\/span><\/span><\/b><\/h2>\n<p><span style=\"vertical-align: inherit;\"><span style=\"vertical-align: inherit;\">La Lipoescultura asistida con L\u00e1ser extraemos la grasa superficial dejando un colgante fino y ligero que se reprocha, al mismo tiempo gracias al calor que desprende el L\u00e1ser estimula la s\u00edntesis de col\u00e1geno y elastina de las capas subcut\u00e1neas, creando as\u00ed nuevas curvas y vol\u00famenes enfatizando al m\u00e1ximo la propiedad de retracci\u00f3n de la piel, a la vez que coagula los vasos sangu\u00edneos de las zonas tratadas.<\/span><\/span><\/p>\n<p><span style=\"vertical-align: inherit;\"><span style=\"vertical-align: inherit;\">En cambio, la liposucci\u00f3n tradicional deja un colgante cut\u00e1neo adiposo demasiado grueso y pesado que puede descolgar la piel de la zona tratada.<\/span><\/span><\/p>\n<h2><b><span style=\"vertical-align: inherit;\"><span style=\"vertical-align: inherit;\">\u00bfC\u00f3mo ser\u00e1 la vuelta a la normalidad?<\/span><\/span><\/b><\/h2>\n<p><span style=\"vertical-align: inherit;\"><span style=\"vertical-align: inherit;\">Es frecuente que aparezcan peque\u00f1os hematomas e inflamaci\u00f3n en la zona lipoaspirada. <\/span><span style=\"vertical-align: inherit;\">Estos efectos postquir\u00fargicos no son molestos. <\/span><span style=\"vertical-align: inherit;\">El dolor es muy superficial y se podr\u00e1n tratar perfectamente con analg\u00e9sicos y antiinflamatorios.<\/span><\/span><\/p>\n<p><span style=\"vertical-align: inherit;\"><span style=\"vertical-align: inherit;\">Es importante que durante las primeras 24 horas hagas reposo relativo, te pongas fr\u00edo local y que sigas toda la pauta analg\u00e9sica y antiinflamatoria que te indicar\u00e1 tu cirujano pl\u00e1stico.<\/span><\/span><\/p>\n<p><span style=\"vertical-align: inherit;\"><span style=\"vertical-align: inherit;\">Al finalizar la intervenci\u00f3n se colocar\u00e1 una venda el\u00e1stica o, prenda de presoterapia sobre la zona lipoaspirada que deber\u00e1s llevar durante un mes, aproximadamente.<\/span><\/span><\/p>\n<p><span style=\"vertical-align: inherit;\"><span style=\"vertical-align: inherit;\">Adem\u00e1s, en C\u00e0nons Clinics, centros especializados en Cirug\u00eda y Medicina Est\u00e9tica complementamos la Liposucci\u00f3n asistida por l\u00e1ser con drenajes linf\u00e1ticos manuales y, masajes espec\u00edficos reafirmantes, anticelul\u00edticos&#8230; con el objetivo de acortar el per\u00edodo postquir\u00fargico y, volver bien pronto en la normalidad del d\u00eda a d\u00eda.<\/span><\/span><\/p>\n<h2><b><span style=\"vertical-align: inherit;\"><span style=\"vertical-align: inherit;\">\u00bfC\u00f3mo planificar la Lipoescultura Corporal asistida con L\u00e1ser?<\/span><\/span><\/b><\/h2>\n<p><span style=\"vertical-align: inherit;\"><span style=\"vertical-align: inherit;\">El doctor te dar\u00e1 instrucciones sobre c\u00f3mo prepararte para la cirug\u00eda, incluyendo las pautas a seguir sobre la toma o, supresi\u00f3n de medicamentos, vitaminas, suplementos de hierro, alimentos, l\u00edquidos y tabaco.<\/span><\/span><\/p>\n<p><span style=\"vertical-align: inherit;\"><span style=\"vertical-align: inherit;\">Aseg\u00farate, tambi\u00e9n de que alg\u00fan familiar o acompa\u00f1ante pueda acompa\u00f1arte cuando se te d\u00e9 el alta y que, en caso necesario, puedan ayudarte unos d\u00edas.<\/span><\/span><\/p>\n<h2><b><span style=\"vertical-align: inherit;\"><span style=\"vertical-align: inherit;\">\u00bfQu\u00e9 precauciones tendr\u00e9 que tomar?<\/span><\/span><\/b><\/h2>\n<p><span style=\"vertical-align: inherit;\"><span style=\"vertical-align: inherit;\">Con el objetivo de limitar el riesgo de sangrado y hematomas deber\u00e1s evitar tomar en los 7 d\u00edas previos al procedimiento antiagregantes plaquetarios como Aspirina, Dipiridamol, Ticlopidina&#8230; as\u00ed como en los 3 d\u00edas previos tomar antiinflamatorios no esteroideos con efecto antiagregante como ibuprofeno, Diclofenaco, Indometacina, Piroxicam, Naproxeno&#8230;<\/span><\/span><\/p>\n<!-- AddThis Advanced Settings generic via filter on the_content --><!-- AddThis Share Buttons generic via filter on the_content -->","protected":false},"excerpt":{"rendered":"<p>La capa de greix subcutani que s&#8217;acumula a l&#8217;abdomen, flancs, esquena, bra\u00e7os, cuixes, genolls, turmells&#8230; contribueix a desdibuixar el contorn corporal a causa de la p\u00e8rdua d&#8217;elasticitat muscular fisiol\u00f2gica que es perd amb el pas dels anys degut sobretot als canvis hormonals lligats a l&#8217;edat&#8230;<!-- AddThis Advanced Settings generic via filter on get_the_excerpt --><!-- AddThis Share Buttons generic via filter on get_the_excerpt --><\/p>\n","protected":false},"author":25,"featured_media":0,"comment_status":"closed","ping_status":"closed","sticky":false,"template":"","format":"standard","meta":{"footnotes":""},"categories":[79,566,578,892],"tags":[714,796,795],"class_list":["post-20864","post","type-post","status-publish","format-standard","hentry","category-blog-del-dr-victor-hernandez-da-costa-ca","category-blog-del-dr-victor-hernandez-da-costa-ca-3","category-cirugia-plastica-y-estetica-corporal","category-cirugia-plastica-y-estetica-corporal-ca","tag-contorno-corporal-2","tag-laser-2","tag-liposuccion-2"],"yoast_head":"<!-- This site is optimized with the Yoast SEO Premium plugin v26.9 (Yoast SEO v27.4) - https:\/\/yoast.com\/product\/yoast-seo-premium-wordpress\/ -->\n<title>Lipoescultura Corporal assistida per L\u00e0ser (LAL) - Cl\u00ednica C\u00e0nons | Cirurgia i Medicina Estetica a Barcelona, \u200b\u200bGranollers<\/title>\n<meta name=\"robots\" content=\"index, follow, max-snippet:-1, max-image-preview:large, max-video-preview:-1\" \/>\n<link rel=\"canonical\" href=\"https:\/\/www.canons.es\/lipoescultura-corporal-assistida-amb-laser\/\" \/>\n<meta property=\"og:locale\" content=\"ca_ES\" \/>\n<meta property=\"og:type\" content=\"article\" \/>\n<meta property=\"og:title\" content=\"Lipoescultura Corporal assistida per L\u00e0ser (LAL)\" \/>\n<meta property=\"og:description\" content=\"La capa de greix subcutani que s&#8217;acumula a l&#8217;abdomen, flancs, esquena, bra\u00e7os, cuixes, genolls, turmells&#8230; contribueix a desdibuixar el contorn corporal a causa de la p\u00e8rdua d&#8217;elasticitat muscular fisiol\u00f2gica que es perd amb el pas dels anys degut sobretot als canvis hormonals lligats a l&#8217;edat...\" \/>\n<meta property=\"og:url\" content=\"https:\/\/www.canons.es\/lipoescultura-corporal-assistida-amb-laser\/\" \/>\n<meta property=\"og:site_name\" content=\"Cl\u00ednica C\u00e0nons | Cirurgia i Medicina Estetica a Barcelona, \u200b\u200bGranollers\" \/>\n<meta property=\"article:publisher\" content=\"https:\/\/www.facebook.com\/canonsclinics\/\" \/>\n<meta property=\"article:published_time\" content=\"2013-02-10T15:32:02+00:00\" \/>\n<meta property=\"article:modified_time\" content=\"2023-10-25T05:50:08+00:00\" \/>\n<meta name=\"author\" content=\"administrador\" \/>\n<meta name=\"twitter:card\" content=\"summary_large_image\" \/>\n<meta name=\"twitter:creator\" content=\"@canonsclinics\" \/>\n<meta name=\"twitter:site\" content=\"@canonsclinics\" \/>\n<meta name=\"twitter:label1\" content=\"Escrit per\" \/>\n\t<meta name=\"twitter:data1\" content=\"administrador\" \/>\n\t<meta name=\"twitter:label2\" content=\"Temps estimat de lectura\" \/>\n\t<meta name=\"twitter:data2\" content=\"5 minuts\" \/>\n<script type=\"application\/ld+json\" class=\"yoast-schema-graph\">{\"@context\":\"https:\\\/\\\/schema.org\",\"@graph\":[{\"@type\":\"Article\",\"@id\":\"https:\\\/\\\/www.canons.es\\\/lipoescultura-corporal-assistida-amb-laser\\\/#article\",\"isPartOf\":{\"@id\":\"https:\\\/\\\/www.canons.es\\\/lipoescultura-corporal-assistida-amb-laser\\\/\"},\"author\":{\"name\":\"administrador\",\"@id\":\"https:\\\/\\\/www.canons.es\\\/#\\\/schema\\\/person\\\/947d7b84e9c15475d0452e32f9d72fb7\"},\"headline\":\"Lipoescultura Corporal assistida per L\u00e0ser (LAL)\",\"datePublished\":\"2013-02-10T15:32:02+00:00\",\"dateModified\":\"2023-10-25T05:50:08+00:00\",\"mainEntityOfPage\":{\"@id\":\"https:\\\/\\\/www.canons.es\\\/lipoescultura-corporal-assistida-amb-laser\\\/\"},\"wordCount\":1068,\"publisher\":{\"@id\":\"https:\\\/\\\/www.canons.es\\\/#organization\"},\"keywords\":[\"contorno corporal\",\"laser\",\"liposuccion\"],\"articleSection\":[\"Blog del Dr. V\u00edctor Hern\u00e0ndez Da Costa\",\"Blog del Dr. V\u00edctor Hern\u00e1ndez Da Costa\",\"Cirug\u00eda pl\u00e1stica y est\u00e9tica corporal\",\"Cirug\u00eda pl\u00e1stica y est\u00e9tica corporal\"],\"inLanguage\":\"ca\"},{\"@type\":\"WebPage\",\"@id\":\"https:\\\/\\\/www.canons.es\\\/lipoescultura-corporal-assistida-amb-laser\\\/\",\"url\":\"https:\\\/\\\/www.canons.es\\\/lipoescultura-corporal-assistida-amb-laser\\\/\",\"name\":\"Lipoescultura Corporal assistida per L\u00e0ser (LAL) - Cl\u00ednica C\u00e0nons | Cirurgia i Medicina Estetica a Barcelona, \u200b\u200bGranollers\",\"isPartOf\":{\"@id\":\"https:\\\/\\\/www.canons.es\\\/#website\"},\"datePublished\":\"2013-02-10T15:32:02+00:00\",\"dateModified\":\"2023-10-25T05:50:08+00:00\",\"breadcrumb\":{\"@id\":\"https:\\\/\\\/www.canons.es\\\/lipoescultura-corporal-assistida-amb-laser\\\/#breadcrumb\"},\"inLanguage\":\"ca\",\"potentialAction\":[{\"@type\":\"ReadAction\",\"target\":[\"https:\\\/\\\/www.canons.es\\\/lipoescultura-corporal-assistida-amb-laser\\\/\"]}]},{\"@type\":\"BreadcrumbList\",\"@id\":\"https:\\\/\\\/www.canons.es\\\/lipoescultura-corporal-assistida-amb-laser\\\/#breadcrumb\",\"itemListElement\":[{\"@type\":\"ListItem\",\"position\":1,\"name\":\"Portada\",\"item\":\"https:\\\/\\\/www.canons.es\\\/ca\\\/\"},{\"@type\":\"ListItem\",\"position\":2,\"name\":\"Lipoescultura Corporal assistida per L\u00e0ser (LAL)\"}]},{\"@type\":\"WebSite\",\"@id\":\"https:\\\/\\\/www.canons.es\\\/#website\",\"url\":\"https:\\\/\\\/www.canons.es\\\/\",\"name\":\"Cirug\u00eda Pl\u00e1stica y Est\u00e9tica Barcelona y Granollers | C\u00e0nons Clinics\",\"description\":\"\",\"publisher\":{\"@id\":\"https:\\\/\\\/www.canons.es\\\/#organization\"},\"potentialAction\":[{\"@type\":\"SearchAction\",\"target\":{\"@type\":\"EntryPoint\",\"urlTemplate\":\"https:\\\/\\\/www.canons.es\\\/?s={search_term_string}\"},\"query-input\":{\"@type\":\"PropertyValueSpecification\",\"valueRequired\":true,\"valueName\":\"search_term_string\"}}],\"inLanguage\":\"ca\"},{\"@type\":\"Organization\",\"@id\":\"https:\\\/\\\/www.canons.es\\\/#organization\",\"name\":\"Cirug\u00eda Pl\u00e1stica y Est\u00e9tica Barcelona y Granollers | C\u00e0nons Clinics\",\"url\":\"https:\\\/\\\/www.canons.es\\\/\",\"logo\":{\"@type\":\"ImageObject\",\"inLanguage\":\"ca\",\"@id\":\"https:\\\/\\\/www.canons.es\\\/#\\\/schema\\\/logo\\\/image\\\/\",\"url\":\"https:\\\/\\\/www.canons.es\\\/wp-content\\\/uploads\\\/2025\\\/04\\\/logo-canons-clinics.jpg\",\"contentUrl\":\"https:\\\/\\\/www.canons.es\\\/wp-content\\\/uploads\\\/2025\\\/04\\\/logo-canons-clinics.jpg\",\"width\":600,\"height\":139,\"caption\":\"Cirug\u00eda Pl\u00e1stica y Est\u00e9tica Barcelona y Granollers | C\u00e0nons Clinics\"},\"image\":{\"@id\":\"https:\\\/\\\/www.canons.es\\\/#\\\/schema\\\/logo\\\/image\\\/\"},\"sameAs\":[\"https:\\\/\\\/www.facebook.com\\\/canonsclinics\\\/\",\"https:\\\/\\\/x.com\\\/canonsclinics\",\"https:\\\/\\\/www.instagram.com\\\/canonsclinics\\\/\",\"https:\\\/\\\/www.youtube.com\\\/channel\\\/UCI1Ia6LjALyo1CuQ0_HwtfQ\",\"https:\\\/\\\/www.linkedin.com\\\/company\\\/canons-clinics\\\/\"]},{\"@type\":\"Person\",\"@id\":\"https:\\\/\\\/www.canons.es\\\/#\\\/schema\\\/person\\\/947d7b84e9c15475d0452e32f9d72fb7\",\"name\":\"administrador\"}]}<\/script>\n<!-- \/ Yoast SEO Premium plugin. -->","yoast_head_json":{"title":"Lipoescultura Corporal assistida per L\u00e0ser (LAL) - Cl\u00ednica C\u00e0nons | Cirurgia i Medicina Estetica a Barcelona, \u200b\u200bGranollers","robots":{"index":"index","follow":"follow","max-snippet":"max-snippet:-1","max-image-preview":"max-image-preview:large","max-video-preview":"max-video-preview:-1"},"canonical":"https:\/\/www.canons.es\/lipoescultura-corporal-assistida-amb-laser\/","og_locale":"ca_ES","og_type":"article","og_title":"Lipoescultura Corporal assistida per L\u00e0ser (LAL)","og_description":"La capa de greix subcutani que s&#8217;acumula a l&#8217;abdomen, flancs, esquena, bra\u00e7os, cuixes, genolls, turmells&#8230; contribueix a desdibuixar el contorn corporal a causa de la p\u00e8rdua d&#8217;elasticitat muscular fisiol\u00f2gica que es perd amb el pas dels anys degut sobretot als canvis hormonals lligats a l&#8217;edat...","og_url":"https:\/\/www.canons.es\/lipoescultura-corporal-assistida-amb-laser\/","og_site_name":"Cl\u00ednica C\u00e0nons | Cirurgia i Medicina Estetica a Barcelona, \u200b\u200bGranollers","article_publisher":"https:\/\/www.facebook.com\/canonsclinics\/","article_published_time":"2013-02-10T15:32:02+00:00","article_modified_time":"2023-10-25T05:50:08+00:00","author":"administrador","twitter_card":"summary_large_image","twitter_creator":"@canonsclinics","twitter_site":"@canonsclinics","twitter_misc":{"Escrit per":"administrador","Temps estimat de lectura":"5 minuts"},"schema":{"@context":"https:\/\/schema.org","@graph":[{"@type":"Article","@id":"https:\/\/www.canons.es\/lipoescultura-corporal-assistida-amb-laser\/#article","isPartOf":{"@id":"https:\/\/www.canons.es\/lipoescultura-corporal-assistida-amb-laser\/"},"author":{"name":"administrador","@id":"https:\/\/www.canons.es\/#\/schema\/person\/947d7b84e9c15475d0452e32f9d72fb7"},"headline":"Lipoescultura Corporal assistida per L\u00e0ser (LAL)","datePublished":"2013-02-10T15:32:02+00:00","dateModified":"2023-10-25T05:50:08+00:00","mainEntityOfPage":{"@id":"https:\/\/www.canons.es\/lipoescultura-corporal-assistida-amb-laser\/"},"wordCount":1068,"publisher":{"@id":"https:\/\/www.canons.es\/#organization"},"keywords":["contorno corporal","laser","liposuccion"],"articleSection":["Blog del Dr. V\u00edctor Hern\u00e0ndez Da Costa","Blog del Dr. V\u00edctor Hern\u00e1ndez Da Costa","Cirug\u00eda pl\u00e1stica y est\u00e9tica corporal","Cirug\u00eda pl\u00e1stica y est\u00e9tica corporal"],"inLanguage":"ca"},{"@type":"WebPage","@id":"https:\/\/www.canons.es\/lipoescultura-corporal-assistida-amb-laser\/","url":"https:\/\/www.canons.es\/lipoescultura-corporal-assistida-amb-laser\/","name":"Lipoescultura Corporal assistida per L\u00e0ser (LAL) - Cl\u00ednica C\u00e0nons | Cirurgia i Medicina Estetica a Barcelona, \u200b\u200bGranollers","isPartOf":{"@id":"https:\/\/www.canons.es\/#website"},"datePublished":"2013-02-10T15:32:02+00:00","dateModified":"2023-10-25T05:50:08+00:00","breadcrumb":{"@id":"https:\/\/www.canons.es\/lipoescultura-corporal-assistida-amb-laser\/#breadcrumb"},"inLanguage":"ca","potentialAction":[{"@type":"ReadAction","target":["https:\/\/www.canons.es\/lipoescultura-corporal-assistida-amb-laser\/"]}]},{"@type":"BreadcrumbList","@id":"https:\/\/www.canons.es\/lipoescultura-corporal-assistida-amb-laser\/#breadcrumb","itemListElement":[{"@type":"ListItem","position":1,"name":"Portada","item":"https:\/\/www.canons.es\/ca\/"},{"@type":"ListItem","position":2,"name":"Lipoescultura Corporal assistida per L\u00e0ser (LAL)"}]},{"@type":"WebSite","@id":"https:\/\/www.canons.es\/#website","url":"https:\/\/www.canons.es\/","name":"Cirug\u00eda Pl\u00e1stica y Est\u00e9tica Barcelona y Granollers | C\u00e0nons Clinics","description":"","publisher":{"@id":"https:\/\/www.canons.es\/#organization"},"potentialAction":[{"@type":"SearchAction","target":{"@type":"EntryPoint","urlTemplate":"https:\/\/www.canons.es\/?s={search_term_string}"},"query-input":{"@type":"PropertyValueSpecification","valueRequired":true,"valueName":"search_term_string"}}],"inLanguage":"ca"},{"@type":"Organization","@id":"https:\/\/www.canons.es\/#organization","name":"Cirug\u00eda Pl\u00e1stica y Est\u00e9tica Barcelona y Granollers | C\u00e0nons Clinics","url":"https:\/\/www.canons.es\/","logo":{"@type":"ImageObject","inLanguage":"ca","@id":"https:\/\/www.canons.es\/#\/schema\/logo\/image\/","url":"https:\/\/www.canons.es\/wp-content\/uploads\/2025\/04\/logo-canons-clinics.jpg","contentUrl":"https:\/\/www.canons.es\/wp-content\/uploads\/2025\/04\/logo-canons-clinics.jpg","width":600,"height":139,"caption":"Cirug\u00eda Pl\u00e1stica y Est\u00e9tica Barcelona y Granollers | C\u00e0nons Clinics"},"image":{"@id":"https:\/\/www.canons.es\/#\/schema\/logo\/image\/"},"sameAs":["https:\/\/www.facebook.com\/canonsclinics\/","https:\/\/x.com\/canonsclinics","https:\/\/www.instagram.com\/canonsclinics\/","https:\/\/www.youtube.com\/channel\/UCI1Ia6LjALyo1CuQ0_HwtfQ","https:\/\/www.linkedin.com\/company\/canons-clinics\/"]},{"@type":"Person","@id":"https:\/\/www.canons.es\/#\/schema\/person\/947d7b84e9c15475d0452e32f9d72fb7","name":"administrador"}]}},"_links":{"self":[{"href":"https:\/\/www.canons.es\/ca\/wp-json\/wp\/v2\/posts\/20864","targetHints":{"allow":["GET"]}}],"collection":[{"href":"https:\/\/www.canons.es\/ca\/wp-json\/wp\/v2\/posts"}],"about":[{"href":"https:\/\/www.canons.es\/ca\/wp-json\/wp\/v2\/types\/post"}],"author":[{"embeddable":true,"href":"https:\/\/www.canons.es\/ca\/wp-json\/wp\/v2\/users\/25"}],"replies":[{"embeddable":true,"href":"https:\/\/www.canons.es\/ca\/wp-json\/wp\/v2\/comments?post=20864"}],"version-history":[{"count":0,"href":"https:\/\/www.canons.es\/ca\/wp-json\/wp\/v2\/posts\/20864\/revisions"}],"wp:attachment":[{"href":"https:\/\/www.canons.es\/ca\/wp-json\/wp\/v2\/media?parent=20864"}],"wp:term":[{"taxonomy":"category","embeddable":true,"href":"https:\/\/www.canons.es\/ca\/wp-json\/wp\/v2\/categories?post=20864"},{"taxonomy":"post_tag","embeddable":true,"href":"https:\/\/www.canons.es\/ca\/wp-json\/wp\/v2\/tags?post=20864"}],"curies":[{"name":"wp","href":"https:\/\/api.w.org\/{rel}","templated":true}]}}