{"id":20797,"date":"2013-02-23T14:04:50","date_gmt":"2013-02-23T14:04:50","guid":{"rendered":"https:\/\/www.canons.es\/dr-victor-hernandez-machado-2\/"},"modified":"2023-10-01T18:16:31","modified_gmt":"2023-10-01T18:16:31","slug":"dr-victor-hernandez-machado-2","status":"publish","type":"post","link":"https:\/\/www.canons.es\/ca\/dr-victor-hernandez-machado-2\/","title":{"rendered":"Dr. V\u00edctor Hern\u00e0ndez Machado"},"content":{"rendered":"\n\n<div class=\"kk-star-ratings kksr-auto kksr-align-left kksr-valign-top\"\n    data-payload='{&quot;align&quot;:&quot;left&quot;,&quot;id&quot;:&quot;20797&quot;,&quot;slug&quot;:&quot;default&quot;,&quot;valign&quot;:&quot;top&quot;,&quot;ignore&quot;:&quot;&quot;,&quot;reference&quot;:&quot;auto&quot;,&quot;class&quot;:&quot;&quot;,&quot;count&quot;:&quot;0&quot;,&quot;legendonly&quot;:&quot;&quot;,&quot;readonly&quot;:&quot;&quot;,&quot;score&quot;:&quot;0&quot;,&quot;starsonly&quot;:&quot;&quot;,&quot;best&quot;:&quot;5&quot;,&quot;gap&quot;:&quot;5&quot;,&quot;greet&quot;:&quot;Eval\u00faa este art\u00edculo&quot;,&quot;legend&quot;:&quot;0\\\/5 - (0 votes)&quot;,&quot;size&quot;:&quot;24&quot;,&quot;title&quot;:&quot;Dr. V\u00edctor Hern\u00e0ndez Machado&quot;,&quot;width&quot;:&quot;0&quot;,&quot;_legend&quot;:&quot;{score}\\\/{best} - ({count} {votes})&quot;,&quot;font_factor&quot;:&quot;1.25&quot;}'>\n            \n<div class=\"kksr-stars\">\n    \n<div class=\"kksr-stars-inactive\">\n            <div class=\"kksr-star\" data-star=\"1\" style=\"padding-right: 5px\">\n            \n\n<div class=\"kksr-icon\" style=\"width: 24px; height: 24px;\"><\/div>\n        <\/div>\n            <div class=\"kksr-star\" data-star=\"2\" style=\"padding-right: 5px\">\n            \n\n<div class=\"kksr-icon\" style=\"width: 24px; height: 24px;\"><\/div>\n        <\/div>\n            <div class=\"kksr-star\" data-star=\"3\" style=\"padding-right: 5px\">\n            \n\n<div class=\"kksr-icon\" style=\"width: 24px; height: 24px;\"><\/div>\n        <\/div>\n            <div class=\"kksr-star\" data-star=\"4\" style=\"padding-right: 5px\">\n            \n\n<div class=\"kksr-icon\" style=\"width: 24px; height: 24px;\"><\/div>\n        <\/div>\n            <div class=\"kksr-star\" data-star=\"5\" style=\"padding-right: 5px\">\n            \n\n<div class=\"kksr-icon\" style=\"width: 24px; height: 24px;\"><\/div>\n        <\/div>\n    <\/div>\n    \n<div class=\"kksr-stars-active\" style=\"width: 0px;\">\n            <div class=\"kksr-star\" style=\"padding-right: 5px\">\n            \n\n<div class=\"kksr-icon\" style=\"width: 24px; height: 24px;\"><\/div>\n        <\/div>\n            <div class=\"kksr-star\" style=\"padding-right: 5px\">\n            \n\n<div class=\"kksr-icon\" style=\"width: 24px; height: 24px;\"><\/div>\n        <\/div>\n            <div class=\"kksr-star\" style=\"padding-right: 5px\">\n            \n\n<div class=\"kksr-icon\" style=\"width: 24px; height: 24px;\"><\/div>\n        <\/div>\n            <div class=\"kksr-star\" style=\"padding-right: 5px\">\n            \n\n<div class=\"kksr-icon\" style=\"width: 24px; height: 24px;\"><\/div>\n        <\/div>\n            <div class=\"kksr-star\" style=\"padding-right: 5px\">\n            \n\n<div class=\"kksr-icon\" style=\"width: 24px; height: 24px;\"><\/div>\n        <\/div>\n    <\/div>\n<\/div>\n                \n\n<div class=\"kksr-legend\" style=\"font-size: 19.2px;\">\n            <span class=\"kksr-muted\">Eval\u00faa este art\u00edculo<\/span>\n    <\/div>\n    <\/div>\n<p><strong>Inscrit al Col\u00b7legi Oficial de Metges de Barcelona amb n\u00fam. 30.493.<br \/>\nMetge Especialista en Cirurgia Pl\u00e0stica, Reparadora i Est\u00e8tica.<br \/>\n<\/strong><\/p>\n<h4><b>DADES ACAD\u00c8MIQUES<\/b><\/h4>\n<ul>\n<li>Estudis b\u00e0sics de batxillerat al Col\u00b7legi Sant Miquel, dels Missioners del Sagrat Cor de Jes\u00fas, de Barcelona. Tercer curs de batxillerat cursat a l\u2019institut americ\u00e0 de Stanley, Wisconsin (EUA). Any preuniversitari al Col\u00b7legi Abat Oliva de Barcelona.<\/li>\n<li>Llicenciat en Medicina per la Universitat de Barcelona el 1994, portada a terme a la Facultat de Medicina de l\u2019Hospital Cl\u00ednic de Barcelona i part del rotatori a la Facultat de Medicina de Madison (Universitat de Wisconsin, USA).<\/li>\n<li>Obtenci\u00f3 de pla\u00e7a via MIR el 1996 per cursar l\u2019especialitat de medicina en Cirurgia Pl\u00e0stica i Reparadora a l\u2019Hospital Germans Trias i Pujol de Badalona.<\/li>\n<\/ul>\n<p><strong>Rotacions:<\/strong><\/p>\n<ul>\n<li>Unitat de cremats a Hospital Universitari Vall d\u2019Hebron (Barcelona)<\/li>\n<li>Unitat Docent de Cirurgia Est\u00e8tica Dr. T\u00e0pia a Cl\u00ednica Quir\u00f3n (Barcelona)<\/li>\n<li>Centre L\u00e0ser Cl\u00ednica Tres Torres Dr. Brualla (Barcelona)<\/li>\n<\/ul>\n<p><strong>Cursos de Doctorat 1996-1998:<\/strong><\/p>\n<ul>\n<li>Formaci\u00f3 continuada en cirurgia general i digestiva.<\/li>\n<li>Cirurgia pl\u00e0stica mam\u00e0ria.<\/li>\n<li>Cirurgia pl\u00e0stica i est\u00e8tica de la mama.<\/li>\n<li>Patologia traum\u00e0tica de la m\u00e0.<\/li>\n<li>Actualitzacions en medicina intensiva\/cures intensives.<\/li>\n<li>Comunicaci\u00f3 cient\u00edfica en medicina i cirurgia.<\/li>\n<li>Nutrici\u00f3 del malalt quir\u00fargic.<\/li>\n<li>Aven\u00e7os en cirurgia oculopl\u00e0stica i orbit\u00e0ria.<\/li>\n<li>Bio\u00e8tica cl\u00ednica.<\/li>\n<li>Anest\u00e8sia locoregional.<\/li>\n<li>Cirurgia pl\u00e0stica i reparadora en rinopl\u00e0sties i septopl\u00e0sties.<\/li>\n<li>Actualitzaci\u00f3 en el tractament del pacient cremat.<\/li>\n<\/ul>\n<ul>\n<li>XIII Curs de Microcirurgia Vascular i Nerviosa maig de 1997.<\/li>\n<li>VI Curs Internacional de C\u00e0ncer de Pell al cap i al coll octubre de 1997.<\/li>\n<li>III Curs de Cirurgia Est\u00e8tica en Cirurgia Pl\u00e0stica juny de 1998.<\/li>\n<li>XII Curs Internacional de Cirurgia Pl\u00e0stica i est\u00e8tica a la Cl\u00ednica Planas el&nbsp; juny de 2000.<\/li>\n<li><strong><b>Metge Especialista en Cirurgia Pl\u00e0stica, Reparadora i Est\u00e8tica<\/b> el juny de 2001.<\/strong><\/li>\n<li>Curs d\u2019entrenament sobre les aplicacions terap\u00e8utiques i l\u2019\u00fas de l\u2019equip l\u00e0ser de Candela GentleLASE per al tractament de la depilaci\u00f3 maig de 2001.<\/li>\n<li>I Curs de l\u00edfting facial: nova t\u00e8cnica de ritidopl\u00e0stia a l\u2019Institut Dexeus el juny de 2001.<\/li>\n<li>VI Jornades Internacionals en l\u00e0ser, llum intensa polsada i altres t\u00e8cniques dermocosm\u00e8tiques octubre 2003.<\/li>\n<li>XIV Curs Internacional de Cirurgia Pl\u00e0stica i est\u00e8tica a la Cl\u00ednica Planas el juny de 2004.<\/li>\n<\/ul>\n<h4>EXPERI\u00c8NCIA PROFESSIONAL<\/h4>\n<ul>\n<li>Col\u00b7laboraci\u00f3 al Servei de Cirurgia Pl\u00e0stica i Est\u00e8tica de l\u2019Hospital General de Catalunya amb el Dr. V. Gonz\u00e0lez-Mestre els anys 1999 i 2000.<\/li>\n<li>Membre del quadre facultatiu del Centre Dermaclinic de Barcelona durant els anys 2000 i 2001.<\/li>\n<li>Facultatiu Especialista Adjunt del Servei de Cirurgia Pl\u00e0stica de l\u2019Hospital Universitari Son Dureta de Palma de Mallorca des del 2001 al 2004.<\/li>\n<li>Membre facultatiu Especialista al Servei de Cirurgia Pl\u00e0stica de la Policl\u00ednica Miramar de Palma de Mallorca des del 2001 al 2003.<\/li>\n<li>Metge responsable de la Cirurgia Est\u00e8tica de Corporaci\u00f3n Dermoest\u00e9tica a Palma de Mallorca des del gener de 2004 fins e gener de 2005.<\/li>\n<li>Metge responsable del Servei de Cirurgia Pl\u00e0stica, Reparadora i Est\u00e8tica del Grup Policl\u00ednic des de gener de 2005, amb seu central a l\u2019Edifici Torreblanca de Sant Cugat del Vall\u00e8s; i centres a Cerdanyola, Rub\u00ed, Terrassa i Sabadell.<\/li>\n<li>Metge responsable de la Unitat d\u2019Est\u00e8tica Facial de la Cl\u00ednica Novovisi\u00f3n de Palma de Mallorca des de gener de 2005 fins gener de 2006.<\/li>\n<li>Metge responsable de la Unitat de Cirurgia Pl\u00e0stica, Reparadora i Est\u00e8tica del Centre Medicoquir\u00fargic CG3 des de 2005.<\/li>\n<li>Director M\u00e8dic de les&nbsp;cl\u00edniques especialitzades en cirurgia pl\u00e0stica i medicina est\u00e8tica a Barcelona i a Granollers, des de setembre de 2005.<\/li>\n<\/ul>\n<h4>COMUNICACIONS I PUBLICACIONS<\/h4>\n<ul>\n<li>XXXII Congr\u00e9s de la Societat Espanyola de Cirurgia Pl\u00e0stica, Reparadora i est\u00e8tica l\u2019abril de 1997.<\/li>\n<li>XVII Congr\u00e9s Nacional de la Societat Espanyola de Senologia i Patologia mam\u00e0ria l\u2019octubre de 1998.<\/li>\n<li>XXXIV Congr\u00e9s Nacional de la Societat Espanyola de Cirurgia Pl\u00e0stica, reparadora y est\u00e8tica l\u2019abril de 1999.<\/li>\n<li>I Simposium Internacional sobre dermocosm\u00e8tica el juny de 2000.<\/li>\n<li>Membre del Comit\u00e8 Organitzador del XXXVI Congr\u00e9s Nacional de la Societat Espanyola de Cirurgia Pl\u00e0stica, Reparadora i Est\u00e8tica a Palma de Mallorca l\u2019abril de 2001.<\/li>\n<\/ul>\n<h4>DOC\u00c8NCIA<\/h4>\n<ul>\n<li>Docent col\u00b7laborador amb la Facultat de Medicina de la U.A.B al Curs Monogr\u00e0fic de Doctorat: valoraci\u00f3 preoperat\u00f2ria, anest\u00e8sia, cirurgia i reanimaci\u00f3 en el pacient de risc elevat durant el juny de 1999.<\/li>\n<li>Docent col\u00b7laborador amb la Facultat de Medicina de la U.A.B en l\u2019assignatura Cirurgia Pl\u00e0stica, reconstructiva i est\u00e8tica de 6\u00e8 Curs de Medicina durant el curso acad\u00e8mic 1999-2000.<\/li>\n<li>Membre formador de l\u2019Institut Balear d\u2019Emerg\u00e8ncies SL en el Curs de Cremats impartit per a la CAEB el novembre de 2001.<\/li>\n<\/ul>\n<h4><b>ALTRES M\u00c8RITS<\/b><\/h4>\n<ul>\n<li>Certificat del Curs de llengua catalana de nivell C expedit per l\u2019Escola d\u2019Administraci\u00f3 P\u00fablica de Catalunya l\u2019agost de 2000.<\/li>\n<li>Membre Numerari de la Societat Espanyola de Cirurgia Pl\u00e0stica, Reparadora i Est\u00e8tica des de 2001.<\/li>\n<li>Membre Numerari de la Societat Espanyola de L\u00e0ser Medicoquir\u00fargic des de 2005.<\/li>\n<li>Membre Numerari de la Societat Internacional de Cirurgia Pl\u00e0stica Est\u00e8tica (ISAPS)<\/li>\n<\/ul>\n<!-- AddThis Advanced Settings generic via filter on the_content --><!-- AddThis Share Buttons generic via filter on the_content -->","protected":false},"excerpt":{"rendered":"<p>Inscrit al Col\u00b7legi Oficial de Metges de Barcelona amb n\u00fam. 30.493. Metge Especialista en Cirurgia Pl\u00e0stica, Reparadora i Est\u00e8tica. DADES ACAD\u00c8MIQUES Estudis b\u00e0sics de batxillerat al Col\u00b7legi Sant Miquel, dels Missioners del Sagrat Cor de Jes\u00fas, de Barcelona. Tercer curs de batxillerat cursat a l\u2019institut&#8230;<!-- AddThis Advanced Settings generic via filter on get_the_excerpt --><!-- AddThis Share Buttons generic via filter on get_the_excerpt --><\/p>\n","protected":false},"author":25,"featured_media":0,"comment_status":"closed","ping_status":"closed","sticky":false,"template":"","format":"standard","meta":{"footnotes":""},"categories":[1],"tags":[],"class_list":["post-20797","post","type-post","status-publish","format-standard","hentry","category-general"],"yoast_head":"<!-- This site is optimized with the Yoast SEO Premium plugin v26.9 (Yoast SEO v27.4) - https:\/\/yoast.com\/product\/yoast-seo-premium-wordpress\/ -->\n<title>Dr. V\u00edctor Hern\u00e0ndez Machado - Cl\u00ednica C\u00e0nons | Cirurgia i Medicina Estetica a Barcelona, \u200b\u200bGranollers<\/title>\n<meta name=\"robots\" content=\"index, follow, max-snippet:-1, max-image-preview:large, max-video-preview:-1\" \/>\n<link rel=\"canonical\" href=\"https:\/\/www.canons.es\/ca\/dr-victor-hernandez-machado-2\/\" \/>\n<meta property=\"og:locale\" content=\"ca_ES\" \/>\n<meta property=\"og:type\" content=\"article\" \/>\n<meta property=\"og:title\" content=\"Dr. V\u00edctor Hern\u00e0ndez Machado\" \/>\n<meta property=\"og:description\" content=\"Inscrit al Col\u00b7legi Oficial de Metges de Barcelona amb n\u00fam. 30.493. Metge Especialista en Cirurgia Pl\u00e0stica, Reparadora i Est\u00e8tica. DADES ACAD\u00c8MIQUES Estudis b\u00e0sics de batxillerat al Col\u00b7legi Sant Miquel, dels Missioners del Sagrat Cor de Jes\u00fas, de Barcelona. Tercer curs de batxillerat cursat a l\u2019institut...\" \/>\n<meta property=\"og:url\" content=\"https:\/\/www.canons.es\/ca\/dr-victor-hernandez-machado-2\/\" \/>\n<meta property=\"og:site_name\" content=\"Cl\u00ednica C\u00e0nons | Cirurgia i Medicina Estetica a Barcelona, \u200b\u200bGranollers\" \/>\n<meta property=\"article:publisher\" content=\"https:\/\/www.facebook.com\/canonsclinics\/\" \/>\n<meta property=\"article:published_time\" content=\"2013-02-23T14:04:50+00:00\" \/>\n<meta property=\"article:modified_time\" content=\"2023-10-01T18:16:31+00:00\" \/>\n<meta name=\"author\" content=\"administrador\" \/>\n<meta name=\"twitter:card\" content=\"summary_large_image\" \/>\n<meta name=\"twitter:creator\" content=\"@canonsclinics\" \/>\n<meta name=\"twitter:site\" content=\"@canonsclinics\" \/>\n<meta name=\"twitter:label1\" content=\"Escrit per\" \/>\n\t<meta name=\"twitter:data1\" content=\"administrador\" \/>\n\t<meta name=\"twitter:label2\" content=\"Temps estimat de lectura\" \/>\n\t<meta name=\"twitter:data2\" content=\"4 minuts\" \/>\n<script type=\"application\/ld+json\" class=\"yoast-schema-graph\">{\"@context\":\"https:\\\/\\\/schema.org\",\"@graph\":[{\"@type\":\"Article\",\"@id\":\"https:\\\/\\\/www.canons.es\\\/ca\\\/dr-victor-hernandez-machado-2\\\/#article\",\"isPartOf\":{\"@id\":\"https:\\\/\\\/www.canons.es\\\/ca\\\/dr-victor-hernandez-machado-2\\\/\"},\"author\":{\"name\":\"administrador\",\"@id\":\"https:\\\/\\\/www.canons.es\\\/#\\\/schema\\\/person\\\/947d7b84e9c15475d0452e32f9d72fb7\"},\"headline\":\"Dr. V\u00edctor Hern\u00e0ndez Machado\",\"datePublished\":\"2013-02-23T14:04:50+00:00\",\"dateModified\":\"2023-10-01T18:16:31+00:00\",\"mainEntityOfPage\":{\"@id\":\"https:\\\/\\\/www.canons.es\\\/ca\\\/dr-victor-hernandez-machado-2\\\/\"},\"wordCount\":885,\"publisher\":{\"@id\":\"https:\\\/\\\/www.canons.es\\\/#organization\"},\"articleSection\":[\"General\"],\"inLanguage\":\"ca\"},{\"@type\":\"WebPage\",\"@id\":\"https:\\\/\\\/www.canons.es\\\/ca\\\/dr-victor-hernandez-machado-2\\\/\",\"url\":\"https:\\\/\\\/www.canons.es\\\/ca\\\/dr-victor-hernandez-machado-2\\\/\",\"name\":\"Dr. V\u00edctor Hern\u00e0ndez Machado - Cl\u00ednica C\u00e0nons | Cirurgia i Medicina Estetica a Barcelona, \u200b\u200bGranollers\",\"isPartOf\":{\"@id\":\"https:\\\/\\\/www.canons.es\\\/#website\"},\"datePublished\":\"2013-02-23T14:04:50+00:00\",\"dateModified\":\"2023-10-01T18:16:31+00:00\",\"breadcrumb\":{\"@id\":\"https:\\\/\\\/www.canons.es\\\/ca\\\/dr-victor-hernandez-machado-2\\\/#breadcrumb\"},\"inLanguage\":\"ca\",\"potentialAction\":[{\"@type\":\"ReadAction\",\"target\":[\"https:\\\/\\\/www.canons.es\\\/ca\\\/dr-victor-hernandez-machado-2\\\/\"]}]},{\"@type\":\"BreadcrumbList\",\"@id\":\"https:\\\/\\\/www.canons.es\\\/ca\\\/dr-victor-hernandez-machado-2\\\/#breadcrumb\",\"itemListElement\":[{\"@type\":\"ListItem\",\"position\":1,\"name\":\"Portada\",\"item\":\"https:\\\/\\\/www.canons.es\\\/ca\\\/\"},{\"@type\":\"ListItem\",\"position\":2,\"name\":\"Dr. V\u00edctor Hern\u00e0ndez Machado\"}]},{\"@type\":\"WebSite\",\"@id\":\"https:\\\/\\\/www.canons.es\\\/#website\",\"url\":\"https:\\\/\\\/www.canons.es\\\/\",\"name\":\"Cirug\u00eda Pl\u00e1stica y Est\u00e9tica Barcelona y Granollers | C\u00e0nons Clinics\",\"description\":\"\",\"publisher\":{\"@id\":\"https:\\\/\\\/www.canons.es\\\/#organization\"},\"potentialAction\":[{\"@type\":\"SearchAction\",\"target\":{\"@type\":\"EntryPoint\",\"urlTemplate\":\"https:\\\/\\\/www.canons.es\\\/?s={search_term_string}\"},\"query-input\":{\"@type\":\"PropertyValueSpecification\",\"valueRequired\":true,\"valueName\":\"search_term_string\"}}],\"inLanguage\":\"ca\"},{\"@type\":\"Organization\",\"@id\":\"https:\\\/\\\/www.canons.es\\\/#organization\",\"name\":\"Cirug\u00eda Pl\u00e1stica y Est\u00e9tica Barcelona y Granollers | C\u00e0nons Clinics\",\"url\":\"https:\\\/\\\/www.canons.es\\\/\",\"logo\":{\"@type\":\"ImageObject\",\"inLanguage\":\"ca\",\"@id\":\"https:\\\/\\\/www.canons.es\\\/#\\\/schema\\\/logo\\\/image\\\/\",\"url\":\"https:\\\/\\\/www.canons.es\\\/wp-content\\\/uploads\\\/2025\\\/04\\\/logo-canons-clinics.jpg\",\"contentUrl\":\"https:\\\/\\\/www.canons.es\\\/wp-content\\\/uploads\\\/2025\\\/04\\\/logo-canons-clinics.jpg\",\"width\":600,\"height\":139,\"caption\":\"Cirug\u00eda Pl\u00e1stica y Est\u00e9tica Barcelona y Granollers | C\u00e0nons Clinics\"},\"image\":{\"@id\":\"https:\\\/\\\/www.canons.es\\\/#\\\/schema\\\/logo\\\/image\\\/\"},\"sameAs\":[\"https:\\\/\\\/www.facebook.com\\\/canonsclinics\\\/\",\"https:\\\/\\\/x.com\\\/canonsclinics\",\"https:\\\/\\\/www.instagram.com\\\/canonsclinics\\\/\",\"https:\\\/\\\/www.youtube.com\\\/channel\\\/UCI1Ia6LjALyo1CuQ0_HwtfQ\",\"https:\\\/\\\/www.linkedin.com\\\/company\\\/canons-clinics\\\/\"]},{\"@type\":\"Person\",\"@id\":\"https:\\\/\\\/www.canons.es\\\/#\\\/schema\\\/person\\\/947d7b84e9c15475d0452e32f9d72fb7\",\"name\":\"administrador\"}]}<\/script>\n<!-- \/ Yoast SEO Premium plugin. -->","yoast_head_json":{"title":"Dr. V\u00edctor Hern\u00e0ndez Machado - Cl\u00ednica C\u00e0nons | Cirurgia i Medicina Estetica a Barcelona, \u200b\u200bGranollers","robots":{"index":"index","follow":"follow","max-snippet":"max-snippet:-1","max-image-preview":"max-image-preview:large","max-video-preview":"max-video-preview:-1"},"canonical":"https:\/\/www.canons.es\/ca\/dr-victor-hernandez-machado-2\/","og_locale":"ca_ES","og_type":"article","og_title":"Dr. V\u00edctor Hern\u00e0ndez Machado","og_description":"Inscrit al Col\u00b7legi Oficial de Metges de Barcelona amb n\u00fam. 30.493. Metge Especialista en Cirurgia Pl\u00e0stica, Reparadora i Est\u00e8tica. DADES ACAD\u00c8MIQUES Estudis b\u00e0sics de batxillerat al Col\u00b7legi Sant Miquel, dels Missioners del Sagrat Cor de Jes\u00fas, de Barcelona. Tercer curs de batxillerat cursat a l\u2019institut...","og_url":"https:\/\/www.canons.es\/ca\/dr-victor-hernandez-machado-2\/","og_site_name":"Cl\u00ednica C\u00e0nons | Cirurgia i Medicina Estetica a Barcelona, \u200b\u200bGranollers","article_publisher":"https:\/\/www.facebook.com\/canonsclinics\/","article_published_time":"2013-02-23T14:04:50+00:00","article_modified_time":"2023-10-01T18:16:31+00:00","author":"administrador","twitter_card":"summary_large_image","twitter_creator":"@canonsclinics","twitter_site":"@canonsclinics","twitter_misc":{"Escrit per":"administrador","Temps estimat de lectura":"4 minuts"},"schema":{"@context":"https:\/\/schema.org","@graph":[{"@type":"Article","@id":"https:\/\/www.canons.es\/ca\/dr-victor-hernandez-machado-2\/#article","isPartOf":{"@id":"https:\/\/www.canons.es\/ca\/dr-victor-hernandez-machado-2\/"},"author":{"name":"administrador","@id":"https:\/\/www.canons.es\/#\/schema\/person\/947d7b84e9c15475d0452e32f9d72fb7"},"headline":"Dr. V\u00edctor Hern\u00e0ndez Machado","datePublished":"2013-02-23T14:04:50+00:00","dateModified":"2023-10-01T18:16:31+00:00","mainEntityOfPage":{"@id":"https:\/\/www.canons.es\/ca\/dr-victor-hernandez-machado-2\/"},"wordCount":885,"publisher":{"@id":"https:\/\/www.canons.es\/#organization"},"articleSection":["General"],"inLanguage":"ca"},{"@type":"WebPage","@id":"https:\/\/www.canons.es\/ca\/dr-victor-hernandez-machado-2\/","url":"https:\/\/www.canons.es\/ca\/dr-victor-hernandez-machado-2\/","name":"Dr. V\u00edctor Hern\u00e0ndez Machado - Cl\u00ednica C\u00e0nons | Cirurgia i Medicina Estetica a Barcelona, \u200b\u200bGranollers","isPartOf":{"@id":"https:\/\/www.canons.es\/#website"},"datePublished":"2013-02-23T14:04:50+00:00","dateModified":"2023-10-01T18:16:31+00:00","breadcrumb":{"@id":"https:\/\/www.canons.es\/ca\/dr-victor-hernandez-machado-2\/#breadcrumb"},"inLanguage":"ca","potentialAction":[{"@type":"ReadAction","target":["https:\/\/www.canons.es\/ca\/dr-victor-hernandez-machado-2\/"]}]},{"@type":"BreadcrumbList","@id":"https:\/\/www.canons.es\/ca\/dr-victor-hernandez-machado-2\/#breadcrumb","itemListElement":[{"@type":"ListItem","position":1,"name":"Portada","item":"https:\/\/www.canons.es\/ca\/"},{"@type":"ListItem","position":2,"name":"Dr. V\u00edctor Hern\u00e0ndez Machado"}]},{"@type":"WebSite","@id":"https:\/\/www.canons.es\/#website","url":"https:\/\/www.canons.es\/","name":"Cirug\u00eda Pl\u00e1stica y Est\u00e9tica Barcelona y Granollers | C\u00e0nons Clinics","description":"","publisher":{"@id":"https:\/\/www.canons.es\/#organization"},"potentialAction":[{"@type":"SearchAction","target":{"@type":"EntryPoint","urlTemplate":"https:\/\/www.canons.es\/?s={search_term_string}"},"query-input":{"@type":"PropertyValueSpecification","valueRequired":true,"valueName":"search_term_string"}}],"inLanguage":"ca"},{"@type":"Organization","@id":"https:\/\/www.canons.es\/#organization","name":"Cirug\u00eda Pl\u00e1stica y Est\u00e9tica Barcelona y Granollers | C\u00e0nons Clinics","url":"https:\/\/www.canons.es\/","logo":{"@type":"ImageObject","inLanguage":"ca","@id":"https:\/\/www.canons.es\/#\/schema\/logo\/image\/","url":"https:\/\/www.canons.es\/wp-content\/uploads\/2025\/04\/logo-canons-clinics.jpg","contentUrl":"https:\/\/www.canons.es\/wp-content\/uploads\/2025\/04\/logo-canons-clinics.jpg","width":600,"height":139,"caption":"Cirug\u00eda Pl\u00e1stica y Est\u00e9tica Barcelona y Granollers | C\u00e0nons Clinics"},"image":{"@id":"https:\/\/www.canons.es\/#\/schema\/logo\/image\/"},"sameAs":["https:\/\/www.facebook.com\/canonsclinics\/","https:\/\/x.com\/canonsclinics","https:\/\/www.instagram.com\/canonsclinics\/","https:\/\/www.youtube.com\/channel\/UCI1Ia6LjALyo1CuQ0_HwtfQ","https:\/\/www.linkedin.com\/company\/canons-clinics\/"]},{"@type":"Person","@id":"https:\/\/www.canons.es\/#\/schema\/person\/947d7b84e9c15475d0452e32f9d72fb7","name":"administrador"}]}},"_links":{"self":[{"href":"https:\/\/www.canons.es\/ca\/wp-json\/wp\/v2\/posts\/20797","targetHints":{"allow":["GET"]}}],"collection":[{"href":"https:\/\/www.canons.es\/ca\/wp-json\/wp\/v2\/posts"}],"about":[{"href":"https:\/\/www.canons.es\/ca\/wp-json\/wp\/v2\/types\/post"}],"author":[{"embeddable":true,"href":"https:\/\/www.canons.es\/ca\/wp-json\/wp\/v2\/users\/25"}],"replies":[{"embeddable":true,"href":"https:\/\/www.canons.es\/ca\/wp-json\/wp\/v2\/comments?post=20797"}],"version-history":[{"count":0,"href":"https:\/\/www.canons.es\/ca\/wp-json\/wp\/v2\/posts\/20797\/revisions"}],"wp:attachment":[{"href":"https:\/\/www.canons.es\/ca\/wp-json\/wp\/v2\/media?parent=20797"}],"wp:term":[{"taxonomy":"category","embeddable":true,"href":"https:\/\/www.canons.es\/ca\/wp-json\/wp\/v2\/categories?post=20797"},{"taxonomy":"post_tag","embeddable":true,"href":"https:\/\/www.canons.es\/ca\/wp-json\/wp\/v2\/tags?post=20797"}],"curies":[{"name":"wp","href":"https:\/\/api.w.org\/{rel}","templated":true}]}}