{"id":20080,"date":"2022-03-15T09:35:19","date_gmt":"2022-03-15T09:35:19","guid":{"rendered":"https:\/\/www.canons.es\/?p=20080"},"modified":"2024-04-14T08:19:15","modified_gmt":"2024-04-14T08:19:15","slug":"alimentacio-i-cellulitis","status":"publish","type":"post","link":"https:\/\/www.canons.es\/ca\/alimentacio-i-cellulitis\/","title":{"rendered":"Alimentaci\u00f3 i cel\u00b7lulitis"},"content":{"rendered":"\n\n<div class=\"kk-star-ratings kksr-auto kksr-align-left kksr-valign-top\"\n    data-payload='{&quot;align&quot;:&quot;left&quot;,&quot;id&quot;:&quot;20080&quot;,&quot;slug&quot;:&quot;default&quot;,&quot;valign&quot;:&quot;top&quot;,&quot;ignore&quot;:&quot;&quot;,&quot;reference&quot;:&quot;auto&quot;,&quot;class&quot;:&quot;&quot;,&quot;count&quot;:&quot;0&quot;,&quot;legendonly&quot;:&quot;&quot;,&quot;readonly&quot;:&quot;&quot;,&quot;score&quot;:&quot;0&quot;,&quot;starsonly&quot;:&quot;&quot;,&quot;best&quot;:&quot;5&quot;,&quot;gap&quot;:&quot;5&quot;,&quot;greet&quot;:&quot;Eval\u00faa este art\u00edculo&quot;,&quot;legend&quot;:&quot;0\\\/5 - (0 votes)&quot;,&quot;size&quot;:&quot;24&quot;,&quot;title&quot;:&quot;Alimentaci\u00f3 i cel\u00b7lulitis&quot;,&quot;width&quot;:&quot;0&quot;,&quot;_legend&quot;:&quot;{score}\\\/{best} - ({count} {votes})&quot;,&quot;font_factor&quot;:&quot;1.25&quot;}'>\n            \n<div class=\"kksr-stars\">\n    \n<div class=\"kksr-stars-inactive\">\n            <div class=\"kksr-star\" data-star=\"1\" style=\"padding-right: 5px\">\n            \n\n<div class=\"kksr-icon\" style=\"width: 24px; height: 24px;\"><\/div>\n        <\/div>\n            <div class=\"kksr-star\" data-star=\"2\" style=\"padding-right: 5px\">\n            \n\n<div class=\"kksr-icon\" style=\"width: 24px; height: 24px;\"><\/div>\n        <\/div>\n            <div class=\"kksr-star\" data-star=\"3\" style=\"padding-right: 5px\">\n            \n\n<div class=\"kksr-icon\" style=\"width: 24px; height: 24px;\"><\/div>\n        <\/div>\n            <div class=\"kksr-star\" data-star=\"4\" style=\"padding-right: 5px\">\n            \n\n<div class=\"kksr-icon\" style=\"width: 24px; height: 24px;\"><\/div>\n        <\/div>\n            <div class=\"kksr-star\" data-star=\"5\" style=\"padding-right: 5px\">\n            \n\n<div class=\"kksr-icon\" style=\"width: 24px; height: 24px;\"><\/div>\n        <\/div>\n    <\/div>\n    \n<div class=\"kksr-stars-active\" style=\"width: 0px;\">\n            <div class=\"kksr-star\" style=\"padding-right: 5px\">\n            \n\n<div class=\"kksr-icon\" style=\"width: 24px; height: 24px;\"><\/div>\n        <\/div>\n            <div class=\"kksr-star\" style=\"padding-right: 5px\">\n            \n\n<div class=\"kksr-icon\" style=\"width: 24px; height: 24px;\"><\/div>\n        <\/div>\n            <div class=\"kksr-star\" style=\"padding-right: 5px\">\n            \n\n<div class=\"kksr-icon\" style=\"width: 24px; height: 24px;\"><\/div>\n        <\/div>\n            <div class=\"kksr-star\" style=\"padding-right: 5px\">\n            \n\n<div class=\"kksr-icon\" style=\"width: 24px; height: 24px;\"><\/div>\n        <\/div>\n            <div class=\"kksr-star\" style=\"padding-right: 5px\">\n            \n\n<div class=\"kksr-icon\" style=\"width: 24px; height: 24px;\"><\/div>\n        <\/div>\n    <\/div>\n<\/div>\n                \n\n<div class=\"kksr-legend\" style=\"font-size: 19.2px;\">\n            <span class=\"kksr-muted\">Eval\u00faa este art\u00edculo<\/span>\n    <\/div>\n    <\/div>\n\n<p>El 90% de les dones pateixen aquesta antiest\u00e8tica afecci\u00f3, per\u00f2 hi ha una bona arma per lluitar contra ella i es troba a la teva alimentaci\u00f3.<\/p>\n\n\n\n<p><strong><em>Hi ha una dieta per combatre la cel\u00b7lulitis?<\/em><\/strong><\/p>\n\n\n\n<p>B\u00e0sicament es tracta de seguir una alimentaci\u00f3 equilibrada i rica en fruita, verdura i prote\u00efnes d&#8217;alt valor biol\u00f2gic.<\/p>\n\n\n\n<p>A continuaci\u00f3 us donem uns tipus b\u00e0sics de nutrici\u00f3 que es poden complementar amb tractaments de <strong>Mesoter\u00e0pia corporal<\/strong> i <strong>Radiofreq\u00fc\u00e8ncia EndyMed+<\/strong>.<\/p>\n\n\n\n<div class=\"wp-block-image\"><figure class=\"aligncenter is-resized\"><img loading=\"lazy\" decoding=\"async\" src=\"https:\/\/www.canons.es\/wp-content\/uploads\/2022\/03\/Captura-de-pantalla-2022-03-16-a-les-8.33.19-1024x629.png\" alt=\"\" class=\"wp-image-20102\" width=\"527\" height=\"323\" srcset=\"https:\/\/www.canons.es\/wp-content\/uploads\/2022\/03\/Captura-de-pantalla-2022-03-16-a-les-8.33.19-1024x629.png 1024w, https:\/\/www.canons.es\/wp-content\/uploads\/2022\/03\/Captura-de-pantalla-2022-03-16-a-les-8.33.19-300x184.png 300w, https:\/\/www.canons.es\/wp-content\/uploads\/2022\/03\/Captura-de-pantalla-2022-03-16-a-les-8.33.19-768x472.png 768w, https:\/\/www.canons.es\/wp-content\/uploads\/2022\/03\/Captura-de-pantalla-2022-03-16-a-les-8.33.19-700x430.png 700w, https:\/\/www.canons.es\/wp-content\/uploads\/2022\/03\/Captura-de-pantalla-2022-03-16-a-les-8.33.19-600x369.png 600w, https:\/\/www.canons.es\/wp-content\/uploads\/2022\/03\/Captura-de-pantalla-2022-03-16-a-les-8.33.19.png 1452w\" sizes=\"auto, (max-width: 527px) 100vw, 527px\" \/><\/figure><\/div>\n\n\n\n<p>Podem canviar els <strong>hidrats de carboni simples<\/strong> pels <strong>complexos<\/strong> rics en fibra (civada, blat sarra\u00ed, espelta, blat integral, quinoa\u2026). Ja que els primers provoquen becs d&#8217;insulina, que alteren hormones i alliberen senyals a les c\u00e8l\u00b7lules perqu\u00e8 retinguin l\u00edquids i contribueixin a augmentar la cel\u00b7lulitis.<br><\/p>\n\n\n\n<p>Hem de prioritzar el consum de<strong> fruita i verdura rica en polifenols<\/strong>. Aquests milloren la funci\u00f3 endotelial i el flux sanguini. Tamb\u00e9 els polifenols del <strong>te<\/strong> ajuden a combatre la cel\u00b7lulitis.<\/p>\n\n\n\n<p>Sobretot consumir aliments rics en <strong>vitamina C<\/strong> que participa en la fabricaci\u00f3 de col\u00b7lagen i <strong>vitamina E<\/strong> amb funci\u00f3 antioxidant.<br><\/p>\n\n\n\n<p>Tamb\u00e9 els aliments <strong>proteics i rics en col\u00b7lagen<\/strong> juntament amb els polifenols contribueixen a millorar l&#8217;expressi\u00f3 d\u00e8rmica i donar elasticitat a la pell. Podem incorporar el col\u00b7lagen a partir de suplements diaris o prenent brou d&#8217;ossos de carn casolans.<\/p>\n\n\n\n<p>Augmentar el consum d&#8217;<strong>omega 3<\/strong> ja sigui en forma de peix blau, fruita seca o suplements. Els omega 3 tenen propietats antiinflamat\u00f2ries i immunomoduladores.<\/p>\n\n\n\n<p>Aix\u00ed mateix, evitar el <strong>sucre<\/strong> i la <strong>sal<\/strong>. La sal ret\u00e9 3 cops el seu pes en aigua i augmenta la retenci\u00f3 de l\u00edquids. Procureu evitar els aliments <strong>ultraprocessats<\/strong>, envasats (rics en aquests) i en cas d&#8217;afegir sal, preferiblement utilitzar sal de qualitat com la de l&#8217;Him\u00e0laia, en escates o sal iodada.<\/p>\n\n\n\n<p> Finalment i no menys important, ingerir <strong>aigua<\/strong> en abund\u00e0ncia i fer<strong>exercici f\u00edsic<\/strong> combinant <strong>exercicis de for\u00e7a i cardiovasculars<\/strong>.<br><\/p>\n\n\n\n<p>En <strong>conclusi\u00f3<\/strong>: per eliminar i reduir la cel\u00b7lulitis cal evitar el sobrep\u00e8s i fer exercici f\u00edsic regularment per mantenir una bona massa muscular.<\/p>\n\n\n\n<p><\/p>\n<!-- AddThis Advanced Settings generic via filter on the_content --><!-- AddThis Share Buttons generic via filter on the_content -->","protected":false},"excerpt":{"rendered":"<p>El 90% de les dones pateixen aquesta antiest\u00e8tica afecci\u00f3, per\u00f2 hi ha una bona arma per lluitar contra ella i es troba a la teva alimentaci\u00f3. Hi ha una dieta per combatre la cel\u00b7lulitis? B\u00e0sicament es tracta de seguir una alimentaci\u00f3 equilibrada i rica en&#8230;<!-- AddThis Advanced Settings generic via filter on get_the_excerpt --><!-- AddThis Share Buttons generic via filter on get_the_excerpt --><\/p>\n","protected":false},"author":25,"featured_media":20074,"comment_status":"closed","ping_status":"closed","sticky":false,"template":"","format":"standard","meta":{"footnotes":""},"categories":[875,180],"tags":[879,880,542],"class_list":["post-20080","post","type-post","status-publish","format-standard","has-post-thumbnail","hentry","category-dietetica-i-nutricio","category-medicina-estetica-corporal-ca","tag-cel-lulits","tag-drenante","tag-tractament-corporal"],"yoast_head":"<!-- This site is optimized with the Yoast SEO Premium plugin v26.9 (Yoast SEO v27.4) - https:\/\/yoast.com\/product\/yoast-seo-premium-wordpress\/ -->\n<title>Alimentaci\u00f3 i cel\u00b7lulitis - Cl\u00ednica C\u00e0nons | Cirurgia i Medicina Estetica a Barcelona, \u200b\u200bGranollers<\/title>\n<meta name=\"robots\" content=\"index, follow, max-snippet:-1, max-image-preview:large, max-video-preview:-1\" \/>\n<link rel=\"canonical\" href=\"https:\/\/www.canons.es\/alimentacion-y-celulitis\/\" \/>\n<meta property=\"og:locale\" content=\"ca_ES\" \/>\n<meta property=\"og:type\" content=\"article\" \/>\n<meta property=\"og:title\" content=\"Alimentaci\u00f3 i cel\u00b7lulitis\" \/>\n<meta property=\"og:description\" content=\"El 90% de les dones pateixen aquesta antiest\u00e8tica afecci\u00f3, per\u00f2 hi ha una bona arma per lluitar contra ella i es troba a la teva alimentaci\u00f3. Hi ha una dieta per combatre la cel\u00b7lulitis? B\u00e0sicament es tracta de seguir una alimentaci\u00f3 equilibrada i rica en...\" \/>\n<meta property=\"og:url\" content=\"https:\/\/www.canons.es\/alimentacion-y-celulitis\/\" \/>\n<meta property=\"og:site_name\" content=\"Cl\u00ednica C\u00e0nons | Cirurgia i Medicina Estetica a Barcelona, \u200b\u200bGranollers\" \/>\n<meta property=\"article:publisher\" content=\"https:\/\/www.facebook.com\/canonsclinics\/\" \/>\n<meta property=\"article:published_time\" content=\"2022-03-15T09:35:19+00:00\" \/>\n<meta property=\"article:modified_time\" content=\"2024-04-14T08:19:15+00:00\" \/>\n<meta property=\"og:image\" content=\"https:\/\/www.canons.es\/wp-content\/uploads\/2022\/03\/female-squeezes-cellulite-skin-on-her-legs-close-up-shot-on-white-space-1024x766.jpg\" \/>\n\t<meta property=\"og:image:width\" content=\"1024\" \/>\n\t<meta property=\"og:image:height\" content=\"766\" \/>\n\t<meta property=\"og:image:type\" content=\"image\/jpeg\" \/>\n<meta name=\"author\" content=\"administrador\" \/>\n<meta name=\"twitter:card\" content=\"summary_large_image\" \/>\n<meta name=\"twitter:creator\" content=\"@canonsclinics\" \/>\n<meta name=\"twitter:site\" content=\"@canonsclinics\" \/>\n<meta name=\"twitter:label1\" content=\"Escrit per\" \/>\n\t<meta name=\"twitter:data1\" content=\"administrador\" \/>\n\t<meta name=\"twitter:label2\" content=\"Temps estimat de lectura\" \/>\n\t<meta name=\"twitter:data2\" content=\"2 minuts\" \/>\n<script type=\"application\/ld+json\" class=\"yoast-schema-graph\">{\"@context\":\"https:\\\/\\\/schema.org\",\"@graph\":[{\"@type\":\"Article\",\"@id\":\"https:\\\/\\\/www.canons.es\\\/alimentacion-y-celulitis\\\/#article\",\"isPartOf\":{\"@id\":\"https:\\\/\\\/www.canons.es\\\/alimentacion-y-celulitis\\\/\"},\"author\":{\"name\":\"administrador\",\"@id\":\"https:\\\/\\\/www.canons.es\\\/#\\\/schema\\\/person\\\/947d7b84e9c15475d0452e32f9d72fb7\"},\"headline\":\"Alimentaci\u00f3 i cel\u00b7lulitis\",\"datePublished\":\"2022-03-15T09:35:19+00:00\",\"dateModified\":\"2024-04-14T08:19:15+00:00\",\"mainEntityOfPage\":{\"@id\":\"https:\\\/\\\/www.canons.es\\\/alimentacion-y-celulitis\\\/\"},\"wordCount\":350,\"publisher\":{\"@id\":\"https:\\\/\\\/www.canons.es\\\/#organization\"},\"image\":{\"@id\":\"https:\\\/\\\/www.canons.es\\\/alimentacion-y-celulitis\\\/#primaryimage\"},\"thumbnailUrl\":\"https:\\\/\\\/www.canons.es\\\/wp-content\\\/uploads\\\/2022\\\/03\\\/female-squeezes-cellulite-skin-on-her-legs-close-up-shot-on-white-space.jpg\",\"keywords\":[\"cel.lulits\",\"drenante\",\"tractament corporal\"],\"articleSection\":[\"Diet\u00e8tica i Nutrici\u00f3\",\"Medicina est\u00e8tica corporal\"],\"inLanguage\":\"ca\"},{\"@type\":\"WebPage\",\"@id\":\"https:\\\/\\\/www.canons.es\\\/alimentacion-y-celulitis\\\/\",\"url\":\"https:\\\/\\\/www.canons.es\\\/alimentacion-y-celulitis\\\/\",\"name\":\"Alimentaci\u00f3 i cel\u00b7lulitis - Cl\u00ednica C\u00e0nons | Cirurgia i Medicina Estetica a Barcelona, \u200b\u200bGranollers\",\"isPartOf\":{\"@id\":\"https:\\\/\\\/www.canons.es\\\/#website\"},\"primaryImageOfPage\":{\"@id\":\"https:\\\/\\\/www.canons.es\\\/alimentacion-y-celulitis\\\/#primaryimage\"},\"image\":{\"@id\":\"https:\\\/\\\/www.canons.es\\\/alimentacion-y-celulitis\\\/#primaryimage\"},\"thumbnailUrl\":\"https:\\\/\\\/www.canons.es\\\/wp-content\\\/uploads\\\/2022\\\/03\\\/female-squeezes-cellulite-skin-on-her-legs-close-up-shot-on-white-space.jpg\",\"datePublished\":\"2022-03-15T09:35:19+00:00\",\"dateModified\":\"2024-04-14T08:19:15+00:00\",\"breadcrumb\":{\"@id\":\"https:\\\/\\\/www.canons.es\\\/alimentacion-y-celulitis\\\/#breadcrumb\"},\"inLanguage\":\"ca\",\"potentialAction\":[{\"@type\":\"ReadAction\",\"target\":[\"https:\\\/\\\/www.canons.es\\\/alimentacion-y-celulitis\\\/\"]}]},{\"@type\":\"ImageObject\",\"inLanguage\":\"ca\",\"@id\":\"https:\\\/\\\/www.canons.es\\\/alimentacion-y-celulitis\\\/#primaryimage\",\"url\":\"https:\\\/\\\/www.canons.es\\\/wp-content\\\/uploads\\\/2022\\\/03\\\/female-squeezes-cellulite-skin-on-her-legs-close-up-shot-on-white-space.jpg\",\"contentUrl\":\"https:\\\/\\\/www.canons.es\\\/wp-content\\\/uploads\\\/2022\\\/03\\\/female-squeezes-cellulite-skin-on-her-legs-close-up-shot-on-white-space.jpg\",\"width\":7216,\"height\":5401,\"caption\":\"Female squeezes cellulite skin on her legs - close-up shot on white background\"},{\"@type\":\"BreadcrumbList\",\"@id\":\"https:\\\/\\\/www.canons.es\\\/alimentacion-y-celulitis\\\/#breadcrumb\",\"itemListElement\":[{\"@type\":\"ListItem\",\"position\":1,\"name\":\"Portada\",\"item\":\"https:\\\/\\\/www.canons.es\\\/ca\\\/\"},{\"@type\":\"ListItem\",\"position\":2,\"name\":\"Alimentaci\u00f3 i cel\u00b7lulitis\"}]},{\"@type\":\"WebSite\",\"@id\":\"https:\\\/\\\/www.canons.es\\\/#website\",\"url\":\"https:\\\/\\\/www.canons.es\\\/\",\"name\":\"Cirug\u00eda Pl\u00e1stica y Est\u00e9tica Barcelona y Granollers | C\u00e0nons Clinics\",\"description\":\"\",\"publisher\":{\"@id\":\"https:\\\/\\\/www.canons.es\\\/#organization\"},\"potentialAction\":[{\"@type\":\"SearchAction\",\"target\":{\"@type\":\"EntryPoint\",\"urlTemplate\":\"https:\\\/\\\/www.canons.es\\\/?s={search_term_string}\"},\"query-input\":{\"@type\":\"PropertyValueSpecification\",\"valueRequired\":true,\"valueName\":\"search_term_string\"}}],\"inLanguage\":\"ca\"},{\"@type\":\"Organization\",\"@id\":\"https:\\\/\\\/www.canons.es\\\/#organization\",\"name\":\"Cirug\u00eda Pl\u00e1stica y Est\u00e9tica Barcelona y Granollers | C\u00e0nons Clinics\",\"url\":\"https:\\\/\\\/www.canons.es\\\/\",\"logo\":{\"@type\":\"ImageObject\",\"inLanguage\":\"ca\",\"@id\":\"https:\\\/\\\/www.canons.es\\\/#\\\/schema\\\/logo\\\/image\\\/\",\"url\":\"https:\\\/\\\/www.canons.es\\\/wp-content\\\/uploads\\\/2025\\\/04\\\/logo-canons-clinics.jpg\",\"contentUrl\":\"https:\\\/\\\/www.canons.es\\\/wp-content\\\/uploads\\\/2025\\\/04\\\/logo-canons-clinics.jpg\",\"width\":600,\"height\":139,\"caption\":\"Cirug\u00eda Pl\u00e1stica y Est\u00e9tica Barcelona y Granollers | C\u00e0nons Clinics\"},\"image\":{\"@id\":\"https:\\\/\\\/www.canons.es\\\/#\\\/schema\\\/logo\\\/image\\\/\"},\"sameAs\":[\"https:\\\/\\\/www.facebook.com\\\/canonsclinics\\\/\",\"https:\\\/\\\/x.com\\\/canonsclinics\",\"https:\\\/\\\/www.instagram.com\\\/canonsclinics\\\/\",\"https:\\\/\\\/www.youtube.com\\\/channel\\\/UCI1Ia6LjALyo1CuQ0_HwtfQ\",\"https:\\\/\\\/www.linkedin.com\\\/company\\\/canons-clinics\\\/\"]},{\"@type\":\"Person\",\"@id\":\"https:\\\/\\\/www.canons.es\\\/#\\\/schema\\\/person\\\/947d7b84e9c15475d0452e32f9d72fb7\",\"name\":\"administrador\"}]}<\/script>\n<!-- \/ Yoast SEO Premium plugin. -->","yoast_head_json":{"title":"Alimentaci\u00f3 i cel\u00b7lulitis - Cl\u00ednica C\u00e0nons | Cirurgia i Medicina Estetica a Barcelona, \u200b\u200bGranollers","robots":{"index":"index","follow":"follow","max-snippet":"max-snippet:-1","max-image-preview":"max-image-preview:large","max-video-preview":"max-video-preview:-1"},"canonical":"https:\/\/www.canons.es\/alimentacion-y-celulitis\/","og_locale":"ca_ES","og_type":"article","og_title":"Alimentaci\u00f3 i cel\u00b7lulitis","og_description":"El 90% de les dones pateixen aquesta antiest\u00e8tica afecci\u00f3, per\u00f2 hi ha una bona arma per lluitar contra ella i es troba a la teva alimentaci\u00f3. Hi ha una dieta per combatre la cel\u00b7lulitis? B\u00e0sicament es tracta de seguir una alimentaci\u00f3 equilibrada i rica en...","og_url":"https:\/\/www.canons.es\/alimentacion-y-celulitis\/","og_site_name":"Cl\u00ednica C\u00e0nons | Cirurgia i Medicina Estetica a Barcelona, \u200b\u200bGranollers","article_publisher":"https:\/\/www.facebook.com\/canonsclinics\/","article_published_time":"2022-03-15T09:35:19+00:00","article_modified_time":"2024-04-14T08:19:15+00:00","og_image":[{"width":1024,"height":766,"url":"https:\/\/www.canons.es\/wp-content\/uploads\/2022\/03\/female-squeezes-cellulite-skin-on-her-legs-close-up-shot-on-white-space-1024x766.jpg","type":"image\/jpeg"}],"author":"administrador","twitter_card":"summary_large_image","twitter_creator":"@canonsclinics","twitter_site":"@canonsclinics","twitter_misc":{"Escrit per":"administrador","Temps estimat de lectura":"2 minuts"},"schema":{"@context":"https:\/\/schema.org","@graph":[{"@type":"Article","@id":"https:\/\/www.canons.es\/alimentacion-y-celulitis\/#article","isPartOf":{"@id":"https:\/\/www.canons.es\/alimentacion-y-celulitis\/"},"author":{"name":"administrador","@id":"https:\/\/www.canons.es\/#\/schema\/person\/947d7b84e9c15475d0452e32f9d72fb7"},"headline":"Alimentaci\u00f3 i cel\u00b7lulitis","datePublished":"2022-03-15T09:35:19+00:00","dateModified":"2024-04-14T08:19:15+00:00","mainEntityOfPage":{"@id":"https:\/\/www.canons.es\/alimentacion-y-celulitis\/"},"wordCount":350,"publisher":{"@id":"https:\/\/www.canons.es\/#organization"},"image":{"@id":"https:\/\/www.canons.es\/alimentacion-y-celulitis\/#primaryimage"},"thumbnailUrl":"https:\/\/www.canons.es\/wp-content\/uploads\/2022\/03\/female-squeezes-cellulite-skin-on-her-legs-close-up-shot-on-white-space.jpg","keywords":["cel.lulits","drenante","tractament corporal"],"articleSection":["Diet\u00e8tica i Nutrici\u00f3","Medicina est\u00e8tica corporal"],"inLanguage":"ca"},{"@type":"WebPage","@id":"https:\/\/www.canons.es\/alimentacion-y-celulitis\/","url":"https:\/\/www.canons.es\/alimentacion-y-celulitis\/","name":"Alimentaci\u00f3 i cel\u00b7lulitis - Cl\u00ednica C\u00e0nons | Cirurgia i Medicina Estetica a Barcelona, \u200b\u200bGranollers","isPartOf":{"@id":"https:\/\/www.canons.es\/#website"},"primaryImageOfPage":{"@id":"https:\/\/www.canons.es\/alimentacion-y-celulitis\/#primaryimage"},"image":{"@id":"https:\/\/www.canons.es\/alimentacion-y-celulitis\/#primaryimage"},"thumbnailUrl":"https:\/\/www.canons.es\/wp-content\/uploads\/2022\/03\/female-squeezes-cellulite-skin-on-her-legs-close-up-shot-on-white-space.jpg","datePublished":"2022-03-15T09:35:19+00:00","dateModified":"2024-04-14T08:19:15+00:00","breadcrumb":{"@id":"https:\/\/www.canons.es\/alimentacion-y-celulitis\/#breadcrumb"},"inLanguage":"ca","potentialAction":[{"@type":"ReadAction","target":["https:\/\/www.canons.es\/alimentacion-y-celulitis\/"]}]},{"@type":"ImageObject","inLanguage":"ca","@id":"https:\/\/www.canons.es\/alimentacion-y-celulitis\/#primaryimage","url":"https:\/\/www.canons.es\/wp-content\/uploads\/2022\/03\/female-squeezes-cellulite-skin-on-her-legs-close-up-shot-on-white-space.jpg","contentUrl":"https:\/\/www.canons.es\/wp-content\/uploads\/2022\/03\/female-squeezes-cellulite-skin-on-her-legs-close-up-shot-on-white-space.jpg","width":7216,"height":5401,"caption":"Female squeezes cellulite skin on her legs - close-up shot on white background"},{"@type":"BreadcrumbList","@id":"https:\/\/www.canons.es\/alimentacion-y-celulitis\/#breadcrumb","itemListElement":[{"@type":"ListItem","position":1,"name":"Portada","item":"https:\/\/www.canons.es\/ca\/"},{"@type":"ListItem","position":2,"name":"Alimentaci\u00f3 i cel\u00b7lulitis"}]},{"@type":"WebSite","@id":"https:\/\/www.canons.es\/#website","url":"https:\/\/www.canons.es\/","name":"Cirug\u00eda Pl\u00e1stica y Est\u00e9tica Barcelona y Granollers | C\u00e0nons Clinics","description":"","publisher":{"@id":"https:\/\/www.canons.es\/#organization"},"potentialAction":[{"@type":"SearchAction","target":{"@type":"EntryPoint","urlTemplate":"https:\/\/www.canons.es\/?s={search_term_string}"},"query-input":{"@type":"PropertyValueSpecification","valueRequired":true,"valueName":"search_term_string"}}],"inLanguage":"ca"},{"@type":"Organization","@id":"https:\/\/www.canons.es\/#organization","name":"Cirug\u00eda Pl\u00e1stica y Est\u00e9tica Barcelona y Granollers | C\u00e0nons Clinics","url":"https:\/\/www.canons.es\/","logo":{"@type":"ImageObject","inLanguage":"ca","@id":"https:\/\/www.canons.es\/#\/schema\/logo\/image\/","url":"https:\/\/www.canons.es\/wp-content\/uploads\/2025\/04\/logo-canons-clinics.jpg","contentUrl":"https:\/\/www.canons.es\/wp-content\/uploads\/2025\/04\/logo-canons-clinics.jpg","width":600,"height":139,"caption":"Cirug\u00eda Pl\u00e1stica y Est\u00e9tica Barcelona y Granollers | C\u00e0nons Clinics"},"image":{"@id":"https:\/\/www.canons.es\/#\/schema\/logo\/image\/"},"sameAs":["https:\/\/www.facebook.com\/canonsclinics\/","https:\/\/x.com\/canonsclinics","https:\/\/www.instagram.com\/canonsclinics\/","https:\/\/www.youtube.com\/channel\/UCI1Ia6LjALyo1CuQ0_HwtfQ","https:\/\/www.linkedin.com\/company\/canons-clinics\/"]},{"@type":"Person","@id":"https:\/\/www.canons.es\/#\/schema\/person\/947d7b84e9c15475d0452e32f9d72fb7","name":"administrador"}]}},"_links":{"self":[{"href":"https:\/\/www.canons.es\/ca\/wp-json\/wp\/v2\/posts\/20080","targetHints":{"allow":["GET"]}}],"collection":[{"href":"https:\/\/www.canons.es\/ca\/wp-json\/wp\/v2\/posts"}],"about":[{"href":"https:\/\/www.canons.es\/ca\/wp-json\/wp\/v2\/types\/post"}],"author":[{"embeddable":true,"href":"https:\/\/www.canons.es\/ca\/wp-json\/wp\/v2\/users\/25"}],"replies":[{"embeddable":true,"href":"https:\/\/www.canons.es\/ca\/wp-json\/wp\/v2\/comments?post=20080"}],"version-history":[{"count":0,"href":"https:\/\/www.canons.es\/ca\/wp-json\/wp\/v2\/posts\/20080\/revisions"}],"wp:featuredmedia":[{"embeddable":true,"href":"https:\/\/www.canons.es\/ca\/wp-json\/wp\/v2\/media\/20074"}],"wp:attachment":[{"href":"https:\/\/www.canons.es\/ca\/wp-json\/wp\/v2\/media?parent=20080"}],"wp:term":[{"taxonomy":"category","embeddable":true,"href":"https:\/\/www.canons.es\/ca\/wp-json\/wp\/v2\/categories?post=20080"},{"taxonomy":"post_tag","embeddable":true,"href":"https:\/\/www.canons.es\/ca\/wp-json\/wp\/v2\/tags?post=20080"}],"curies":[{"name":"wp","href":"https:\/\/api.w.org\/{rel}","templated":true}]}}