{"id":18079,"date":"2020-07-30T07:11:45","date_gmt":"2020-07-30T07:11:45","guid":{"rendered":"https:\/\/www.canons.es\/conoce-los-tratamientos-faciales-y-corporales-con-radiofrecuencia-que-ofrece-canons-clinics\/"},"modified":"2020-07-30T07:31:58","modified_gmt":"2020-07-30T07:31:58","slug":"conoce-los-tratamientos-faciales-y-corporales-con-radiofrecuencia-que-ofrece-canons-clinics","status":"publish","type":"post","link":"https:\/\/www.canons.es\/ca\/conoce-los-tratamientos-faciales-y-corporales-con-radiofrecuencia-que-ofrece-canons-clinics\/","title":{"rendered":"Coneix els tractaments facials i corporals amb radiofreq\u00fc\u00e8ncia que ofereix C\u00e0nons Clinics"},"content":{"rendered":"\n\n<div class=\"kk-star-ratings kksr-auto kksr-align-left kksr-valign-top\"\n    data-payload='{&quot;align&quot;:&quot;left&quot;,&quot;id&quot;:&quot;18079&quot;,&quot;slug&quot;:&quot;default&quot;,&quot;valign&quot;:&quot;top&quot;,&quot;ignore&quot;:&quot;&quot;,&quot;reference&quot;:&quot;auto&quot;,&quot;class&quot;:&quot;&quot;,&quot;count&quot;:&quot;0&quot;,&quot;legendonly&quot;:&quot;&quot;,&quot;readonly&quot;:&quot;&quot;,&quot;score&quot;:&quot;0&quot;,&quot;starsonly&quot;:&quot;&quot;,&quot;best&quot;:&quot;5&quot;,&quot;gap&quot;:&quot;5&quot;,&quot;greet&quot;:&quot;Eval\u00faa este art\u00edculo&quot;,&quot;legend&quot;:&quot;0\\\/5 - (0 votes)&quot;,&quot;size&quot;:&quot;24&quot;,&quot;title&quot;:&quot;Coneix els tractaments facials i corporals amb radiofreq\u00fc\u00e8ncia que ofereix C\u00e0nons Clinics&quot;,&quot;width&quot;:&quot;0&quot;,&quot;_legend&quot;:&quot;{score}\\\/{best} - ({count} {votes})&quot;,&quot;font_factor&quot;:&quot;1.25&quot;}'>\n            \n<div class=\"kksr-stars\">\n    \n<div class=\"kksr-stars-inactive\">\n            <div class=\"kksr-star\" data-star=\"1\" style=\"padding-right: 5px\">\n            \n\n<div class=\"kksr-icon\" style=\"width: 24px; height: 24px;\"><\/div>\n        <\/div>\n            <div class=\"kksr-star\" data-star=\"2\" style=\"padding-right: 5px\">\n            \n\n<div class=\"kksr-icon\" style=\"width: 24px; height: 24px;\"><\/div>\n        <\/div>\n            <div class=\"kksr-star\" data-star=\"3\" style=\"padding-right: 5px\">\n            \n\n<div class=\"kksr-icon\" style=\"width: 24px; height: 24px;\"><\/div>\n        <\/div>\n            <div class=\"kksr-star\" data-star=\"4\" style=\"padding-right: 5px\">\n            \n\n<div class=\"kksr-icon\" style=\"width: 24px; height: 24px;\"><\/div>\n        <\/div>\n            <div class=\"kksr-star\" data-star=\"5\" style=\"padding-right: 5px\">\n            \n\n<div class=\"kksr-icon\" style=\"width: 24px; height: 24px;\"><\/div>\n        <\/div>\n    <\/div>\n    \n<div class=\"kksr-stars-active\" style=\"width: 0px;\">\n            <div class=\"kksr-star\" style=\"padding-right: 5px\">\n            \n\n<div class=\"kksr-icon\" style=\"width: 24px; height: 24px;\"><\/div>\n        <\/div>\n            <div class=\"kksr-star\" style=\"padding-right: 5px\">\n            \n\n<div class=\"kksr-icon\" style=\"width: 24px; height: 24px;\"><\/div>\n        <\/div>\n            <div class=\"kksr-star\" style=\"padding-right: 5px\">\n            \n\n<div class=\"kksr-icon\" style=\"width: 24px; height: 24px;\"><\/div>\n        <\/div>\n            <div class=\"kksr-star\" style=\"padding-right: 5px\">\n            \n\n<div class=\"kksr-icon\" style=\"width: 24px; height: 24px;\"><\/div>\n        <\/div>\n            <div class=\"kksr-star\" style=\"padding-right: 5px\">\n            \n\n<div class=\"kksr-icon\" style=\"width: 24px; height: 24px;\"><\/div>\n        <\/div>\n    <\/div>\n<\/div>\n                \n\n<div class=\"kksr-legend\" style=\"font-size: 19.2px;\">\n            <span class=\"kksr-muted\">Eval\u00faa este art\u00edculo<\/span>\n    <\/div>\n    <\/div>\n\n<p>Els centres m\u00e8dics de <strong>C\u00e0nons Clinic<\/strong>s disposen de l&#8217;\u00faltima tecnologia amb radiofreq\u00fc\u00e8ncia per oferir-te els tractaments facials i corporals m\u00e9s efectius i c\u00f2modes. La tecnologia 3DEEP desenvolupada per<strong> EndyMed<\/strong>, amb m\u00faltiples generadors de fase controlada, \u00e9s completament innovadora, segura i efica\u00e7. Amb aquesta eina, proporcionem<strong> solucions est\u00e8tiques en tractaments no invasius<\/strong> de tensat de pell, l\u00edfting, moldeig corporal, resurfacing de pell i tractaments amb microagulles. Descobreix-los! <\/p>\n\n\n\n<p><strong>Ter\u00e0pia reafirmant facial<\/strong><\/p>\n\n\n\n<p>La radiofreq\u00fc\u00e8ncia actua sobre el col\u00b7lagen i estimula la seva producci\u00f3 en la zona tractada, fet que afavoreix la reafirmaci\u00f3 dels teixits. Es pot tractar la flacidesa de la zona al rostre, la barbeta i el coll, aconseguint una pell m\u00e9s ferma, suau i amb el contorn definit, traient protagonisme a les arrugues i les l\u00ednies d&#8217;expressi\u00f3.<\/p>\n\n\n\n<p><strong><a href=\"https:\/\/www.canons.es\/ca\/reafirmant-facial-radiofrecuencia\/\">M\u00e9s informaci\u00f3<\/a><\/strong><\/p>\n\n\n\n<p><strong>Ter\u00e0pia reafirmant d&#8217;ulls<\/strong><\/p>\n\n\n\n<p>La teva mirada tamb\u00e9 pot rejovenir gr\u00e0cies a la radiofreq\u00fc\u00e8ncia, redu\u00efnt les petites arrugues d&#8217;expressi\u00f3 i les bosses de la parpella inferior, generant un aspecte m\u00e9s fresc i descansat. Els resultats s\u00f3n visibles en la disminuci\u00f3 d&#8217;arrugues dels teixits circumdants dels ulls i en una pell m\u00e9s tersa a les parpelles inferiors.<\/p>\n\n\n\n<p><strong><a href=\"https:\/\/www.canons.es\/ca\/terapia-reafirmante-ojos-con-radiofrecuencia-endymed\/\">M\u00e1s informaci\u00f3n<\/a><\/strong><\/p>\n\n\n\n<p><strong>Ter\u00e0pia reafirmant de llavis<\/strong> <\/p>\n\n\n\n<p>La p\u00e8rdua de volum dels llavis i el seu deteriorament tamb\u00e9 poden tractar-se amb la radiofreq\u00fc\u00e8ncia. Amb aquest sistema estirem la pell i millorem el to i la textura dels llavis de manera natural.<\/p>\n\n\n\n<p><strong><a href=\"https:\/\/www.canons.es\/ca\/terapia-reafirmant-llavis-amb-radiofrecuencia-endymed\/\">M\u00e1s informaci\u00f3n<\/a><\/strong><\/p>\n\n\n\n<p><strong>Ter\u00e0pia reafirmant i anticel\u00b7lul\u00edtica corporal<\/strong><\/p>\n\n\n\n<p>Amb l&#8217;estimulaci\u00f3 del col\u00b7lagen mitjan\u00e7ant la radiofreq\u00fc\u00e8ncia, podem solucionar la flacidesa de les zones com bra\u00e7os, abdomen, glutis i cames i aconseguir una pell m\u00e9s compactada i tonificada. El tractament tamb\u00e9 es recomana per combatre la cel\u00b7lulitis.<\/p>\n\n\n\n<p><strong><a href=\"https:\/\/www.canons.es\/ca\/terapia-reafirmant-corporal-amb-radiofrequencia-endymed\/\">M\u00e1s informaci\u00f3n<\/a><\/strong><\/p>\n\n\n\n<p><strong>Ter\u00e0pia reafirmant facial i corporal amb micro agulles EndyMed Intensif<\/strong><\/p>\n\n\n\n<p>\u00c9s la primera tecnologia de radiofreq\u00fc\u00e8ncia amb micro agulles i una soluci\u00f3 perfecta per tractar la flacidesa facial i corporal, les cicatrius de l&#8217;acn\u00e9, el rejoveniment facial i corporal i la hiperhidrosi axilar. Els resultats s\u00f3n una pell m\u00e9s fina i tersa, la regeneraci\u00f3 de col\u00b7lagen i la producci\u00f3 d&#8217;elastina.<\/p>\n\n\n\n<p><strong><a href=\"https:\/\/www.canons.es\/ca\/terapia-reafirmante-con-micro-agujas-endymed-intensif\/\">M\u00e1s informaci\u00f3n<\/a><\/strong><\/p>\n\n\n\n<p>Per m\u00e9s informaci\u00f3, pots contactar amb l&#8217;equip de C\u00e0nons Clinics trucant al <strong>938 60 60 60, <\/strong>enviant un WhatsApp al<strong> 683 270 709<\/strong> o un correu electr\u00e8nic a <strong>barcelona@canons.es<\/strong>.  <\/p>\n<!-- AddThis Advanced Settings generic via filter on the_content --><!-- AddThis Share Buttons generic via filter on the_content -->","protected":false},"excerpt":{"rendered":"<p>Els centres m\u00e8dics de C\u00e0nons Clinics disposen de l&#8217;\u00faltima tecnologia amb radiofreq\u00fc\u00e8ncia per oferir-te els tractaments facials i corporals m\u00e9s efectius i c\u00f2modes. La tecnologia 3DEEP desenvolupada per EndyMed, amb m\u00faltiples generadors de fase controlada, \u00e9s completament innovadora, segura i efica\u00e7. Amb aquesta eina, proporcionem&#8230;<!-- AddThis Advanced Settings generic via filter on get_the_excerpt --><!-- AddThis Share Buttons generic via filter on get_the_excerpt --><\/p>\n","protected":false},"author":25,"featured_media":18075,"comment_status":"open","ping_status":"open","sticky":false,"template":"","format":"standard","meta":{"footnotes":""},"categories":[79,566,895],"tags":[501,502,503,492,504,506,509,497,505],"class_list":["post-18079","post","type-post","status-publish","format-standard","has-post-thumbnail","hentry","category-blog-del-dr-victor-hernandez-da-costa-ca","category-blog-del-dr-victor-hernandez-da-costa-ca-3","category-medicina-estetica-facial-ca-2","tag-3deep-ca","tag-endymed-ca","tag-radiofrecuencia-ca","tag-radiofrecuencia-corporal","tag-radiofrecuencia-corporal-ca","tag-radiofrequencia-corporal","tag-radiofrequencia-facial","tag-terapia-reafirmante","tag-terapia-reafirmante-ca"],"yoast_head":"<!-- This site is optimized with the Yoast SEO Premium plugin v26.9 (Yoast SEO v27.4) - https:\/\/yoast.com\/product\/yoast-seo-premium-wordpress\/ -->\n<title>Coneix els tractaments facials i corporals amb radiofreq\u00fc\u00e8ncia que ofereix C\u00e0nons Clinics - Cl\u00ednica C\u00e0nons | Cirurgia i Medicina Estetica a Barcelona, \u200b\u200bGranollers<\/title>\n<meta name=\"robots\" content=\"index, follow, max-snippet:-1, max-image-preview:large, max-video-preview:-1\" \/>\n<link rel=\"canonical\" href=\"https:\/\/www.canons.es\/ca\/conoce-los-tratamientos-faciales-y-corporales-con-radiofrecuencia-que-ofrece-canons-clinics\/\" \/>\n<meta property=\"og:locale\" content=\"ca_ES\" \/>\n<meta property=\"og:type\" content=\"article\" \/>\n<meta property=\"og:title\" content=\"Coneix els tractaments facials i corporals amb radiofreq\u00fc\u00e8ncia que ofereix C\u00e0nons Clinics\" \/>\n<meta property=\"og:description\" content=\"Els centres m\u00e8dics de C\u00e0nons Clinics disposen de l&#8217;\u00faltima tecnologia amb radiofreq\u00fc\u00e8ncia per oferir-te els tractaments facials i corporals m\u00e9s efectius i c\u00f2modes. La tecnologia 3DEEP desenvolupada per EndyMed, amb m\u00faltiples generadors de fase controlada, \u00e9s completament innovadora, segura i efica\u00e7. Amb aquesta eina, proporcionem...\" \/>\n<meta property=\"og:url\" content=\"https:\/\/www.canons.es\/ca\/conoce-los-tratamientos-faciales-y-corporales-con-radiofrecuencia-que-ofrece-canons-clinics\/\" \/>\n<meta property=\"og:site_name\" content=\"Cl\u00ednica C\u00e0nons | Cirurgia i Medicina Estetica a Barcelona, \u200b\u200bGranollers\" \/>\n<meta property=\"article:publisher\" content=\"https:\/\/www.facebook.com\/canonsclinics\/\" \/>\n<meta property=\"article:published_time\" content=\"2020-07-30T07:11:45+00:00\" \/>\n<meta property=\"article:modified_time\" content=\"2020-07-30T07:31:58+00:00\" \/>\n<meta property=\"og:image\" content=\"https:\/\/www.canons.es\/wp-content\/uploads\/2020\/07\/blog-radio.jpg\" \/>\n\t<meta property=\"og:image:width\" content=\"766\" \/>\n\t<meta property=\"og:image:height\" content=\"365\" \/>\n\t<meta property=\"og:image:type\" content=\"image\/jpeg\" \/>\n<meta name=\"author\" content=\"administrador\" \/>\n<meta name=\"twitter:card\" content=\"summary_large_image\" \/>\n<meta name=\"twitter:creator\" content=\"@canonsclinics\" \/>\n<meta name=\"twitter:site\" content=\"@canonsclinics\" \/>\n<meta name=\"twitter:label1\" content=\"Escrit per\" \/>\n\t<meta name=\"twitter:data1\" content=\"administrador\" \/>\n\t<meta name=\"twitter:label2\" content=\"Temps estimat de lectura\" \/>\n\t<meta name=\"twitter:data2\" content=\"2 minuts\" \/>\n<script type=\"application\/ld+json\" class=\"yoast-schema-graph\">{\"@context\":\"https:\\\/\\\/schema.org\",\"@graph\":[{\"@type\":\"Article\",\"@id\":\"https:\\\/\\\/www.canons.es\\\/ca\\\/conoce-los-tratamientos-faciales-y-corporales-con-radiofrecuencia-que-ofrece-canons-clinics\\\/#article\",\"isPartOf\":{\"@id\":\"https:\\\/\\\/www.canons.es\\\/ca\\\/conoce-los-tratamientos-faciales-y-corporales-con-radiofrecuencia-que-ofrece-canons-clinics\\\/\"},\"author\":{\"name\":\"administrador\",\"@id\":\"https:\\\/\\\/www.canons.es\\\/#\\\/schema\\\/person\\\/947d7b84e9c15475d0452e32f9d72fb7\"},\"headline\":\"Coneix els tractaments facials i corporals amb radiofreq\u00fc\u00e8ncia que ofereix C\u00e0nons Clinics\",\"datePublished\":\"2020-07-30T07:11:45+00:00\",\"dateModified\":\"2020-07-30T07:31:58+00:00\",\"mainEntityOfPage\":{\"@id\":\"https:\\\/\\\/www.canons.es\\\/ca\\\/conoce-los-tratamientos-faciales-y-corporales-con-radiofrecuencia-que-ofrece-canons-clinics\\\/\"},\"wordCount\":419,\"commentCount\":0,\"publisher\":{\"@id\":\"https:\\\/\\\/www.canons.es\\\/#organization\"},\"image\":{\"@id\":\"https:\\\/\\\/www.canons.es\\\/ca\\\/conoce-los-tratamientos-faciales-y-corporales-con-radiofrecuencia-que-ofrece-canons-clinics\\\/#primaryimage\"},\"thumbnailUrl\":\"https:\\\/\\\/www.canons.es\\\/wp-content\\\/uploads\\\/2020\\\/07\\\/blog-radio.jpg\",\"keywords\":[\"3deep\",\"Endymed\",\"radiofrecuencia\",\"radiofrecuencia corporal\",\"radiofrecuencia corporal\",\"radiofrequencia corporal\",\"radiofrequencia facial\",\"terapia reafirmante\",\"terapia reafirmante\"],\"articleSection\":[\"Blog del Dr. V\u00edctor Hern\u00e0ndez Da Costa\",\"Blog del Dr. V\u00edctor Hern\u00e1ndez Da Costa\",\"Medicina est\u00e9tica facial\"],\"inLanguage\":\"ca\",\"potentialAction\":[{\"@type\":\"CommentAction\",\"name\":\"Comment\",\"target\":[\"https:\\\/\\\/www.canons.es\\\/ca\\\/conoce-los-tratamientos-faciales-y-corporales-con-radiofrecuencia-que-ofrece-canons-clinics\\\/#respond\"]}]},{\"@type\":\"WebPage\",\"@id\":\"https:\\\/\\\/www.canons.es\\\/ca\\\/conoce-los-tratamientos-faciales-y-corporales-con-radiofrecuencia-que-ofrece-canons-clinics\\\/\",\"url\":\"https:\\\/\\\/www.canons.es\\\/ca\\\/conoce-los-tratamientos-faciales-y-corporales-con-radiofrecuencia-que-ofrece-canons-clinics\\\/\",\"name\":\"Coneix els tractaments facials i corporals amb radiofreq\u00fc\u00e8ncia que ofereix C\u00e0nons Clinics - Cl\u00ednica C\u00e0nons | Cirurgia i Medicina Estetica a Barcelona, \u200b\u200bGranollers\",\"isPartOf\":{\"@id\":\"https:\\\/\\\/www.canons.es\\\/#website\"},\"primaryImageOfPage\":{\"@id\":\"https:\\\/\\\/www.canons.es\\\/ca\\\/conoce-los-tratamientos-faciales-y-corporales-con-radiofrecuencia-que-ofrece-canons-clinics\\\/#primaryimage\"},\"image\":{\"@id\":\"https:\\\/\\\/www.canons.es\\\/ca\\\/conoce-los-tratamientos-faciales-y-corporales-con-radiofrecuencia-que-ofrece-canons-clinics\\\/#primaryimage\"},\"thumbnailUrl\":\"https:\\\/\\\/www.canons.es\\\/wp-content\\\/uploads\\\/2020\\\/07\\\/blog-radio.jpg\",\"datePublished\":\"2020-07-30T07:11:45+00:00\",\"dateModified\":\"2020-07-30T07:31:58+00:00\",\"breadcrumb\":{\"@id\":\"https:\\\/\\\/www.canons.es\\\/ca\\\/conoce-los-tratamientos-faciales-y-corporales-con-radiofrecuencia-que-ofrece-canons-clinics\\\/#breadcrumb\"},\"inLanguage\":\"ca\",\"potentialAction\":[{\"@type\":\"ReadAction\",\"target\":[\"https:\\\/\\\/www.canons.es\\\/ca\\\/conoce-los-tratamientos-faciales-y-corporales-con-radiofrecuencia-que-ofrece-canons-clinics\\\/\"]}]},{\"@type\":\"ImageObject\",\"inLanguage\":\"ca\",\"@id\":\"https:\\\/\\\/www.canons.es\\\/ca\\\/conoce-los-tratamientos-faciales-y-corporales-con-radiofrecuencia-que-ofrece-canons-clinics\\\/#primaryimage\",\"url\":\"https:\\\/\\\/www.canons.es\\\/wp-content\\\/uploads\\\/2020\\\/07\\\/blog-radio.jpg\",\"contentUrl\":\"https:\\\/\\\/www.canons.es\\\/wp-content\\\/uploads\\\/2020\\\/07\\\/blog-radio.jpg\",\"width\":766,\"height\":365},{\"@type\":\"BreadcrumbList\",\"@id\":\"https:\\\/\\\/www.canons.es\\\/ca\\\/conoce-los-tratamientos-faciales-y-corporales-con-radiofrecuencia-que-ofrece-canons-clinics\\\/#breadcrumb\",\"itemListElement\":[{\"@type\":\"ListItem\",\"position\":1,\"name\":\"Portada\",\"item\":\"https:\\\/\\\/www.canons.es\\\/ca\\\/\"},{\"@type\":\"ListItem\",\"position\":2,\"name\":\"Coneix els tractaments facials i corporals amb radiofreq\u00fc\u00e8ncia que ofereix C\u00e0nons Clinics\"}]},{\"@type\":\"WebSite\",\"@id\":\"https:\\\/\\\/www.canons.es\\\/#website\",\"url\":\"https:\\\/\\\/www.canons.es\\\/\",\"name\":\"Cirug\u00eda Pl\u00e1stica y Est\u00e9tica Barcelona y Granollers | C\u00e0nons Clinics\",\"description\":\"\",\"publisher\":{\"@id\":\"https:\\\/\\\/www.canons.es\\\/#organization\"},\"potentialAction\":[{\"@type\":\"SearchAction\",\"target\":{\"@type\":\"EntryPoint\",\"urlTemplate\":\"https:\\\/\\\/www.canons.es\\\/?s={search_term_string}\"},\"query-input\":{\"@type\":\"PropertyValueSpecification\",\"valueRequired\":true,\"valueName\":\"search_term_string\"}}],\"inLanguage\":\"ca\"},{\"@type\":\"Organization\",\"@id\":\"https:\\\/\\\/www.canons.es\\\/#organization\",\"name\":\"Cirug\u00eda Pl\u00e1stica y Est\u00e9tica Barcelona y Granollers | C\u00e0nons Clinics\",\"url\":\"https:\\\/\\\/www.canons.es\\\/\",\"logo\":{\"@type\":\"ImageObject\",\"inLanguage\":\"ca\",\"@id\":\"https:\\\/\\\/www.canons.es\\\/#\\\/schema\\\/logo\\\/image\\\/\",\"url\":\"https:\\\/\\\/www.canons.es\\\/wp-content\\\/uploads\\\/2025\\\/04\\\/logo-canons-clinics.jpg\",\"contentUrl\":\"https:\\\/\\\/www.canons.es\\\/wp-content\\\/uploads\\\/2025\\\/04\\\/logo-canons-clinics.jpg\",\"width\":600,\"height\":139,\"caption\":\"Cirug\u00eda Pl\u00e1stica y Est\u00e9tica Barcelona y Granollers | C\u00e0nons Clinics\"},\"image\":{\"@id\":\"https:\\\/\\\/www.canons.es\\\/#\\\/schema\\\/logo\\\/image\\\/\"},\"sameAs\":[\"https:\\\/\\\/www.facebook.com\\\/canonsclinics\\\/\",\"https:\\\/\\\/x.com\\\/canonsclinics\",\"https:\\\/\\\/www.instagram.com\\\/canonsclinics\\\/\",\"https:\\\/\\\/www.youtube.com\\\/channel\\\/UCI1Ia6LjALyo1CuQ0_HwtfQ\",\"https:\\\/\\\/www.linkedin.com\\\/company\\\/canons-clinics\\\/\"]},{\"@type\":\"Person\",\"@id\":\"https:\\\/\\\/www.canons.es\\\/#\\\/schema\\\/person\\\/947d7b84e9c15475d0452e32f9d72fb7\",\"name\":\"administrador\"}]}<\/script>\n<!-- \/ Yoast SEO Premium plugin. -->","yoast_head_json":{"title":"Coneix els tractaments facials i corporals amb radiofreq\u00fc\u00e8ncia que ofereix C\u00e0nons Clinics - Cl\u00ednica C\u00e0nons | Cirurgia i Medicina Estetica a Barcelona, \u200b\u200bGranollers","robots":{"index":"index","follow":"follow","max-snippet":"max-snippet:-1","max-image-preview":"max-image-preview:large","max-video-preview":"max-video-preview:-1"},"canonical":"https:\/\/www.canons.es\/ca\/conoce-los-tratamientos-faciales-y-corporales-con-radiofrecuencia-que-ofrece-canons-clinics\/","og_locale":"ca_ES","og_type":"article","og_title":"Coneix els tractaments facials i corporals amb radiofreq\u00fc\u00e8ncia que ofereix C\u00e0nons Clinics","og_description":"Els centres m\u00e8dics de C\u00e0nons Clinics disposen de l&#8217;\u00faltima tecnologia amb radiofreq\u00fc\u00e8ncia per oferir-te els tractaments facials i corporals m\u00e9s efectius i c\u00f2modes. La tecnologia 3DEEP desenvolupada per EndyMed, amb m\u00faltiples generadors de fase controlada, \u00e9s completament innovadora, segura i efica\u00e7. Amb aquesta eina, proporcionem...","og_url":"https:\/\/www.canons.es\/ca\/conoce-los-tratamientos-faciales-y-corporales-con-radiofrecuencia-que-ofrece-canons-clinics\/","og_site_name":"Cl\u00ednica C\u00e0nons | Cirurgia i Medicina Estetica a Barcelona, \u200b\u200bGranollers","article_publisher":"https:\/\/www.facebook.com\/canonsclinics\/","article_published_time":"2020-07-30T07:11:45+00:00","article_modified_time":"2020-07-30T07:31:58+00:00","og_image":[{"width":766,"height":365,"url":"https:\/\/www.canons.es\/wp-content\/uploads\/2020\/07\/blog-radio.jpg","type":"image\/jpeg"}],"author":"administrador","twitter_card":"summary_large_image","twitter_creator":"@canonsclinics","twitter_site":"@canonsclinics","twitter_misc":{"Escrit per":"administrador","Temps estimat de lectura":"2 minuts"},"schema":{"@context":"https:\/\/schema.org","@graph":[{"@type":"Article","@id":"https:\/\/www.canons.es\/ca\/conoce-los-tratamientos-faciales-y-corporales-con-radiofrecuencia-que-ofrece-canons-clinics\/#article","isPartOf":{"@id":"https:\/\/www.canons.es\/ca\/conoce-los-tratamientos-faciales-y-corporales-con-radiofrecuencia-que-ofrece-canons-clinics\/"},"author":{"name":"administrador","@id":"https:\/\/www.canons.es\/#\/schema\/person\/947d7b84e9c15475d0452e32f9d72fb7"},"headline":"Coneix els tractaments facials i corporals amb radiofreq\u00fc\u00e8ncia que ofereix C\u00e0nons Clinics","datePublished":"2020-07-30T07:11:45+00:00","dateModified":"2020-07-30T07:31:58+00:00","mainEntityOfPage":{"@id":"https:\/\/www.canons.es\/ca\/conoce-los-tratamientos-faciales-y-corporales-con-radiofrecuencia-que-ofrece-canons-clinics\/"},"wordCount":419,"commentCount":0,"publisher":{"@id":"https:\/\/www.canons.es\/#organization"},"image":{"@id":"https:\/\/www.canons.es\/ca\/conoce-los-tratamientos-faciales-y-corporales-con-radiofrecuencia-que-ofrece-canons-clinics\/#primaryimage"},"thumbnailUrl":"https:\/\/www.canons.es\/wp-content\/uploads\/2020\/07\/blog-radio.jpg","keywords":["3deep","Endymed","radiofrecuencia","radiofrecuencia corporal","radiofrecuencia corporal","radiofrequencia corporal","radiofrequencia facial","terapia reafirmante","terapia reafirmante"],"articleSection":["Blog del Dr. V\u00edctor Hern\u00e0ndez Da Costa","Blog del Dr. V\u00edctor Hern\u00e1ndez Da Costa","Medicina est\u00e9tica facial"],"inLanguage":"ca","potentialAction":[{"@type":"CommentAction","name":"Comment","target":["https:\/\/www.canons.es\/ca\/conoce-los-tratamientos-faciales-y-corporales-con-radiofrecuencia-que-ofrece-canons-clinics\/#respond"]}]},{"@type":"WebPage","@id":"https:\/\/www.canons.es\/ca\/conoce-los-tratamientos-faciales-y-corporales-con-radiofrecuencia-que-ofrece-canons-clinics\/","url":"https:\/\/www.canons.es\/ca\/conoce-los-tratamientos-faciales-y-corporales-con-radiofrecuencia-que-ofrece-canons-clinics\/","name":"Coneix els tractaments facials i corporals amb radiofreq\u00fc\u00e8ncia que ofereix C\u00e0nons Clinics - Cl\u00ednica C\u00e0nons | Cirurgia i Medicina Estetica a Barcelona, \u200b\u200bGranollers","isPartOf":{"@id":"https:\/\/www.canons.es\/#website"},"primaryImageOfPage":{"@id":"https:\/\/www.canons.es\/ca\/conoce-los-tratamientos-faciales-y-corporales-con-radiofrecuencia-que-ofrece-canons-clinics\/#primaryimage"},"image":{"@id":"https:\/\/www.canons.es\/ca\/conoce-los-tratamientos-faciales-y-corporales-con-radiofrecuencia-que-ofrece-canons-clinics\/#primaryimage"},"thumbnailUrl":"https:\/\/www.canons.es\/wp-content\/uploads\/2020\/07\/blog-radio.jpg","datePublished":"2020-07-30T07:11:45+00:00","dateModified":"2020-07-30T07:31:58+00:00","breadcrumb":{"@id":"https:\/\/www.canons.es\/ca\/conoce-los-tratamientos-faciales-y-corporales-con-radiofrecuencia-que-ofrece-canons-clinics\/#breadcrumb"},"inLanguage":"ca","potentialAction":[{"@type":"ReadAction","target":["https:\/\/www.canons.es\/ca\/conoce-los-tratamientos-faciales-y-corporales-con-radiofrecuencia-que-ofrece-canons-clinics\/"]}]},{"@type":"ImageObject","inLanguage":"ca","@id":"https:\/\/www.canons.es\/ca\/conoce-los-tratamientos-faciales-y-corporales-con-radiofrecuencia-que-ofrece-canons-clinics\/#primaryimage","url":"https:\/\/www.canons.es\/wp-content\/uploads\/2020\/07\/blog-radio.jpg","contentUrl":"https:\/\/www.canons.es\/wp-content\/uploads\/2020\/07\/blog-radio.jpg","width":766,"height":365},{"@type":"BreadcrumbList","@id":"https:\/\/www.canons.es\/ca\/conoce-los-tratamientos-faciales-y-corporales-con-radiofrecuencia-que-ofrece-canons-clinics\/#breadcrumb","itemListElement":[{"@type":"ListItem","position":1,"name":"Portada","item":"https:\/\/www.canons.es\/ca\/"},{"@type":"ListItem","position":2,"name":"Coneix els tractaments facials i corporals amb radiofreq\u00fc\u00e8ncia que ofereix C\u00e0nons Clinics"}]},{"@type":"WebSite","@id":"https:\/\/www.canons.es\/#website","url":"https:\/\/www.canons.es\/","name":"Cirug\u00eda Pl\u00e1stica y Est\u00e9tica Barcelona y Granollers | C\u00e0nons Clinics","description":"","publisher":{"@id":"https:\/\/www.canons.es\/#organization"},"potentialAction":[{"@type":"SearchAction","target":{"@type":"EntryPoint","urlTemplate":"https:\/\/www.canons.es\/?s={search_term_string}"},"query-input":{"@type":"PropertyValueSpecification","valueRequired":true,"valueName":"search_term_string"}}],"inLanguage":"ca"},{"@type":"Organization","@id":"https:\/\/www.canons.es\/#organization","name":"Cirug\u00eda Pl\u00e1stica y Est\u00e9tica Barcelona y Granollers | C\u00e0nons Clinics","url":"https:\/\/www.canons.es\/","logo":{"@type":"ImageObject","inLanguage":"ca","@id":"https:\/\/www.canons.es\/#\/schema\/logo\/image\/","url":"https:\/\/www.canons.es\/wp-content\/uploads\/2025\/04\/logo-canons-clinics.jpg","contentUrl":"https:\/\/www.canons.es\/wp-content\/uploads\/2025\/04\/logo-canons-clinics.jpg","width":600,"height":139,"caption":"Cirug\u00eda Pl\u00e1stica y Est\u00e9tica Barcelona y Granollers | C\u00e0nons Clinics"},"image":{"@id":"https:\/\/www.canons.es\/#\/schema\/logo\/image\/"},"sameAs":["https:\/\/www.facebook.com\/canonsclinics\/","https:\/\/x.com\/canonsclinics","https:\/\/www.instagram.com\/canonsclinics\/","https:\/\/www.youtube.com\/channel\/UCI1Ia6LjALyo1CuQ0_HwtfQ","https:\/\/www.linkedin.com\/company\/canons-clinics\/"]},{"@type":"Person","@id":"https:\/\/www.canons.es\/#\/schema\/person\/947d7b84e9c15475d0452e32f9d72fb7","name":"administrador"}]}},"_links":{"self":[{"href":"https:\/\/www.canons.es\/ca\/wp-json\/wp\/v2\/posts\/18079","targetHints":{"allow":["GET"]}}],"collection":[{"href":"https:\/\/www.canons.es\/ca\/wp-json\/wp\/v2\/posts"}],"about":[{"href":"https:\/\/www.canons.es\/ca\/wp-json\/wp\/v2\/types\/post"}],"author":[{"embeddable":true,"href":"https:\/\/www.canons.es\/ca\/wp-json\/wp\/v2\/users\/25"}],"replies":[{"embeddable":true,"href":"https:\/\/www.canons.es\/ca\/wp-json\/wp\/v2\/comments?post=18079"}],"version-history":[{"count":0,"href":"https:\/\/www.canons.es\/ca\/wp-json\/wp\/v2\/posts\/18079\/revisions"}],"wp:featuredmedia":[{"embeddable":true,"href":"https:\/\/www.canons.es\/ca\/wp-json\/wp\/v2\/media\/18075"}],"wp:attachment":[{"href":"https:\/\/www.canons.es\/ca\/wp-json\/wp\/v2\/media?parent=18079"}],"wp:term":[{"taxonomy":"category","embeddable":true,"href":"https:\/\/www.canons.es\/ca\/wp-json\/wp\/v2\/categories?post=18079"},{"taxonomy":"post_tag","embeddable":true,"href":"https:\/\/www.canons.es\/ca\/wp-json\/wp\/v2\/tags?post=18079"}],"curies":[{"name":"wp","href":"https:\/\/api.w.org\/{rel}","templated":true}]}}