{"id":16672,"date":"2025-02-28T13:22:44","date_gmt":"2025-02-28T13:22:44","guid":{"rendered":"https:\/\/www.canons.es\/laser-genesis-de-cutera-la-tecnica-que-marca-la-diferencia\/"},"modified":"2025-03-19T13:09:26","modified_gmt":"2025-03-19T13:09:26","slug":"laser-genesis-cutera-opinio-medica","status":"publish","type":"post","link":"https:\/\/www.canons.es\/ca\/laser-genesis-cutera-opinio-medica\/","title":{"rendered":"La meva experi\u00e8ncia amb el l\u00e0ser G\u00e8nesi de Cutera: realment funciona? Opini\u00f3 m\u00e8dica"},"content":{"rendered":"\n\n<div class=\"kk-star-ratings kksr-auto kksr-align-left kksr-valign-top\"\n    data-payload='{&quot;align&quot;:&quot;left&quot;,&quot;id&quot;:&quot;16672&quot;,&quot;slug&quot;:&quot;default&quot;,&quot;valign&quot;:&quot;top&quot;,&quot;ignore&quot;:&quot;&quot;,&quot;reference&quot;:&quot;auto&quot;,&quot;class&quot;:&quot;&quot;,&quot;count&quot;:&quot;0&quot;,&quot;legendonly&quot;:&quot;&quot;,&quot;readonly&quot;:&quot;&quot;,&quot;score&quot;:&quot;0&quot;,&quot;starsonly&quot;:&quot;&quot;,&quot;best&quot;:&quot;5&quot;,&quot;gap&quot;:&quot;5&quot;,&quot;greet&quot;:&quot;Eval\u00faa este art\u00edculo&quot;,&quot;legend&quot;:&quot;0\\\/5 - (0 votes)&quot;,&quot;size&quot;:&quot;24&quot;,&quot;title&quot;:&quot;La meva experi\u00e8ncia amb el l\u00e0ser G\u00e8nesi de Cutera: realment funciona? Opini\u00f3 m\u00e8dica&quot;,&quot;width&quot;:&quot;0&quot;,&quot;_legend&quot;:&quot;{score}\\\/{best} - ({count} {votes})&quot;,&quot;font_factor&quot;:&quot;1.25&quot;}'>\n            \n<div class=\"kksr-stars\">\n    \n<div class=\"kksr-stars-inactive\">\n            <div class=\"kksr-star\" data-star=\"1\" style=\"padding-right: 5px\">\n            \n\n<div class=\"kksr-icon\" style=\"width: 24px; height: 24px;\"><\/div>\n        <\/div>\n            <div class=\"kksr-star\" data-star=\"2\" style=\"padding-right: 5px\">\n            \n\n<div class=\"kksr-icon\" style=\"width: 24px; height: 24px;\"><\/div>\n        <\/div>\n            <div class=\"kksr-star\" data-star=\"3\" style=\"padding-right: 5px\">\n            \n\n<div class=\"kksr-icon\" style=\"width: 24px; height: 24px;\"><\/div>\n        <\/div>\n            <div class=\"kksr-star\" data-star=\"4\" style=\"padding-right: 5px\">\n            \n\n<div class=\"kksr-icon\" style=\"width: 24px; height: 24px;\"><\/div>\n        <\/div>\n            <div class=\"kksr-star\" data-star=\"5\" style=\"padding-right: 5px\">\n            \n\n<div class=\"kksr-icon\" style=\"width: 24px; height: 24px;\"><\/div>\n        <\/div>\n    <\/div>\n    \n<div class=\"kksr-stars-active\" style=\"width: 0px;\">\n            <div class=\"kksr-star\" style=\"padding-right: 5px\">\n            \n\n<div class=\"kksr-icon\" style=\"width: 24px; height: 24px;\"><\/div>\n        <\/div>\n            <div class=\"kksr-star\" style=\"padding-right: 5px\">\n            \n\n<div class=\"kksr-icon\" style=\"width: 24px; height: 24px;\"><\/div>\n        <\/div>\n            <div class=\"kksr-star\" style=\"padding-right: 5px\">\n            \n\n<div class=\"kksr-icon\" style=\"width: 24px; height: 24px;\"><\/div>\n        <\/div>\n            <div class=\"kksr-star\" style=\"padding-right: 5px\">\n            \n\n<div class=\"kksr-icon\" style=\"width: 24px; height: 24px;\"><\/div>\n        <\/div>\n            <div class=\"kksr-star\" style=\"padding-right: 5px\">\n            \n\n<div class=\"kksr-icon\" style=\"width: 24px; height: 24px;\"><\/div>\n        <\/div>\n    <\/div>\n<\/div>\n                \n\n<div class=\"kksr-legend\" style=\"font-size: 19.2px;\">\n            <span class=\"kksr-muted\">Eval\u00faa este art\u00edculo<\/span>\n    <\/div>\n    <\/div>\n<p><span style=\"font-weight: 400;\">La tecnologia l\u00e0ser ha estat com la penicil\u00b7lina de la medicina est\u00e8tica. Una troballa que ha iniciat una nova era de tractaments dermatol\u00f2gics de bellesa i cura de la pell. Entre ells avui dia hi ha el <\/span><b>l\u00e0ser G\u00e8nesi de Cutera<\/b><span style=\"font-weight: 400;\">, molt popular als EUA. Ho est\u00e0s valorendo? T&#8217;explico <\/span><b>la meva experi\u00e8ncia i opini\u00f3 com a cirurgi\u00e0 pl\u00e0stic i est\u00e8tic<\/b><span style=\"font-weight: 400;\">. <\/span><\/p>\n<p>&nbsp;<\/p>\n<div id=\"ez-toc-container\" class=\"ez-toc-v2_0_82_2 counter-hierarchy ez-toc-counter ez-toc-custom ez-toc-container-direction\">\n<div class=\"ez-toc-title-container\">\n<span class=\"ez-toc-title-toggle\"><\/span><\/div>\n<nav><ul class='ez-toc-list ez-toc-list-level-1 ' ><li class='ez-toc-page-1 ez-toc-heading-level-2'><a class=\"ez-toc-link ez-toc-heading-1\" href=\"https:\/\/www.canons.es\/ca\/laser-genesis-cutera-opinio-medica\/#que-es-i-per-a-que-serveix-el-laser-genesi-de-cutera\" >Qu\u00e8 \u00e9s i per a qu\u00e8 serveix el l\u00e0ser G\u00e8nesi de Cutera<\/a><\/li><li class='ez-toc-page-1 ez-toc-heading-level-2'><a class=\"ez-toc-link ez-toc-heading-2\" href=\"https:\/\/www.canons.es\/ca\/laser-genesis-cutera-opinio-medica\/#la-nostra-experiencia-a-canons-clinics-amb-el-laser-genesi\" >La nostra experi\u00e8ncia a C\u00e0nons Clinics amb el l\u00e0ser G\u00e8nesi<\/a><ul class='ez-toc-list-level-3' ><li class='ez-toc-heading-level-3'><a class=\"ez-toc-link ez-toc-heading-3\" href=\"https:\/\/www.canons.es\/ca\/laser-genesis-cutera-opinio-medica\/#els-5-motius-pels-quals-ho-incorporem-a-la-clinica\" >Els 5 motius pels quals ho incorporem a la cl\u00ednica<\/a><\/li><li class='ez-toc-page-1 ez-toc-heading-level-3'><a class=\"ez-toc-link ez-toc-heading-4\" href=\"https:\/\/www.canons.es\/ca\/laser-genesis-cutera-opinio-medica\/#quins-resultats-dona-el-laser-genesi-abans-i-despres\" >Quins resultats d\u00f3na el l\u00e0ser G\u00e8nesi: abans i despr\u00e9s<\/a><\/li><li class='ez-toc-page-1 ez-toc-heading-level-3'><a class=\"ez-toc-link ez-toc-heading-5\" href=\"https:\/\/www.canons.es\/ca\/laser-genesis-cutera-opinio-medica\/#com-apliquem-el-laser-genesi-de-cutera\" >Com apliquem el l\u00e0ser G\u00e8nesi de Cutera<\/a><\/li><li class='ez-toc-page-1 ez-toc-heading-level-3'><a class=\"ez-toc-link ez-toc-heading-6\" href=\"https:\/\/www.canons.es\/ca\/laser-genesis-cutera-opinio-medica\/#el-laser-genesi-pot-cremar-la-pell\" >El l\u00e0ser G\u00e8nesi pot cremar la pell?<\/a><\/li><\/ul><\/li><li class='ez-toc-page-1 ez-toc-heading-level-2'><a class=\"ez-toc-link ez-toc-heading-7\" href=\"https:\/\/www.canons.es\/ca\/laser-genesis-cutera-opinio-medica\/#la-meva-opinio-medica-del-laser-genesi-de-cutera-es-bo\" >La meva opini\u00f3 m\u00e8dica del l\u00e0ser G\u00e8nesi de Cutera: \u00e9s bo?<\/a><\/li><li class='ez-toc-page-1 ez-toc-heading-level-2'><a class=\"ez-toc-link ez-toc-heading-8\" href=\"https:\/\/www.canons.es\/ca\/laser-genesis-cutera-opinio-medica\/#es-el-laser-genesi-el-millor-per-a-mi\" >\u00c9s el l\u00e0ser G\u00e8nesi el millor per a mi?<\/a><\/li><li class='ez-toc-page-1 ez-toc-heading-level-2'><a class=\"ez-toc-link ez-toc-heading-9\" href=\"https:\/\/www.canons.es\/ca\/laser-genesis-cutera-opinio-medica\/#mes-informacio\" >M\u00e9s informaci\u00f3<\/a><\/li><\/ul><\/nav><\/div>\n\n<p>&nbsp;<\/p>\n<p>&nbsp;<\/p>\n<h2><span class=\"ez-toc-section\" id=\"que-es-i-per-a-que-serveix-el-laser-genesi-de-cutera\"><\/span><span style=\"color: #0b4f99;\"><b>Qu\u00e8 \u00e9s i per a qu\u00e8 serveix el l\u00e0ser G\u00e8nesi de Cutera<\/b><\/span><span class=\"ez-toc-section-end\"><\/span><\/h2>\n<p><span style=\"font-weight: 400;\">Comencem per la base.<\/span><\/p>\n<p><span style=\"font-weight: 400;\">El l\u00e0ser G\u00e8nesi \u00e9s un <\/span><b>tractament que rejoveneix i corregeix imperfeccions <\/b><span style=\"font-weight: 400;\">degudes a l\u2019edat, el dany solar, la pol\u00b7luci\u00f3 i altres factors. No \u00e9s invasiu. I encara que se sol usar m\u00e9s a la cara, posseeix aplicacions a nivell facial i corporal.<\/span><\/p>\n<p><span style=\"font-weight: 400;\">Cutera \u00e9s l&#8217;empresa que ho desenvolupa. Dels Estats Units.<\/span><\/p>\n<p><span style=\"font-weight: 400;\">T\u00e9 diversos usos i beneficis:<\/span><\/p>\n<ul>\n<li style=\"list-style-type: none;\">\n<ul>\n<li style=\"font-weight: 400;\" aria-level=\"1\"><b>Reafirma la pell, suavitza arrugues fines <\/b><span style=\"font-weight: 400;\">i l\u00ednies d\u2019expressi\u00f3 i retarda l\u2019aparici\u00f3 de nous signes d\u2019envelliment.<\/span><\/li>\n<li style=\"font-weight: 400;\" aria-level=\"1\"><b>Millora la qualitat i textura cut\u00e0nia<\/b><span style=\"font-weight: 400;\">. Revitalitza, unifica i cerra porus, ajudant a mantenir l&#8217;aparen\u00e7a juvenil, fresca i saludable.<\/span><\/li>\n<li style=\"font-weight: 400;\" aria-level=\"1\"><b>Redueix envermelliment dif\u00fas <\/b><span style=\"font-weight: 400;\">associat a ros\u00e0cia, cuperosi, telangiect\u00e0sies i altres lesions vasculars.<\/span><\/li>\n<li style=\"font-weight: 400;\" aria-level=\"1\"><b>Difumina cicatrius<\/b><span style=\"font-weight: 400;\"> postoperatoris, hipertr\u00f2fics, queloides, etc.<\/span><\/li>\n<li style=\"font-weight: 400;\" aria-level=\"1\"><b>Aclareix estries recents<\/b><span style=\"font-weight: 400;\"> que encara tenen un color vermell-violaci.\u00a0<\/span><\/li>\n<li style=\"font-weight: 400;\" aria-level=\"1\"><b>Disminueix l&#8217;acne actiu<\/b><span style=\"font-weight: 400;\"> aix\u00ed com les marques i cicatrius.<\/span><\/li>\n<\/ul>\n<\/li>\n<\/ul>\n<p>&nbsp;<\/p>\n<p><span style=\"font-weight: 400;\">Com funciona?<\/span><\/p>\n<p><span style=\"font-weight: 400;\">B\u00e9, una mica t\u00e8cnic\u2026 Els l\u00e0sers fan una <\/span><b>fototerm\u00f2lisi selectiva<\/b><span style=\"font-weight: 400;\">. \u00c9s a dir, que es dirigeixen a unes o altres estructures de la pell segons el temps d&#8217;exposici\u00f3, el nivell d&#8217;energia i la longitud d&#8217;ona de la llum que emeten (diguem la mida).<\/span><\/p>\n<p><span style=\"font-weight: 400;\">El l\u00e0ser G\u00e8nesi \u00e9s un l\u00e0ser<\/span><b> de neodimi YAG<\/b> <b>1064 nm<\/b><span style=\"font-weight: 400;\"> d&#8217;alta intensitat que dispara r\u00e0fegues molt r\u00e0pides, mil\u00b7lisegons. Aquestes caracter\u00edstiques us permeten produir un <\/span><b>efecte t\u00e8rmic suau a la dermis profunda <\/b><span style=\"font-weight: 400;\">sense fer malb\u00e9 l&#8217;epidermis.<\/span><\/p>\n<p><span style=\"font-weight: 400;\">Qu\u00e8 aconsegueix amb aix\u00f2?<\/span><\/p>\n<ul>\n<li style=\"list-style-type: none;\">\n<ul>\n<li style=\"font-weight: 400;\" aria-level=\"1\"><b>Indueix la s\u00edntesi i remodelaci\u00f3 del col\u00b7lagen<\/b><span style=\"font-weight: 400;\">. Aix\u00ed \u00e9s com tracta arrugues superficials, <\/span><a href=\"https:\/\/www.canons.es\/tratamientos-flacidez-facial-lo-ultimo\/\" target=\"_blank\" rel=\"noopener\"><span style=\"font-weight: 400;\">flacciditat<\/span><\/a><span style=\"font-weight: 400;\">, porus oberts, cicatrius i estries recents.<\/span><\/li>\n<li style=\"font-weight: 400;\" aria-level=\"1\"><b>Trenca els vasos sanguinis \u201cmalalts\u201d<\/b><span style=\"font-weight: 400;\">. Els petits capil\u00b7lars que es han dilatat i ocasionat les vermellors.\u00a0<\/span><\/li>\n<li><b>Ataca les gl\u00e0ndules seb\u00e0cies<\/b><span style=\"font-weight: 400;\">. En casos d&#8217;acne redueix el s\u00e8u, dificultant la proliferaci\u00f3 de <\/span><i><span style=\"font-weight: 400;\">Cutibacteri acnes<\/span><\/i><span style=\"font-weight: 400;\">, el bacteri que ho provoca. Tamb\u00e9 modula la inflamaci\u00f3, cosa que juntament amb l&#8217;anterior aconsegueix disminuir les lesions.<\/span><\/li>\n<\/ul>\n<\/li>\n<\/ul>\n<p>&nbsp;<\/p>\n<p>&nbsp;<\/p>\n<h2><span class=\"ez-toc-section\" id=\"la-nostra-experiencia-a-canons-clinics-amb-el-laser-genesi\"><\/span><span style=\"color: #0b4f99;\"><b>La nostra experi\u00e8ncia a C\u00e0nons Clinics amb el l\u00e0ser G\u00e8nesi<\/b><\/span><span class=\"ez-toc-section-end\"><\/span><\/h2>\n<h3 style=\"margin-top: 20px; margin-bottom: 20px;\"><span class=\"ez-toc-section\" id=\"els-5-motius-pels-quals-ho-incorporem-a-la-clinica\"><\/span><span style=\"color: #3498db;\"><b>Els 5 motius pels quals ho incorporem a la cl\u00ednica<\/b><\/span><span class=\"ez-toc-section-end\"><\/span><\/h3>\n<p><span style=\"font-weight: 400;\">Portem amb el l\u00e0ser G\u00e8nesi des del 2016. Al meu entendre tot un descobriment.<\/span><\/p>\n<p><span style=\"font-weight: 400;\">Hi va haver diversos aspectes que em van conv\u00e8ncer i que he anat comprovant al llarg d&#8217;aquest temps amb els nostres pacients a C\u00e0nons Clinics:<\/span><\/p>\n<ul>\n<li style=\"list-style-type: none;\">\n<ul>\n<li style=\"font-weight: 400;\" aria-level=\"1\"><b>Apte per a totes les pells<\/b><span style=\"font-weight: 400;\">.Des de les joves amb imperfeccions a les madures amb signes de l&#8217;edat.<\/span><\/li>\n<li style=\"font-weight: 400;\" aria-level=\"1\"><b>T\u00e9 m\u00faltiples aplicacions<\/b><span style=\"font-weight: 400;\">: arrugues, vermellors, acne, cicatrius, porus&#8230; Es pot fer servir en qualsevol \u00e8poca de l&#8217;any i \u00e9s combinable amb altres t\u00e8cniques de <\/span><a href=\"https:\/\/www.canons.es\/medicina-estetica-facial-2\/\" target=\"_blank\" rel=\"noopener\"><span style=\"font-weight: 400;\">medicina est\u00e8tica facial<\/span><\/a><span style=\"font-weight: 400;\"> per potenciar els resultats.<\/span><\/li>\n<li style=\"font-weight: 400;\" aria-level=\"1\"><b>No fa malb\u00e9 la pell<\/b><span style=\"font-weight: 400;\">. No \u00e9s un l\u00e0ser ablatiu, per la qual cosa no afecta la superf\u00edcie cut\u00e0nia. Els que s\u00ed que s\u00f3n ablatius com el de CO2 funcionen eliminant una fina capa epid\u00e8rmica. S\u00f3n m\u00e9s potents\u2026 i tamb\u00e9 m\u00e9s agressius.<\/span><\/li>\n<li style=\"font-weight: 400;\" aria-level=\"1\"><b>\u00c9s molt segur, no dol i la recuperaci\u00f3 \u00e9s immediata<\/b><span style=\"font-weight: 400;\">. \u00c9s un tractament molt c\u00f2mode per al pacient. El mateix dia tornes a les teves tasques habituals, com a molt amb un lleu envermelliment que se&#8217;n va r\u00e0pid. No deixa marques.\u00a0<\/span><\/li>\n<li style=\"font-weight: 400;\" aria-level=\"1\"><b>Hi ha una base cient\u00edfica darrere<\/b><span style=\"font-weight: 400;\">. El l\u00e0ser de neodimi YAG de 1064 nm que incorpora aquesta tecnologia fa anys estudiant-se (Cutera ha innovat en la seva aplicaci\u00f3). Aix\u00f2 sempre ens donar\u00e0 un plus de confian\u00e7a.\u00a0<\/span><\/li>\n<\/ul>\n<\/li>\n<\/ul>\n<p>&nbsp;<\/p>\n<p><span style=\"font-weight: 400;\">Als Estats Units \u00e9s una ter\u00e0pia molt popular que ja t\u00e9 traject\u00f2ria. Aqu\u00ed a Espanya cada vegada se&#8217;n coneix m\u00e9s, encara que continua sent for\u00e7a exclusiva.<\/span><\/p>\n<p><span style=\"font-weight: 400;\">Nosaltres en disposem a Barcelona ia Granollers (<\/span><a href=\"https:\/\/www.canons.es\/canons-barcelona\/\" target=\"_blank\" rel=\"noopener\"><span style=\"font-weight: 400;\">vols demanar cita?<\/span><\/a><span style=\"font-weight: 400;\">).<\/span><\/p>\n<p>&nbsp;<\/p>\n<h3 style=\"margin-top: 20px; margin-bottom: 20px;\"><span class=\"ez-toc-section\" id=\"quins-resultats-dona-el-laser-genesi-abans-i-despres\"><\/span><span style=\"color: #3498db;\"><b>Quins resultats d\u00f3na el l\u00e0ser G\u00e8nesi: abans i despr\u00e9s<\/b><\/span><span class=\"ez-toc-section-end\"><\/span><\/h3>\n<p><span style=\"font-weight: 400;\">Partim que aquest \u00e9s un tipus de l\u00e0ser no ablatiu.<\/span><\/p>\n<p><span style=\"font-weight: 400;\">Qu\u00e8 vol dir aix\u00f2? Doncs que \u00e9s molt m\u00e9s amable amb la pell que un l\u00e0ser ablatiu, de manera que <\/span><b>els efectes s\u00f3n m\u00e9s subtils i graduals<\/b><span style=\"font-weight: 400;\"> i requereix diverses sessions. M\u00e9s o menys dep\u00e8n de les necessitats, per\u00f2 a m\u00e9s const\u00e0ncia, millors resultats.\u00a0<\/span><\/p>\n<p><span style=\"font-weight: 400;\">Et mostro un parell de casos molt bonics que hem tingut a C\u00e0nons Clinics.<\/span><\/p>\n<p><span style=\"font-weight: 400;\">Un \u00e9s un pacient home jove que patia ros\u00e0cia amb envermelliment est\u00e8s en galtes i pres\u00e8ncia de p\u00fastules.\u00a0<\/span><\/p>\n<p><span style=\"font-weight: 400;\">Abans i despr\u00e9s d&#8217;aplicar aquesta tecnologia:<\/span><\/p>\n<p><a href=\"https:\/\/www.canons.es\/wp-content\/uploads\/2025\/03\/laser-genesis-antes-y-despues-rosacea.jpg\"><img loading=\"lazy\" decoding=\"async\" class=\"aligncenter wp-image-21760\" src=\"https:\/\/www.canons.es\/wp-content\/uploads\/2025\/03\/laser-genesis-antes-y-despues-rosacea-300x300.jpg\" alt=\"Resultat abans i despr\u00e9s del l\u00e0ser G\u00e8nesi de Cutera en pacient amb ros\u00e0cia\" width=\"438\" height=\"438\" srcset=\"https:\/\/www.canons.es\/wp-content\/uploads\/2025\/03\/laser-genesis-antes-y-despues-rosacea-300x300.jpg 300w, https:\/\/www.canons.es\/wp-content\/uploads\/2025\/03\/laser-genesis-antes-y-despues-rosacea-1024x1024.jpg 1024w, https:\/\/www.canons.es\/wp-content\/uploads\/2025\/03\/laser-genesis-antes-y-despues-rosacea-150x150.jpg 150w, https:\/\/www.canons.es\/wp-content\/uploads\/2025\/03\/laser-genesis-antes-y-despues-rosacea-768x768.jpg 768w, https:\/\/www.canons.es\/wp-content\/uploads\/2025\/03\/laser-genesis-antes-y-despues-rosacea-570x570.jpg 570w, https:\/\/www.canons.es\/wp-content\/uploads\/2025\/03\/laser-genesis-antes-y-despues-rosacea-500x500.jpg 500w, https:\/\/www.canons.es\/wp-content\/uploads\/2025\/03\/laser-genesis-antes-y-despues-rosacea-1000x1000.jpg 1000w, https:\/\/www.canons.es\/wp-content\/uploads\/2025\/03\/laser-genesis-antes-y-despues-rosacea-700x700.jpg 700w, https:\/\/www.canons.es\/wp-content\/uploads\/2025\/03\/laser-genesis-antes-y-despues-rosacea.jpg 1080w\" sizes=\"auto, (max-width: 438px) 100vw, 438px\" \/><\/a><\/p>\n<p style=\"text-align: center; font-size: 12px;\"><span style=\"font-weight: 400;\">Les vermellors han desaparegut gaireb\u00e9 del tot i la textura de la pell ha millorat visiblement<\/span><\/p>\n<p>&nbsp;<\/p>\n<p><span style=\"font-weight: 400;\">Una aplicaci\u00f3 al meu entendre fant\u00e0stica del l\u00e0ser G\u00e8nesi de Cutera s\u00f3n les estries recents al cos.\u00a0<\/span><\/p>\n<p><span style=\"font-weight: 400;\">Fixa&#8217;t en aquest altre pacient:<\/span><\/p>\n<p style=\"text-align: center; font-size: 12px;\"><a href=\"https:\/\/www.canons.es\/wp-content\/uploads\/2025\/03\/laser-genesis-antes-y-despues-estrias.jpg\"><img loading=\"lazy\" decoding=\"async\" class=\"aligncenter wp-image-21765\" src=\"https:\/\/www.canons.es\/wp-content\/uploads\/2025\/03\/laser-genesis-antes-y-despues-estrias-300x300.jpg\" alt=\"Resultat abans i despr\u00e9s del l\u00e0ser G\u00e8nesi en pacient amb estries recents\" width=\"438\" height=\"438\" srcset=\"https:\/\/www.canons.es\/wp-content\/uploads\/2025\/03\/laser-genesis-antes-y-despues-estrias-300x300.jpg 300w, https:\/\/www.canons.es\/wp-content\/uploads\/2025\/03\/laser-genesis-antes-y-despues-estrias-1024x1024.jpg 1024w, https:\/\/www.canons.es\/wp-content\/uploads\/2025\/03\/laser-genesis-antes-y-despues-estrias-150x150.jpg 150w, https:\/\/www.canons.es\/wp-content\/uploads\/2025\/03\/laser-genesis-antes-y-despues-estrias-768x768.jpg 768w, https:\/\/www.canons.es\/wp-content\/uploads\/2025\/03\/laser-genesis-antes-y-despues-estrias-570x570.jpg 570w, https:\/\/www.canons.es\/wp-content\/uploads\/2025\/03\/laser-genesis-antes-y-despues-estrias-500x500.jpg 500w, https:\/\/www.canons.es\/wp-content\/uploads\/2025\/03\/laser-genesis-antes-y-despues-estrias-1000x1000.jpg 1000w, https:\/\/www.canons.es\/wp-content\/uploads\/2025\/03\/laser-genesis-antes-y-despues-estrias-700x700.jpg 700w, https:\/\/www.canons.es\/wp-content\/uploads\/2025\/03\/laser-genesis-antes-y-despues-estrias.jpg 1080w\" sizes=\"auto, (max-width: 438px) 100vw, 438px\" \/><\/a><span style=\"font-weight: 400;\">S&#8217;han atenuat les estries despr\u00e9s d&#8217;aplicar el l\u00e0ser G\u00e8nesi. Es nota sobretot en la que \u00e9s m\u00e9s avall<\/span><\/p>\n<p>&nbsp;<\/p>\n<h3 style=\"margin-top: 20px; margin-bottom: 20px;\"><span class=\"ez-toc-section\" id=\"com-apliquem-el-laser-genesi-de-cutera\"><\/span><span style=\"color: #3498db;\"><b>Com apliquem el l\u00e0ser G\u00e8nesi de Cutera<\/b><\/span><span class=\"ez-toc-section-end\"><\/span><\/h3>\n<p><span style=\"font-weight: 400;\">T&#8217;agrada fer exercici?<\/span><\/p>\n<p><span style=\"font-weight: 400;\">A l&#8217;hora d&#8217;entrenar o fer alguna activitat f\u00edsica sempre es recomana comen\u00e7ar amb un escalfament i refredar en acabar. D\u2019aquesta manera s\u2019ha vist que s?incrementa el rendiment i es redueix el risc de dolors i lesions.<\/span><\/p>\n<p><span style=\"font-weight: 400;\">En els tractaments est\u00e8tics passa igual.<\/span><\/p>\n<div class=\"twoImagesWrapper\">\n<div>\n<p><span style=\"font-weight: 400;\">L&#8217;experi\u00e8ncia ens ha demostrat que <\/span><b>la pell respon molt millor si la preparem abans i la calmem despr\u00e9s<\/b><span style=\"font-weight: 400;\">.<\/span><\/p>\n<p><span style=\"font-weight: 400;\">Els beneficis augmenten, el procediment \u00e9s m\u00e9s confortable segons l&#8217;opini\u00f3 dels pacients i en disminueixen les possibles mol\u00e8sties.<\/span><\/p>\n<p><span style=\"font-weight: 400;\">Qu\u00e8 fem a C\u00e0nons Clinics?<\/span><\/p>\n<p><span style=\"font-weight: 400;\">Primer <\/span><b>netegem i fem servir exfoliants<\/b><span style=\"font-weight: 400;\"> per assegurar que la superf\u00edcie cut\u00e0nia \u00e9s lliure d&#8217;impureses que puguin interferir amb el tractament. Els estenem amb un massatge suau molt relaxant.<\/span><\/p>\n<p><span style=\"font-weight: 400;\">Quan hem aplicat el l\u00e0ser G\u00e8nesi, <\/span><b>fem servir cremes hidratants<\/b><span style=\"font-weight: 400;\"> per afavorir la recuperaci\u00f3 del teixit.<\/span><\/p>\n<p><span style=\"font-weight: 400;\">Al v\u00eddeo pots veure com \u00e9s<\/span><\/p>\n<\/div>\n<div style=\"width: 640px;\" class=\"wp-video\"><video class=\"wp-video-shortcode\" id=\"video-16672-2\" width=\"640\" height=\"360\" preload=\"metadata\" controls=\"controls\"><source type=\"video\/mp4\" src=\"https:\/\/www.canons.es\/wp-content\/uploads\/2025\/03\/Video-de-WhatsApp-2025-02-14-a-les-16.27.03_49f6b429.mp4?_=2\" \/><a href=\"https:\/\/www.canons.es\/wp-content\/uploads\/2025\/03\/Video-de-WhatsApp-2025-02-14-a-les-16.27.03_49f6b429.mp4\">https:\/\/www.canons.es\/wp-content\/uploads\/2025\/03\/Video-de-WhatsApp-2025-02-14-a-les-16.27.03_49f6b429.mp4<\/a><\/video><\/div>\n<\/div>\n<p>&nbsp;<\/p>\n<h3 style=\"margin-top: 20px; margin-bottom: 20px;\"><span class=\"ez-toc-section\" id=\"el-laser-genesi-pot-cremar-la-pell\"><\/span><span style=\"color: #3498db;\"><b>El l\u00e0ser G\u00e8nesi pot cremar la pell?<\/b><\/span><span class=\"ez-toc-section-end\"><\/span><\/h3>\n<p><span style=\"font-weight: 400;\">Sempre que es utilitzar com cal, <\/span><b>ni fa mal ni crema<\/b><span style=\"font-weight: 400;\">. Ni tan sols cal crema anest\u00e8sica com en altres procediments.<\/span><\/p>\n<p><span style=\"font-weight: 400;\">Aix\u00f2 no obstant, si est\u00e0s valorant fer-te aquest o altre tractament est\u00e8tic, acudeix sempre a centres m\u00e8dics especialitzats (ja sigui el nostre o altres). Una mala aplicaci\u00f3 s\u00ed que pot ser perillosa. He vist cada cas\u2026<\/span><\/p>\n<p><span style=\"font-weight: 400;\">El que se sent amb el l\u00e0ser G\u00e8nesi de Cutera \u00e9s una lleugera calor. Com em van dir en una ocasi\u00f3: <\/span><b>\u201c\u00e9s com estar a la platja prenent el solet\u201d<\/b><span style=\"font-weight: 400;\">. N&#8217;hi ha que opinen que \u00e9s semblant a posar-se davant d&#8217;una c\u00e0lida foguera.<\/span><\/p>\n<p><span style=\"font-weight: 400;\">Per a la majoria de pacients \u00e9s molt agradable.<\/span><\/p>\n<p>&nbsp;<\/p>\n<p>&nbsp;<\/p>\n<h2><span class=\"ez-toc-section\" id=\"la-meva-opinio-medica-del-laser-genesi-de-cutera-es-bo\"><\/span><span style=\"color: #0b4f99;\"><b>La meva opini\u00f3 m\u00e8dica del l\u00e0ser G\u00e8nesi de Cutera: \u00e9s bo?<\/b><\/span><span class=\"ez-toc-section-end\"><\/span><\/h2>\n<p><span style=\"font-weight: 400;\">La nostra experi\u00e8ncia a C\u00e0nons Clinics amb el l\u00e0ser G\u00e8nesi \u00e9s molt positiva.<\/span><\/p>\n<p><span style=\"font-weight: 400;\">Evidentment no \u00e9s per a tothom. Dep\u00e8n dels desitjos del pacient, de l&#8217;estat de la pell, de si hi ha contraindicacions\u2026 Per exemple, si tens ferides obertes o est\u00e0s embarassada, cal valorar altres opcions.\u00a0<\/span><\/p>\n<p><span style=\"font-weight: 400;\">Per\u00f2 al meu entendre <\/span><b>ca<\/b> <b>molt vers\u00e0til, indolor i sobretot segur<\/b><span style=\"font-weight: 400;\">. Un l\u00e0ser no ablatiu amb m\u00ednimes mol\u00e8sties que no obliga a una inactivitat. Curr\u00edculums la rutina a l&#8217;instant.<\/span><\/p>\n<p><span style=\"font-weight: 400;\">I com has vist abans, <\/span><b>els resultats s\u00f3n fant\u00e0stics<\/b><span style=\"font-weight: 400;\">. M\u00e9s modestos i graduals si ho comparem amb altres t\u00e8cniques, per\u00f2 tot i aix\u00ed molt bons. Ideal per als que rebutgen una cirurgia i volen una soluci\u00f3 efectiva que no sigui invasiva.<\/span><\/p>\n<p><span style=\"font-weight: 400;\">Alguns casos en qu\u00e8 ho recomano:<\/span><\/p>\n<ul>\n<li style=\"list-style-type: none;\">\n<ul>\n<li style=\"font-weight: 400;\" aria-level=\"1\"><b>Com a ter\u00e0pia rejovenidora de manteniment o puntual <\/b><span style=\"font-weight: 400;\">si tens un esdeveniment a prop i t&#8217;agradaria anar enlluernadora.\u00a0<\/span><\/li>\n<li style=\"font-weight: 400;\" aria-level=\"1\"><b>Joves que desitgen endarrerir els signes de l&#8217;edat<\/b><span style=\"font-weight: 400;\">. Arruguetes, flacciditat, fotoenvelliment\u2026 \u00c9s un tractament preventiu fabul\u00f3s.<\/span><\/li>\n<li style=\"font-weight: 400;\" aria-level=\"1\"><b>Persones ocupades <\/b><span style=\"font-weight: 400;\">que no poden agafar-se uns dies lliures per recuperar-se. Les sessions a m\u00e9s s\u00f3n curtetes.<\/span><\/li>\n<li style=\"font-weight: 400;\" aria-level=\"1\"><b>Pells fosques (fototipus IV-VI o si t&#8217;has bronzejat)<\/b><span style=\"font-weight: 400;\">, ja que t\u00e9 molt menys risc de causar hiperpigmentaci\u00f3 que altres l\u00e0sers o IPL.<\/span><\/li>\n<\/ul>\n<\/li>\n<\/ul>\n<p>&nbsp;<\/p>\n<p><span style=\"font-weight: 400;\">Els pacients aqu\u00ed estan encantats amb el l\u00e0ser G\u00e8nesi, m\u00e9s tenint en compte que <\/span><b>no \u00e9s excessivament cost\u00f3s<\/b><span style=\"font-weight: 400;\">. Si veniu a la cl\u00ednica, us donarem un pressupost personalitzat amb el preu i el que inclou.<\/span><\/p>\n<p>&nbsp;<\/p>\n<p>&nbsp;<\/p>\n<h2><span class=\"ez-toc-section\" id=\"es-el-laser-genesi-el-millor-per-a-mi\"><\/span><span style=\"color: #0b4f99;\"><b>\u00c9s el l\u00e0ser G\u00e8nesi el millor per a mi?<\/b><\/span><span class=\"ez-toc-section-end\"><\/span><\/h2>\n<p><span style=\"font-weight: 400;\">El l\u00e0ser G\u00e8nesi de Cutera cobreix un ampli espectre de necessitats i al meu entendre funciona molt b\u00e9, per\u00f2 al final cada pacient \u00e9s un m\u00f3n. Si no est\u00e0 ben indicat, els resultats no seran els esperats.<\/span><\/p>\n<p><b>Per qu\u00e8 no te&#8217;n vens i m&#8217;expliques amb calma? <\/b><span style=\"font-weight: 400;\">A C\u00e0nons Clinics disposem d\u00b4un ampli repertori de tractaments per poder escollir el m\u00e9s \u00f2ptim en cada cas.<\/span><\/p>\n<p><span style=\"font-weight: 400;\">Pots demanar cita a la nostra cl\u00ednica de Barcelona o a Granollers trucant-nos al <\/span><b>683 27 07 09<\/b><span style=\"font-weight: 400;\">. Tamb\u00e9 pots escriure&#8217;ns per <\/span><b>WhatsApp <\/b><span style=\"font-weight: 400;\">al mateix n\u00famero o emplenar el <\/span><b>formulari de contacte<\/b><span style=\"font-weight: 400;\"> al que accedeixes al bot\u00f3 de sota.<\/span><\/p>\n<p><span style=\"font-weight: 400;\">Aix\u00ed veiem si seria el millor per a tu o si hi ha una altra soluci\u00f3 m\u00e9s adequada.<\/span><\/p>\n<p>&nbsp;<\/p>\n<p style=\"text-align: center;\"><a style=\"text-decoration: none; padding: 15px 25px; color: white; background-color: #0b4f99;\" href=\"https:\/\/www.canons.es\/ca\/contacto-barcelona\/\" target=\"_blank\" rel=\"noopener\">Demana pressupost i informaci\u00f3<\/a><\/p>\n<p>&nbsp;<\/p>\n<p>&nbsp;<\/p>\n<h2><span class=\"ez-toc-section\" id=\"mes-informacio\"><\/span><span style=\"color: #0b4f99;\"><b>M\u00e9s informaci\u00f3<\/b><\/span><span class=\"ez-toc-section-end\"><\/span><\/h2>\n<p><span style=\"font-weight: 400;\">A la nostra p\u00e0gina del <\/span><a href=\"https:\/\/www.canons.es\/terapia-facial-con-laser-genesis-de-cutera\/\" target=\"_blank\" rel=\"noopener\"><span style=\"font-weight: 400;\">l\u00e0ser G\u00e8nesi de Cutera<\/span><\/a><span style=\"font-weight: 400;\"> pots informar-te&#8217;n m\u00e9s.<\/span><\/p>\n<p><span style=\"font-weight: 400;\">I si t&#8217;agradaria investigar m\u00e9s\u2026<\/span><\/p>\n<ul>\n<li style=\"list-style-type: none;\">\n<ul>\n<li aria-level=\"1\"><span style=\"font-weight: 400;\">Lee YB et al. <\/span><b>Efectes del l\u00e0ser granat d&#8217;alumini d&#8217;itri dopat amb neodimi de 1.064 nm de pols llarg sobre la remodelaci\u00f3 del col\u00b7lagen d\u00e8rmic<\/b><span style=\"font-weight: 400;\"> en ratolins sense p\u00e8l. Dermatol Surg. 2012 Jul;38(7 Pt 1):985-92. <\/span><a href=\"https:\/\/pubmed.ncbi.nlm.nih.gov\/22404226\/\" target=\"_blank\" rel=\"noopener\"><span style=\"font-weight: 400;\">Font<\/span><\/a><span style=\"font-weight: 400;\">.<\/span><\/li>\n<\/ul>\n<\/li>\n<\/ul>\n<ul>\n<li style=\"list-style-type: none;\">\n<ul>\n<li aria-level=\"1\"><span style=\"font-weight: 400;\">Monib KME, Hussein MS. <\/span><b>L\u00e0ser Nd: YAG vs IPL en el tractament de lesions de l&#8217;acne inflamat\u00f2ria i no inflamat\u00f2ria<\/b><span style=\"font-weight: 400;\">. J Cosmet Dermatol. 2020 setembre;19(9):2325-2332. <\/span><a href=\"https:\/\/pubmed.ncbi.nlm.nih.gov\/31889382\/\" target=\"_blank\" rel=\"noopener\"><span style=\"font-weight: 400;\">Font<\/span><\/a><span style=\"font-weight: 400;\">.<\/span><\/li>\n<\/ul>\n<\/li>\n<\/ul>\n<ul>\n<li style=\"list-style-type: none;\">\n<ul>\n<li aria-level=\"1\"><span style=\"font-weight: 400;\">Leszczynski R et al. <\/span><b>Ter\u00e0pia l\u00e0ser per al tractament de cicatrius hipertr\u00f2fiques i queloides<\/b><span style=\"font-weight: 400;\">. Cochrane Database Syst Rev. 2022 26 de setembre;9(9):CD011642. <\/span><a href=\"https:\/\/pubmed.ncbi.nlm.nih.gov\/36161591\/\" target=\"_blank\" rel=\"noopener\"><span style=\"font-weight: 400;\">Font<\/span><\/a><span style=\"font-weight: 400;\">.<\/span><\/li>\n<\/ul>\n<\/li>\n<\/ul>\n<ul>\n<li style=\"list-style-type: none;\">\n<ul>\n<li style=\"font-weight: 400;\" aria-level=\"1\"><span style=\"font-weight: 400;\">Wang Y, Zheng Y, Cai S. Efic\u00e0cia i seguretat del l\u00e0ser fraccionat no ablatiu de 1565 nm versus <\/span><b>l\u00e0ser Nd:YAG de 1064 nm de pols llarg en el tractament dels porus facials dilatats<\/b><span style=\"font-weight: 400;\">. L\u00e0sers Med Sci. Octubre de 2022;37(8):3279-3284. <\/span><a href=\"https:\/\/pmc.ncbi.nlm.nih.gov\/articles\/PMC9525434\/\" target=\"_blank\" rel=\"noopener\"><span style=\"font-weight: 400;\">Font<\/span><\/a><span style=\"font-weight: 400;\">.<\/span><\/li>\n<li style=\"font-weight: 400;\" aria-level=\"1\"><span style=\"font-weight: 400;\">Srinivas CR, Kumaresan M. <\/span><b>L\u00e0ser per a lesions vasculars<\/b><span style=\"font-weight: 400;\">: directrius est\u00e0ndard de cura. Indian J Dermatol Venereol Leprol. 2011 maig-juny;77(3):349-68. <\/span><a href=\"https:\/\/ijdvl.com\/lasers-for-vascular-lesions-standard-guidelines-of-care\/\" target=\"_blank\" rel=\"noopener\"><span style=\"font-weight: 400;\">Font<\/span><\/a><span style=\"font-weight: 400;\">.<\/span><\/li>\n<li style=\"font-weight: 400;\" aria-level=\"1\"><span style=\"font-weight: 400;\">Societat Espanyola de L\u00e0ser M\u00e8dic Quir\u00fargic. <\/span><b>Interacci\u00f3 dels l\u00e0sers amb els teixits biol\u00f2gics<\/b><span style=\"font-weight: 400;\"> [Internet]. SELMQ [citat el 25 de febrer de 2025]. <\/span><a href=\"https:\/\/www.selmq.net\/informacion-al-paciente\/interaccion-de-los-laseres-con-los-tejidos-biologicos\" target=\"_blank\" rel=\"noopener\"><span style=\"font-weight: 400;\">Font<\/span><\/a><span style=\"font-weight: 400;\">.<\/span><\/li>\n<li><span style=\"font-weight: 400;\">Acad\u00e8mia Espanyola de Dermatologia i Venereologia. <\/span><b>L\u00e0ser i Llum intensa polsada (IPL)<\/b><span style=\"font-weight: 400;\"> [Internet]. AEDV; 2016 [citat el 25 de febrer de 2025]. <\/span><a href=\"https:\/\/aedv.fundacionpielsana.es\/wikiderma\/laser-y-luz-intensa-pulsada-ipl\/\" target=\"_blank\" rel=\"noopener\"><span style=\"font-weight: 400;\">Font<\/span><\/a><span style=\"font-weight: 400;\">.<\/span><\/li>\n<\/ul>\n<\/li>\n<\/ul>\n<p>&nbsp;<\/p>\n<div class=\"cuadroAutor\">\n<h3 style=\"margin-top: 20px; margin-bottom: 20px;\"><b><a href=\"https:\/\/www.canons.es\/wp-content\/uploads\/2024\/05\/drVictorHernandez.jpg\"><img loading=\"lazy\" decoding=\"async\" class=\"alignnone wp-image-21422 size-large\" src=\"https:\/\/www.canons.es\/wp-content\/uploads\/2024\/05\/drVictorHernandez-768x1024.jpg\" alt=\"Imatge frontal de Dr. V\u00edctor Hern\u00e0ndez Machado. Director m\u00e8dic de C\u00e0nons Clinics\" width=\"768\" height=\"1024\" srcset=\"https:\/\/www.canons.es\/wp-content\/uploads\/2024\/05\/drVictorHernandez-768x1024.jpg 768w, https:\/\/www.canons.es\/wp-content\/uploads\/2024\/05\/drVictorHernandez-225x300.jpg 225w, https:\/\/www.canons.es\/wp-content\/uploads\/2024\/05\/drVictorHernandez-600x800.jpg 600w, https:\/\/www.canons.es\/wp-content\/uploads\/2024\/05\/drVictorHernandez-700x933.jpg 700w, https:\/\/www.canons.es\/wp-content\/uploads\/2024\/05\/drVictorHernandez.jpg 900w\" sizes=\"auto, (max-width: 768px) 100vw, 768px\" \/><\/a><\/b><\/h3>\n<div>\n<h3 style=\"margin-top: 20px; margin-bottom: 20px;\"><b>Dr. V\u00edctor Hern\u00e0ndez Machado. Director m\u00e8dic de C\u00e0nons Clinics<\/b><\/h3>\n<p><strong>Cirurgi\u00e0 pl\u00e0stic<\/strong> especialista en cirurgia facial i contorn corporal, amb experi\u00e8ncia al sector privat <strong>des del 2001<\/strong>. Advoco per una cirurgia i medicina est\u00e8tica honrada en qu\u00e8 els resultats millorin, no canvi\u00efn.<\/p>\n<p><strong>Metge col\u00b7legiat<\/strong> a Barcelona n\u00fam. 30493, membre de la <strong>SECPRE<\/strong> i <strong>secretari general<\/strong> de la Societat Espanyola de L\u00e0ser M\u00e8dic Quir\u00fargic (SELMQ).<\/p>\n<p><a href=\"https:\/\/www.canons.es\/ca\/dr-victor-hernandez-machado\/\" target=\"_blank\" rel=\"noopener\"><span style=\"font-weight: 400;\">Curr\u00edculum<\/span><\/a><span style=\"font-weight: 400;\">. <\/span><a href=\"https:\/\/www.linkedin.com\/in\/victorhernandezmachado\/\" target=\"_blank\" rel=\"noopener\"><span style=\"font-weight: 400;\">LinkedIn<\/span><\/a><span style=\"font-weight: 400;\">.<\/span><\/p>\n<\/div>\n<\/div>\n<!-- AddThis Advanced Settings generic via filter on the_content --><!-- AddThis Share Buttons generic via filter on the_content -->","protected":false},"excerpt":{"rendered":"<p>La tecnologia l\u00e0ser ha estat com la penicil\u00b7lina de la medicina est\u00e8tica. Una troballa que ha iniciat una nova era de tractaments dermatol\u00f2gics de bellesa i cura de la pell. Entre ells avui dia hi ha el l\u00e0ser G\u00e8nesi de Cutera, molt popular als EUA&#8230;.<!-- AddThis Advanced Settings generic via filter on get_the_excerpt --><!-- AddThis Share Buttons generic via filter on get_the_excerpt --><\/p>\n","protected":false},"author":25,"featured_media":21757,"comment_status":"closed","ping_status":"closed","sticky":false,"template":"","format":"standard","meta":{"footnotes":""},"categories":[79,894,895],"tags":[401,472,473,474,411,385,475],"class_list":["post-16672","post","type-post","status-publish","format-standard","has-post-thumbnail","hentry","category-blog-del-dr-victor-hernandez-da-costa-ca","category-medicina-estetica-corporal-ca-2","category-medicina-estetica-facial-ca-2","tag-canons-clinics-ca","tag-cutera-ca","tag-laser-genesis-ca","tag-medicina-estetica-facial-2-ca","tag-tractament-facial","tag-tratamiento-facial-ca","tag-tratamientos-esteticos-ca"],"yoast_head":"<!-- This site is optimized with the Yoast SEO Premium plugin v26.9 (Yoast SEO v27.4) - https:\/\/yoast.com\/product\/yoast-seo-premium-wordpress\/ -->\n<title>La meva experi\u00e8ncia amb el l\u00e0ser G\u00e8nesi de Cutera: realment funciona? Opini\u00f3 m\u00e8dica - Cl\u00ednica C\u00e0nons | Cirurgia i Medicina Estetica a Barcelona, \u200b\u200bGranollers<\/title>\n<meta name=\"robots\" content=\"index, follow, max-snippet:-1, max-image-preview:large, max-video-preview:-1\" \/>\n<link rel=\"canonical\" href=\"https:\/\/www.canons.es\/laser-genesis-cutera-opinion-medica\/\" \/>\n<meta property=\"og:locale\" content=\"ca_ES\" \/>\n<meta property=\"og:type\" content=\"article\" \/>\n<meta property=\"og:title\" content=\"La meva experi\u00e8ncia amb el l\u00e0ser G\u00e8nesi de Cutera: realment funciona? Opini\u00f3 m\u00e8dica\" \/>\n<meta property=\"og:description\" content=\"La tecnologia l\u00e0ser ha estat com la penicil\u00b7lina de la medicina est\u00e8tica. Una troballa que ha iniciat una nova era de tractaments dermatol\u00f2gics de bellesa i cura de la pell. Entre ells avui dia hi ha el l\u00e0ser G\u00e8nesi de Cutera, molt popular als EUA....\" \/>\n<meta property=\"og:url\" content=\"https:\/\/www.canons.es\/laser-genesis-cutera-opinion-medica\/\" \/>\n<meta property=\"og:site_name\" content=\"Cl\u00ednica C\u00e0nons | Cirurgia i Medicina Estetica a Barcelona, \u200b\u200bGranollers\" \/>\n<meta property=\"article:publisher\" content=\"https:\/\/www.facebook.com\/canonsclinics\/\" \/>\n<meta property=\"article:published_time\" content=\"2025-02-28T13:22:44+00:00\" \/>\n<meta property=\"article:modified_time\" content=\"2025-03-19T13:09:26+00:00\" \/>\n<meta property=\"og:image\" content=\"https:\/\/www.canons.es\/wp-content\/uploads\/2025\/03\/laser-genesis-cutera-opinion-medica.jpg\" \/>\n\t<meta property=\"og:image:width\" content=\"1024\" \/>\n\t<meta property=\"og:image:height\" content=\"682\" \/>\n\t<meta property=\"og:image:type\" content=\"image\/jpeg\" \/>\n<meta name=\"author\" content=\"administrador\" \/>\n<meta name=\"twitter:card\" content=\"summary_large_image\" \/>\n<meta name=\"twitter:creator\" content=\"@canonsclinics\" \/>\n<meta name=\"twitter:site\" content=\"@canonsclinics\" \/>\n<meta name=\"twitter:label1\" content=\"Escrit per\" \/>\n\t<meta name=\"twitter:data1\" content=\"administrador\" \/>\n\t<meta name=\"twitter:label2\" content=\"Temps estimat de lectura\" \/>\n\t<meta name=\"twitter:data2\" content=\"10 minuts\" \/>\n<script type=\"application\/ld+json\" class=\"yoast-schema-graph\">{\"@context\":\"https:\\\/\\\/schema.org\",\"@graph\":[{\"@type\":\"Article\",\"@id\":\"https:\\\/\\\/www.canons.es\\\/laser-genesis-cutera-opinion-medica\\\/#article\",\"isPartOf\":{\"@id\":\"https:\\\/\\\/www.canons.es\\\/laser-genesis-cutera-opinion-medica\\\/\"},\"author\":{\"name\":\"administrador\",\"@id\":\"https:\\\/\\\/www.canons.es\\\/#\\\/schema\\\/person\\\/947d7b84e9c15475d0452e32f9d72fb7\"},\"headline\":\"La meva experi\u00e8ncia amb el l\u00e0ser G\u00e8nesi de Cutera: realment funciona? Opini\u00f3 m\u00e8dica\",\"datePublished\":\"2025-02-28T13:22:44+00:00\",\"dateModified\":\"2025-03-19T13:09:26+00:00\",\"mainEntityOfPage\":{\"@id\":\"https:\\\/\\\/www.canons.es\\\/laser-genesis-cutera-opinion-medica\\\/\"},\"wordCount\":1935,\"publisher\":{\"@id\":\"https:\\\/\\\/www.canons.es\\\/#organization\"},\"image\":{\"@id\":\"https:\\\/\\\/www.canons.es\\\/laser-genesis-cutera-opinion-medica\\\/#primaryimage\"},\"thumbnailUrl\":\"https:\\\/\\\/www.canons.es\\\/wp-content\\\/uploads\\\/2025\\\/03\\\/laser-genesis-cutera-opinion-medica.jpg\",\"keywords\":[\"canons clinics\",\"Cutera\",\"L\u00e1ser Genesis\",\"medicina estetica facial\",\"tractament facial\",\"tratamiento facial\",\"Tratamientos est\u00e9ticos\"],\"articleSection\":[\"Blog del Dr. V\u00edctor Hern\u00e0ndez Da Costa\",\"Medicina est\u00e9tica corporal\",\"Medicina est\u00e9tica facial\"],\"inLanguage\":\"ca\"},{\"@type\":\"WebPage\",\"@id\":\"https:\\\/\\\/www.canons.es\\\/laser-genesis-cutera-opinion-medica\\\/\",\"url\":\"https:\\\/\\\/www.canons.es\\\/laser-genesis-cutera-opinion-medica\\\/\",\"name\":\"La meva experi\u00e8ncia amb el l\u00e0ser G\u00e8nesi de Cutera: realment funciona? Opini\u00f3 m\u00e8dica - Cl\u00ednica C\u00e0nons | Cirurgia i Medicina Estetica a Barcelona, \u200b\u200bGranollers\",\"isPartOf\":{\"@id\":\"https:\\\/\\\/www.canons.es\\\/#website\"},\"primaryImageOfPage\":{\"@id\":\"https:\\\/\\\/www.canons.es\\\/laser-genesis-cutera-opinion-medica\\\/#primaryimage\"},\"image\":{\"@id\":\"https:\\\/\\\/www.canons.es\\\/laser-genesis-cutera-opinion-medica\\\/#primaryimage\"},\"thumbnailUrl\":\"https:\\\/\\\/www.canons.es\\\/wp-content\\\/uploads\\\/2025\\\/03\\\/laser-genesis-cutera-opinion-medica.jpg\",\"datePublished\":\"2025-02-28T13:22:44+00:00\",\"dateModified\":\"2025-03-19T13:09:26+00:00\",\"breadcrumb\":{\"@id\":\"https:\\\/\\\/www.canons.es\\\/laser-genesis-cutera-opinion-medica\\\/#breadcrumb\"},\"inLanguage\":\"ca\",\"potentialAction\":[{\"@type\":\"ReadAction\",\"target\":[\"https:\\\/\\\/www.canons.es\\\/laser-genesis-cutera-opinion-medica\\\/\"]}]},{\"@type\":\"ImageObject\",\"inLanguage\":\"ca\",\"@id\":\"https:\\\/\\\/www.canons.es\\\/laser-genesis-cutera-opinion-medica\\\/#primaryimage\",\"url\":\"https:\\\/\\\/www.canons.es\\\/wp-content\\\/uploads\\\/2025\\\/03\\\/laser-genesis-cutera-opinion-medica.jpg\",\"contentUrl\":\"https:\\\/\\\/www.canons.es\\\/wp-content\\\/uploads\\\/2025\\\/03\\\/laser-genesis-cutera-opinion-medica.jpg\",\"width\":1024,\"height\":682,\"caption\":\"Equip l\u00e0ser G\u00e8nesi de Cutera vist de prop: opini\u00f3 m\u00e8dica.\"},{\"@type\":\"BreadcrumbList\",\"@id\":\"https:\\\/\\\/www.canons.es\\\/laser-genesis-cutera-opinion-medica\\\/#breadcrumb\",\"itemListElement\":[{\"@type\":\"ListItem\",\"position\":1,\"name\":\"Portada\",\"item\":\"https:\\\/\\\/www.canons.es\\\/ca\\\/\"},{\"@type\":\"ListItem\",\"position\":2,\"name\":\"La meva experi\u00e8ncia amb el l\u00e0ser G\u00e8nesi de Cutera: realment funciona? Opini\u00f3 m\u00e8dica\"}]},{\"@type\":\"WebSite\",\"@id\":\"https:\\\/\\\/www.canons.es\\\/#website\",\"url\":\"https:\\\/\\\/www.canons.es\\\/\",\"name\":\"Cirug\u00eda Pl\u00e1stica y Est\u00e9tica Barcelona y Granollers | C\u00e0nons Clinics\",\"description\":\"\",\"publisher\":{\"@id\":\"https:\\\/\\\/www.canons.es\\\/#organization\"},\"potentialAction\":[{\"@type\":\"SearchAction\",\"target\":{\"@type\":\"EntryPoint\",\"urlTemplate\":\"https:\\\/\\\/www.canons.es\\\/?s={search_term_string}\"},\"query-input\":{\"@type\":\"PropertyValueSpecification\",\"valueRequired\":true,\"valueName\":\"search_term_string\"}}],\"inLanguage\":\"ca\"},{\"@type\":\"Organization\",\"@id\":\"https:\\\/\\\/www.canons.es\\\/#organization\",\"name\":\"Cirug\u00eda Pl\u00e1stica y Est\u00e9tica Barcelona y Granollers | C\u00e0nons Clinics\",\"url\":\"https:\\\/\\\/www.canons.es\\\/\",\"logo\":{\"@type\":\"ImageObject\",\"inLanguage\":\"ca\",\"@id\":\"https:\\\/\\\/www.canons.es\\\/#\\\/schema\\\/logo\\\/image\\\/\",\"url\":\"https:\\\/\\\/www.canons.es\\\/wp-content\\\/uploads\\\/2025\\\/04\\\/logo-canons-clinics.jpg\",\"contentUrl\":\"https:\\\/\\\/www.canons.es\\\/wp-content\\\/uploads\\\/2025\\\/04\\\/logo-canons-clinics.jpg\",\"width\":600,\"height\":139,\"caption\":\"Cirug\u00eda Pl\u00e1stica y Est\u00e9tica Barcelona y Granollers | C\u00e0nons Clinics\"},\"image\":{\"@id\":\"https:\\\/\\\/www.canons.es\\\/#\\\/schema\\\/logo\\\/image\\\/\"},\"sameAs\":[\"https:\\\/\\\/www.facebook.com\\\/canonsclinics\\\/\",\"https:\\\/\\\/x.com\\\/canonsclinics\",\"https:\\\/\\\/www.instagram.com\\\/canonsclinics\\\/\",\"https:\\\/\\\/www.youtube.com\\\/channel\\\/UCI1Ia6LjALyo1CuQ0_HwtfQ\",\"https:\\\/\\\/www.linkedin.com\\\/company\\\/canons-clinics\\\/\"]},{\"@type\":\"Person\",\"@id\":\"https:\\\/\\\/www.canons.es\\\/#\\\/schema\\\/person\\\/947d7b84e9c15475d0452e32f9d72fb7\",\"name\":\"administrador\"}]}<\/script>\n<!-- \/ Yoast SEO Premium plugin. -->","yoast_head_json":{"title":"La meva experi\u00e8ncia amb el l\u00e0ser G\u00e8nesi de Cutera: realment funciona? Opini\u00f3 m\u00e8dica - Cl\u00ednica C\u00e0nons | Cirurgia i Medicina Estetica a Barcelona, \u200b\u200bGranollers","robots":{"index":"index","follow":"follow","max-snippet":"max-snippet:-1","max-image-preview":"max-image-preview:large","max-video-preview":"max-video-preview:-1"},"canonical":"https:\/\/www.canons.es\/laser-genesis-cutera-opinion-medica\/","og_locale":"ca_ES","og_type":"article","og_title":"La meva experi\u00e8ncia amb el l\u00e0ser G\u00e8nesi de Cutera: realment funciona? Opini\u00f3 m\u00e8dica","og_description":"La tecnologia l\u00e0ser ha estat com la penicil\u00b7lina de la medicina est\u00e8tica. Una troballa que ha iniciat una nova era de tractaments dermatol\u00f2gics de bellesa i cura de la pell. Entre ells avui dia hi ha el l\u00e0ser G\u00e8nesi de Cutera, molt popular als EUA....","og_url":"https:\/\/www.canons.es\/laser-genesis-cutera-opinion-medica\/","og_site_name":"Cl\u00ednica C\u00e0nons | Cirurgia i Medicina Estetica a Barcelona, \u200b\u200bGranollers","article_publisher":"https:\/\/www.facebook.com\/canonsclinics\/","article_published_time":"2025-02-28T13:22:44+00:00","article_modified_time":"2025-03-19T13:09:26+00:00","og_image":[{"width":1024,"height":682,"url":"https:\/\/www.canons.es\/wp-content\/uploads\/2025\/03\/laser-genesis-cutera-opinion-medica.jpg","type":"image\/jpeg"}],"author":"administrador","twitter_card":"summary_large_image","twitter_creator":"@canonsclinics","twitter_site":"@canonsclinics","twitter_misc":{"Escrit per":"administrador","Temps estimat de lectura":"10 minuts"},"schema":{"@context":"https:\/\/schema.org","@graph":[{"@type":"Article","@id":"https:\/\/www.canons.es\/laser-genesis-cutera-opinion-medica\/#article","isPartOf":{"@id":"https:\/\/www.canons.es\/laser-genesis-cutera-opinion-medica\/"},"author":{"name":"administrador","@id":"https:\/\/www.canons.es\/#\/schema\/person\/947d7b84e9c15475d0452e32f9d72fb7"},"headline":"La meva experi\u00e8ncia amb el l\u00e0ser G\u00e8nesi de Cutera: realment funciona? Opini\u00f3 m\u00e8dica","datePublished":"2025-02-28T13:22:44+00:00","dateModified":"2025-03-19T13:09:26+00:00","mainEntityOfPage":{"@id":"https:\/\/www.canons.es\/laser-genesis-cutera-opinion-medica\/"},"wordCount":1935,"publisher":{"@id":"https:\/\/www.canons.es\/#organization"},"image":{"@id":"https:\/\/www.canons.es\/laser-genesis-cutera-opinion-medica\/#primaryimage"},"thumbnailUrl":"https:\/\/www.canons.es\/wp-content\/uploads\/2025\/03\/laser-genesis-cutera-opinion-medica.jpg","keywords":["canons clinics","Cutera","L\u00e1ser Genesis","medicina estetica facial","tractament facial","tratamiento facial","Tratamientos est\u00e9ticos"],"articleSection":["Blog del Dr. V\u00edctor Hern\u00e0ndez Da Costa","Medicina est\u00e9tica corporal","Medicina est\u00e9tica facial"],"inLanguage":"ca"},{"@type":"WebPage","@id":"https:\/\/www.canons.es\/laser-genesis-cutera-opinion-medica\/","url":"https:\/\/www.canons.es\/laser-genesis-cutera-opinion-medica\/","name":"La meva experi\u00e8ncia amb el l\u00e0ser G\u00e8nesi de Cutera: realment funciona? Opini\u00f3 m\u00e8dica - Cl\u00ednica C\u00e0nons | Cirurgia i Medicina Estetica a Barcelona, \u200b\u200bGranollers","isPartOf":{"@id":"https:\/\/www.canons.es\/#website"},"primaryImageOfPage":{"@id":"https:\/\/www.canons.es\/laser-genesis-cutera-opinion-medica\/#primaryimage"},"image":{"@id":"https:\/\/www.canons.es\/laser-genesis-cutera-opinion-medica\/#primaryimage"},"thumbnailUrl":"https:\/\/www.canons.es\/wp-content\/uploads\/2025\/03\/laser-genesis-cutera-opinion-medica.jpg","datePublished":"2025-02-28T13:22:44+00:00","dateModified":"2025-03-19T13:09:26+00:00","breadcrumb":{"@id":"https:\/\/www.canons.es\/laser-genesis-cutera-opinion-medica\/#breadcrumb"},"inLanguage":"ca","potentialAction":[{"@type":"ReadAction","target":["https:\/\/www.canons.es\/laser-genesis-cutera-opinion-medica\/"]}]},{"@type":"ImageObject","inLanguage":"ca","@id":"https:\/\/www.canons.es\/laser-genesis-cutera-opinion-medica\/#primaryimage","url":"https:\/\/www.canons.es\/wp-content\/uploads\/2025\/03\/laser-genesis-cutera-opinion-medica.jpg","contentUrl":"https:\/\/www.canons.es\/wp-content\/uploads\/2025\/03\/laser-genesis-cutera-opinion-medica.jpg","width":1024,"height":682,"caption":"Equip l\u00e0ser G\u00e8nesi de Cutera vist de prop: opini\u00f3 m\u00e8dica."},{"@type":"BreadcrumbList","@id":"https:\/\/www.canons.es\/laser-genesis-cutera-opinion-medica\/#breadcrumb","itemListElement":[{"@type":"ListItem","position":1,"name":"Portada","item":"https:\/\/www.canons.es\/ca\/"},{"@type":"ListItem","position":2,"name":"La meva experi\u00e8ncia amb el l\u00e0ser G\u00e8nesi de Cutera: realment funciona? Opini\u00f3 m\u00e8dica"}]},{"@type":"WebSite","@id":"https:\/\/www.canons.es\/#website","url":"https:\/\/www.canons.es\/","name":"Cirug\u00eda Pl\u00e1stica y Est\u00e9tica Barcelona y Granollers | C\u00e0nons Clinics","description":"","publisher":{"@id":"https:\/\/www.canons.es\/#organization"},"potentialAction":[{"@type":"SearchAction","target":{"@type":"EntryPoint","urlTemplate":"https:\/\/www.canons.es\/?s={search_term_string}"},"query-input":{"@type":"PropertyValueSpecification","valueRequired":true,"valueName":"search_term_string"}}],"inLanguage":"ca"},{"@type":"Organization","@id":"https:\/\/www.canons.es\/#organization","name":"Cirug\u00eda Pl\u00e1stica y Est\u00e9tica Barcelona y Granollers | C\u00e0nons Clinics","url":"https:\/\/www.canons.es\/","logo":{"@type":"ImageObject","inLanguage":"ca","@id":"https:\/\/www.canons.es\/#\/schema\/logo\/image\/","url":"https:\/\/www.canons.es\/wp-content\/uploads\/2025\/04\/logo-canons-clinics.jpg","contentUrl":"https:\/\/www.canons.es\/wp-content\/uploads\/2025\/04\/logo-canons-clinics.jpg","width":600,"height":139,"caption":"Cirug\u00eda Pl\u00e1stica y Est\u00e9tica Barcelona y Granollers | C\u00e0nons Clinics"},"image":{"@id":"https:\/\/www.canons.es\/#\/schema\/logo\/image\/"},"sameAs":["https:\/\/www.facebook.com\/canonsclinics\/","https:\/\/x.com\/canonsclinics","https:\/\/www.instagram.com\/canonsclinics\/","https:\/\/www.youtube.com\/channel\/UCI1Ia6LjALyo1CuQ0_HwtfQ","https:\/\/www.linkedin.com\/company\/canons-clinics\/"]},{"@type":"Person","@id":"https:\/\/www.canons.es\/#\/schema\/person\/947d7b84e9c15475d0452e32f9d72fb7","name":"administrador"}]}},"_links":{"self":[{"href":"https:\/\/www.canons.es\/ca\/wp-json\/wp\/v2\/posts\/16672","targetHints":{"allow":["GET"]}}],"collection":[{"href":"https:\/\/www.canons.es\/ca\/wp-json\/wp\/v2\/posts"}],"about":[{"href":"https:\/\/www.canons.es\/ca\/wp-json\/wp\/v2\/types\/post"}],"author":[{"embeddable":true,"href":"https:\/\/www.canons.es\/ca\/wp-json\/wp\/v2\/users\/25"}],"replies":[{"embeddable":true,"href":"https:\/\/www.canons.es\/ca\/wp-json\/wp\/v2\/comments?post=16672"}],"version-history":[{"count":0,"href":"https:\/\/www.canons.es\/ca\/wp-json\/wp\/v2\/posts\/16672\/revisions"}],"wp:featuredmedia":[{"embeddable":true,"href":"https:\/\/www.canons.es\/ca\/wp-json\/wp\/v2\/media\/21757"}],"wp:attachment":[{"href":"https:\/\/www.canons.es\/ca\/wp-json\/wp\/v2\/media?parent=16672"}],"wp:term":[{"taxonomy":"category","embeddable":true,"href":"https:\/\/www.canons.es\/ca\/wp-json\/wp\/v2\/categories?post=16672"},{"taxonomy":"post_tag","embeddable":true,"href":"https:\/\/www.canons.es\/ca\/wp-json\/wp\/v2\/tags?post=16672"}],"curies":[{"name":"wp","href":"https:\/\/api.w.org\/{rel}","templated":true}]}}