{"id":12209,"date":"2017-01-11T11:07:11","date_gmt":"2017-01-11T11:07:11","guid":{"rendered":"https:\/\/www.canons.es\/ca\/canons-tambien-estamos-rebajas\/"},"modified":"2023-11-01T09:45:33","modified_gmt":"2023-11-01T09:45:33","slug":"canons-tambe-estem-de-rebaixes","status":"publish","type":"post","link":"https:\/\/www.canons.es\/ca\/canons-tambe-estem-de-rebaixes\/","title":{"rendered":"A C\u00e0nons Clinics tamb\u00e9 estem de rebaixes!"},"content":{"rendered":"\n\n<div class=\"kk-star-ratings kksr-auto kksr-align-left kksr-valign-top\"\n    data-payload='{&quot;align&quot;:&quot;left&quot;,&quot;id&quot;:&quot;12209&quot;,&quot;slug&quot;:&quot;default&quot;,&quot;valign&quot;:&quot;top&quot;,&quot;ignore&quot;:&quot;&quot;,&quot;reference&quot;:&quot;auto&quot;,&quot;class&quot;:&quot;&quot;,&quot;count&quot;:&quot;0&quot;,&quot;legendonly&quot;:&quot;&quot;,&quot;readonly&quot;:&quot;&quot;,&quot;score&quot;:&quot;0&quot;,&quot;starsonly&quot;:&quot;&quot;,&quot;best&quot;:&quot;5&quot;,&quot;gap&quot;:&quot;5&quot;,&quot;greet&quot;:&quot;Eval\u00faa este art\u00edculo&quot;,&quot;legend&quot;:&quot;0\\\/5 - (0 votes)&quot;,&quot;size&quot;:&quot;24&quot;,&quot;title&quot;:&quot;A C\u00e0nons Clinics tamb\u00e9 estem de rebaixes!&quot;,&quot;width&quot;:&quot;0&quot;,&quot;_legend&quot;:&quot;{score}\\\/{best} - ({count} {votes})&quot;,&quot;font_factor&quot;:&quot;1.25&quot;}'>\n            \n<div class=\"kksr-stars\">\n    \n<div class=\"kksr-stars-inactive\">\n            <div class=\"kksr-star\" data-star=\"1\" style=\"padding-right: 5px\">\n            \n\n<div class=\"kksr-icon\" style=\"width: 24px; height: 24px;\"><\/div>\n        <\/div>\n            <div class=\"kksr-star\" data-star=\"2\" style=\"padding-right: 5px\">\n            \n\n<div class=\"kksr-icon\" style=\"width: 24px; height: 24px;\"><\/div>\n        <\/div>\n            <div class=\"kksr-star\" data-star=\"3\" style=\"padding-right: 5px\">\n            \n\n<div class=\"kksr-icon\" style=\"width: 24px; height: 24px;\"><\/div>\n        <\/div>\n            <div class=\"kksr-star\" data-star=\"4\" style=\"padding-right: 5px\">\n            \n\n<div class=\"kksr-icon\" style=\"width: 24px; height: 24px;\"><\/div>\n        <\/div>\n            <div class=\"kksr-star\" data-star=\"5\" style=\"padding-right: 5px\">\n            \n\n<div class=\"kksr-icon\" style=\"width: 24px; height: 24px;\"><\/div>\n        <\/div>\n    <\/div>\n    \n<div class=\"kksr-stars-active\" style=\"width: 0px;\">\n            <div class=\"kksr-star\" style=\"padding-right: 5px\">\n            \n\n<div class=\"kksr-icon\" style=\"width: 24px; height: 24px;\"><\/div>\n        <\/div>\n            <div class=\"kksr-star\" style=\"padding-right: 5px\">\n            \n\n<div class=\"kksr-icon\" style=\"width: 24px; height: 24px;\"><\/div>\n        <\/div>\n            <div class=\"kksr-star\" style=\"padding-right: 5px\">\n            \n\n<div class=\"kksr-icon\" style=\"width: 24px; height: 24px;\"><\/div>\n        <\/div>\n            <div class=\"kksr-star\" style=\"padding-right: 5px\">\n            \n\n<div class=\"kksr-icon\" style=\"width: 24px; height: 24px;\"><\/div>\n        <\/div>\n            <div class=\"kksr-star\" style=\"padding-right: 5px\">\n            \n\n<div class=\"kksr-icon\" style=\"width: 24px; height: 24px;\"><\/div>\n        <\/div>\n    <\/div>\n<\/div>\n                \n\n<div class=\"kksr-legend\" style=\"font-size: 19.2px;\">\n            <span class=\"kksr-muted\">Eval\u00faa este art\u00edculo<\/span>\n    <\/div>\n    <\/div>\n<p style=\"text-align: justify;\">Qui va dir &#8220;cuesta de enero&#8221;? Per amenitzar la tornada a la rutina, aquesta setmana tots els comer\u00e7os han comen\u00e7at les m\u00e9s que esperades i aclamades rebaixes. <strong>A<\/strong><strong>\u00a0les cl\u00edniques C\u00e0nons Clinics<\/strong> no podiem ser menys i com sabem que et vols seguir cuidant, <strong>oferim un 20% de descompte en els Serveis d&#8217;Est\u00e8tica durant tots els dilluns, els dimecres i els divendres dels mesos de gener i febrer.<\/strong><\/p>\n<p style=\"text-align: justify;\">Si un dels teus prop\u00f2sits per al 2017 \u00e9s dedicar-te m\u00e9s temps i cuidar-te, \u00e9s molt important seguir una alimentaci\u00f3 equilibrada i realitzar tractaments corporals i facials que t&#8217;ajudin a combatre els signes d&#8217;envelliment cutani.<\/p>\n<p>Per comen\u00e7ar l&#8217;any amb una pell envejable i un aspecte saludable, proposem una s\u00e8rie de tractaments que t&#8217;aniran com a anell al dit.<\/p>\n<p style=\"text-align: justify;\">Ens comencem a cuidar?<\/p>\n<p style=\"text-align: justify;\"><span style=\"text-decoration: underline;\"><strong><a href=\"http:\/\/www.C\u00e0nons Clinics.es\/ca\/wellness-facial\/\" target=\"_blank\" rel=\"noopener\">Wellness Facial\u00a0per a dona i home<\/a><\/strong><\/span><\/p>\n<p style=\"text-align: justify;\">Entra en el nostre univers de serveis d&#8217;est\u00e8tica per a que et puguis mimar.<\/p>\n<p>. <strong>Ter\u00e0pies facials<\/strong> per regenerar i revitalitzar la dermis, combatent els porus oberts i esborrant els signes de cansament. El nostre equip de professionals retornar\u00e0 a la teva pell un aspecte saludable, llumin\u00f3s i rejovenit.<\/p>\n\n\t\t<style type=\"text\/css\">\n\t\t\t#gallery-1 {\n\t\t\t\tmargin: auto;\n\t\t\t}\n\t\t\t#gallery-1 .gallery-item {\n\t\t\t\tfloat: left;\n\t\t\t\tmargin-top: 10px;\n\t\t\t\ttext-align: center;\n\t\t\t\twidth: 50%;\n\t\t\t}\n\t\t\t#gallery-1 img {\n\t\t\t\tborder: 2px solid #cfcfcf;\n\t\t\t}\n\t\t\t#gallery-1 .gallery-caption {\n\t\t\t\tmargin-left: 0;\n\t\t\t}\n\t\t\t\/* see gallery_shortcode() in wp-includes\/media.php *\/\n\t\t<\/style>\n\t\t<div id='gallery-1' class='gallery galleryid-12209 gallery-columns-2 gallery-size-large'><dl class='gallery-item'>\n\t\t\t<dt class='gallery-icon landscape'>\n\t\t\t\t<a href='https:\/\/www.canons.es\/ca\/canons-tambe-estem-de-rebaixes\/terapia-facial-mujer\/'><img loading=\"lazy\" decoding=\"async\" width=\"400\" height=\"400\" src=\"https:\/\/www.canons.es\/wp-content\/uploads\/2017\/01\/terapia-facial-mujer.jpg\" class=\"attachment-large size-large\" alt=\"\" srcset=\"https:\/\/www.canons.es\/wp-content\/uploads\/2017\/01\/terapia-facial-mujer.jpg 400w, https:\/\/www.canons.es\/wp-content\/uploads\/2017\/01\/terapia-facial-mujer-150x150.jpg 150w, https:\/\/www.canons.es\/wp-content\/uploads\/2017\/01\/terapia-facial-mujer-300x300.jpg 300w, https:\/\/www.canons.es\/wp-content\/uploads\/2017\/01\/terapia-facial-mujer-80x80.jpg 80w, https:\/\/www.canons.es\/wp-content\/uploads\/2017\/01\/terapia-facial-mujer-100x100.jpg 100w\" sizes=\"auto, (max-width: 400px) 100vw, 400px\" \/><\/a>\n\t\t\t<\/dt><\/dl><dl class='gallery-item'>\n\t\t\t<dt class='gallery-icon landscape'>\n\t\t\t\t<a href='https:\/\/www.canons.es\/ca\/canons-tambe-estem-de-rebaixes\/terapias-faciales-hombres\/'><img loading=\"lazy\" decoding=\"async\" width=\"668\" height=\"400\" src=\"https:\/\/www.canons.es\/wp-content\/uploads\/2017\/01\/terapias-faciales-hombres.jpg\" class=\"attachment-large size-large\" alt=\"\" srcset=\"https:\/\/www.canons.es\/wp-content\/uploads\/2017\/01\/terapias-faciales-hombres.jpg 668w, https:\/\/www.canons.es\/wp-content\/uploads\/2017\/01\/terapias-faciales-hombres-300x180.jpg 300w, https:\/\/www.canons.es\/wp-content\/uploads\/2017\/01\/terapias-faciales-hombres-600x359.jpg 600w\" sizes=\"auto, (max-width: 668px) 100vw, 668px\" \/><\/a>\n\t\t\t<\/dt><\/dl><br style=\"clear: both\" \/>\n\t\t<\/div>\n\n<p>. <strong>Pestanyes i celles<\/strong> per real\u00e7ar la teva mirada i imatge personal.<\/p>\n<p>. <strong>Maquillatge<\/strong> personalitzat perqu\u00e8 vagis perfecta en els teus esdeveniments m\u00e9s especials. No nom\u00e9s et maquillem sin\u00f3 tamb\u00e9 t&#8217;oferim un tutorial ensenyant-te la millor manera d&#8217;aplicar-te el maquillatge segons la forma del teu rostre i real\u00e7ant els teus trets.<\/p>\n<p style=\"text-align: justify;\"><img loading=\"lazy\" decoding=\"async\" class=\" wp-image-12201 aligncenter\" src=\"http:\/\/www.C\u00e0nons Clinics.es\/wp-content\/uploads\/2017\/01\/servicio-maquillaje.jpg\" alt=\"servicio-maquillaje\" width=\"291\" height=\"277\" srcset=\"https:\/\/www.canons.es\/wp-content\/uploads\/2017\/01\/servicio-maquillaje.jpg 500w, https:\/\/www.canons.es\/wp-content\/uploads\/2017\/01\/servicio-maquillaje-300x286.jpg 300w\" sizes=\"auto, (max-width: 291px) 100vw, 291px\" \/><\/p>\n<p style=\"text-align: justify;\">. <strong>Depilacions amb cera<\/strong> t\u00e8bia hipoalerg\u00e8nica per a les zones delicades del teu rostre.<\/p>\n<p style=\"text-align: justify;\"><a href=\"http:\/\/www.C\u00e0nons Clinics.es\/ca\/wellness-corporal\/\" target=\"_blank\" rel=\"noopener\">Wellness corporal per a dona i home <\/a><\/p>\n<p style=\"text-align: justify;\">. <strong>Ter\u00e0pies corporals i massatges relaxants<\/strong> que ajudaran combatre la cel\u00b7lulitis remodelant la teva figura. Totes les nostres ter\u00e0pies corporals tenen una durada de 30 o b\u00e9 60 minuts.<\/p>\n<p>. <strong>Bodyter Premium<\/strong> que a trav\u00e9s de l&#8217;electroestimulaci\u00f3, la termoter\u00e0pia i l&#8217;electroporaci\u00f3 tonifiquem\u00a0el teu cos i eliminem la cel\u00b7lulitis al mateix temps que activem el sistema circulatori.<\/p>\n<p>. <strong>Manicuras i pedicures<\/strong><\/p>\n<p style=\"text-align: justify;\"><img loading=\"lazy\" decoding=\"async\" class=\" wp-image-12202 aligncenter\" src=\"http:\/\/www.C\u00e0nons Clinics.es\/wp-content\/uploads\/2017\/01\/manicura-pedicura.jpg\" alt=\"manicura-pedicura\" width=\"373\" height=\"250\" srcset=\"https:\/\/www.canons.es\/wp-content\/uploads\/2017\/01\/manicura-pedicura.jpg 515w, https:\/\/www.canons.es\/wp-content\/uploads\/2017\/01\/manicura-pedicura-300x201.jpg 300w\" sizes=\"auto, (max-width: 373px) 100vw, 373px\" \/><\/p>\n<p style=\"text-align: justify;\">.\u00a0<strong>Depilacions amb cera<\/strong> t\u00e8bia hipoalerg\u00e8nica per a totes les zones del teu cos.<\/p>\n<p style=\"text-align: justify;\">\n<p style=\"text-align: justify;\"><img loading=\"lazy\" decoding=\"async\" class=\" wp-image-12205 aligncenter\" src=\"http:\/\/www.C\u00e0nons Clinics.es\/wp-content\/uploads\/2017\/01\/depilacion-hombre-mujer.jpg\" alt=\"depilacion-hombre-mujer\" width=\"387\" height=\"233\" srcset=\"https:\/\/www.canons.es\/wp-content\/uploads\/2017\/01\/depilacion-hombre-mujer.jpg 666w, https:\/\/www.canons.es\/wp-content\/uploads\/2017\/01\/depilacion-hombre-mujer-300x180.jpg 300w, https:\/\/www.canons.es\/wp-content\/uploads\/2017\/01\/depilacion-hombre-mujer-600x360.jpg 600w\" sizes=\"auto, (max-width: 387px) 100vw, 387px\" \/><\/p>\n<p style=\"text-align: justify;\">Si tens qualsevol dubte sobre algun dels tractaments o b\u00e9 vols ampliar informaci\u00f3, tens 3 maneres de contactar amb nosaltres:<\/p>\n<p>. Truca&#8217;ns\u00a0al 93 860 60 60<\/p>\n<p>. Envia&#8217;ns un whatsapp al 639 350 937<\/p>\n<p>. Envia&#8217;ns un correu electr\u00f2nic a info@C\u00e0nons Clinics.es<\/p>\n<p>RECORDA! <strong>Durant tots els dilluns, els dimecres i els divendres de gener i febrer tens un 20% de descompte en els Serveis d&#8217;Est\u00e8tica de les cl\u00edniques C\u00e0nons Clinics de Barcelona i Granollers.<\/strong><\/p>\n<!-- AddThis Advanced Settings generic via filter on the_content --><!-- AddThis Share Buttons generic via filter on the_content -->","protected":false},"excerpt":{"rendered":"<p>Qui va dir &#8220;cuesta de enero&#8221;? Per amenitzar la tornada a la rutina, aquesta setmana tots els comer\u00e7os han comen\u00e7at les m\u00e9s que esperades i aclamades rebaixes. A\u00a0les cl\u00edniques C\u00e0nons Clinics no podiem ser menys i com sabem que et vols seguir cuidant, oferim un&#8230;<!-- AddThis Advanced Settings generic via filter on get_the_excerpt --><!-- AddThis Share Buttons generic via filter on get_the_excerpt --><\/p>\n","protected":false},"author":25,"featured_media":12207,"comment_status":"open","ping_status":"open","sticky":false,"template":"","format":"standard","meta":{"footnotes":""},"categories":[71,757],"tags":[425,369,370],"class_list":["post-12209","post","type-post","status-publish","format-standard","has-post-thumbnail","hentry","category-general-2","category-wellness-ca","tag-depilacion-laser-ca","tag-terapias-corporales-ca","tag-terapias-faciales-ca"],"yoast_head":"<!-- This site is optimized with the Yoast SEO Premium plugin v26.9 (Yoast SEO v27.4) - https:\/\/yoast.com\/product\/yoast-seo-premium-wordpress\/ -->\n<title>A C\u00e0nons Clinics tamb\u00e9 estem de rebaixes! - Cl\u00ednica C\u00e0nons | Cirurgia i Medicina Estetica a Barcelona, \u200b\u200bGranollers<\/title>\n<meta name=\"robots\" content=\"index, follow, max-snippet:-1, max-image-preview:large, max-video-preview:-1\" \/>\n<link rel=\"canonical\" href=\"https:\/\/www.canons.es\/ca\/canons-tambe-estem-de-rebaixes\/\" \/>\n<meta property=\"og:locale\" content=\"ca_ES\" \/>\n<meta property=\"og:type\" content=\"article\" \/>\n<meta property=\"og:title\" content=\"A C\u00e0nons Clinics tamb\u00e9 estem de rebaixes!\" \/>\n<meta property=\"og:description\" content=\"Qui va dir &#8220;cuesta de enero&#8221;? Per amenitzar la tornada a la rutina, aquesta setmana tots els comer\u00e7os han comen\u00e7at les m\u00e9s que esperades i aclamades rebaixes. A\u00a0les cl\u00edniques C\u00e0nons Clinics no podiem ser menys i com sabem que et vols seguir cuidant, oferim un...\" \/>\n<meta property=\"og:url\" content=\"https:\/\/www.canons.es\/ca\/canons-tambe-estem-de-rebaixes\/\" \/>\n<meta property=\"og:site_name\" content=\"Cl\u00ednica C\u00e0nons | Cirurgia i Medicina Estetica a Barcelona, \u200b\u200bGranollers\" \/>\n<meta property=\"article:publisher\" content=\"https:\/\/www.facebook.com\/canonsclinics\/\" \/>\n<meta property=\"article:published_time\" content=\"2017-01-11T11:07:11+00:00\" \/>\n<meta property=\"article:modified_time\" content=\"2023-11-01T09:45:33+00:00\" \/>\n<meta property=\"og:image\" content=\"https:\/\/www.canons.es\/wp-content\/uploads\/2017\/01\/descompte-serveis-estetica.png\" \/>\n\t<meta property=\"og:image:width\" content=\"560\" \/>\n\t<meta property=\"og:image:height\" content=\"315\" \/>\n\t<meta property=\"og:image:type\" content=\"image\/png\" \/>\n<meta name=\"author\" content=\"administrador\" \/>\n<meta name=\"twitter:card\" content=\"summary_large_image\" \/>\n<meta name=\"twitter:creator\" content=\"@canonsclinics\" \/>\n<meta name=\"twitter:site\" content=\"@canonsclinics\" \/>\n<meta name=\"twitter:label1\" content=\"Escrit per\" \/>\n\t<meta name=\"twitter:data1\" content=\"administrador\" \/>\n\t<meta name=\"twitter:label2\" content=\"Temps estimat de lectura\" \/>\n\t<meta name=\"twitter:data2\" content=\"2 minuts\" \/>\n<script type=\"application\/ld+json\" class=\"yoast-schema-graph\">{\"@context\":\"https:\\\/\\\/schema.org\",\"@graph\":[{\"@type\":\"Article\",\"@id\":\"https:\\\/\\\/www.canons.es\\\/ca\\\/canons-tambe-estem-de-rebaixes\\\/#article\",\"isPartOf\":{\"@id\":\"https:\\\/\\\/www.canons.es\\\/ca\\\/canons-tambe-estem-de-rebaixes\\\/\"},\"author\":{\"name\":\"administrador\",\"@id\":\"https:\\\/\\\/www.canons.es\\\/#\\\/schema\\\/person\\\/947d7b84e9c15475d0452e32f9d72fb7\"},\"headline\":\"A C\u00e0nons Clinics tamb\u00e9 estem de rebaixes!\",\"datePublished\":\"2017-01-11T11:07:11+00:00\",\"dateModified\":\"2023-11-01T09:45:33+00:00\",\"mainEntityOfPage\":{\"@id\":\"https:\\\/\\\/www.canons.es\\\/ca\\\/canons-tambe-estem-de-rebaixes\\\/\"},\"wordCount\":431,\"commentCount\":0,\"publisher\":{\"@id\":\"https:\\\/\\\/www.canons.es\\\/#organization\"},\"image\":{\"@id\":\"https:\\\/\\\/www.canons.es\\\/ca\\\/canons-tambe-estem-de-rebaixes\\\/#primaryimage\"},\"thumbnailUrl\":\"https:\\\/\\\/www.canons.es\\\/wp-content\\\/uploads\\\/2017\\\/01\\\/descompte-serveis-estetica.png\",\"keywords\":[\"Depilaci\u00f3n L\u00e1ser\",\"terapias corporales\",\"terapias faciales\"],\"articleSection\":[\"General\",\"Wellness\"],\"inLanguage\":\"ca\",\"potentialAction\":[{\"@type\":\"CommentAction\",\"name\":\"Comment\",\"target\":[\"https:\\\/\\\/www.canons.es\\\/ca\\\/canons-tambe-estem-de-rebaixes\\\/#respond\"]}]},{\"@type\":\"WebPage\",\"@id\":\"https:\\\/\\\/www.canons.es\\\/ca\\\/canons-tambe-estem-de-rebaixes\\\/\",\"url\":\"https:\\\/\\\/www.canons.es\\\/ca\\\/canons-tambe-estem-de-rebaixes\\\/\",\"name\":\"A C\u00e0nons Clinics tamb\u00e9 estem de rebaixes! - Cl\u00ednica C\u00e0nons | Cirurgia i Medicina Estetica a Barcelona, \u200b\u200bGranollers\",\"isPartOf\":{\"@id\":\"https:\\\/\\\/www.canons.es\\\/#website\"},\"primaryImageOfPage\":{\"@id\":\"https:\\\/\\\/www.canons.es\\\/ca\\\/canons-tambe-estem-de-rebaixes\\\/#primaryimage\"},\"image\":{\"@id\":\"https:\\\/\\\/www.canons.es\\\/ca\\\/canons-tambe-estem-de-rebaixes\\\/#primaryimage\"},\"thumbnailUrl\":\"https:\\\/\\\/www.canons.es\\\/wp-content\\\/uploads\\\/2017\\\/01\\\/descompte-serveis-estetica.png\",\"datePublished\":\"2017-01-11T11:07:11+00:00\",\"dateModified\":\"2023-11-01T09:45:33+00:00\",\"breadcrumb\":{\"@id\":\"https:\\\/\\\/www.canons.es\\\/ca\\\/canons-tambe-estem-de-rebaixes\\\/#breadcrumb\"},\"inLanguage\":\"ca\",\"potentialAction\":[{\"@type\":\"ReadAction\",\"target\":[\"https:\\\/\\\/www.canons.es\\\/ca\\\/canons-tambe-estem-de-rebaixes\\\/\"]}]},{\"@type\":\"ImageObject\",\"inLanguage\":\"ca\",\"@id\":\"https:\\\/\\\/www.canons.es\\\/ca\\\/canons-tambe-estem-de-rebaixes\\\/#primaryimage\",\"url\":\"https:\\\/\\\/www.canons.es\\\/wp-content\\\/uploads\\\/2017\\\/01\\\/descompte-serveis-estetica.png\",\"contentUrl\":\"https:\\\/\\\/www.canons.es\\\/wp-content\\\/uploads\\\/2017\\\/01\\\/descompte-serveis-estetica.png\",\"width\":560,\"height\":315},{\"@type\":\"BreadcrumbList\",\"@id\":\"https:\\\/\\\/www.canons.es\\\/ca\\\/canons-tambe-estem-de-rebaixes\\\/#breadcrumb\",\"itemListElement\":[{\"@type\":\"ListItem\",\"position\":1,\"name\":\"Portada\",\"item\":\"https:\\\/\\\/www.canons.es\\\/ca\\\/\"},{\"@type\":\"ListItem\",\"position\":2,\"name\":\"A C\u00e0nons Clinics tamb\u00e9 estem de rebaixes!\"}]},{\"@type\":\"WebSite\",\"@id\":\"https:\\\/\\\/www.canons.es\\\/#website\",\"url\":\"https:\\\/\\\/www.canons.es\\\/\",\"name\":\"Cirug\u00eda Pl\u00e1stica y Est\u00e9tica Barcelona y Granollers | C\u00e0nons Clinics\",\"description\":\"\",\"publisher\":{\"@id\":\"https:\\\/\\\/www.canons.es\\\/#organization\"},\"potentialAction\":[{\"@type\":\"SearchAction\",\"target\":{\"@type\":\"EntryPoint\",\"urlTemplate\":\"https:\\\/\\\/www.canons.es\\\/?s={search_term_string}\"},\"query-input\":{\"@type\":\"PropertyValueSpecification\",\"valueRequired\":true,\"valueName\":\"search_term_string\"}}],\"inLanguage\":\"ca\"},{\"@type\":\"Organization\",\"@id\":\"https:\\\/\\\/www.canons.es\\\/#organization\",\"name\":\"Cirug\u00eda Pl\u00e1stica y Est\u00e9tica Barcelona y Granollers | C\u00e0nons Clinics\",\"url\":\"https:\\\/\\\/www.canons.es\\\/\",\"logo\":{\"@type\":\"ImageObject\",\"inLanguage\":\"ca\",\"@id\":\"https:\\\/\\\/www.canons.es\\\/#\\\/schema\\\/logo\\\/image\\\/\",\"url\":\"https:\\\/\\\/www.canons.es\\\/wp-content\\\/uploads\\\/2025\\\/04\\\/logo-canons-clinics.jpg\",\"contentUrl\":\"https:\\\/\\\/www.canons.es\\\/wp-content\\\/uploads\\\/2025\\\/04\\\/logo-canons-clinics.jpg\",\"width\":600,\"height\":139,\"caption\":\"Cirug\u00eda Pl\u00e1stica y Est\u00e9tica Barcelona y Granollers | C\u00e0nons Clinics\"},\"image\":{\"@id\":\"https:\\\/\\\/www.canons.es\\\/#\\\/schema\\\/logo\\\/image\\\/\"},\"sameAs\":[\"https:\\\/\\\/www.facebook.com\\\/canonsclinics\\\/\",\"https:\\\/\\\/x.com\\\/canonsclinics\",\"https:\\\/\\\/www.instagram.com\\\/canonsclinics\\\/\",\"https:\\\/\\\/www.youtube.com\\\/channel\\\/UCI1Ia6LjALyo1CuQ0_HwtfQ\",\"https:\\\/\\\/www.linkedin.com\\\/company\\\/canons-clinics\\\/\"]},{\"@type\":\"Person\",\"@id\":\"https:\\\/\\\/www.canons.es\\\/#\\\/schema\\\/person\\\/947d7b84e9c15475d0452e32f9d72fb7\",\"name\":\"administrador\"}]}<\/script>\n<!-- \/ Yoast SEO Premium plugin. -->","yoast_head_json":{"title":"A C\u00e0nons Clinics tamb\u00e9 estem de rebaixes! - Cl\u00ednica C\u00e0nons | Cirurgia i Medicina Estetica a Barcelona, \u200b\u200bGranollers","robots":{"index":"index","follow":"follow","max-snippet":"max-snippet:-1","max-image-preview":"max-image-preview:large","max-video-preview":"max-video-preview:-1"},"canonical":"https:\/\/www.canons.es\/ca\/canons-tambe-estem-de-rebaixes\/","og_locale":"ca_ES","og_type":"article","og_title":"A C\u00e0nons Clinics tamb\u00e9 estem de rebaixes!","og_description":"Qui va dir &#8220;cuesta de enero&#8221;? Per amenitzar la tornada a la rutina, aquesta setmana tots els comer\u00e7os han comen\u00e7at les m\u00e9s que esperades i aclamades rebaixes. A\u00a0les cl\u00edniques C\u00e0nons Clinics no podiem ser menys i com sabem que et vols seguir cuidant, oferim un...","og_url":"https:\/\/www.canons.es\/ca\/canons-tambe-estem-de-rebaixes\/","og_site_name":"Cl\u00ednica C\u00e0nons | Cirurgia i Medicina Estetica a Barcelona, \u200b\u200bGranollers","article_publisher":"https:\/\/www.facebook.com\/canonsclinics\/","article_published_time":"2017-01-11T11:07:11+00:00","article_modified_time":"2023-11-01T09:45:33+00:00","og_image":[{"width":560,"height":315,"url":"https:\/\/www.canons.es\/wp-content\/uploads\/2017\/01\/descompte-serveis-estetica.png","type":"image\/png"}],"author":"administrador","twitter_card":"summary_large_image","twitter_creator":"@canonsclinics","twitter_site":"@canonsclinics","twitter_misc":{"Escrit per":"administrador","Temps estimat de lectura":"2 minuts"},"schema":{"@context":"https:\/\/schema.org","@graph":[{"@type":"Article","@id":"https:\/\/www.canons.es\/ca\/canons-tambe-estem-de-rebaixes\/#article","isPartOf":{"@id":"https:\/\/www.canons.es\/ca\/canons-tambe-estem-de-rebaixes\/"},"author":{"name":"administrador","@id":"https:\/\/www.canons.es\/#\/schema\/person\/947d7b84e9c15475d0452e32f9d72fb7"},"headline":"A C\u00e0nons Clinics tamb\u00e9 estem de rebaixes!","datePublished":"2017-01-11T11:07:11+00:00","dateModified":"2023-11-01T09:45:33+00:00","mainEntityOfPage":{"@id":"https:\/\/www.canons.es\/ca\/canons-tambe-estem-de-rebaixes\/"},"wordCount":431,"commentCount":0,"publisher":{"@id":"https:\/\/www.canons.es\/#organization"},"image":{"@id":"https:\/\/www.canons.es\/ca\/canons-tambe-estem-de-rebaixes\/#primaryimage"},"thumbnailUrl":"https:\/\/www.canons.es\/wp-content\/uploads\/2017\/01\/descompte-serveis-estetica.png","keywords":["Depilaci\u00f3n L\u00e1ser","terapias corporales","terapias faciales"],"articleSection":["General","Wellness"],"inLanguage":"ca","potentialAction":[{"@type":"CommentAction","name":"Comment","target":["https:\/\/www.canons.es\/ca\/canons-tambe-estem-de-rebaixes\/#respond"]}]},{"@type":"WebPage","@id":"https:\/\/www.canons.es\/ca\/canons-tambe-estem-de-rebaixes\/","url":"https:\/\/www.canons.es\/ca\/canons-tambe-estem-de-rebaixes\/","name":"A C\u00e0nons Clinics tamb\u00e9 estem de rebaixes! - Cl\u00ednica C\u00e0nons | Cirurgia i Medicina Estetica a Barcelona, \u200b\u200bGranollers","isPartOf":{"@id":"https:\/\/www.canons.es\/#website"},"primaryImageOfPage":{"@id":"https:\/\/www.canons.es\/ca\/canons-tambe-estem-de-rebaixes\/#primaryimage"},"image":{"@id":"https:\/\/www.canons.es\/ca\/canons-tambe-estem-de-rebaixes\/#primaryimage"},"thumbnailUrl":"https:\/\/www.canons.es\/wp-content\/uploads\/2017\/01\/descompte-serveis-estetica.png","datePublished":"2017-01-11T11:07:11+00:00","dateModified":"2023-11-01T09:45:33+00:00","breadcrumb":{"@id":"https:\/\/www.canons.es\/ca\/canons-tambe-estem-de-rebaixes\/#breadcrumb"},"inLanguage":"ca","potentialAction":[{"@type":"ReadAction","target":["https:\/\/www.canons.es\/ca\/canons-tambe-estem-de-rebaixes\/"]}]},{"@type":"ImageObject","inLanguage":"ca","@id":"https:\/\/www.canons.es\/ca\/canons-tambe-estem-de-rebaixes\/#primaryimage","url":"https:\/\/www.canons.es\/wp-content\/uploads\/2017\/01\/descompte-serveis-estetica.png","contentUrl":"https:\/\/www.canons.es\/wp-content\/uploads\/2017\/01\/descompte-serveis-estetica.png","width":560,"height":315},{"@type":"BreadcrumbList","@id":"https:\/\/www.canons.es\/ca\/canons-tambe-estem-de-rebaixes\/#breadcrumb","itemListElement":[{"@type":"ListItem","position":1,"name":"Portada","item":"https:\/\/www.canons.es\/ca\/"},{"@type":"ListItem","position":2,"name":"A C\u00e0nons Clinics tamb\u00e9 estem de rebaixes!"}]},{"@type":"WebSite","@id":"https:\/\/www.canons.es\/#website","url":"https:\/\/www.canons.es\/","name":"Cirug\u00eda Pl\u00e1stica y Est\u00e9tica Barcelona y Granollers | C\u00e0nons Clinics","description":"","publisher":{"@id":"https:\/\/www.canons.es\/#organization"},"potentialAction":[{"@type":"SearchAction","target":{"@type":"EntryPoint","urlTemplate":"https:\/\/www.canons.es\/?s={search_term_string}"},"query-input":{"@type":"PropertyValueSpecification","valueRequired":true,"valueName":"search_term_string"}}],"inLanguage":"ca"},{"@type":"Organization","@id":"https:\/\/www.canons.es\/#organization","name":"Cirug\u00eda Pl\u00e1stica y Est\u00e9tica Barcelona y Granollers | C\u00e0nons Clinics","url":"https:\/\/www.canons.es\/","logo":{"@type":"ImageObject","inLanguage":"ca","@id":"https:\/\/www.canons.es\/#\/schema\/logo\/image\/","url":"https:\/\/www.canons.es\/wp-content\/uploads\/2025\/04\/logo-canons-clinics.jpg","contentUrl":"https:\/\/www.canons.es\/wp-content\/uploads\/2025\/04\/logo-canons-clinics.jpg","width":600,"height":139,"caption":"Cirug\u00eda Pl\u00e1stica y Est\u00e9tica Barcelona y Granollers | C\u00e0nons Clinics"},"image":{"@id":"https:\/\/www.canons.es\/#\/schema\/logo\/image\/"},"sameAs":["https:\/\/www.facebook.com\/canonsclinics\/","https:\/\/x.com\/canonsclinics","https:\/\/www.instagram.com\/canonsclinics\/","https:\/\/www.youtube.com\/channel\/UCI1Ia6LjALyo1CuQ0_HwtfQ","https:\/\/www.linkedin.com\/company\/canons-clinics\/"]},{"@type":"Person","@id":"https:\/\/www.canons.es\/#\/schema\/person\/947d7b84e9c15475d0452e32f9d72fb7","name":"administrador"}]}},"_links":{"self":[{"href":"https:\/\/www.canons.es\/ca\/wp-json\/wp\/v2\/posts\/12209","targetHints":{"allow":["GET"]}}],"collection":[{"href":"https:\/\/www.canons.es\/ca\/wp-json\/wp\/v2\/posts"}],"about":[{"href":"https:\/\/www.canons.es\/ca\/wp-json\/wp\/v2\/types\/post"}],"author":[{"embeddable":true,"href":"https:\/\/www.canons.es\/ca\/wp-json\/wp\/v2\/users\/25"}],"replies":[{"embeddable":true,"href":"https:\/\/www.canons.es\/ca\/wp-json\/wp\/v2\/comments?post=12209"}],"version-history":[{"count":0,"href":"https:\/\/www.canons.es\/ca\/wp-json\/wp\/v2\/posts\/12209\/revisions"}],"wp:featuredmedia":[{"embeddable":true,"href":"https:\/\/www.canons.es\/ca\/wp-json\/wp\/v2\/media\/12207"}],"wp:attachment":[{"href":"https:\/\/www.canons.es\/ca\/wp-json\/wp\/v2\/media?parent=12209"}],"wp:term":[{"taxonomy":"category","embeddable":true,"href":"https:\/\/www.canons.es\/ca\/wp-json\/wp\/v2\/categories?post=12209"},{"taxonomy":"post_tag","embeddable":true,"href":"https:\/\/www.canons.es\/ca\/wp-json\/wp\/v2\/tags?post=12209"}],"curies":[{"name":"wp","href":"https:\/\/api.w.org\/{rel}","templated":true}]}}