{"id":12070,"date":"2016-12-07T16:44:11","date_gmt":"2016-12-07T16:44:11","guid":{"rendered":"https:\/\/www.canons.es\/ca\/lanzamiento-la-nueva-plataforma-laser-radiofrecuencia-cutera\/"},"modified":"2023-10-18T05:52:50","modified_gmt":"2023-10-18T05:52:50","slug":"lanzamiento-la-nueva-plataforma-laser-cutera","status":"publish","type":"post","link":"https:\/\/www.canons.es\/ca\/lanzamiento-la-nueva-plataforma-laser-cutera\/","title":{"rendered":"Llan\u00e7ament de la nova plataforma l\u00e1ser de CUTERA"},"content":{"rendered":"\n\n<div class=\"kk-star-ratings kksr-auto kksr-align-left kksr-valign-top\"\n    data-payload='{&quot;align&quot;:&quot;left&quot;,&quot;id&quot;:&quot;12070&quot;,&quot;slug&quot;:&quot;default&quot;,&quot;valign&quot;:&quot;top&quot;,&quot;ignore&quot;:&quot;&quot;,&quot;reference&quot;:&quot;auto&quot;,&quot;class&quot;:&quot;&quot;,&quot;count&quot;:&quot;0&quot;,&quot;legendonly&quot;:&quot;&quot;,&quot;readonly&quot;:&quot;&quot;,&quot;score&quot;:&quot;0&quot;,&quot;starsonly&quot;:&quot;&quot;,&quot;best&quot;:&quot;5&quot;,&quot;gap&quot;:&quot;5&quot;,&quot;greet&quot;:&quot;Eval\u00faa este art\u00edculo&quot;,&quot;legend&quot;:&quot;0\\\/5 - (0 votes)&quot;,&quot;size&quot;:&quot;24&quot;,&quot;title&quot;:&quot;Llan\u00e7ament de la nova plataforma l\u00e1ser de CUTERA&quot;,&quot;width&quot;:&quot;0&quot;,&quot;_legend&quot;:&quot;{score}\\\/{best} - ({count} {votes})&quot;,&quot;font_factor&quot;:&quot;1.25&quot;}'>\n            \n<div class=\"kksr-stars\">\n    \n<div class=\"kksr-stars-inactive\">\n            <div class=\"kksr-star\" data-star=\"1\" style=\"padding-right: 5px\">\n            \n\n<div class=\"kksr-icon\" style=\"width: 24px; height: 24px;\"><\/div>\n        <\/div>\n            <div class=\"kksr-star\" data-star=\"2\" style=\"padding-right: 5px\">\n            \n\n<div class=\"kksr-icon\" style=\"width: 24px; height: 24px;\"><\/div>\n        <\/div>\n            <div class=\"kksr-star\" data-star=\"3\" style=\"padding-right: 5px\">\n            \n\n<div class=\"kksr-icon\" style=\"width: 24px; height: 24px;\"><\/div>\n        <\/div>\n            <div class=\"kksr-star\" data-star=\"4\" style=\"padding-right: 5px\">\n            \n\n<div class=\"kksr-icon\" style=\"width: 24px; height: 24px;\"><\/div>\n        <\/div>\n            <div class=\"kksr-star\" data-star=\"5\" style=\"padding-right: 5px\">\n            \n\n<div class=\"kksr-icon\" style=\"width: 24px; height: 24px;\"><\/div>\n        <\/div>\n    <\/div>\n    \n<div class=\"kksr-stars-active\" style=\"width: 0px;\">\n            <div class=\"kksr-star\" style=\"padding-right: 5px\">\n            \n\n<div class=\"kksr-icon\" style=\"width: 24px; height: 24px;\"><\/div>\n        <\/div>\n            <div class=\"kksr-star\" style=\"padding-right: 5px\">\n            \n\n<div class=\"kksr-icon\" style=\"width: 24px; height: 24px;\"><\/div>\n        <\/div>\n            <div class=\"kksr-star\" style=\"padding-right: 5px\">\n            \n\n<div class=\"kksr-icon\" style=\"width: 24px; height: 24px;\"><\/div>\n        <\/div>\n            <div class=\"kksr-star\" style=\"padding-right: 5px\">\n            \n\n<div class=\"kksr-icon\" style=\"width: 24px; height: 24px;\"><\/div>\n        <\/div>\n            <div class=\"kksr-star\" style=\"padding-right: 5px\">\n            \n\n<div class=\"kksr-icon\" style=\"width: 24px; height: 24px;\"><\/div>\n        <\/div>\n    <\/div>\n<\/div>\n                \n\n<div class=\"kksr-legend\" style=\"font-size: 19.2px;\">\n            <span class=\"kksr-muted\">Eval\u00faa este art\u00edculo<\/span>\n    <\/div>\n    <\/div>\n<p style=\"text-align: justify;\"><span style=\"vertical-align: inherit;\"><span style=\"vertical-align: inherit;\"><span style=\"vertical-align: inherit;\"><span style=\"vertical-align: inherit;\">A C\u00e0nons Clinics estem d&#8217;enhorabona! <\/span><\/span><\/span><span style=\"vertical-align: inherit;\"><span style=\"vertical-align: inherit;\"><span style=\"vertical-align: inherit;\">Hem adquirit una nova plataforma l\u00e0ser i radiofreq\u00fc\u00e8ncia de la firma <\/span><\/span><\/span><\/span><a href=\"http:\/\/www.cutera.es\/\" target=\"_blank\" rel=\"noopener\"><span style=\"vertical-align: inherit;\"><span style=\"vertical-align: inherit;\"><span style=\"vertical-align: inherit;\"><span style=\"vertical-align: inherit;\">Cutera<\/span><\/span><\/span><\/span><\/a><span style=\"vertical-align: inherit;\"><span style=\"vertical-align: inherit;\"><span style=\"vertical-align: inherit;\"><span style=\"vertical-align: inherit;\"> , \u00fanica a tot l&#8217;Estat Espanyol, que ofereix solucions molt eficaces per respondre d&#8217;una manera molt m\u00e9s rigorosa a les necessitats dels nostres pacients.<\/span><\/span><\/span><\/span><\/p>\n<p style=\"text-align: justify;\"><strong><span style=\"text-decoration: underline;\"><span style=\"vertical-align: inherit;\"><span style=\"vertical-align: inherit;\"><span style=\"vertical-align: inherit;\"><span style=\"vertical-align: inherit;\">Solucions est\u00e9tiques corporals i facials<\/span><\/span><\/span><\/span><\/span><\/strong><\/p>\n<p style=\"text-align: justify;\"><span style=\"vertical-align: inherit;\"><span style=\"vertical-align: inherit;\"><span style=\"vertical-align: inherit;\"><span style=\"vertical-align: inherit;\">A partir d&#8217;ara disposem de dos productes m\u00e9s \u2013 Excel HR i truSculpt de Cutera \u2013 per a determinats tractaments est\u00e8tics:<\/span><\/span><\/span><\/span><\/p>\n<p style=\"text-align: justify;\"><strong><span style=\"vertical-align: inherit;\"><span style=\"vertical-align: inherit;\"><span style=\"vertical-align: inherit;\"><span style=\"vertical-align: inherit;\">ExcelHR de Cutera<\/span><\/span><\/span><\/span><\/strong><\/p>\n<p style=\"text-align: justify;\"><span style=\"vertical-align: inherit;\"><span style=\"vertical-align: inherit;\"><span style=\"vertical-align: inherit;\"><span style=\"vertical-align: inherit;\">Considerada la plataforma de depilaci\u00f3 l\u00e0ser <\/span><\/span><\/span><\/span><em><span style=\"vertical-align: inherit;\"><span style=\"vertical-align: inherit;\"><span style=\"vertical-align: inherit;\"><span style=\"vertical-align: inherit;\">premium<\/span><\/span><\/span><\/span><\/em><span style=\"vertical-align: inherit;\"><span style=\"vertical-align: inherit;\"><span style=\"vertical-align: inherit;\"><span style=\"vertical-align: inherit;\"> del <\/span><\/span><\/span><\/span><em><span style=\"vertical-align: inherit;\"><span style=\"vertical-align: inherit;\"><span style=\"vertical-align: inherit;\"><span style=\"vertical-align: inherit;\">segle<\/span><\/span><\/span><\/span><\/em><span style=\"vertical-align: inherit;\"><span style=\"vertical-align: inherit;\"><span style=\"vertical-align: inherit;\"><span style=\"vertical-align: inherit;\"> XXI, el l\u00e0ser Excel HR proporciona un excel\u00b7lent resultat de depilaci\u00f3 per a qualsevol tipus de pell, fins i tot la bronzejada, a causa d&#8217;una:<\/span><\/span><\/span><\/span><\/p>\n<p style=\"text-align: justify;\"><span style=\"vertical-align: inherit;\"><span style=\"vertical-align: inherit;\"><span style=\"vertical-align: inherit;\"><span style=\"vertical-align: inherit;\">. <\/span><\/span><\/span><\/span><strong><span style=\"vertical-align: inherit;\"><span style=\"vertical-align: inherit;\"><span style=\"vertical-align: inherit;\"><span style=\"vertical-align: inherit;\">Major efic\u00e0cia en la reducci\u00f3 del p\u00e8l<\/span><\/span><\/span><\/span><\/strong><span style=\"vertical-align: inherit;\"><span style=\"vertical-align: inherit;\"><span style=\"vertical-align: inherit;\"><span style=\"vertical-align: inherit;\"> gr\u00e0cies a la combinaci\u00f3 del l\u00e0ser Nd:YAG de 1064 nm de Cutera amb el nou l\u00e0ser d&#8217;Alexandrita de 755 nm d&#8217;alta pot\u00e8ncia.<\/span><\/span><\/span><\/span><\/p>\n<p style=\"text-align: justify;\"><span style=\"vertical-align: inherit;\"><span style=\"vertical-align: inherit;\"><span style=\"vertical-align: inherit;\"><span style=\"vertical-align: inherit;\">. <\/span><\/span><\/span><\/span><strong><span style=\"vertical-align: inherit;\"><span style=\"vertical-align: inherit;\"><span style=\"vertical-align: inherit;\"><span style=\"vertical-align: inherit;\">Major rapidesa en el temps d&#8217;escalfament.<\/span><\/span><\/span><\/span><\/strong><\/p>\n<p style=\"text-align: justify;\"><span style=\"vertical-align: inherit;\"><span style=\"vertical-align: inherit;\"><span style=\"vertical-align: inherit;\"><span style=\"vertical-align: inherit;\">. <\/span><\/span><\/span><\/span><strong><span style=\"vertical-align: inherit;\"><span style=\"vertical-align: inherit;\"><span style=\"vertical-align: inherit;\"><span style=\"vertical-align: inherit;\">Reducci\u00f3 de la sensaci\u00f3 de mol\u00e8stia<\/span><\/span><\/span><\/span><\/strong><span style=\"vertical-align: inherit;\"><span style=\"vertical-align: inherit;\"><span style=\"vertical-align: inherit;\"><span style=\"vertical-align: inherit;\"> gr\u00e0cies al refredament per contacte amb el safir.<\/span><\/span><\/span><\/span><\/p>\n<p style=\"text-align: justify;\"><span style=\"vertical-align: inherit;\"><span style=\"vertical-align: inherit;\"><span style=\"vertical-align: inherit;\"><span style=\"vertical-align: inherit;\">En definitiva, l&#8217; <\/span><\/span><\/span><\/span><strong><span style=\"vertical-align: inherit;\"><span style=\"vertical-align: inherit;\"><span style=\"vertical-align: inherit;\"><span style=\"vertical-align: inherit;\">Excel HR proporciona una depilaci\u00f3 l\u00e0ser molt m\u00e9s segura i millorant la comoditat del pacient.&nbsp;<\/span><\/span><\/span><\/span><\/strong><\/p>\n<p><span style=\"text-decoration: underline;\"><span style=\"vertical-align: inherit;\"><span style=\"vertical-align: inherit;\"><span style=\"vertical-align: inherit;\"><span style=\"vertical-align: inherit;\">Abans i despr\u00e9s<\/span><\/span><\/span><\/span><\/span><\/p>\n<p><span style=\"vertical-align: inherit;\"><span style=\"vertical-align: inherit;\"><span style=\"vertical-align: inherit;\"><span style=\"vertical-align: inherit;\">La pacient va rebre 2 tractaments:<\/span><\/span><\/span><\/span><\/p>\n\n\t\t<style type=\"text\/css\">\n\t\t\t#gallery-1 {\n\t\t\t\tmargin: auto;\n\t\t\t}\n\t\t\t#gallery-1 .gallery-item {\n\t\t\t\tfloat: left;\n\t\t\t\tmargin-top: 10px;\n\t\t\t\ttext-align: center;\n\t\t\t\twidth: 100%;\n\t\t\t}\n\t\t\t#gallery-1 img {\n\t\t\t\tborder: 2px solid #cfcfcf;\n\t\t\t}\n\t\t\t#gallery-1 .gallery-caption {\n\t\t\t\tmargin-left: 0;\n\t\t\t}\n\t\t\t\/* see gallery_shortcode() in wp-includes\/media.php *\/\n\t\t<\/style>\n\t\t<div id='gallery-1' class='gallery galleryid-12070 gallery-columns-1 gallery-size-large'><dl class='gallery-item'>\n\t\t\t<dt class='gallery-icon landscape'>\n\t\t\t\t<a href='https:\/\/www.canons.es\/ca\/lanzamiento-la-nueva-plataforma-laser-cutera\/excelhr-2\/'><img loading=\"lazy\" decoding=\"async\" width=\"1024\" height=\"314\" src=\"https:\/\/www.canons.es\/wp-content\/uploads\/2016\/12\/ExcelHR-1024x314.png\" class=\"attachment-large size-large\" alt=\"\" aria-describedby=\"gallery-1-20683\" srcset=\"https:\/\/www.canons.es\/wp-content\/uploads\/2016\/12\/ExcelHR-1024x314.png 1024w, https:\/\/www.canons.es\/wp-content\/uploads\/2016\/12\/ExcelHR-300x92.png 300w, https:\/\/www.canons.es\/wp-content\/uploads\/2016\/12\/ExcelHR-768x236.png 768w, https:\/\/www.canons.es\/wp-content\/uploads\/2016\/12\/ExcelHR-600x184.png 600w, https:\/\/www.canons.es\/wp-content\/uploads\/2016\/12\/ExcelHR-1100x337.png 1100w, https:\/\/www.canons.es\/wp-content\/uploads\/2016\/12\/ExcelHR-800x245.png 800w, https:\/\/www.canons.es\/wp-content\/uploads\/2016\/12\/ExcelHR.png 1167w\" sizes=\"auto, (max-width: 1024px) 100vw, 1024px\" \/><\/a>\n\t\t\t<\/dt>\n\t\t\t\t<dd class='wp-caption-text gallery-caption' id='gallery-1-20683'>\n\t\t\t\tImagen de CUTERA CRC\n\t\t\t\t<\/dd><\/dl><br style=\"clear: both\" \/>\n\t\t<\/div>\n\n<p style=\"text-align: justify;\"><strong><span style=\"vertical-align: inherit;\"><span style=\"vertical-align: inherit;\"><span style=\"vertical-align: inherit;\"><span style=\"vertical-align: inherit;\">La plataforma ExcelHR tamb\u00e9 pot ser utilitzada en altres tipus de tractaments facials i\/o corporals:<\/span><\/span><\/span><\/span><\/strong><\/p>\n<p style=\"text-align: justify;\"><span style=\"vertical-align: inherit;\"><span style=\"vertical-align: inherit;\"><span style=\"vertical-align: inherit;\"><span style=\"vertical-align: inherit;\">. <\/span><\/span><\/span><span style=\"vertical-align: inherit;\"><span style=\"vertical-align: inherit;\"><span style=\"vertical-align: inherit;\">Angiomes<\/span><\/span><\/span><\/span><\/p>\n<p style=\"text-align: justify;\"><span style=\"vertical-align: inherit;\"><span style=\"vertical-align: inherit;\"><span style=\"vertical-align: inherit;\"><span style=\"vertical-align: inherit;\">. <\/span><\/span><\/span><span style=\"vertical-align: inherit;\"><span style=\"vertical-align: inherit;\"><span style=\"vertical-align: inherit;\">Venes facials i vens varicosos<\/span><\/span><\/span><\/span><\/p>\n<p style=\"text-align: justify;\"><span style=\"vertical-align: inherit;\"><span style=\"vertical-align: inherit;\"><span style=\"vertical-align: inherit;\"><span style=\"vertical-align: inherit;\">. <\/span><\/span><\/span><span style=\"vertical-align: inherit;\"><span style=\"vertical-align: inherit;\"><span style=\"vertical-align: inherit;\">Llacs venosos<\/span><\/span><\/span><\/span><\/p>\n<p style=\"text-align: justify;\"><span style=\"vertical-align: inherit;\"><span style=\"vertical-align: inherit;\"><span style=\"vertical-align: inherit;\"><span style=\"vertical-align: inherit;\">. <\/span><\/span><\/span><span style=\"vertical-align: inherit;\"><span style=\"vertical-align: inherit;\"><span style=\"vertical-align: inherit;\">Tacs foscos o associades a l&#8217;edat<\/span><\/span><\/span><\/span><\/p>\n<p style=\"text-align: justify;\"><span style=\"vertical-align: inherit;\"><span style=\"vertical-align: inherit;\"><span style=\"vertical-align: inherit;\"><span style=\"vertical-align: inherit;\">. <\/span><\/span><\/span><span style=\"vertical-align: inherit;\"><span style=\"vertical-align: inherit;\"><span style=\"vertical-align: inherit;\">Berrugues<\/span><\/span><\/span><\/span><\/p>\n<p style=\"text-align: justify;\"><span style=\"vertical-align: inherit;\"><span style=\"vertical-align: inherit;\"><span style=\"vertical-align: inherit;\"><span style=\"vertical-align: inherit;\">Amb el llan\u00e7ament d&#8217;aquesta nova plataforma l\u00e0ser i radiofreq\u00fc\u00e8ncia CUTERA incorporem m\u00e9s efic\u00e0cia, rapidesa, seguretat i comoditat als nostres tractaments est\u00e8tics.<\/span><\/span><\/span><\/span><\/p>\n<p style=\"text-align: justify;\"><span style=\"vertical-align: inherit;\"><span style=\"vertical-align: inherit;\"><span style=\"vertical-align: inherit;\"><span style=\"vertical-align: inherit;\">Si est\u00e0s interessat\/da en algun d&#8217;ells o b\u00e9 vols m\u00e9s informaci\u00f3 sobre la nostra nova plataforma, nom\u00e9s cal que contactis amb nosaltres. <\/span><\/span><\/span><span style=\"vertical-align: inherit;\"><span style=\"vertical-align: inherit;\"><span style=\"vertical-align: inherit;\">Pots trucar-nos al 938 60 60 60 o enviar-nos un correu electr\u00f2nic a info@C\u00e0nons Clinics.es \ud83d\ude42<\/span><\/span><\/span><\/span><\/p>\n<p style=\"text-align: justify;\"><span style=\"vertical-align: inherit;\"><span style=\"vertical-align: inherit;\"><span style=\"vertical-align: inherit;\"><span style=\"vertical-align: inherit;\">Font: <\/span><\/span><\/span><\/span><a href=\"http:\/\/www.cutera.es\/\" target=\"_blank\" rel=\"noopener\"><span style=\"vertical-align: inherit;\"><span style=\"vertical-align: inherit;\"><span style=\"vertical-align: inherit;\"><span style=\"vertical-align: inherit;\">Cutera<\/span><\/span><\/span><\/span><\/a><\/p>\n<!-- AddThis Advanced Settings generic via filter on the_content --><!-- AddThis Share Buttons generic via filter on the_content -->","protected":false},"excerpt":{"rendered":"<p>A C\u00e0nons Clinics estem d&#8217;enhorabona! Hem adquirit una nova plataforma l\u00e0ser i radiofreq\u00fc\u00e8ncia de la firma Cutera , \u00fanica a tot l&#8217;Estat Espanyol, que ofereix solucions molt eficaces per respondre d&#8217;una manera molt m\u00e9s rigorosa a les necessitats dels nostres pacients. Solucions est\u00e9tiques corporals i&#8230;<!-- AddThis Advanced Settings generic via filter on get_the_excerpt --><!-- AddThis Share Buttons generic via filter on get_the_excerpt --><\/p>\n","protected":false},"author":25,"featured_media":12066,"comment_status":"open","ping_status":"open","sticky":false,"template":"","format":"standard","meta":{"footnotes":""},"categories":[79,566,894],"tags":[472,473,471,648,475,525],"class_list":["post-12070","post","type-post","status-publish","format-standard","has-post-thumbnail","hentry","category-blog-del-dr-victor-hernandez-da-costa-ca","category-blog-del-dr-victor-hernandez-da-costa-ca-3","category-medicina-estetica-corporal-ca-2","tag-cutera-ca","tag-laser-genesis-ca","tag-laser-genesis","tag-tratamientos-corporales-ca","tag-tratamientos-esteticos-ca","tag-tratamientos-faciales-ca"],"yoast_head":"<!-- This site is optimized with the Yoast SEO Premium plugin v26.9 (Yoast SEO v27.4) - https:\/\/yoast.com\/product\/yoast-seo-premium-wordpress\/ -->\n<title>Llan\u00e7ament de la nova plataforma l\u00e1ser de CUTERA - Cl\u00ednica C\u00e0nons | Cirurgia i Medicina Estetica a Barcelona, \u200b\u200bGranollers<\/title>\n<meta name=\"robots\" content=\"index, follow, max-snippet:-1, max-image-preview:large, max-video-preview:-1\" \/>\n<link rel=\"canonical\" href=\"https:\/\/www.canons.es\/ca\/lanzamiento-la-nueva-plataforma-laser-cutera\/\" \/>\n<meta property=\"og:locale\" content=\"ca_ES\" \/>\n<meta property=\"og:type\" content=\"article\" \/>\n<meta property=\"og:title\" content=\"Llan\u00e7ament de la nova plataforma l\u00e1ser de CUTERA\" \/>\n<meta property=\"og:description\" content=\"A C\u00e0nons Clinics estem d&#8217;enhorabona! Hem adquirit una nova plataforma l\u00e0ser i radiofreq\u00fc\u00e8ncia de la firma Cutera , \u00fanica a tot l&#8217;Estat Espanyol, que ofereix solucions molt eficaces per respondre d&#8217;una manera molt m\u00e9s rigorosa a les necessitats dels nostres pacients. Solucions est\u00e9tiques corporals i...\" \/>\n<meta property=\"og:url\" content=\"https:\/\/www.canons.es\/ca\/lanzamiento-la-nueva-plataforma-laser-cutera\/\" \/>\n<meta property=\"og:site_name\" content=\"Cl\u00ednica C\u00e0nons | Cirurgia i Medicina Estetica a Barcelona, \u200b\u200bGranollers\" \/>\n<meta property=\"article:publisher\" content=\"https:\/\/www.facebook.com\/canonsclinics\/\" \/>\n<meta property=\"article:published_time\" content=\"2016-12-07T16:44:11+00:00\" \/>\n<meta property=\"article:modified_time\" content=\"2023-10-18T05:52:50+00:00\" \/>\n<meta property=\"og:image\" content=\"https:\/\/www.canons.es\/wp-content\/uploads\/2016\/12\/soluciones-esteticas-cutera-1024x277.jpg\" \/>\n\t<meta property=\"og:image:width\" content=\"1024\" \/>\n\t<meta property=\"og:image:height\" content=\"277\" \/>\n\t<meta property=\"og:image:type\" content=\"image\/jpeg\" \/>\n<meta name=\"author\" content=\"administrador\" \/>\n<meta name=\"twitter:card\" content=\"summary_large_image\" \/>\n<meta name=\"twitter:creator\" content=\"@canonsclinics\" \/>\n<meta name=\"twitter:site\" content=\"@canonsclinics\" \/>\n<meta name=\"twitter:label1\" content=\"Escrit per\" \/>\n\t<meta name=\"twitter:data1\" content=\"administrador\" \/>\n\t<meta name=\"twitter:label2\" content=\"Temps estimat de lectura\" \/>\n\t<meta name=\"twitter:data2\" content=\"2 minuts\" \/>\n<script type=\"application\/ld+json\" class=\"yoast-schema-graph\">{\"@context\":\"https:\\\/\\\/schema.org\",\"@graph\":[{\"@type\":\"Article\",\"@id\":\"https:\\\/\\\/www.canons.es\\\/ca\\\/lanzamiento-la-nueva-plataforma-laser-cutera\\\/#article\",\"isPartOf\":{\"@id\":\"https:\\\/\\\/www.canons.es\\\/ca\\\/lanzamiento-la-nueva-plataforma-laser-cutera\\\/\"},\"author\":{\"name\":\"administrador\",\"@id\":\"https:\\\/\\\/www.canons.es\\\/#\\\/schema\\\/person\\\/947d7b84e9c15475d0452e32f9d72fb7\"},\"headline\":\"Llan\u00e7ament de la nova plataforma l\u00e1ser de CUTERA\",\"datePublished\":\"2016-12-07T16:44:11+00:00\",\"dateModified\":\"2023-10-18T05:52:50+00:00\",\"mainEntityOfPage\":{\"@id\":\"https:\\\/\\\/www.canons.es\\\/ca\\\/lanzamiento-la-nueva-plataforma-laser-cutera\\\/\"},\"wordCount\":313,\"commentCount\":0,\"publisher\":{\"@id\":\"https:\\\/\\\/www.canons.es\\\/#organization\"},\"image\":{\"@id\":\"https:\\\/\\\/www.canons.es\\\/ca\\\/lanzamiento-la-nueva-plataforma-laser-cutera\\\/#primaryimage\"},\"thumbnailUrl\":\"https:\\\/\\\/www.canons.es\\\/wp-content\\\/uploads\\\/2016\\\/12\\\/soluciones-esteticas-cutera.jpg\",\"keywords\":[\"Cutera\",\"L\u00e1ser Genesis\",\"L\u00e1ser Genesis\",\"Tratamientos corporales\",\"Tratamientos est\u00e9ticos\",\"Tratamientos faciales\"],\"articleSection\":[\"Blog del Dr. V\u00edctor Hern\u00e0ndez Da Costa\",\"Blog del Dr. V\u00edctor Hern\u00e1ndez Da Costa\",\"Medicina est\u00e9tica corporal\"],\"inLanguage\":\"ca\",\"potentialAction\":[{\"@type\":\"CommentAction\",\"name\":\"Comment\",\"target\":[\"https:\\\/\\\/www.canons.es\\\/ca\\\/lanzamiento-la-nueva-plataforma-laser-cutera\\\/#respond\"]}]},{\"@type\":\"WebPage\",\"@id\":\"https:\\\/\\\/www.canons.es\\\/ca\\\/lanzamiento-la-nueva-plataforma-laser-cutera\\\/\",\"url\":\"https:\\\/\\\/www.canons.es\\\/ca\\\/lanzamiento-la-nueva-plataforma-laser-cutera\\\/\",\"name\":\"Llan\u00e7ament de la nova plataforma l\u00e1ser de CUTERA - Cl\u00ednica C\u00e0nons | Cirurgia i Medicina Estetica a Barcelona, \u200b\u200bGranollers\",\"isPartOf\":{\"@id\":\"https:\\\/\\\/www.canons.es\\\/#website\"},\"primaryImageOfPage\":{\"@id\":\"https:\\\/\\\/www.canons.es\\\/ca\\\/lanzamiento-la-nueva-plataforma-laser-cutera\\\/#primaryimage\"},\"image\":{\"@id\":\"https:\\\/\\\/www.canons.es\\\/ca\\\/lanzamiento-la-nueva-plataforma-laser-cutera\\\/#primaryimage\"},\"thumbnailUrl\":\"https:\\\/\\\/www.canons.es\\\/wp-content\\\/uploads\\\/2016\\\/12\\\/soluciones-esteticas-cutera.jpg\",\"datePublished\":\"2016-12-07T16:44:11+00:00\",\"dateModified\":\"2023-10-18T05:52:50+00:00\",\"breadcrumb\":{\"@id\":\"https:\\\/\\\/www.canons.es\\\/ca\\\/lanzamiento-la-nueva-plataforma-laser-cutera\\\/#breadcrumb\"},\"inLanguage\":\"ca\",\"potentialAction\":[{\"@type\":\"ReadAction\",\"target\":[\"https:\\\/\\\/www.canons.es\\\/ca\\\/lanzamiento-la-nueva-plataforma-laser-cutera\\\/\"]}]},{\"@type\":\"ImageObject\",\"inLanguage\":\"ca\",\"@id\":\"https:\\\/\\\/www.canons.es\\\/ca\\\/lanzamiento-la-nueva-plataforma-laser-cutera\\\/#primaryimage\",\"url\":\"https:\\\/\\\/www.canons.es\\\/wp-content\\\/uploads\\\/2016\\\/12\\\/soluciones-esteticas-cutera.jpg\",\"contentUrl\":\"https:\\\/\\\/www.canons.es\\\/wp-content\\\/uploads\\\/2016\\\/12\\\/soluciones-esteticas-cutera.jpg\",\"width\":8093,\"height\":2188},{\"@type\":\"BreadcrumbList\",\"@id\":\"https:\\\/\\\/www.canons.es\\\/ca\\\/lanzamiento-la-nueva-plataforma-laser-cutera\\\/#breadcrumb\",\"itemListElement\":[{\"@type\":\"ListItem\",\"position\":1,\"name\":\"Portada\",\"item\":\"https:\\\/\\\/www.canons.es\\\/ca\\\/\"},{\"@type\":\"ListItem\",\"position\":2,\"name\":\"Llan\u00e7ament de la nova plataforma l\u00e1ser de CUTERA\"}]},{\"@type\":\"WebSite\",\"@id\":\"https:\\\/\\\/www.canons.es\\\/#website\",\"url\":\"https:\\\/\\\/www.canons.es\\\/\",\"name\":\"Cirug\u00eda Pl\u00e1stica y Est\u00e9tica Barcelona y Granollers | C\u00e0nons Clinics\",\"description\":\"\",\"publisher\":{\"@id\":\"https:\\\/\\\/www.canons.es\\\/#organization\"},\"potentialAction\":[{\"@type\":\"SearchAction\",\"target\":{\"@type\":\"EntryPoint\",\"urlTemplate\":\"https:\\\/\\\/www.canons.es\\\/?s={search_term_string}\"},\"query-input\":{\"@type\":\"PropertyValueSpecification\",\"valueRequired\":true,\"valueName\":\"search_term_string\"}}],\"inLanguage\":\"ca\"},{\"@type\":\"Organization\",\"@id\":\"https:\\\/\\\/www.canons.es\\\/#organization\",\"name\":\"Cirug\u00eda Pl\u00e1stica y Est\u00e9tica Barcelona y Granollers | C\u00e0nons Clinics\",\"url\":\"https:\\\/\\\/www.canons.es\\\/\",\"logo\":{\"@type\":\"ImageObject\",\"inLanguage\":\"ca\",\"@id\":\"https:\\\/\\\/www.canons.es\\\/#\\\/schema\\\/logo\\\/image\\\/\",\"url\":\"https:\\\/\\\/www.canons.es\\\/wp-content\\\/uploads\\\/2025\\\/04\\\/logo-canons-clinics.jpg\",\"contentUrl\":\"https:\\\/\\\/www.canons.es\\\/wp-content\\\/uploads\\\/2025\\\/04\\\/logo-canons-clinics.jpg\",\"width\":600,\"height\":139,\"caption\":\"Cirug\u00eda Pl\u00e1stica y Est\u00e9tica Barcelona y Granollers | C\u00e0nons Clinics\"},\"image\":{\"@id\":\"https:\\\/\\\/www.canons.es\\\/#\\\/schema\\\/logo\\\/image\\\/\"},\"sameAs\":[\"https:\\\/\\\/www.facebook.com\\\/canonsclinics\\\/\",\"https:\\\/\\\/x.com\\\/canonsclinics\",\"https:\\\/\\\/www.instagram.com\\\/canonsclinics\\\/\",\"https:\\\/\\\/www.youtube.com\\\/channel\\\/UCI1Ia6LjALyo1CuQ0_HwtfQ\",\"https:\\\/\\\/www.linkedin.com\\\/company\\\/canons-clinics\\\/\"]},{\"@type\":\"Person\",\"@id\":\"https:\\\/\\\/www.canons.es\\\/#\\\/schema\\\/person\\\/947d7b84e9c15475d0452e32f9d72fb7\",\"name\":\"administrador\"}]}<\/script>\n<!-- \/ Yoast SEO Premium plugin. -->","yoast_head_json":{"title":"Llan\u00e7ament de la nova plataforma l\u00e1ser de CUTERA - Cl\u00ednica C\u00e0nons | Cirurgia i Medicina Estetica a Barcelona, \u200b\u200bGranollers","robots":{"index":"index","follow":"follow","max-snippet":"max-snippet:-1","max-image-preview":"max-image-preview:large","max-video-preview":"max-video-preview:-1"},"canonical":"https:\/\/www.canons.es\/ca\/lanzamiento-la-nueva-plataforma-laser-cutera\/","og_locale":"ca_ES","og_type":"article","og_title":"Llan\u00e7ament de la nova plataforma l\u00e1ser de CUTERA","og_description":"A C\u00e0nons Clinics estem d&#8217;enhorabona! Hem adquirit una nova plataforma l\u00e0ser i radiofreq\u00fc\u00e8ncia de la firma Cutera , \u00fanica a tot l&#8217;Estat Espanyol, que ofereix solucions molt eficaces per respondre d&#8217;una manera molt m\u00e9s rigorosa a les necessitats dels nostres pacients. Solucions est\u00e9tiques corporals i...","og_url":"https:\/\/www.canons.es\/ca\/lanzamiento-la-nueva-plataforma-laser-cutera\/","og_site_name":"Cl\u00ednica C\u00e0nons | Cirurgia i Medicina Estetica a Barcelona, \u200b\u200bGranollers","article_publisher":"https:\/\/www.facebook.com\/canonsclinics\/","article_published_time":"2016-12-07T16:44:11+00:00","article_modified_time":"2023-10-18T05:52:50+00:00","og_image":[{"width":1024,"height":277,"url":"https:\/\/www.canons.es\/wp-content\/uploads\/2016\/12\/soluciones-esteticas-cutera-1024x277.jpg","type":"image\/jpeg"}],"author":"administrador","twitter_card":"summary_large_image","twitter_creator":"@canonsclinics","twitter_site":"@canonsclinics","twitter_misc":{"Escrit per":"administrador","Temps estimat de lectura":"2 minuts"},"schema":{"@context":"https:\/\/schema.org","@graph":[{"@type":"Article","@id":"https:\/\/www.canons.es\/ca\/lanzamiento-la-nueva-plataforma-laser-cutera\/#article","isPartOf":{"@id":"https:\/\/www.canons.es\/ca\/lanzamiento-la-nueva-plataforma-laser-cutera\/"},"author":{"name":"administrador","@id":"https:\/\/www.canons.es\/#\/schema\/person\/947d7b84e9c15475d0452e32f9d72fb7"},"headline":"Llan\u00e7ament de la nova plataforma l\u00e1ser de CUTERA","datePublished":"2016-12-07T16:44:11+00:00","dateModified":"2023-10-18T05:52:50+00:00","mainEntityOfPage":{"@id":"https:\/\/www.canons.es\/ca\/lanzamiento-la-nueva-plataforma-laser-cutera\/"},"wordCount":313,"commentCount":0,"publisher":{"@id":"https:\/\/www.canons.es\/#organization"},"image":{"@id":"https:\/\/www.canons.es\/ca\/lanzamiento-la-nueva-plataforma-laser-cutera\/#primaryimage"},"thumbnailUrl":"https:\/\/www.canons.es\/wp-content\/uploads\/2016\/12\/soluciones-esteticas-cutera.jpg","keywords":["Cutera","L\u00e1ser Genesis","L\u00e1ser Genesis","Tratamientos corporales","Tratamientos est\u00e9ticos","Tratamientos faciales"],"articleSection":["Blog del Dr. V\u00edctor Hern\u00e0ndez Da Costa","Blog del Dr. V\u00edctor Hern\u00e1ndez Da Costa","Medicina est\u00e9tica corporal"],"inLanguage":"ca","potentialAction":[{"@type":"CommentAction","name":"Comment","target":["https:\/\/www.canons.es\/ca\/lanzamiento-la-nueva-plataforma-laser-cutera\/#respond"]}]},{"@type":"WebPage","@id":"https:\/\/www.canons.es\/ca\/lanzamiento-la-nueva-plataforma-laser-cutera\/","url":"https:\/\/www.canons.es\/ca\/lanzamiento-la-nueva-plataforma-laser-cutera\/","name":"Llan\u00e7ament de la nova plataforma l\u00e1ser de CUTERA - Cl\u00ednica C\u00e0nons | Cirurgia i Medicina Estetica a Barcelona, \u200b\u200bGranollers","isPartOf":{"@id":"https:\/\/www.canons.es\/#website"},"primaryImageOfPage":{"@id":"https:\/\/www.canons.es\/ca\/lanzamiento-la-nueva-plataforma-laser-cutera\/#primaryimage"},"image":{"@id":"https:\/\/www.canons.es\/ca\/lanzamiento-la-nueva-plataforma-laser-cutera\/#primaryimage"},"thumbnailUrl":"https:\/\/www.canons.es\/wp-content\/uploads\/2016\/12\/soluciones-esteticas-cutera.jpg","datePublished":"2016-12-07T16:44:11+00:00","dateModified":"2023-10-18T05:52:50+00:00","breadcrumb":{"@id":"https:\/\/www.canons.es\/ca\/lanzamiento-la-nueva-plataforma-laser-cutera\/#breadcrumb"},"inLanguage":"ca","potentialAction":[{"@type":"ReadAction","target":["https:\/\/www.canons.es\/ca\/lanzamiento-la-nueva-plataforma-laser-cutera\/"]}]},{"@type":"ImageObject","inLanguage":"ca","@id":"https:\/\/www.canons.es\/ca\/lanzamiento-la-nueva-plataforma-laser-cutera\/#primaryimage","url":"https:\/\/www.canons.es\/wp-content\/uploads\/2016\/12\/soluciones-esteticas-cutera.jpg","contentUrl":"https:\/\/www.canons.es\/wp-content\/uploads\/2016\/12\/soluciones-esteticas-cutera.jpg","width":8093,"height":2188},{"@type":"BreadcrumbList","@id":"https:\/\/www.canons.es\/ca\/lanzamiento-la-nueva-plataforma-laser-cutera\/#breadcrumb","itemListElement":[{"@type":"ListItem","position":1,"name":"Portada","item":"https:\/\/www.canons.es\/ca\/"},{"@type":"ListItem","position":2,"name":"Llan\u00e7ament de la nova plataforma l\u00e1ser de CUTERA"}]},{"@type":"WebSite","@id":"https:\/\/www.canons.es\/#website","url":"https:\/\/www.canons.es\/","name":"Cirug\u00eda Pl\u00e1stica y Est\u00e9tica Barcelona y Granollers | C\u00e0nons Clinics","description":"","publisher":{"@id":"https:\/\/www.canons.es\/#organization"},"potentialAction":[{"@type":"SearchAction","target":{"@type":"EntryPoint","urlTemplate":"https:\/\/www.canons.es\/?s={search_term_string}"},"query-input":{"@type":"PropertyValueSpecification","valueRequired":true,"valueName":"search_term_string"}}],"inLanguage":"ca"},{"@type":"Organization","@id":"https:\/\/www.canons.es\/#organization","name":"Cirug\u00eda Pl\u00e1stica y Est\u00e9tica Barcelona y Granollers | C\u00e0nons Clinics","url":"https:\/\/www.canons.es\/","logo":{"@type":"ImageObject","inLanguage":"ca","@id":"https:\/\/www.canons.es\/#\/schema\/logo\/image\/","url":"https:\/\/www.canons.es\/wp-content\/uploads\/2025\/04\/logo-canons-clinics.jpg","contentUrl":"https:\/\/www.canons.es\/wp-content\/uploads\/2025\/04\/logo-canons-clinics.jpg","width":600,"height":139,"caption":"Cirug\u00eda Pl\u00e1stica y Est\u00e9tica Barcelona y Granollers | C\u00e0nons Clinics"},"image":{"@id":"https:\/\/www.canons.es\/#\/schema\/logo\/image\/"},"sameAs":["https:\/\/www.facebook.com\/canonsclinics\/","https:\/\/x.com\/canonsclinics","https:\/\/www.instagram.com\/canonsclinics\/","https:\/\/www.youtube.com\/channel\/UCI1Ia6LjALyo1CuQ0_HwtfQ","https:\/\/www.linkedin.com\/company\/canons-clinics\/"]},{"@type":"Person","@id":"https:\/\/www.canons.es\/#\/schema\/person\/947d7b84e9c15475d0452e32f9d72fb7","name":"administrador"}]}},"_links":{"self":[{"href":"https:\/\/www.canons.es\/ca\/wp-json\/wp\/v2\/posts\/12070","targetHints":{"allow":["GET"]}}],"collection":[{"href":"https:\/\/www.canons.es\/ca\/wp-json\/wp\/v2\/posts"}],"about":[{"href":"https:\/\/www.canons.es\/ca\/wp-json\/wp\/v2\/types\/post"}],"author":[{"embeddable":true,"href":"https:\/\/www.canons.es\/ca\/wp-json\/wp\/v2\/users\/25"}],"replies":[{"embeddable":true,"href":"https:\/\/www.canons.es\/ca\/wp-json\/wp\/v2\/comments?post=12070"}],"version-history":[{"count":0,"href":"https:\/\/www.canons.es\/ca\/wp-json\/wp\/v2\/posts\/12070\/revisions"}],"wp:featuredmedia":[{"embeddable":true,"href":"https:\/\/www.canons.es\/ca\/wp-json\/wp\/v2\/media\/12066"}],"wp:attachment":[{"href":"https:\/\/www.canons.es\/ca\/wp-json\/wp\/v2\/media?parent=12070"}],"wp:term":[{"taxonomy":"category","embeddable":true,"href":"https:\/\/www.canons.es\/ca\/wp-json\/wp\/v2\/categories?post=12070"},{"taxonomy":"post_tag","embeddable":true,"href":"https:\/\/www.canons.es\/ca\/wp-json\/wp\/v2\/tags?post=12070"}],"curies":[{"name":"wp","href":"https:\/\/api.w.org\/{rel}","templated":true}]}}