{"id":11468,"date":"2016-03-28T00:00:44","date_gmt":"2016-03-28T00:00:44","guid":{"rendered":"https:\/\/www.canons.es\/ca\/prepara-tu-piel-para-la-llegada-del-buen-tiempo\/"},"modified":"2023-11-01T09:48:26","modified_gmt":"2023-11-01T09:48:26","slug":"prepara-tu-piel-para-la-llegada-del-buen-tiempo","status":"publish","type":"post","link":"https:\/\/www.canons.es\/ca\/prepara-tu-piel-para-la-llegada-del-buen-tiempo\/","title":{"rendered":"Combat la cel\u00b7lulitis amb la Mesoter\u00e0pia Corporal"},"content":{"rendered":"\n\n<div class=\"kk-star-ratings kksr-auto kksr-align-left kksr-valign-top\"\n    data-payload='{&quot;align&quot;:&quot;left&quot;,&quot;id&quot;:&quot;11468&quot;,&quot;slug&quot;:&quot;default&quot;,&quot;valign&quot;:&quot;top&quot;,&quot;ignore&quot;:&quot;&quot;,&quot;reference&quot;:&quot;auto&quot;,&quot;class&quot;:&quot;&quot;,&quot;count&quot;:&quot;0&quot;,&quot;legendonly&quot;:&quot;&quot;,&quot;readonly&quot;:&quot;&quot;,&quot;score&quot;:&quot;0&quot;,&quot;starsonly&quot;:&quot;&quot;,&quot;best&quot;:&quot;5&quot;,&quot;gap&quot;:&quot;5&quot;,&quot;greet&quot;:&quot;Eval\u00faa este art\u00edculo&quot;,&quot;legend&quot;:&quot;0\\\/5 - (0 votes)&quot;,&quot;size&quot;:&quot;24&quot;,&quot;title&quot;:&quot;Combat la cel\u00b7lulitis amb la Mesoter\u00e0pia Corporal&quot;,&quot;width&quot;:&quot;0&quot;,&quot;_legend&quot;:&quot;{score}\\\/{best} - ({count} {votes})&quot;,&quot;font_factor&quot;:&quot;1.25&quot;}'>\n            \n<div class=\"kksr-stars\">\n    \n<div class=\"kksr-stars-inactive\">\n            <div class=\"kksr-star\" data-star=\"1\" style=\"padding-right: 5px\">\n            \n\n<div class=\"kksr-icon\" style=\"width: 24px; height: 24px;\"><\/div>\n        <\/div>\n            <div class=\"kksr-star\" data-star=\"2\" style=\"padding-right: 5px\">\n            \n\n<div class=\"kksr-icon\" style=\"width: 24px; height: 24px;\"><\/div>\n        <\/div>\n            <div class=\"kksr-star\" data-star=\"3\" style=\"padding-right: 5px\">\n            \n\n<div class=\"kksr-icon\" style=\"width: 24px; height: 24px;\"><\/div>\n        <\/div>\n            <div class=\"kksr-star\" data-star=\"4\" style=\"padding-right: 5px\">\n            \n\n<div class=\"kksr-icon\" style=\"width: 24px; height: 24px;\"><\/div>\n        <\/div>\n            <div class=\"kksr-star\" data-star=\"5\" style=\"padding-right: 5px\">\n            \n\n<div class=\"kksr-icon\" style=\"width: 24px; height: 24px;\"><\/div>\n        <\/div>\n    <\/div>\n    \n<div class=\"kksr-stars-active\" style=\"width: 0px;\">\n            <div class=\"kksr-star\" style=\"padding-right: 5px\">\n            \n\n<div class=\"kksr-icon\" style=\"width: 24px; height: 24px;\"><\/div>\n        <\/div>\n            <div class=\"kksr-star\" style=\"padding-right: 5px\">\n            \n\n<div class=\"kksr-icon\" style=\"width: 24px; height: 24px;\"><\/div>\n        <\/div>\n            <div class=\"kksr-star\" style=\"padding-right: 5px\">\n            \n\n<div class=\"kksr-icon\" style=\"width: 24px; height: 24px;\"><\/div>\n        <\/div>\n            <div class=\"kksr-star\" style=\"padding-right: 5px\">\n            \n\n<div class=\"kksr-icon\" style=\"width: 24px; height: 24px;\"><\/div>\n        <\/div>\n            <div class=\"kksr-star\" style=\"padding-right: 5px\">\n            \n\n<div class=\"kksr-icon\" style=\"width: 24px; height: 24px;\"><\/div>\n        <\/div>\n    <\/div>\n<\/div>\n                \n\n<div class=\"kksr-legend\" style=\"font-size: 19.2px;\">\n            <span class=\"kksr-muted\">Eval\u00faa este art\u00edculo<\/span>\n    <\/div>\n    <\/div>\n<p style=\"text-align: justify;\">Amb l&#8217;arribada de la primavera, la pell necessita cures espec\u00edfiques perqu\u00e8 llueixi tersa i radiant. La dermis \u00e9s la part del cos m\u00e9s sensible als canvis clim\u00e0tics i, per aix\u00f2, \u00e9s fonamental dedicar-li una atenci\u00f3 especial.<\/p>\n<p>En les nostres cl\u00edniques C\u00e0nons Clinics oferim ter\u00e0pies <a href=\"http:\/\/www.C\u00e0nons Clinics.es\/medicina-estetica-facial\/\" target=\"_blank\" rel=\"noopener\">facials<\/a>\u00a0i\u00a0<a href=\"http:\/\/www.C\u00e0nons Clinics.es\/medicina-estetica-corporal\/\" target=\"_blank\" rel=\"noopener\">corporals<\/a>\u00a0per retornar a la teva pell un aspecte llumin\u00f3s i rejovenit durant l&#8217;\u00e8poca de primavera-estiu.<\/p>\n<p>En el post d&#8217;avui, parlarem de la <strong>Mesoter\u00e0pia Corporal que combat la cel\u00b7lulitis<\/strong>. Altres de les seves indicacions s\u00f3n <strong>la reducci\u00f3 del volum de greix localitzat, la tonificaci\u00f3 de la pell, aix\u00ed com l&#8217;estimulaci\u00f3 de les fibres de col\u00b7l\u00e0gen, i la reducci\u00f3 de la retenci\u00f3 de l\u00edquids.<\/strong><\/p>\n<p><img loading=\"lazy\" decoding=\"async\" class=\" wp-image-11462 aligncenter\" src=\"http:\/\/www.C\u00e0nons Clinics.es\/wp-content\/uploads\/2016\/03\/tratamiento-corporal.jpg\" alt=\"tratamiento-corporal\" width=\"527\" height=\"323\" srcset=\"https:\/\/www.canons.es\/wp-content\/uploads\/2016\/03\/tratamiento-corporal.jpg 640w, https:\/\/www.canons.es\/wp-content\/uploads\/2016\/03\/tratamiento-corporal-300x184.jpg 300w, https:\/\/www.canons.es\/wp-content\/uploads\/2016\/03\/tratamiento-corporal-600x368.jpg 600w\" sizes=\"auto, (max-width: 527px) 100vw, 527px\" \/><\/p>\n<div id=\"traduccio\" style=\"text-align: justify;\">\n<p>En aquest tractament de Medicina Est\u00e8tica Corporal utilitzem <strong>productes homeop\u00e0tics.<\/strong> Apliquem petites dosis d&#8217;aquests productes a la dermis, sense cap efecte secundari, amb la finalitat d&#8217;eliminar l&#8217;acumulaci\u00f3 progressiva del teixit adip\u00f3s, l\u00edquids i toxines en l&#8217;organisme.<\/p>\n<p>Si el teu objectiu \u00e9s combatre la cel\u00b7lulitis, el nostre equip de\u00a0<a href=\"http:\/\/www.C\u00e0nons Clinics.es\/dietetica-y-nutricion\/\" target=\"_blank\" rel=\"noopener\">Dietistes i Nutricionistes<\/a>\u00a0t&#8217;assessorar\u00e0 per evitar la retenci\u00f3 de l\u00edquids i juntament amb la Mesoter\u00e0pia Corporal tot estar\u00e0 sota un control m\u00e8dic absolut.<\/p>\n<p><strong>Quant a la Mesoter\u00e0pia, el protocol est\u00e0ndard compr\u00e8n unes 10 sessions i recomanem realitzar-ne una setmanalment.<\/strong><\/p>\n<p>Si est\u00e0s interessada en aquest tractament per lluir una pell tersa i lluminosa,\u00a0<a href=\"http:\/\/www.C\u00e0nons Clinics.es\/mesoterapia-corporal-para-combatir-la-celulitis\/\" target=\"_blank\" rel=\"noopener\">aqu\u00ed trobar\u00e0s m\u00e1s informaci\u00f3<\/a>.<\/p>\n<\/div>\n<div style=\"text-align: justify;\"><\/div>\n<p style=\"text-align: justify;\">A continuaci\u00f3,<strong style=\"line-height: 1.5;\"> et donem alguns consells que sempre has de recordar amb l&#8217;arribada del bon temps <\/strong>i que no s\u00f3n substitu\u00efbles amb cap tractament m\u00e8dic-est\u00e8tic:<\/p>\n<p style=\"text-align: justify;\"><strong style=\"line-height: 1.5;\">. Hidratar la pell<\/strong><span style=\"line-height: 1.5;\">: No has de descuidar la hidrataci\u00f3 en cap moment, ja que l&#8217;hivern ha pogut ressecar la teva pell.<\/span><\/p>\n<p>L&#8217;ideal \u00e9s aplicar una crema hidratant pel cos i una altra diferent\u00a0per a la cara, segons les necessitats i caracter\u00edstiques de la pell.<\/p>\n<p style=\"text-align: justify;\"><strong style=\"line-height: 1.5;\">. Beure aigua<\/strong><span style=\"line-height: 1.5;\">: Tan important \u00e9s cuidar l&#8217;exterior com l&#8217;interior del cos. Recomanem\u00a0beure 2l d&#8217;aigua encara que no es tingui sensaci\u00f3 de set.<\/span><\/p>\n<p><img loading=\"lazy\" decoding=\"async\" class=\"wp-image-11463 aligncenter\" src=\"http:\/\/www.C\u00e0nons Clinics.es\/wp-content\/uploads\/2016\/03\/beber-agua-hidratar-piel.jpg\" alt=\"beber-agua-hidratar-piel\" width=\"573\" height=\"381\" srcset=\"https:\/\/www.canons.es\/wp-content\/uploads\/2016\/03\/beber-agua-hidratar-piel.jpg 1600w, https:\/\/www.canons.es\/wp-content\/uploads\/2016\/03\/beber-agua-hidratar-piel-300x200.jpg 300w, https:\/\/www.canons.es\/wp-content\/uploads\/2016\/03\/beber-agua-hidratar-piel-768x511.jpg 768w, https:\/\/www.canons.es\/wp-content\/uploads\/2016\/03\/beber-agua-hidratar-piel-1024x681.jpg 1024w, https:\/\/www.canons.es\/wp-content\/uploads\/2016\/03\/beber-agua-hidratar-piel-600x399.jpg 600w, https:\/\/www.canons.es\/wp-content\/uploads\/2016\/03\/beber-agua-hidratar-piel-1100x732.jpg 1100w, https:\/\/www.canons.es\/wp-content\/uploads\/2016\/03\/beber-agua-hidratar-piel-800x532.jpg 800w, https:\/\/www.canons.es\/wp-content\/uploads\/2016\/03\/beber-agua-hidratar-piel-1200x798.jpg 1200w\" sizes=\"auto, (max-width: 573px) 100vw, 573px\" \/><\/p>\n<p>Una alternativa a l&#8217;aigua s\u00f3n els sucs de fruites i verdures, que aporten vitamines i minerals a l&#8217;organisme.<\/p>\n<p>Ara que ja tens les claus per lluir una pell ben sana, nom\u00e9s falta prendre consci\u00e8ncia i passar a l&#8217;acci\u00f3 \ud83d\ude42<\/p>\n<p>&nbsp;<\/p>\n<!-- AddThis Advanced Settings generic via filter on the_content --><!-- AddThis Share Buttons generic via filter on the_content -->","protected":false},"excerpt":{"rendered":"<p>Amb l&#8217;arribada de la primavera, la pell necessita cures espec\u00edfiques perqu\u00e8 llueixi tersa i radiant. La dermis \u00e9s la part del cos m\u00e9s sensible als canvis clim\u00e0tics i, per aix\u00f2, \u00e9s fonamental dedicar-li una atenci\u00f3 especial. En les nostres cl\u00edniques C\u00e0nons Clinics oferim ter\u00e0pies facials\u00a0i\u00a0corporals\u00a0per&#8230;<!-- AddThis Advanced Settings generic via filter on get_the_excerpt --><!-- AddThis Share Buttons generic via filter on get_the_excerpt --><\/p>\n","protected":false},"author":25,"featured_media":11465,"comment_status":"open","ping_status":"open","sticky":false,"template":"","format":"standard","meta":{"footnotes":""},"categories":[79,71,180],"tags":[637,387,391,388,389,369,372,390],"class_list":["post-11468","post","type-post","status-publish","format-standard","has-post-thumbnail","hentry","category-blog-del-dr-victor-hernandez-da-costa-ca","category-general-2","category-medicina-estetica-corporal-ca","tag-estiu-ca","tag-mesoterapia-ca","tag-pell","tag-piel-ca","tag-primavera-ca","tag-terapias-corporales-ca","tag-terapies-corporals","tag-verano-ca"],"yoast_head":"<!-- This site is optimized with the Yoast SEO Premium plugin v26.9 (Yoast SEO v27.4) - https:\/\/yoast.com\/product\/yoast-seo-premium-wordpress\/ -->\n<title>Combat la cel\u00b7lulitis amb la Mesoter\u00e0pia Corporal - Cl\u00ednica C\u00e0nons | Cirurgia i Medicina Estetica a Barcelona, \u200b\u200bGranollers<\/title>\n<meta name=\"robots\" content=\"index, follow, max-snippet:-1, max-image-preview:large, max-video-preview:-1\" \/>\n<link rel=\"canonical\" href=\"https:\/\/www.canons.es\/prepara-tu-piel-para-la-llegada-del-buen-tiempo\/\" \/>\n<meta property=\"og:locale\" content=\"ca_ES\" \/>\n<meta property=\"og:type\" content=\"article\" \/>\n<meta property=\"og:title\" content=\"Combat la cel\u00b7lulitis amb la Mesoter\u00e0pia Corporal\" \/>\n<meta property=\"og:description\" content=\"Amb l&#8217;arribada de la primavera, la pell necessita cures espec\u00edfiques perqu\u00e8 llueixi tersa i radiant. La dermis \u00e9s la part del cos m\u00e9s sensible als canvis clim\u00e0tics i, per aix\u00f2, \u00e9s fonamental dedicar-li una atenci\u00f3 especial. En les nostres cl\u00edniques C\u00e0nons Clinics oferim ter\u00e0pies facials\u00a0i\u00a0corporals\u00a0per...\" \/>\n<meta property=\"og:url\" content=\"https:\/\/www.canons.es\/prepara-tu-piel-para-la-llegada-del-buen-tiempo\/\" \/>\n<meta property=\"og:site_name\" content=\"Cl\u00ednica C\u00e0nons | Cirurgia i Medicina Estetica a Barcelona, \u200b\u200bGranollers\" \/>\n<meta property=\"article:publisher\" content=\"https:\/\/www.facebook.com\/canonsclinics\/\" \/>\n<meta property=\"article:published_time\" content=\"2016-03-28T00:00:44+00:00\" \/>\n<meta property=\"article:modified_time\" content=\"2023-11-01T09:48:26+00:00\" \/>\n<meta property=\"og:image\" content=\"https:\/\/www.canons.es\/wp-content\/uploads\/2016\/03\/mesoterapia-corporal-barcelona.jpg\" \/>\n\t<meta property=\"og:image:width\" content=\"456\" \/>\n\t<meta property=\"og:image:height\" content=\"188\" \/>\n\t<meta property=\"og:image:type\" content=\"image\/jpeg\" \/>\n<meta name=\"author\" content=\"administrador\" \/>\n<meta name=\"twitter:card\" content=\"summary_large_image\" \/>\n<meta name=\"twitter:creator\" content=\"@canonsclinics\" \/>\n<meta name=\"twitter:site\" content=\"@canonsclinics\" \/>\n<meta name=\"twitter:label1\" content=\"Escrit per\" \/>\n\t<meta name=\"twitter:data1\" content=\"administrador\" \/>\n\t<meta name=\"twitter:label2\" content=\"Temps estimat de lectura\" \/>\n\t<meta name=\"twitter:data2\" content=\"2 minuts\" \/>\n<script type=\"application\/ld+json\" class=\"yoast-schema-graph\">{\"@context\":\"https:\\\/\\\/schema.org\",\"@graph\":[{\"@type\":\"Article\",\"@id\":\"https:\\\/\\\/www.canons.es\\\/prepara-tu-piel-para-la-llegada-del-buen-tiempo\\\/#article\",\"isPartOf\":{\"@id\":\"https:\\\/\\\/www.canons.es\\\/prepara-tu-piel-para-la-llegada-del-buen-tiempo\\\/\"},\"author\":{\"name\":\"administrador\",\"@id\":\"https:\\\/\\\/www.canons.es\\\/#\\\/schema\\\/person\\\/947d7b84e9c15475d0452e32f9d72fb7\"},\"headline\":\"Combat la cel\u00b7lulitis amb la Mesoter\u00e0pia Corporal\",\"datePublished\":\"2016-03-28T00:00:44+00:00\",\"dateModified\":\"2023-11-01T09:48:26+00:00\",\"mainEntityOfPage\":{\"@id\":\"https:\\\/\\\/www.canons.es\\\/prepara-tu-piel-para-la-llegada-del-buen-tiempo\\\/\"},\"wordCount\":389,\"commentCount\":0,\"publisher\":{\"@id\":\"https:\\\/\\\/www.canons.es\\\/#organization\"},\"image\":{\"@id\":\"https:\\\/\\\/www.canons.es\\\/prepara-tu-piel-para-la-llegada-del-buen-tiempo\\\/#primaryimage\"},\"thumbnailUrl\":\"https:\\\/\\\/www.canons.es\\\/wp-content\\\/uploads\\\/2016\\\/03\\\/mesoterapia-corporal-barcelona.jpg\",\"keywords\":[\"estiu\",\"mesoterapia\",\"pell\",\"Piel\",\"primavera\",\"terapias corporales\",\"ter\u00e0pies corporals\",\"verano\"],\"articleSection\":[\"Blog del Dr. V\u00edctor Hern\u00e0ndez Da Costa\",\"General\",\"Medicina est\u00e8tica corporal\"],\"inLanguage\":\"ca\",\"potentialAction\":[{\"@type\":\"CommentAction\",\"name\":\"Comment\",\"target\":[\"https:\\\/\\\/www.canons.es\\\/prepara-tu-piel-para-la-llegada-del-buen-tiempo\\\/#respond\"]}]},{\"@type\":\"WebPage\",\"@id\":\"https:\\\/\\\/www.canons.es\\\/prepara-tu-piel-para-la-llegada-del-buen-tiempo\\\/\",\"url\":\"https:\\\/\\\/www.canons.es\\\/prepara-tu-piel-para-la-llegada-del-buen-tiempo\\\/\",\"name\":\"Combat la cel\u00b7lulitis amb la Mesoter\u00e0pia Corporal - Cl\u00ednica C\u00e0nons | Cirurgia i Medicina Estetica a Barcelona, \u200b\u200bGranollers\",\"isPartOf\":{\"@id\":\"https:\\\/\\\/www.canons.es\\\/#website\"},\"primaryImageOfPage\":{\"@id\":\"https:\\\/\\\/www.canons.es\\\/prepara-tu-piel-para-la-llegada-del-buen-tiempo\\\/#primaryimage\"},\"image\":{\"@id\":\"https:\\\/\\\/www.canons.es\\\/prepara-tu-piel-para-la-llegada-del-buen-tiempo\\\/#primaryimage\"},\"thumbnailUrl\":\"https:\\\/\\\/www.canons.es\\\/wp-content\\\/uploads\\\/2016\\\/03\\\/mesoterapia-corporal-barcelona.jpg\",\"datePublished\":\"2016-03-28T00:00:44+00:00\",\"dateModified\":\"2023-11-01T09:48:26+00:00\",\"breadcrumb\":{\"@id\":\"https:\\\/\\\/www.canons.es\\\/prepara-tu-piel-para-la-llegada-del-buen-tiempo\\\/#breadcrumb\"},\"inLanguage\":\"ca\",\"potentialAction\":[{\"@type\":\"ReadAction\",\"target\":[\"https:\\\/\\\/www.canons.es\\\/prepara-tu-piel-para-la-llegada-del-buen-tiempo\\\/\"]}]},{\"@type\":\"ImageObject\",\"inLanguage\":\"ca\",\"@id\":\"https:\\\/\\\/www.canons.es\\\/prepara-tu-piel-para-la-llegada-del-buen-tiempo\\\/#primaryimage\",\"url\":\"https:\\\/\\\/www.canons.es\\\/wp-content\\\/uploads\\\/2016\\\/03\\\/mesoterapia-corporal-barcelona.jpg\",\"contentUrl\":\"https:\\\/\\\/www.canons.es\\\/wp-content\\\/uploads\\\/2016\\\/03\\\/mesoterapia-corporal-barcelona.jpg\",\"width\":456,\"height\":188},{\"@type\":\"BreadcrumbList\",\"@id\":\"https:\\\/\\\/www.canons.es\\\/prepara-tu-piel-para-la-llegada-del-buen-tiempo\\\/#breadcrumb\",\"itemListElement\":[{\"@type\":\"ListItem\",\"position\":1,\"name\":\"Portada\",\"item\":\"https:\\\/\\\/www.canons.es\\\/ca\\\/\"},{\"@type\":\"ListItem\",\"position\":2,\"name\":\"Combat la cel\u00b7lulitis amb la Mesoter\u00e0pia Corporal\"}]},{\"@type\":\"WebSite\",\"@id\":\"https:\\\/\\\/www.canons.es\\\/#website\",\"url\":\"https:\\\/\\\/www.canons.es\\\/\",\"name\":\"Cirug\u00eda Pl\u00e1stica y Est\u00e9tica Barcelona y Granollers | C\u00e0nons Clinics\",\"description\":\"\",\"publisher\":{\"@id\":\"https:\\\/\\\/www.canons.es\\\/#organization\"},\"potentialAction\":[{\"@type\":\"SearchAction\",\"target\":{\"@type\":\"EntryPoint\",\"urlTemplate\":\"https:\\\/\\\/www.canons.es\\\/?s={search_term_string}\"},\"query-input\":{\"@type\":\"PropertyValueSpecification\",\"valueRequired\":true,\"valueName\":\"search_term_string\"}}],\"inLanguage\":\"ca\"},{\"@type\":\"Organization\",\"@id\":\"https:\\\/\\\/www.canons.es\\\/#organization\",\"name\":\"Cirug\u00eda Pl\u00e1stica y Est\u00e9tica Barcelona y Granollers | C\u00e0nons Clinics\",\"url\":\"https:\\\/\\\/www.canons.es\\\/\",\"logo\":{\"@type\":\"ImageObject\",\"inLanguage\":\"ca\",\"@id\":\"https:\\\/\\\/www.canons.es\\\/#\\\/schema\\\/logo\\\/image\\\/\",\"url\":\"https:\\\/\\\/www.canons.es\\\/wp-content\\\/uploads\\\/2025\\\/04\\\/logo-canons-clinics.jpg\",\"contentUrl\":\"https:\\\/\\\/www.canons.es\\\/wp-content\\\/uploads\\\/2025\\\/04\\\/logo-canons-clinics.jpg\",\"width\":600,\"height\":139,\"caption\":\"Cirug\u00eda Pl\u00e1stica y Est\u00e9tica Barcelona y Granollers | C\u00e0nons Clinics\"},\"image\":{\"@id\":\"https:\\\/\\\/www.canons.es\\\/#\\\/schema\\\/logo\\\/image\\\/\"},\"sameAs\":[\"https:\\\/\\\/www.facebook.com\\\/canonsclinics\\\/\",\"https:\\\/\\\/x.com\\\/canonsclinics\",\"https:\\\/\\\/www.instagram.com\\\/canonsclinics\\\/\",\"https:\\\/\\\/www.youtube.com\\\/channel\\\/UCI1Ia6LjALyo1CuQ0_HwtfQ\",\"https:\\\/\\\/www.linkedin.com\\\/company\\\/canons-clinics\\\/\"]},{\"@type\":\"Person\",\"@id\":\"https:\\\/\\\/www.canons.es\\\/#\\\/schema\\\/person\\\/947d7b84e9c15475d0452e32f9d72fb7\",\"name\":\"administrador\"}]}<\/script>\n<!-- \/ Yoast SEO Premium plugin. -->","yoast_head_json":{"title":"Combat la cel\u00b7lulitis amb la Mesoter\u00e0pia Corporal - Cl\u00ednica C\u00e0nons | Cirurgia i Medicina Estetica a Barcelona, \u200b\u200bGranollers","robots":{"index":"index","follow":"follow","max-snippet":"max-snippet:-1","max-image-preview":"max-image-preview:large","max-video-preview":"max-video-preview:-1"},"canonical":"https:\/\/www.canons.es\/prepara-tu-piel-para-la-llegada-del-buen-tiempo\/","og_locale":"ca_ES","og_type":"article","og_title":"Combat la cel\u00b7lulitis amb la Mesoter\u00e0pia Corporal","og_description":"Amb l&#8217;arribada de la primavera, la pell necessita cures espec\u00edfiques perqu\u00e8 llueixi tersa i radiant. La dermis \u00e9s la part del cos m\u00e9s sensible als canvis clim\u00e0tics i, per aix\u00f2, \u00e9s fonamental dedicar-li una atenci\u00f3 especial. En les nostres cl\u00edniques C\u00e0nons Clinics oferim ter\u00e0pies facials\u00a0i\u00a0corporals\u00a0per...","og_url":"https:\/\/www.canons.es\/prepara-tu-piel-para-la-llegada-del-buen-tiempo\/","og_site_name":"Cl\u00ednica C\u00e0nons | Cirurgia i Medicina Estetica a Barcelona, \u200b\u200bGranollers","article_publisher":"https:\/\/www.facebook.com\/canonsclinics\/","article_published_time":"2016-03-28T00:00:44+00:00","article_modified_time":"2023-11-01T09:48:26+00:00","og_image":[{"width":456,"height":188,"url":"https:\/\/www.canons.es\/wp-content\/uploads\/2016\/03\/mesoterapia-corporal-barcelona.jpg","type":"image\/jpeg"}],"author":"administrador","twitter_card":"summary_large_image","twitter_creator":"@canonsclinics","twitter_site":"@canonsclinics","twitter_misc":{"Escrit per":"administrador","Temps estimat de lectura":"2 minuts"},"schema":{"@context":"https:\/\/schema.org","@graph":[{"@type":"Article","@id":"https:\/\/www.canons.es\/prepara-tu-piel-para-la-llegada-del-buen-tiempo\/#article","isPartOf":{"@id":"https:\/\/www.canons.es\/prepara-tu-piel-para-la-llegada-del-buen-tiempo\/"},"author":{"name":"administrador","@id":"https:\/\/www.canons.es\/#\/schema\/person\/947d7b84e9c15475d0452e32f9d72fb7"},"headline":"Combat la cel\u00b7lulitis amb la Mesoter\u00e0pia Corporal","datePublished":"2016-03-28T00:00:44+00:00","dateModified":"2023-11-01T09:48:26+00:00","mainEntityOfPage":{"@id":"https:\/\/www.canons.es\/prepara-tu-piel-para-la-llegada-del-buen-tiempo\/"},"wordCount":389,"commentCount":0,"publisher":{"@id":"https:\/\/www.canons.es\/#organization"},"image":{"@id":"https:\/\/www.canons.es\/prepara-tu-piel-para-la-llegada-del-buen-tiempo\/#primaryimage"},"thumbnailUrl":"https:\/\/www.canons.es\/wp-content\/uploads\/2016\/03\/mesoterapia-corporal-barcelona.jpg","keywords":["estiu","mesoterapia","pell","Piel","primavera","terapias corporales","ter\u00e0pies corporals","verano"],"articleSection":["Blog del Dr. V\u00edctor Hern\u00e0ndez Da Costa","General","Medicina est\u00e8tica corporal"],"inLanguage":"ca","potentialAction":[{"@type":"CommentAction","name":"Comment","target":["https:\/\/www.canons.es\/prepara-tu-piel-para-la-llegada-del-buen-tiempo\/#respond"]}]},{"@type":"WebPage","@id":"https:\/\/www.canons.es\/prepara-tu-piel-para-la-llegada-del-buen-tiempo\/","url":"https:\/\/www.canons.es\/prepara-tu-piel-para-la-llegada-del-buen-tiempo\/","name":"Combat la cel\u00b7lulitis amb la Mesoter\u00e0pia Corporal - Cl\u00ednica C\u00e0nons | Cirurgia i Medicina Estetica a Barcelona, \u200b\u200bGranollers","isPartOf":{"@id":"https:\/\/www.canons.es\/#website"},"primaryImageOfPage":{"@id":"https:\/\/www.canons.es\/prepara-tu-piel-para-la-llegada-del-buen-tiempo\/#primaryimage"},"image":{"@id":"https:\/\/www.canons.es\/prepara-tu-piel-para-la-llegada-del-buen-tiempo\/#primaryimage"},"thumbnailUrl":"https:\/\/www.canons.es\/wp-content\/uploads\/2016\/03\/mesoterapia-corporal-barcelona.jpg","datePublished":"2016-03-28T00:00:44+00:00","dateModified":"2023-11-01T09:48:26+00:00","breadcrumb":{"@id":"https:\/\/www.canons.es\/prepara-tu-piel-para-la-llegada-del-buen-tiempo\/#breadcrumb"},"inLanguage":"ca","potentialAction":[{"@type":"ReadAction","target":["https:\/\/www.canons.es\/prepara-tu-piel-para-la-llegada-del-buen-tiempo\/"]}]},{"@type":"ImageObject","inLanguage":"ca","@id":"https:\/\/www.canons.es\/prepara-tu-piel-para-la-llegada-del-buen-tiempo\/#primaryimage","url":"https:\/\/www.canons.es\/wp-content\/uploads\/2016\/03\/mesoterapia-corporal-barcelona.jpg","contentUrl":"https:\/\/www.canons.es\/wp-content\/uploads\/2016\/03\/mesoterapia-corporal-barcelona.jpg","width":456,"height":188},{"@type":"BreadcrumbList","@id":"https:\/\/www.canons.es\/prepara-tu-piel-para-la-llegada-del-buen-tiempo\/#breadcrumb","itemListElement":[{"@type":"ListItem","position":1,"name":"Portada","item":"https:\/\/www.canons.es\/ca\/"},{"@type":"ListItem","position":2,"name":"Combat la cel\u00b7lulitis amb la Mesoter\u00e0pia Corporal"}]},{"@type":"WebSite","@id":"https:\/\/www.canons.es\/#website","url":"https:\/\/www.canons.es\/","name":"Cirug\u00eda Pl\u00e1stica y Est\u00e9tica Barcelona y Granollers | C\u00e0nons Clinics","description":"","publisher":{"@id":"https:\/\/www.canons.es\/#organization"},"potentialAction":[{"@type":"SearchAction","target":{"@type":"EntryPoint","urlTemplate":"https:\/\/www.canons.es\/?s={search_term_string}"},"query-input":{"@type":"PropertyValueSpecification","valueRequired":true,"valueName":"search_term_string"}}],"inLanguage":"ca"},{"@type":"Organization","@id":"https:\/\/www.canons.es\/#organization","name":"Cirug\u00eda Pl\u00e1stica y Est\u00e9tica Barcelona y Granollers | C\u00e0nons Clinics","url":"https:\/\/www.canons.es\/","logo":{"@type":"ImageObject","inLanguage":"ca","@id":"https:\/\/www.canons.es\/#\/schema\/logo\/image\/","url":"https:\/\/www.canons.es\/wp-content\/uploads\/2025\/04\/logo-canons-clinics.jpg","contentUrl":"https:\/\/www.canons.es\/wp-content\/uploads\/2025\/04\/logo-canons-clinics.jpg","width":600,"height":139,"caption":"Cirug\u00eda Pl\u00e1stica y Est\u00e9tica Barcelona y Granollers | C\u00e0nons Clinics"},"image":{"@id":"https:\/\/www.canons.es\/#\/schema\/logo\/image\/"},"sameAs":["https:\/\/www.facebook.com\/canonsclinics\/","https:\/\/x.com\/canonsclinics","https:\/\/www.instagram.com\/canonsclinics\/","https:\/\/www.youtube.com\/channel\/UCI1Ia6LjALyo1CuQ0_HwtfQ","https:\/\/www.linkedin.com\/company\/canons-clinics\/"]},{"@type":"Person","@id":"https:\/\/www.canons.es\/#\/schema\/person\/947d7b84e9c15475d0452e32f9d72fb7","name":"administrador"}]}},"_links":{"self":[{"href":"https:\/\/www.canons.es\/ca\/wp-json\/wp\/v2\/posts\/11468","targetHints":{"allow":["GET"]}}],"collection":[{"href":"https:\/\/www.canons.es\/ca\/wp-json\/wp\/v2\/posts"}],"about":[{"href":"https:\/\/www.canons.es\/ca\/wp-json\/wp\/v2\/types\/post"}],"author":[{"embeddable":true,"href":"https:\/\/www.canons.es\/ca\/wp-json\/wp\/v2\/users\/25"}],"replies":[{"embeddable":true,"href":"https:\/\/www.canons.es\/ca\/wp-json\/wp\/v2\/comments?post=11468"}],"version-history":[{"count":0,"href":"https:\/\/www.canons.es\/ca\/wp-json\/wp\/v2\/posts\/11468\/revisions"}],"wp:featuredmedia":[{"embeddable":true,"href":"https:\/\/www.canons.es\/ca\/wp-json\/wp\/v2\/media\/11465"}],"wp:attachment":[{"href":"https:\/\/www.canons.es\/ca\/wp-json\/wp\/v2\/media?parent=11468"}],"wp:term":[{"taxonomy":"category","embeddable":true,"href":"https:\/\/www.canons.es\/ca\/wp-json\/wp\/v2\/categories?post=11468"},{"taxonomy":"post_tag","embeddable":true,"href":"https:\/\/www.canons.es\/ca\/wp-json\/wp\/v2\/tags?post=11468"}],"curies":[{"name":"wp","href":"https:\/\/api.w.org\/{rel}","templated":true}]}}