{"id":11204,"date":"2015-12-24T12:30:51","date_gmt":"2015-12-24T12:30:51","guid":{"rendered":"https:\/\/www.canons.es\/ca\/el-plan-perfecto-para-nochevieja\/"},"modified":"2023-11-01T09:49:14","modified_gmt":"2023-11-01T09:49:14","slug":"preparat-per-cap-dany","status":"publish","type":"post","link":"https:\/\/www.canons.es\/ca\/preparat-per-cap-dany\/","title":{"rendered":"Prepara&#8217;t per Cap d&#8217;Any"},"content":{"rendered":"\n\n<div class=\"kk-star-ratings kksr-auto kksr-align-left kksr-valign-top\"\n    data-payload='{&quot;align&quot;:&quot;left&quot;,&quot;id&quot;:&quot;11204&quot;,&quot;slug&quot;:&quot;default&quot;,&quot;valign&quot;:&quot;top&quot;,&quot;ignore&quot;:&quot;&quot;,&quot;reference&quot;:&quot;auto&quot;,&quot;class&quot;:&quot;&quot;,&quot;count&quot;:&quot;0&quot;,&quot;legendonly&quot;:&quot;&quot;,&quot;readonly&quot;:&quot;&quot;,&quot;score&quot;:&quot;0&quot;,&quot;starsonly&quot;:&quot;&quot;,&quot;best&quot;:&quot;5&quot;,&quot;gap&quot;:&quot;5&quot;,&quot;greet&quot;:&quot;Eval\u00faa este art\u00edculo&quot;,&quot;legend&quot;:&quot;0\\\/5 - (0 votes)&quot;,&quot;size&quot;:&quot;24&quot;,&quot;title&quot;:&quot;Prepara\\u0026#039;t per Cap d\\u0026#039;Any&quot;,&quot;width&quot;:&quot;0&quot;,&quot;_legend&quot;:&quot;{score}\\\/{best} - ({count} {votes})&quot;,&quot;font_factor&quot;:&quot;1.25&quot;}'>\n            \n<div class=\"kksr-stars\">\n    \n<div class=\"kksr-stars-inactive\">\n            <div class=\"kksr-star\" data-star=\"1\" style=\"padding-right: 5px\">\n            \n\n<div class=\"kksr-icon\" style=\"width: 24px; height: 24px;\"><\/div>\n        <\/div>\n            <div class=\"kksr-star\" data-star=\"2\" style=\"padding-right: 5px\">\n            \n\n<div class=\"kksr-icon\" style=\"width: 24px; height: 24px;\"><\/div>\n        <\/div>\n            <div class=\"kksr-star\" data-star=\"3\" style=\"padding-right: 5px\">\n            \n\n<div class=\"kksr-icon\" style=\"width: 24px; height: 24px;\"><\/div>\n        <\/div>\n            <div class=\"kksr-star\" data-star=\"4\" style=\"padding-right: 5px\">\n            \n\n<div class=\"kksr-icon\" style=\"width: 24px; height: 24px;\"><\/div>\n        <\/div>\n            <div class=\"kksr-star\" data-star=\"5\" style=\"padding-right: 5px\">\n            \n\n<div class=\"kksr-icon\" style=\"width: 24px; height: 24px;\"><\/div>\n        <\/div>\n    <\/div>\n    \n<div class=\"kksr-stars-active\" style=\"width: 0px;\">\n            <div class=\"kksr-star\" style=\"padding-right: 5px\">\n            \n\n<div class=\"kksr-icon\" style=\"width: 24px; height: 24px;\"><\/div>\n        <\/div>\n            <div class=\"kksr-star\" style=\"padding-right: 5px\">\n            \n\n<div class=\"kksr-icon\" style=\"width: 24px; height: 24px;\"><\/div>\n        <\/div>\n            <div class=\"kksr-star\" style=\"padding-right: 5px\">\n            \n\n<div class=\"kksr-icon\" style=\"width: 24px; height: 24px;\"><\/div>\n        <\/div>\n            <div class=\"kksr-star\" style=\"padding-right: 5px\">\n            \n\n<div class=\"kksr-icon\" style=\"width: 24px; height: 24px;\"><\/div>\n        <\/div>\n            <div class=\"kksr-star\" style=\"padding-right: 5px\">\n            \n\n<div class=\"kksr-icon\" style=\"width: 24px; height: 24px;\"><\/div>\n        <\/div>\n    <\/div>\n<\/div>\n                \n\n<div class=\"kksr-legend\" style=\"font-size: 19.2px;\">\n            <span class=\"kksr-muted\">Eval\u00faa este art\u00edculo<\/span>\n    <\/div>\n    <\/div>\n<p style=\"text-align: justify;\">Ja hem superat la primera fase de les festes nadalenques, per\u00f2 encara queden moltes cites amb els nostres familiars i amics. Com que les dones, en general, som molt presumides\u00a0i volem estar perfectes en les ocasions especials, <strong>a C\u00e0nons Clinics t&#8217;oferim uns serveis d&#8217;est\u00e8tica ben complets perqu\u00e8 enlluernis en el sopar de la nit de Cap d&#8217;Any.<\/strong><\/p>\n<p style=\"text-align: justify;\">En el post d&#8217;avui trobar\u00e0s <strong>el millor pla per preparar el teu cos i comen\u00e7ar el 2016 amb bon peu:<\/strong><\/p>\n<p style=\"text-align: justify;\"><strong><u>Ter\u00e0pies facials i corporals<\/u><\/strong><\/p>\n<p style=\"text-align: justify;\">Comen\u00e7a el dia amb un tractament facial que regeneri i revitalitzi la teva pell, combatent els porus oberts, eliminant els signes de cansament en el cos i retornant-te un aspecte saludable, llumin\u00f3s i rejuvenit.<\/p>\n<p style=\"text-align: justify;\"><a href=\"http:\/\/www.C\u00e0nons Clinics.es\/ca\/terapies-facials\/\" target=\"_blank\" rel=\"noopener\">Consulta totes les ter\u00e0pies d&#8217;higiene facial<\/a> que oferim i escull la que millor s&#8217;adapti a la teva pell.<\/p>\n<p style=\"text-align: justify;\"><strong>A part de cuidar el teu\u00a0rostre, no has d&#8217;oblidar el manteniment del cos.<\/strong>\u00a0A les nostres cl\u00edniques tamb\u00e9 tenim tractaments corporals per combatre la celulitis, la flacidesa, les tensions musculars i millorar la circulaci\u00f3 del cos.<\/p>\n<p style=\"text-align: justify;\"><strong>Comen\u00e7a a cuidar-te avui i realitza diverses sessions per poder beneficiar-te dels bons personalitzats en Ter\u00e0pies Corporals.<\/strong><\/p>\n<p style=\"text-align: justify;\">Pots escollir entre peelings, massatges relaxants i tonificants, aix\u00ed com drenatges limf\u00e0tics per a millorar el sistema immunitari, eliminar la retenci\u00f3 de l\u00edquids i les inflamacions corporals.<\/p>\n<p style=\"text-align: justify;\"><strong><u>Manicura i Pedicura<\/u><\/strong><\/p>\n<p style=\"text-align: justify;\">En el post de la setmana passada, <em><a href=\"http:\/\/www.C\u00e0nons Clinics.es\/ca\/ungles-un-mirall-de-la-teva-salut\/\" target=\"_blank\" rel=\"noopener\">Les ungles: un mirall de la teva salut<\/a><\/em>, vam recordar la import\u00e0ncia de cuidar una de les parts del cos m\u00e9s sensible, les ungles. L&#8217;aspecte de les ungles \u00e9s un reflex de la nostra salut i, fins i tot, pot definir la nostra manera de ser.<\/p>\n<p style=\"text-align: justify;\">A C\u00e0nons Clinics oferim un servei de manicura i pedicura perqu\u00e8 llueixis unes mans i uns peus perfectes.<\/p>\n<p style=\"text-align: justify;\"><strong>Tenim un equip format per grans professionals que estan al corrent de les \u00faltimes tend\u00e8ncies de colors i esmalts.<\/strong><\/p>\n<p style=\"text-align: justify;\">Aqu\u00ed pots veure les tend\u00e8ncies per aquest hivern 2015\/2016:<\/p>\n<p style=\"text-align: justify;\">. La <strong>negative space manicure<\/strong> \u00e9s un estil que no passa desapercebut i <strong>et donar\u00e0 un toc molt elegant<\/strong>.<\/p>\n<p style=\"text-align: justify;\"><img loading=\"lazy\" decoding=\"async\" class=\" wp-image-11188 aligncenter\" src=\"http:\/\/www.C\u00e0nons Clinics.es\/wp-content\/uploads\/2015\/12\/negative-space-nail-art.jpg\" alt=\"negative-space-nail-art\" width=\"247\" height=\"371\" srcset=\"https:\/\/www.canons.es\/wp-content\/uploads\/2015\/12\/negative-space-nail-art.jpg 640w, https:\/\/www.canons.es\/wp-content\/uploads\/2015\/12\/negative-space-nail-art-200x300.jpg 200w, https:\/\/www.canons.es\/wp-content\/uploads\/2015\/12\/negative-space-nail-art-600x900.jpg 600w\" sizes=\"auto, (max-width: 247px) 100vw, 247px\" \/><\/p>\n<p style=\"text-align: justify;\">\u00a0. El <strong>vermell<\/strong> \u00e9s un color que sempre est\u00e0 de moda. <strong>Aporta eleg\u00e0ncia i sofisticaci\u00f3.<\/strong><\/p>\n<p>. Els <strong>tons nude i rosa v\u00e9nen trepitjant fort<\/strong>. Aquesta manicura refinada \u00e9s una aposta segura per aquest hivern.<\/p>\n<p><img loading=\"lazy\" decoding=\"async\" class=\" wp-image-11191 aligncenter\" src=\"http:\/\/www.C\u00e0nons Clinics.es\/wp-content\/uploads\/2015\/12\/u\u00f1as-palo-de-rosa7.jpg\" alt=\"u\u00f1as-palo-de-rosa7\" width=\"287\" height=\"272\" srcset=\"https:\/\/www.canons.es\/wp-content\/uploads\/2015\/12\/u\u00f1as-palo-de-rosa7.jpg 529w, https:\/\/www.canons.es\/wp-content\/uploads\/2015\/12\/u\u00f1as-palo-de-rosa7-300x284.jpg 300w\" sizes=\"auto, (max-width: 287px) 100vw, 287px\" \/><\/p>\n<div id=\"traduccio\" style=\"text-align: justify;\">Totes les t\u00e8cniques que utilitzem respecten al m\u00e0xim la salut de les ungles.<\/div>\n<div style=\"text-align: justify;\"><\/div>\n<div style=\"text-align: justify;\">La <strong><a href=\"http:\/\/www.C\u00e0nons Clinics.es\/ca\/manicuras-y-pedicuras\/\" target=\"_blank\" rel=\"noopener\">manicura Shellac<\/a><\/strong>, per exemple, \u00e9s la millor soluci\u00f3 per lluir unes ungles perfectes amb lluentor permanent gr\u00e0cies a un esmalt que augmenta la resist\u00e8ncia i la durabilitat dels tractaments tradicionals.<\/div>\n<div style=\"text-align: justify;\">En les sessions <strong>utilizem la Llum de Wood<\/strong>, una llum ultraviolada que detecta algunes anomalies a la pell.<\/div>\n<p style=\"text-align: justify;\">A continuaci\u00f3, t&#8217;ensenyem algunes imatges d&#8217;una sessi\u00f3 recent:<\/p>\n\n\t\t<style type=\"text\/css\">\n\t\t\t#gallery-1 {\n\t\t\t\tmargin: auto;\n\t\t\t}\n\t\t\t#gallery-1 .gallery-item {\n\t\t\t\tfloat: left;\n\t\t\t\tmargin-top: 10px;\n\t\t\t\ttext-align: center;\n\t\t\t\twidth: 50%;\n\t\t\t}\n\t\t\t#gallery-1 img {\n\t\t\t\tborder: 2px solid #cfcfcf;\n\t\t\t}\n\t\t\t#gallery-1 .gallery-caption {\n\t\t\t\tmargin-left: 0;\n\t\t\t}\n\t\t\t\/* see gallery_shortcode() in wp-includes\/media.php *\/\n\t\t<\/style>\n\t\t<div id='gallery-1' class='gallery galleryid-11204 gallery-columns-2 gallery-size-large'><dl class='gallery-item'>\n\t\t\t<dt class='gallery-icon landscape'>\n\t\t\t\t<a href='https:\/\/www.canons.es\/ca\/preparat-per-cap-dany\/dsc_0234\/'><img loading=\"lazy\" decoding=\"async\" width=\"1024\" height=\"576\" src=\"https:\/\/www.canons.es\/wp-content\/uploads\/2015\/12\/DSC_0234-1024x576.jpg\" class=\"attachment-large size-large\" alt=\"\" srcset=\"https:\/\/www.canons.es\/wp-content\/uploads\/2015\/12\/DSC_0234-1024x576.jpg 1024w, https:\/\/www.canons.es\/wp-content\/uploads\/2015\/12\/DSC_0234-300x169.jpg 300w, https:\/\/www.canons.es\/wp-content\/uploads\/2015\/12\/DSC_0234-768x432.jpg 768w, https:\/\/www.canons.es\/wp-content\/uploads\/2015\/12\/DSC_0234-600x338.jpg 600w, https:\/\/www.canons.es\/wp-content\/uploads\/2015\/12\/DSC_0234-1100x619.jpg 1100w, https:\/\/www.canons.es\/wp-content\/uploads\/2015\/12\/DSC_0234-800x450.jpg 800w, https:\/\/www.canons.es\/wp-content\/uploads\/2015\/12\/DSC_0234-1200x675.jpg 1200w\" sizes=\"auto, (max-width: 1024px) 100vw, 1024px\" \/><\/a>\n\t\t\t<\/dt><\/dl><dl class='gallery-item'>\n\t\t\t<dt class='gallery-icon landscape'>\n\t\t\t\t<a href='https:\/\/www.canons.es\/ca\/preparat-per-cap-dany\/dsc_0233\/'><img loading=\"lazy\" decoding=\"async\" width=\"1024\" height=\"576\" src=\"https:\/\/www.canons.es\/wp-content\/uploads\/2015\/12\/DSC_0233-1024x576.jpg\" class=\"attachment-large size-large\" alt=\"\" srcset=\"https:\/\/www.canons.es\/wp-content\/uploads\/2015\/12\/DSC_0233-1024x576.jpg 1024w, https:\/\/www.canons.es\/wp-content\/uploads\/2015\/12\/DSC_0233-300x169.jpg 300w, https:\/\/www.canons.es\/wp-content\/uploads\/2015\/12\/DSC_0233-768x432.jpg 768w, https:\/\/www.canons.es\/wp-content\/uploads\/2015\/12\/DSC_0233-600x338.jpg 600w, https:\/\/www.canons.es\/wp-content\/uploads\/2015\/12\/DSC_0233-1100x619.jpg 1100w, https:\/\/www.canons.es\/wp-content\/uploads\/2015\/12\/DSC_0233-800x450.jpg 800w, https:\/\/www.canons.es\/wp-content\/uploads\/2015\/12\/DSC_0233-1200x675.jpg 1200w\" sizes=\"auto, (max-width: 1024px) 100vw, 1024px\" \/><\/a>\n\t\t\t<\/dt><\/dl><br style=\"clear: both\" \/>\n\t\t<\/div>\n\n<p style=\"text-align: justify;\">Aqu\u00ed pots <a href=\"http:\/\/www.C\u00e0nons Clinics.es\/ca\/manicuras-y-pedicuras\/\" target=\"_blank\" rel=\"noopener\">consultar tots els serveis.<\/a><\/p>\n<p style=\"text-align: justify;\">Per\u00f2 aix\u00f2 no \u00e9s tot el que podem fer per a tu, falta ressaltar la bellesa del teu rostre.<\/p>\n<p style=\"text-align: justify;\">S&#8217;apropa la nit de Cap d&#8217;Any i sabem com de complicat \u00e9s\u00a0maquillar-se i m\u00e9s per a una festa tan especial com aquesta. <strong>A\u00a0les nostres cl\u00edniques oferim un servei personalitzat de maquillatge perqu\u00e8 vagis perfecte.<\/strong><\/p>\n<p style=\"text-align: justify;\">Podem donar un toc de color, o b\u00e9 aplicar-te un maquillatge complet de dia o de nit amb productes de llarga durada. I si t&#8217;atreveixes, tamb\u00e9 afegim un mica de fantasia \ud83d\ude09<\/p>\n<p style=\"text-align: justify;\">Aqu\u00ed trobar\u00e0s algunes idees:<\/p>\n<p style=\"text-align: justify;\">. Un estil que mai falla s\u00f3n els\u00a0<strong>llavis vermells acompanyats d&#8217;uns ulls ben sofisticats<\/strong> gr\u00e0cies a la lluentor i als tons metal\u00b7litzats.<\/p>\n<p><img loading=\"lazy\" decoding=\"async\" class=\" wp-image-11196 aligncenter\" src=\"http:\/\/www.C\u00e0nons Clinics.es\/wp-content\/uploads\/2015\/12\/maquillaje-nochevieja-ojos-efecto-mojado.jpg\" alt=\"maquillaje-nochevieja-ojos-efecto-mojado\" width=\"229\" height=\"343\" srcset=\"https:\/\/www.canons.es\/wp-content\/uploads\/2015\/12\/maquillaje-nochevieja-ojos-efecto-mojado.jpg 363w, https:\/\/www.canons.es\/wp-content\/uploads\/2015\/12\/maquillaje-nochevieja-ojos-efecto-mojado-200x300.jpg 200w\" sizes=\"auto, (max-width: 229px) 100vw, 229px\" \/><\/p>\n<p style=\"text-align: center;\"><em>Font: Ella Hoy<\/em><\/p>\n<p style=\"text-align: left;\">. Si vols <strong>ressaltar els teus llavis<\/strong>, et recomanem <strong>utilitzar tons com el burdeus i el borgonya<\/strong>.<\/p>\n<div id=\"traduccio\">. Si pel contrari\u00a0et vols centrar en uns <strong>ulls foscos i intensos<\/strong>, opta per aplicar un pintallavis gloss o color nude.<\/div>\n<p><img loading=\"lazy\" decoding=\"async\" class=\" wp-image-11197 aligncenter\" src=\"http:\/\/www.C\u00e0nons Clinics.es\/wp-content\/uploads\/2015\/12\/belleza-labiosnude.jpg\" alt=\"belleza-labiosnude\" width=\"431\" height=\"259\" srcset=\"https:\/\/www.canons.es\/wp-content\/uploads\/2015\/12\/belleza-labiosnude.jpg 665w, https:\/\/www.canons.es\/wp-content\/uploads\/2015\/12\/belleza-labiosnude-300x180.jpg 300w, https:\/\/www.canons.es\/wp-content\/uploads\/2015\/12\/belleza-labiosnude-600x361.jpg 600w\" sizes=\"auto, (max-width: 431px) 100vw, 431px\" \/><\/p>\n<p style=\"text-align: center;\">\u00a0<em>Font: Informalia<\/em><\/p>\n<div id=\"traduccio\">Amb l&#8217;ajuda de C\u00e0nons Clinics ser\u00e0s l&#8217;estrella que m\u00e9s brillar\u00e0 a la nit de Cap d&#8217;Any \ud83d\ude09<\/div>\n<!-- AddThis Advanced Settings generic via filter on the_content --><!-- AddThis Share Buttons generic via filter on the_content -->","protected":false},"excerpt":{"rendered":"<p>Ja hem superat la primera fase de les festes nadalenques, per\u00f2 encara queden moltes cites amb els nostres familiars i amics. Com que les dones, en general, som molt presumides\u00a0i volem estar perfectes en les ocasions especials, a C\u00e0nons Clinics t&#8217;oferim uns serveis d&#8217;est\u00e8tica ben&#8230;<!-- AddThis Advanced Settings generic via filter on get_the_excerpt --><!-- AddThis Share Buttons generic via filter on get_the_excerpt --><\/p>\n","protected":false},"author":25,"featured_media":11199,"comment_status":"open","ping_status":"open","sticky":false,"template":"","format":"standard","meta":{"footnotes":""},"categories":[79,71],"tags":[374,360,367,373,368,361,369,370,372,371],"class_list":["post-11204","post","type-post","status-publish","format-standard","has-post-thumbnail","hentry","category-blog-del-dr-victor-hernandez-da-costa-ca","category-general-2","tag-cap-dany","tag-manicura-ca","tag-maquillaje-ca","tag-maquillatge","tag-nochevieja-ca","tag-pedicura-ca","tag-terapias-corporales-ca","tag-terapias-faciales-ca","tag-terapies-corporals","tag-terapies-facials"],"yoast_head":"<!-- This site is optimized with the Yoast SEO Premium plugin v26.9 (Yoast SEO v27.4) - https:\/\/yoast.com\/product\/yoast-seo-premium-wordpress\/ -->\n<title>Prepara&#039;t per Cap d&#039;Any - Cl\u00ednica C\u00e0nons | Cirurgia i Medicina Estetica a Barcelona, \u200b\u200bGranollers<\/title>\n<meta name=\"robots\" content=\"index, follow, max-snippet:-1, max-image-preview:large, max-video-preview:-1\" \/>\n<link rel=\"canonical\" href=\"https:\/\/www.canons.es\/preparate-para-nochevieja\/\" \/>\n<meta property=\"og:locale\" content=\"ca_ES\" \/>\n<meta property=\"og:type\" content=\"article\" \/>\n<meta property=\"og:title\" content=\"Prepara&#039;t per Cap d&#039;Any\" \/>\n<meta property=\"og:description\" content=\"Ja hem superat la primera fase de les festes nadalenques, per\u00f2 encara queden moltes cites amb els nostres familiars i amics. Com que les dones, en general, som molt presumides\u00a0i volem estar perfectes en les ocasions especials, a C\u00e0nons Clinics t&#8217;oferim uns serveis d&#8217;est\u00e8tica ben...\" \/>\n<meta property=\"og:url\" content=\"https:\/\/www.canons.es\/preparate-para-nochevieja\/\" \/>\n<meta property=\"og:site_name\" content=\"Cl\u00ednica C\u00e0nons | Cirurgia i Medicina Estetica a Barcelona, \u200b\u200bGranollers\" \/>\n<meta property=\"article:publisher\" content=\"https:\/\/www.facebook.com\/canonsclinics\/\" \/>\n<meta property=\"article:published_time\" content=\"2015-12-24T12:30:51+00:00\" \/>\n<meta property=\"article:modified_time\" content=\"2023-11-01T09:49:14+00:00\" \/>\n<meta property=\"og:image\" content=\"https:\/\/www.canons.es\/wp-content\/uploads\/2015\/12\/cocina-nochevieja1.jpg\" \/>\n\t<meta property=\"og:image:width\" content=\"600\" \/>\n\t<meta property=\"og:image:height\" content=\"450\" \/>\n\t<meta property=\"og:image:type\" content=\"image\/jpeg\" \/>\n<meta name=\"author\" content=\"administrador\" \/>\n<meta name=\"twitter:card\" content=\"summary_large_image\" \/>\n<meta name=\"twitter:creator\" content=\"@canonsclinics\" \/>\n<meta name=\"twitter:site\" content=\"@canonsclinics\" \/>\n<meta name=\"twitter:label1\" content=\"Escrit per\" \/>\n\t<meta name=\"twitter:data1\" content=\"administrador\" \/>\n\t<meta name=\"twitter:label2\" content=\"Temps estimat de lectura\" \/>\n\t<meta name=\"twitter:data2\" content=\"3 minuts\" \/>\n<script type=\"application\/ld+json\" class=\"yoast-schema-graph\">{\"@context\":\"https:\\\/\\\/schema.org\",\"@graph\":[{\"@type\":\"Article\",\"@id\":\"https:\\\/\\\/www.canons.es\\\/preparate-para-nochevieja\\\/#article\",\"isPartOf\":{\"@id\":\"https:\\\/\\\/www.canons.es\\\/preparate-para-nochevieja\\\/\"},\"author\":{\"name\":\"administrador\",\"@id\":\"https:\\\/\\\/www.canons.es\\\/#\\\/schema\\\/person\\\/947d7b84e9c15475d0452e32f9d72fb7\"},\"headline\":\"Prepara&#8217;t per Cap d&#8217;Any\",\"datePublished\":\"2015-12-24T12:30:51+00:00\",\"dateModified\":\"2023-11-01T09:49:14+00:00\",\"mainEntityOfPage\":{\"@id\":\"https:\\\/\\\/www.canons.es\\\/preparate-para-nochevieja\\\/\"},\"wordCount\":653,\"commentCount\":0,\"publisher\":{\"@id\":\"https:\\\/\\\/www.canons.es\\\/#organization\"},\"image\":{\"@id\":\"https:\\\/\\\/www.canons.es\\\/preparate-para-nochevieja\\\/#primaryimage\"},\"thumbnailUrl\":\"https:\\\/\\\/www.canons.es\\\/wp-content\\\/uploads\\\/2015\\\/12\\\/cocina-nochevieja1.jpg\",\"keywords\":[\"Cap d'Any\",\"manicura\",\"maquillaje\",\"maquillatge\",\"Nochevieja\",\"pedicura\",\"terapias corporales\",\"terapias faciales\",\"ter\u00e0pies corporals\",\"ter\u00e0pies facials\"],\"articleSection\":[\"Blog del Dr. V\u00edctor Hern\u00e0ndez Da Costa\",\"General\"],\"inLanguage\":\"ca\",\"potentialAction\":[{\"@type\":\"CommentAction\",\"name\":\"Comment\",\"target\":[\"https:\\\/\\\/www.canons.es\\\/preparate-para-nochevieja\\\/#respond\"]}]},{\"@type\":\"WebPage\",\"@id\":\"https:\\\/\\\/www.canons.es\\\/preparate-para-nochevieja\\\/\",\"url\":\"https:\\\/\\\/www.canons.es\\\/preparate-para-nochevieja\\\/\",\"name\":\"Prepara't per Cap d'Any - Cl\u00ednica C\u00e0nons | Cirurgia i Medicina Estetica a Barcelona, \u200b\u200bGranollers\",\"isPartOf\":{\"@id\":\"https:\\\/\\\/www.canons.es\\\/#website\"},\"primaryImageOfPage\":{\"@id\":\"https:\\\/\\\/www.canons.es\\\/preparate-para-nochevieja\\\/#primaryimage\"},\"image\":{\"@id\":\"https:\\\/\\\/www.canons.es\\\/preparate-para-nochevieja\\\/#primaryimage\"},\"thumbnailUrl\":\"https:\\\/\\\/www.canons.es\\\/wp-content\\\/uploads\\\/2015\\\/12\\\/cocina-nochevieja1.jpg\",\"datePublished\":\"2015-12-24T12:30:51+00:00\",\"dateModified\":\"2023-11-01T09:49:14+00:00\",\"breadcrumb\":{\"@id\":\"https:\\\/\\\/www.canons.es\\\/preparate-para-nochevieja\\\/#breadcrumb\"},\"inLanguage\":\"ca\",\"potentialAction\":[{\"@type\":\"ReadAction\",\"target\":[\"https:\\\/\\\/www.canons.es\\\/preparate-para-nochevieja\\\/\"]}]},{\"@type\":\"ImageObject\",\"inLanguage\":\"ca\",\"@id\":\"https:\\\/\\\/www.canons.es\\\/preparate-para-nochevieja\\\/#primaryimage\",\"url\":\"https:\\\/\\\/www.canons.es\\\/wp-content\\\/uploads\\\/2015\\\/12\\\/cocina-nochevieja1.jpg\",\"contentUrl\":\"https:\\\/\\\/www.canons.es\\\/wp-content\\\/uploads\\\/2015\\\/12\\\/cocina-nochevieja1.jpg\",\"width\":600,\"height\":450},{\"@type\":\"BreadcrumbList\",\"@id\":\"https:\\\/\\\/www.canons.es\\\/preparate-para-nochevieja\\\/#breadcrumb\",\"itemListElement\":[{\"@type\":\"ListItem\",\"position\":1,\"name\":\"Portada\",\"item\":\"https:\\\/\\\/www.canons.es\\\/ca\\\/\"},{\"@type\":\"ListItem\",\"position\":2,\"name\":\"Prepara&#8217;t per Cap d&#8217;Any\"}]},{\"@type\":\"WebSite\",\"@id\":\"https:\\\/\\\/www.canons.es\\\/#website\",\"url\":\"https:\\\/\\\/www.canons.es\\\/\",\"name\":\"Cirug\u00eda Pl\u00e1stica y Est\u00e9tica Barcelona y Granollers | C\u00e0nons Clinics\",\"description\":\"\",\"publisher\":{\"@id\":\"https:\\\/\\\/www.canons.es\\\/#organization\"},\"potentialAction\":[{\"@type\":\"SearchAction\",\"target\":{\"@type\":\"EntryPoint\",\"urlTemplate\":\"https:\\\/\\\/www.canons.es\\\/?s={search_term_string}\"},\"query-input\":{\"@type\":\"PropertyValueSpecification\",\"valueRequired\":true,\"valueName\":\"search_term_string\"}}],\"inLanguage\":\"ca\"},{\"@type\":\"Organization\",\"@id\":\"https:\\\/\\\/www.canons.es\\\/#organization\",\"name\":\"Cirug\u00eda Pl\u00e1stica y Est\u00e9tica Barcelona y Granollers | C\u00e0nons Clinics\",\"url\":\"https:\\\/\\\/www.canons.es\\\/\",\"logo\":{\"@type\":\"ImageObject\",\"inLanguage\":\"ca\",\"@id\":\"https:\\\/\\\/www.canons.es\\\/#\\\/schema\\\/logo\\\/image\\\/\",\"url\":\"https:\\\/\\\/www.canons.es\\\/wp-content\\\/uploads\\\/2025\\\/04\\\/logo-canons-clinics.jpg\",\"contentUrl\":\"https:\\\/\\\/www.canons.es\\\/wp-content\\\/uploads\\\/2025\\\/04\\\/logo-canons-clinics.jpg\",\"width\":600,\"height\":139,\"caption\":\"Cirug\u00eda Pl\u00e1stica y Est\u00e9tica Barcelona y Granollers | C\u00e0nons Clinics\"},\"image\":{\"@id\":\"https:\\\/\\\/www.canons.es\\\/#\\\/schema\\\/logo\\\/image\\\/\"},\"sameAs\":[\"https:\\\/\\\/www.facebook.com\\\/canonsclinics\\\/\",\"https:\\\/\\\/x.com\\\/canonsclinics\",\"https:\\\/\\\/www.instagram.com\\\/canonsclinics\\\/\",\"https:\\\/\\\/www.youtube.com\\\/channel\\\/UCI1Ia6LjALyo1CuQ0_HwtfQ\",\"https:\\\/\\\/www.linkedin.com\\\/company\\\/canons-clinics\\\/\"]},{\"@type\":\"Person\",\"@id\":\"https:\\\/\\\/www.canons.es\\\/#\\\/schema\\\/person\\\/947d7b84e9c15475d0452e32f9d72fb7\",\"name\":\"administrador\"}]}<\/script>\n<!-- \/ Yoast SEO Premium plugin. -->","yoast_head_json":{"title":"Prepara't per Cap d'Any - Cl\u00ednica C\u00e0nons | Cirurgia i Medicina Estetica a Barcelona, \u200b\u200bGranollers","robots":{"index":"index","follow":"follow","max-snippet":"max-snippet:-1","max-image-preview":"max-image-preview:large","max-video-preview":"max-video-preview:-1"},"canonical":"https:\/\/www.canons.es\/preparate-para-nochevieja\/","og_locale":"ca_ES","og_type":"article","og_title":"Prepara't per Cap d'Any","og_description":"Ja hem superat la primera fase de les festes nadalenques, per\u00f2 encara queden moltes cites amb els nostres familiars i amics. Com que les dones, en general, som molt presumides\u00a0i volem estar perfectes en les ocasions especials, a C\u00e0nons Clinics t&#8217;oferim uns serveis d&#8217;est\u00e8tica ben...","og_url":"https:\/\/www.canons.es\/preparate-para-nochevieja\/","og_site_name":"Cl\u00ednica C\u00e0nons | Cirurgia i Medicina Estetica a Barcelona, \u200b\u200bGranollers","article_publisher":"https:\/\/www.facebook.com\/canonsclinics\/","article_published_time":"2015-12-24T12:30:51+00:00","article_modified_time":"2023-11-01T09:49:14+00:00","og_image":[{"width":600,"height":450,"url":"https:\/\/www.canons.es\/wp-content\/uploads\/2015\/12\/cocina-nochevieja1.jpg","type":"image\/jpeg"}],"author":"administrador","twitter_card":"summary_large_image","twitter_creator":"@canonsclinics","twitter_site":"@canonsclinics","twitter_misc":{"Escrit per":"administrador","Temps estimat de lectura":"3 minuts"},"schema":{"@context":"https:\/\/schema.org","@graph":[{"@type":"Article","@id":"https:\/\/www.canons.es\/preparate-para-nochevieja\/#article","isPartOf":{"@id":"https:\/\/www.canons.es\/preparate-para-nochevieja\/"},"author":{"name":"administrador","@id":"https:\/\/www.canons.es\/#\/schema\/person\/947d7b84e9c15475d0452e32f9d72fb7"},"headline":"Prepara&#8217;t per Cap d&#8217;Any","datePublished":"2015-12-24T12:30:51+00:00","dateModified":"2023-11-01T09:49:14+00:00","mainEntityOfPage":{"@id":"https:\/\/www.canons.es\/preparate-para-nochevieja\/"},"wordCount":653,"commentCount":0,"publisher":{"@id":"https:\/\/www.canons.es\/#organization"},"image":{"@id":"https:\/\/www.canons.es\/preparate-para-nochevieja\/#primaryimage"},"thumbnailUrl":"https:\/\/www.canons.es\/wp-content\/uploads\/2015\/12\/cocina-nochevieja1.jpg","keywords":["Cap d'Any","manicura","maquillaje","maquillatge","Nochevieja","pedicura","terapias corporales","terapias faciales","ter\u00e0pies corporals","ter\u00e0pies facials"],"articleSection":["Blog del Dr. V\u00edctor Hern\u00e0ndez Da Costa","General"],"inLanguage":"ca","potentialAction":[{"@type":"CommentAction","name":"Comment","target":["https:\/\/www.canons.es\/preparate-para-nochevieja\/#respond"]}]},{"@type":"WebPage","@id":"https:\/\/www.canons.es\/preparate-para-nochevieja\/","url":"https:\/\/www.canons.es\/preparate-para-nochevieja\/","name":"Prepara't per Cap d'Any - Cl\u00ednica C\u00e0nons | Cirurgia i Medicina Estetica a Barcelona, \u200b\u200bGranollers","isPartOf":{"@id":"https:\/\/www.canons.es\/#website"},"primaryImageOfPage":{"@id":"https:\/\/www.canons.es\/preparate-para-nochevieja\/#primaryimage"},"image":{"@id":"https:\/\/www.canons.es\/preparate-para-nochevieja\/#primaryimage"},"thumbnailUrl":"https:\/\/www.canons.es\/wp-content\/uploads\/2015\/12\/cocina-nochevieja1.jpg","datePublished":"2015-12-24T12:30:51+00:00","dateModified":"2023-11-01T09:49:14+00:00","breadcrumb":{"@id":"https:\/\/www.canons.es\/preparate-para-nochevieja\/#breadcrumb"},"inLanguage":"ca","potentialAction":[{"@type":"ReadAction","target":["https:\/\/www.canons.es\/preparate-para-nochevieja\/"]}]},{"@type":"ImageObject","inLanguage":"ca","@id":"https:\/\/www.canons.es\/preparate-para-nochevieja\/#primaryimage","url":"https:\/\/www.canons.es\/wp-content\/uploads\/2015\/12\/cocina-nochevieja1.jpg","contentUrl":"https:\/\/www.canons.es\/wp-content\/uploads\/2015\/12\/cocina-nochevieja1.jpg","width":600,"height":450},{"@type":"BreadcrumbList","@id":"https:\/\/www.canons.es\/preparate-para-nochevieja\/#breadcrumb","itemListElement":[{"@type":"ListItem","position":1,"name":"Portada","item":"https:\/\/www.canons.es\/ca\/"},{"@type":"ListItem","position":2,"name":"Prepara&#8217;t per Cap d&#8217;Any"}]},{"@type":"WebSite","@id":"https:\/\/www.canons.es\/#website","url":"https:\/\/www.canons.es\/","name":"Cirug\u00eda Pl\u00e1stica y Est\u00e9tica Barcelona y Granollers | C\u00e0nons Clinics","description":"","publisher":{"@id":"https:\/\/www.canons.es\/#organization"},"potentialAction":[{"@type":"SearchAction","target":{"@type":"EntryPoint","urlTemplate":"https:\/\/www.canons.es\/?s={search_term_string}"},"query-input":{"@type":"PropertyValueSpecification","valueRequired":true,"valueName":"search_term_string"}}],"inLanguage":"ca"},{"@type":"Organization","@id":"https:\/\/www.canons.es\/#organization","name":"Cirug\u00eda Pl\u00e1stica y Est\u00e9tica Barcelona y Granollers | C\u00e0nons Clinics","url":"https:\/\/www.canons.es\/","logo":{"@type":"ImageObject","inLanguage":"ca","@id":"https:\/\/www.canons.es\/#\/schema\/logo\/image\/","url":"https:\/\/www.canons.es\/wp-content\/uploads\/2025\/04\/logo-canons-clinics.jpg","contentUrl":"https:\/\/www.canons.es\/wp-content\/uploads\/2025\/04\/logo-canons-clinics.jpg","width":600,"height":139,"caption":"Cirug\u00eda Pl\u00e1stica y Est\u00e9tica Barcelona y Granollers | C\u00e0nons Clinics"},"image":{"@id":"https:\/\/www.canons.es\/#\/schema\/logo\/image\/"},"sameAs":["https:\/\/www.facebook.com\/canonsclinics\/","https:\/\/x.com\/canonsclinics","https:\/\/www.instagram.com\/canonsclinics\/","https:\/\/www.youtube.com\/channel\/UCI1Ia6LjALyo1CuQ0_HwtfQ","https:\/\/www.linkedin.com\/company\/canons-clinics\/"]},{"@type":"Person","@id":"https:\/\/www.canons.es\/#\/schema\/person\/947d7b84e9c15475d0452e32f9d72fb7","name":"administrador"}]}},"_links":{"self":[{"href":"https:\/\/www.canons.es\/ca\/wp-json\/wp\/v2\/posts\/11204","targetHints":{"allow":["GET"]}}],"collection":[{"href":"https:\/\/www.canons.es\/ca\/wp-json\/wp\/v2\/posts"}],"about":[{"href":"https:\/\/www.canons.es\/ca\/wp-json\/wp\/v2\/types\/post"}],"author":[{"embeddable":true,"href":"https:\/\/www.canons.es\/ca\/wp-json\/wp\/v2\/users\/25"}],"replies":[{"embeddable":true,"href":"https:\/\/www.canons.es\/ca\/wp-json\/wp\/v2\/comments?post=11204"}],"version-history":[{"count":0,"href":"https:\/\/www.canons.es\/ca\/wp-json\/wp\/v2\/posts\/11204\/revisions"}],"wp:featuredmedia":[{"embeddable":true,"href":"https:\/\/www.canons.es\/ca\/wp-json\/wp\/v2\/media\/11199"}],"wp:attachment":[{"href":"https:\/\/www.canons.es\/ca\/wp-json\/wp\/v2\/media?parent=11204"}],"wp:term":[{"taxonomy":"category","embeddable":true,"href":"https:\/\/www.canons.es\/ca\/wp-json\/wp\/v2\/categories?post=11204"},{"taxonomy":"post_tag","embeddable":true,"href":"https:\/\/www.canons.es\/ca\/wp-json\/wp\/v2\/tags?post=11204"}],"curies":[{"name":"wp","href":"https:\/\/api.w.org\/{rel}","templated":true}]}}